{"id":10516,"date":"2024-09-26T21:57:22","date_gmt":"2024-09-26T18:57:22","guid":{"rendered":"https:\/\/kuzeyinsesi.org\/index.php\/2024\/09\/26\/12-besparmak-kultur-sanat-gunleri-yarin-basliyor\/"},"modified":"2024-09-26T21:57:22","modified_gmt":"2024-09-26T18:57:22","slug":"12-besparmak-kultur-sanat-gunleri-yarin-basliyor","status":"publish","type":"post","link":"https:\/\/kuzeyinsesi.org\/index.php\/2024\/09\/26\/12-besparmak-kultur-sanat-gunleri-yarin-basliyor\/","title":{"rendered":"\u201c12. Be\u015fparmak K\u00fclt\u00fcr Sanat G\u00fcnleri\u201d yar\u0131n ba\u015fl\u0131yor"},"content":{"rendered":"<div>\n<div class=\"mariselle-image-container center\">\n                                            <\/div>\n<p>\n\u00c7atalk\u00f6y-Esentepe Belediyesi\u2019nin d\u00fczenledi\u011fi \u201c12. Be\u015fparmak K\u00fclt\u00fcr Sanat G\u00fcnleri\u201d, yar\u0131n ba\u015fl\u0131yor.<\/p>\n<p>Etkinlik, yar\u0131n saat 19.00\u2019da D\u00fczkaya Spor Kul\u00fcb\u00fc \u00f6n\u00fcnden kortejle ba\u015flayacak.<\/p>\n<p>Belediyeden verilen bilgide, iki g\u00fcn s\u00fcrecek etkinli\u011fin, b\u00f6lgenin k\u00fclt\u00fcrel zenginliklerini ve sanat\u00e7\u0131lar\u0131n\u0131 bir araya getirerek unutulmaz bir deneyim sunaca\u011f\u0131 belirtildi.<\/p>\n<p>Kortejin ard\u0131ndan \u00c7atalk\u00f6y-Esentepe Belediyesi Nostalji Halk Danslar\u0131 Toplulu\u011fu\u2019nun g\u00f6sterisi sunulacak.<\/p>\n<p>K\u0131br\u0131s Havalar\u0131 Derne\u011fi\u2019nin iki toplumlu korosu, Grup Otantik ve \u00c7atalk\u00f6y-Esentepe Belediyesi Ahenk T\u00fcrk Sanat M\u00fczi\u011fi Korosu\u2019nun sahne alaca\u011f\u0131 ilk gecenin finalinde, saat 22.00\u2019de Zakkum konseri yer alacak.<\/p>\n<p>28 Eyl\u00fcl Cumartesi g\u00fcn\u00fc ise etkinlikler \u00c7atalk\u00f6y-Esentepe Belediyesi Halk Danslar\u0131 Toplulu\u011fu\u2019nun saat 20.00\u2019deki g\u00f6sterisiyle ba\u015flayacak. Saat 20.30\u2019da Grup Salt sahne alacak. Etkinlik, saat 22.00\u2019de ba\u015flayacak Mehmet Erdem konseri ile tamamlanacak.<\/p>\n<\/p><\/div>\n<p><script async\n                    defer\n                    crossorigin=\"anonymous\"\n                    src=\"https:\/\/connect.facebook.net\/tr_TR\/sdk.js#xfbml=1&#038;version=v3.3\"\n            ><\/script><\/p>\n","protected":false},"excerpt":{"rendered":"<p>\u00c7atalk\u00f6y-Esentepe Belediyesi\u2019nin d\u00fczenledi\u011fi \u201c12. Be\u015fparmak K\u00fclt\u00fcr Sanat G\u00fcnleri\u201d, yar\u0131n ba\u015fl\u0131yor. Etkinlik, yar\u0131n saat 19.00\u2019da D\u00fczkaya Spor Kul\u00fcb\u00fc \u00f6n\u00fcnden kortejle ba\u015flayacak. Belediyeden verilen bilgide, iki g\u00fcn s\u00fcrecek etkinli\u011fin, b\u00f6lgenin k\u00fclt\u00fcrel zenginliklerini ve sanat\u00e7\u0131lar\u0131n\u0131 bir araya getirerek unutulmaz bir deneyim sunaca\u011f\u0131 belirtildi. Kortejin ard\u0131ndan \u00c7atalk\u00f6y-Esentepe Belediyesi Nostalji Halk Danslar\u0131 Toplulu\u011fu\u2019nun g\u00f6sterisi sunulacak. K\u0131br\u0131s Havalar\u0131 Derne\u011fi\u2019nin iki toplumlu [&hellip;]<\/p>\n","protected":false},"author":1,"featured_media":10517,"comment_status":"open","ping_status":"open","sticky":false,"template":"","format":"standard","meta":{"jnews-multi-image_gallery":[],"jnews_single_post":[],"jnews_primary_category":[],"jnews_social_meta":[],"jnews_override_counter":[],"footnotes":""},"categories":[6],"tags":[],"class_list":["post-10516","post","type-post","status-publish","format-standard","has-post-thumbnail","hentry","category-yasam"],"yoast_head":"<!-- This site is optimized with the Yoast SEO plugin v27.4 - https:\/\/yoast.com\/product\/yoast-seo-wordpress\/ -->\n<title>\u201c12. Be\u015fparmak K\u00fclt\u00fcr Sanat G\u00fcnleri\u201d yar\u0131n ba\u015fl\u0131yor - Kuzeyin Sesi<\/title>\n<meta name=\"robots\" content=\"index, follow, max-snippet:-1, max-image-preview:large, max-video-preview:-1\" \/>\n<link rel=\"canonical\" href=\"https:\/\/kuzeyinsesi.org\/index.php\/2024\/09\/26\/12-besparmak-kultur-sanat-gunleri-yarin-basliyor\/\" \/>\n<meta property=\"og:locale\" content=\"tr_TR\" \/>\n<meta property=\"og:type\" content=\"article\" \/>\n<meta property=\"og:title\" content=\"\u201c12. Be\u015fparmak K\u00fclt\u00fcr Sanat G\u00fcnleri\u201d yar\u0131n ba\u015fl\u0131yor - Kuzeyin Sesi\" \/>\n<meta property=\"og:description\" content=\"\u00c7atalk\u00f6y-Esentepe Belediyesi\u2019nin d\u00fczenledi\u011fi \u201c12. Be\u015fparmak K\u00fclt\u00fcr Sanat G\u00fcnleri\u201d, yar\u0131n ba\u015fl\u0131yor. Etkinlik, yar\u0131n saat 19.00\u2019da D\u00fczkaya Spor Kul\u00fcb\u00fc \u00f6n\u00fcnden kortejle ba\u015flayacak. Belediyeden verilen bilgide, iki g\u00fcn s\u00fcrecek etkinli\u011fin, b\u00f6lgenin k\u00fclt\u00fcrel zenginliklerini ve sanat\u00e7\u0131lar\u0131n\u0131 bir araya getirerek unutulmaz bir deneyim sunaca\u011f\u0131 belirtildi. Kortejin ard\u0131ndan \u00c7atalk\u00f6y-Esentepe Belediyesi Nostalji Halk Danslar\u0131 Toplulu\u011fu\u2019nun g\u00f6sterisi sunulacak. K\u0131br\u0131s Havalar\u0131 Derne\u011fi\u2019nin iki toplumlu [&hellip;]\" \/>\n<meta property=\"og:url\" content=\"https:\/\/kuzeyinsesi.org\/index.php\/2024\/09\/26\/12-besparmak-kultur-sanat-gunleri-yarin-basliyor\/\" \/>\n<meta property=\"og:site_name\" content=\"Kuzeyin Sesi\" \/>\n<meta property=\"article:publisher\" content=\"https:\/\/www.facebook.com\/kuzeyinsesii\" \/>\n<meta property=\"article:published_time\" content=\"2024-09-26T18:57:22+00:00\" \/>\n<meta property=\"og:image\" content=\"https:\/\/brtk.net\/wp-content\/uploads\/2024\/09\/26\/catalkoy-besparmaklar.jpg?ver=04e794e8827080d8914b3470ee5f1065\" \/>\n<meta name=\"author\" content=\"Kuzeyin Sesi\" \/>\n<meta name=\"twitter:card\" content=\"summary_large_image\" \/>\n<meta name=\"twitter:creator\" content=\"@kuzeyinsesii\" \/>\n<meta name=\"twitter:site\" content=\"@kuzeyinsesii\" \/>\n<meta name=\"twitter:label1\" content=\"Yazan:\" \/>\n\t<meta name=\"twitter:data1\" content=\"Kuzeyin Sesi\" \/>\n\t<meta name=\"twitter:label2\" content=\"Tahmini okuma s\u00fcresi\" \/>\n\t<meta name=\"twitter:data2\" content=\"1 dakika\" \/>\n<script type=\"application\/ld+json\" class=\"yoast-schema-graph\">{\"@context\":\"https:\\\/\\\/schema.org\",\"@graph\":[{\"@type\":\"Article\",\"@id\":\"https:\\\/\\\/kuzeyinsesi.org\\\/index.php\\\/2024\\\/09\\\/26\\\/12-besparmak-kultur-sanat-gunleri-yarin-basliyor\\\/#article\",\"isPartOf\":{\"@id\":\"https:\\\/\\\/kuzeyinsesi.org\\\/index.php\\\/2024\\\/09\\\/26\\\/12-besparmak-kultur-sanat-gunleri-yarin-basliyor\\\/\"},\"author\":{\"name\":\"Kuzeyin Sesi\",\"@id\":\"https:\\\/\\\/kuzeyinsesi.org\\\/#\\\/schema\\\/person\\\/9f859689cdf01485597712386e37f5aa\"},\"headline\":\"\u201c12. Be\u015fparmak K\u00fclt\u00fcr Sanat G\u00fcnleri\u201d yar\u0131n ba\u015fl\u0131yor\",\"datePublished\":\"2024-09-26T18:57:22+00:00\",\"mainEntityOfPage\":{\"@id\":\"https:\\\/\\\/kuzeyinsesi.org\\\/index.php\\\/2024\\\/09\\\/26\\\/12-besparmak-kultur-sanat-gunleri-yarin-basliyor\\\/\"},\"wordCount\":164,\"commentCount\":0,\"image\":{\"@id\":\"https:\\\/\\\/kuzeyinsesi.org\\\/index.php\\\/2024\\\/09\\\/26\\\/12-besparmak-kultur-sanat-gunleri-yarin-basliyor\\\/#primaryimage\"},\"thumbnailUrl\":\"https:\\\/\\\/kuzeyinsesi.org\\\/wp-content\\\/uploads\\\/2024\\\/09\\\/catalkoy-besparmaklar.jpg\",\"articleSection\":[\"Ya\u015fam\"],\"inLanguage\":\"tr\",\"potentialAction\":[{\"@type\":\"CommentAction\",\"name\":\"Comment\",\"target\":[\"https:\\\/\\\/kuzeyinsesi.org\\\/index.php\\\/2024\\\/09\\\/26\\\/12-besparmak-kultur-sanat-gunleri-yarin-basliyor\\\/#respond\"]}]},{\"@type\":\"WebPage\",\"@id\":\"https:\\\/\\\/kuzeyinsesi.org\\\/index.php\\\/2024\\\/09\\\/26\\\/12-besparmak-kultur-sanat-gunleri-yarin-basliyor\\\/\",\"url\":\"https:\\\/\\\/kuzeyinsesi.org\\\/index.php\\\/2024\\\/09\\\/26\\\/12-besparmak-kultur-sanat-gunleri-yarin-basliyor\\\/\",\"name\":\"\u201c12. Be\u015fparmak K\u00fclt\u00fcr Sanat G\u00fcnleri\u201d yar\u0131n ba\u015fl\u0131yor - Kuzeyin Sesi\",\"isPartOf\":{\"@id\":\"https:\\\/\\\/kuzeyinsesi.org\\\/#website\"},\"primaryImageOfPage\":{\"@id\":\"https:\\\/\\\/kuzeyinsesi.org\\\/index.php\\\/2024\\\/09\\\/26\\\/12-besparmak-kultur-sanat-gunleri-yarin-basliyor\\\/#primaryimage\"},\"image\":{\"@id\":\"https:\\\/\\\/kuzeyinsesi.org\\\/index.php\\\/2024\\\/09\\\/26\\\/12-besparmak-kultur-sanat-gunleri-yarin-basliyor\\\/#primaryimage\"},\"thumbnailUrl\":\"https:\\\/\\\/kuzeyinsesi.org\\\/wp-content\\\/uploads\\\/2024\\\/09\\\/catalkoy-besparmaklar.jpg\",\"datePublished\":\"2024-09-26T18:57:22+00:00\",\"author\":{\"@id\":\"https:\\\/\\\/kuzeyinsesi.org\\\/#\\\/schema\\\/person\\\/9f859689cdf01485597712386e37f5aa\"},\"breadcrumb\":{\"@id\":\"https:\\\/\\\/kuzeyinsesi.org\\\/index.php\\\/2024\\\/09\\\/26\\\/12-besparmak-kultur-sanat-gunleri-yarin-basliyor\\\/#breadcrumb\"},\"inLanguage\":\"tr\",\"potentialAction\":[{\"@type\":\"ReadAction\",\"target\":[\"https:\\\/\\\/kuzeyinsesi.org\\\/index.php\\\/2024\\\/09\\\/26\\\/12-besparmak-kultur-sanat-gunleri-yarin-basliyor\\\/\"]}]},{\"@type\":\"ImageObject\",\"inLanguage\":\"tr\",\"@id\":\"https:\\\/\\\/kuzeyinsesi.org\\\/index.php\\\/2024\\\/09\\\/26\\\/12-besparmak-kultur-sanat-gunleri-yarin-basliyor\\\/#primaryimage\",\"url\":\"https:\\\/\\\/kuzeyinsesi.org\\\/wp-content\\\/uploads\\\/2024\\\/09\\\/catalkoy-besparmaklar.jpg\",\"contentUrl\":\"https:\\\/\\\/kuzeyinsesi.org\\\/wp-content\\\/uploads\\\/2024\\\/09\\\/catalkoy-besparmaklar.jpg\",\"width\":1078,\"height\":1600},{\"@type\":\"BreadcrumbList\",\"@id\":\"https:\\\/\\\/kuzeyinsesi.org\\\/index.php\\\/2024\\\/09\\\/26\\\/12-besparmak-kultur-sanat-gunleri-yarin-basliyor\\\/#breadcrumb\",\"itemListElement\":[{\"@type\":\"ListItem\",\"position\":1,\"name\":\"Anasayfa\",\"item\":\"https:\\\/\\\/kuzeyinsesi.org\\\/\"},{\"@type\":\"ListItem\",\"position\":2,\"name\":\"\u201c12. Be\u015fparmak K\u00fclt\u00fcr Sanat G\u00fcnleri\u201d yar\u0131n ba\u015fl\u0131yor\"}]},{\"@type\":\"WebSite\",\"@id\":\"https:\\\/\\\/kuzeyinsesi.org\\\/#website\",\"url\":\"https:\\\/\\\/kuzeyinsesi.org\\\/\",\"name\":\"Kuzeyin Sesi\",\"description\":\"Do\u011fru Haberin Adresi\",\"potentialAction\":[{\"@type\":\"SearchAction\",\"target\":{\"@type\":\"EntryPoint\",\"urlTemplate\":\"https:\\\/\\\/kuzeyinsesi.org\\\/?s={search_term_string}\"},\"query-input\":{\"@type\":\"PropertyValueSpecification\",\"valueRequired\":true,\"valueName\":\"search_term_string\"}}],\"inLanguage\":\"tr\"},{\"@type\":\"Person\",\"@id\":\"https:\\\/\\\/kuzeyinsesi.org\\\/#\\\/schema\\\/person\\\/9f859689cdf01485597712386e37f5aa\",\"name\":\"Kuzeyin Sesi\",\"image\":{\"@type\":\"ImageObject\",\"inLanguage\":\"tr\",\"@id\":\"https:\\\/\\\/secure.gravatar.com\\\/avatar\\\/bab33852abfd8b282518d6ed81826833d77c3c882d9ab608add591ccace47a44?s=96&d=mm&r=g\",\"url\":\"https:\\\/\\\/secure.gravatar.com\\\/avatar\\\/bab33852abfd8b282518d6ed81826833d77c3c882d9ab608add591ccace47a44?s=96&d=mm&r=g\",\"contentUrl\":\"https:\\\/\\\/secure.gravatar.com\\\/avatar\\\/bab33852abfd8b282518d6ed81826833d77c3c882d9ab608add591ccace47a44?s=96&d=mm&r=g\",\"caption\":\"Kuzeyin Sesi\"},\"sameAs\":[\"https:\\\/\\\/kuzeyinsesi.org\"],\"url\":\"https:\\\/\\\/kuzeyinsesi.org\\\/index.php\\\/author\\\/guven\\\/\"}]}<\/script>\n<!-- \/ Yoast SEO plugin. -->","yoast_head_json":{"title":"\u201c12. Be\u015fparmak K\u00fclt\u00fcr Sanat G\u00fcnleri\u201d yar\u0131n ba\u015fl\u0131yor - Kuzeyin Sesi","robots":{"index":"index","follow":"follow","max-snippet":"max-snippet:-1","max-image-preview":"max-image-preview:large","max-video-preview":"max-video-preview:-1"},"canonical":"https:\/\/kuzeyinsesi.org\/index.php\/2024\/09\/26\/12-besparmak-kultur-sanat-gunleri-yarin-basliyor\/","og_locale":"tr_TR","og_type":"article","og_title":"\u201c12. Be\u015fparmak K\u00fclt\u00fcr Sanat G\u00fcnleri\u201d yar\u0131n ba\u015fl\u0131yor - Kuzeyin Sesi","og_description":"\u00c7atalk\u00f6y-Esentepe Belediyesi\u2019nin d\u00fczenledi\u011fi \u201c12. Be\u015fparmak K\u00fclt\u00fcr Sanat G\u00fcnleri\u201d, yar\u0131n ba\u015fl\u0131yor. Etkinlik, yar\u0131n saat 19.00\u2019da D\u00fczkaya Spor Kul\u00fcb\u00fc \u00f6n\u00fcnden kortejle ba\u015flayacak. Belediyeden verilen bilgide, iki g\u00fcn s\u00fcrecek etkinli\u011fin, b\u00f6lgenin k\u00fclt\u00fcrel zenginliklerini ve sanat\u00e7\u0131lar\u0131n\u0131 bir araya getirerek unutulmaz bir deneyim sunaca\u011f\u0131 belirtildi. Kortejin ard\u0131ndan \u00c7atalk\u00f6y-Esentepe Belediyesi Nostalji Halk Danslar\u0131 Toplulu\u011fu\u2019nun g\u00f6sterisi sunulacak. K\u0131br\u0131s Havalar\u0131 Derne\u011fi\u2019nin iki toplumlu [&hellip;]","og_url":"https:\/\/kuzeyinsesi.org\/index.php\/2024\/09\/26\/12-besparmak-kultur-sanat-gunleri-yarin-basliyor\/","og_site_name":"Kuzeyin Sesi","article_publisher":"https:\/\/www.facebook.com\/kuzeyinsesii","article_published_time":"2024-09-26T18:57:22+00:00","og_image":[{"url":"https:\/\/brtk.net\/wp-content\/uploads\/2024\/09\/26\/catalkoy-besparmaklar.jpg?ver=04e794e8827080d8914b3470ee5f1065","type":"","width":"","height":""}],"author":"Kuzeyin Sesi","twitter_card":"summary_large_image","twitter_creator":"@kuzeyinsesii","twitter_site":"@kuzeyinsesii","twitter_misc":{"Yazan:":"Kuzeyin Sesi","Tahmini okuma s\u00fcresi":"1 dakika"},"schema":{"@context":"https:\/\/schema.org","@graph":[{"@type":"Article","@id":"https:\/\/kuzeyinsesi.org\/index.php\/2024\/09\/26\/12-besparmak-kultur-sanat-gunleri-yarin-basliyor\/#article","isPartOf":{"@id":"https:\/\/kuzeyinsesi.org\/index.php\/2024\/09\/26\/12-besparmak-kultur-sanat-gunleri-yarin-basliyor\/"},"author":{"name":"Kuzeyin Sesi","@id":"https:\/\/kuzeyinsesi.org\/#\/schema\/person\/9f859689cdf01485597712386e37f5aa"},"headline":"\u201c12. Be\u015fparmak K\u00fclt\u00fcr Sanat G\u00fcnleri\u201d yar\u0131n ba\u015fl\u0131yor","datePublished":"2024-09-26T18:57:22+00:00","mainEntityOfPage":{"@id":"https:\/\/kuzeyinsesi.org\/index.php\/2024\/09\/26\/12-besparmak-kultur-sanat-gunleri-yarin-basliyor\/"},"wordCount":164,"commentCount":0,"image":{"@id":"https:\/\/kuzeyinsesi.org\/index.php\/2024\/09\/26\/12-besparmak-kultur-sanat-gunleri-yarin-basliyor\/#primaryimage"},"thumbnailUrl":"https:\/\/kuzeyinsesi.org\/wp-content\/uploads\/2024\/09\/catalkoy-besparmaklar.jpg","articleSection":["Ya\u015fam"],"inLanguage":"tr","potentialAction":[{"@type":"CommentAction","name":"Comment","target":["https:\/\/kuzeyinsesi.org\/index.php\/2024\/09\/26\/12-besparmak-kultur-sanat-gunleri-yarin-basliyor\/#respond"]}]},{"@type":"WebPage","@id":"https:\/\/kuzeyinsesi.org\/index.php\/2024\/09\/26\/12-besparmak-kultur-sanat-gunleri-yarin-basliyor\/","url":"https:\/\/kuzeyinsesi.org\/index.php\/2024\/09\/26\/12-besparmak-kultur-sanat-gunleri-yarin-basliyor\/","name":"\u201c12. Be\u015fparmak K\u00fclt\u00fcr Sanat G\u00fcnleri\u201d yar\u0131n ba\u015fl\u0131yor - Kuzeyin Sesi","isPartOf":{"@id":"https:\/\/kuzeyinsesi.org\/#website"},"primaryImageOfPage":{"@id":"https:\/\/kuzeyinsesi.org\/index.php\/2024\/09\/26\/12-besparmak-kultur-sanat-gunleri-yarin-basliyor\/#primaryimage"},"image":{"@id":"https:\/\/kuzeyinsesi.org\/index.php\/2024\/09\/26\/12-besparmak-kultur-sanat-gunleri-yarin-basliyor\/#primaryimage"},"thumbnailUrl":"https:\/\/kuzeyinsesi.org\/wp-content\/uploads\/2024\/09\/catalkoy-besparmaklar.jpg","datePublished":"2024-09-26T18:57:22+00:00","author":{"@id":"https:\/\/kuzeyinsesi.org\/#\/schema\/person\/9f859689cdf01485597712386e37f5aa"},"breadcrumb":{"@id":"https:\/\/kuzeyinsesi.org\/index.php\/2024\/09\/26\/12-besparmak-kultur-sanat-gunleri-yarin-basliyor\/#breadcrumb"},"inLanguage":"tr","potentialAction":[{"@type":"ReadAction","target":["https:\/\/kuzeyinsesi.org\/index.php\/2024\/09\/26\/12-besparmak-kultur-sanat-gunleri-yarin-basliyor\/"]}]},{"@type":"ImageObject","inLanguage":"tr","@id":"https:\/\/kuzeyinsesi.org\/index.php\/2024\/09\/26\/12-besparmak-kultur-sanat-gunleri-yarin-basliyor\/#primaryimage","url":"https:\/\/kuzeyinsesi.org\/wp-content\/uploads\/2024\/09\/catalkoy-besparmaklar.jpg","contentUrl":"https:\/\/kuzeyinsesi.org\/wp-content\/uploads\/2024\/09\/catalkoy-besparmaklar.jpg","width":1078,"height":1600},{"@type":"BreadcrumbList","@id":"https:\/\/kuzeyinsesi.org\/index.php\/2024\/09\/26\/12-besparmak-kultur-sanat-gunleri-yarin-basliyor\/#breadcrumb","itemListElement":[{"@type":"ListItem","position":1,"name":"Anasayfa","item":"https:\/\/kuzeyinsesi.org\/"},{"@type":"ListItem","position":2,"name":"\u201c12. Be\u015fparmak K\u00fclt\u00fcr Sanat G\u00fcnleri\u201d yar\u0131n ba\u015fl\u0131yor"}]},{"@type":"WebSite","@id":"https:\/\/kuzeyinsesi.org\/#website","url":"https:\/\/kuzeyinsesi.org\/","name":"Kuzeyin Sesi","description":"Do\u011fru Haberin Adresi","potentialAction":[{"@type":"SearchAction","target":{"@type":"EntryPoint","urlTemplate":"https:\/\/kuzeyinsesi.org\/?s={search_term_string}"},"query-input":{"@type":"PropertyValueSpecification","valueRequired":true,"valueName":"search_term_string"}}],"inLanguage":"tr"},{"@type":"Person","@id":"https:\/\/kuzeyinsesi.org\/#\/schema\/person\/9f859689cdf01485597712386e37f5aa","name":"Kuzeyin Sesi","image":{"@type":"ImageObject","inLanguage":"tr","@id":"https:\/\/secure.gravatar.com\/avatar\/bab33852abfd8b282518d6ed81826833d77c3c882d9ab608add591ccace47a44?s=96&d=mm&r=g","url":"https:\/\/secure.gravatar.com\/avatar\/bab33852abfd8b282518d6ed81826833d77c3c882d9ab608add591ccace47a44?s=96&d=mm&r=g","contentUrl":"https:\/\/secure.gravatar.com\/avatar\/bab33852abfd8b282518d6ed81826833d77c3c882d9ab608add591ccace47a44?s=96&d=mm&r=g","caption":"Kuzeyin Sesi"},"sameAs":["https:\/\/kuzeyinsesi.org"],"url":"https:\/\/kuzeyinsesi.org\/index.php\/author\/guven\/"}]}},"_links":{"self":[{"href":"https:\/\/kuzeyinsesi.org\/index.php\/wp-json\/wp\/v2\/posts\/10516","targetHints":{"allow":["GET"]}}],"collection":[{"href":"https:\/\/kuzeyinsesi.org\/index.php\/wp-json\/wp\/v2\/posts"}],"about":[{"href":"https:\/\/kuzeyinsesi.org\/index.php\/wp-json\/wp\/v2\/types\/post"}],"author":[{"embeddable":true,"href":"https:\/\/kuzeyinsesi.org\/index.php\/wp-json\/wp\/v2\/users\/1"}],"replies":[{"embeddable":true,"href":"https:\/\/kuzeyinsesi.org\/index.php\/wp-json\/wp\/v2\/comments?post=10516"}],"version-history":[{"count":0,"href":"https:\/\/kuzeyinsesi.org\/index.php\/wp-json\/wp\/v2\/posts\/10516\/revisions"}],"wp:featuredmedia":[{"embeddable":true,"href":"https:\/\/kuzeyinsesi.org\/index.php\/wp-json\/wp\/v2\/media\/10517"}],"wp:attachment":[{"href":"https:\/\/kuzeyinsesi.org\/index.php\/wp-json\/wp\/v2\/media?parent=10516"}],"wp:term":[{"taxonomy":"category","embeddable":true,"href":"https:\/\/kuzeyinsesi.org\/index.php\/wp-json\/wp\/v2\/categories?post=10516"},{"taxonomy":"post_tag","embeddable":true,"href":"https:\/\/kuzeyinsesi.org\/index.php\/wp-json\/wp\/v2\/tags?post=10516"}],"curies":[{"name":"wp","href":"https:\/\/api.w.org\/{rel}","templated":true}]}}