{"id":1050,"date":"2024-04-30T18:53:23","date_gmt":"2024-04-30T15:53:23","guid":{"rendered":"https:\/\/kuzeyinsesi.com\/index.php\/2024\/04\/30\/israilli-bakan-netanyahunun-refaha-kara-saldirisi-konusunda-soz-verdigini-soyledi\/"},"modified":"2024-04-30T18:53:23","modified_gmt":"2024-04-30T15:53:23","slug":"israilli-bakan-netanyahunun-refaha-kara-saldirisi-konusunda-soz-verdigini-soyledi","status":"publish","type":"post","link":"https:\/\/kuzeyinsesi.org\/index.php\/2024\/04\/30\/israilli-bakan-netanyahunun-refaha-kara-saldirisi-konusunda-soz-verdigini-soyledi\/","title":{"rendered":"\u0130srailli Bakan, Netanyahu&#039;nun Refah&#039;a kara sald\u0131r\u0131s\u0131 konusunda s\u00f6z verdi\u011fini s\u00f6yledi"},"content":{"rendered":"<p><\/p>\n<div>\n<p>&#13;<br \/>\n\tBen-Gvir, sosyal <a href=\"https:\/\/www.trthaber.com\/etiket\/medya\/\" target=\"_blank\" rel=\"noopener\">medya<\/a> platformu X \u00fczerinden yapt\u0131\u011f\u0131 payla\u015f\u0131mda, kendi talebi \u00fczerine <a href=\"https:\/\/www.trthaber.com\/etiket\/netanyahu\/\" target=\"_blank\" rel=\"noopener\">Netanyahu<\/a> ile beklenen Refah&#8217;a sald\u0131r\u0131 konusunda g\u00f6r\u00fc\u015ft\u00fc\u011f\u00fcn\u00fc s\u00f6yledi.<\/p>\n<p>&#13;<br \/>\n\tNetanyahu&#8217;ya Refah&#8217;a kara sald\u0131r\u0131s\u0131n\u0131n yap\u0131lmas\u0131 gerekti\u011fi konusunda uyar\u0131da bulundu\u011funu kaydeden Ben-Gvir, Ba\u015fbakan&#8217;\u0131n, \u0130srail&#8217;in Refah&#8217;a girece\u011fine s\u00f6z verdi\u011fini ve devam eden <a href=\"https:\/\/www.trthaber.com\/etiket\/gazze\/\" target=\"_blank\" rel=\"noopener\">Gazze<\/a> sald\u0131r\u0131lar\u0131n\u0131n da sona ermeyece\u011fini ifade etti\u011fini aktard\u0131.<\/p>\n<p>&#13;<br \/>\n\tBen-Gvir, Netanyahu&#8217;nun Refah&#8217;a kara sald\u0131r\u0131s\u0131 yap\u0131laca\u011f\u0131 y\u00f6n\u00fcndeki ifadelerini memnuniyetle kar\u015f\u0131lad\u0131\u011f\u0131n\u0131 ifade etti.<\/p>\n<p>&#13;<br \/>\n\t<strong>\u0130srail&#8217;in Refah&#8217;a olas\u0131 kara sald\u0131r\u0131s\u0131<\/strong><\/p>\n<p>&#13;<br \/>\n\tGazze&#8217;nin g\u00fcneyinde <a href=\"https:\/\/www.trthaber.com\/etiket\/misir\/\" target=\"_blank\" rel=\"noopener\">M\u0131s\u0131r<\/a> s\u0131n\u0131r\u0131nda yer alan Refah kenti, <a href=\"https:\/\/www.trthaber.com\/etiket\/israil\/\" target=\"_blank\" rel=\"noopener\">\u0130srail<\/a> sald\u0131r\u0131lar\u0131ndan \u00f6nce yakla\u015f\u0131k 280 bin Filistinliye ev sahipli\u011fi yap\u0131yordu. \u0130srail&#8217;in 7 Ekim&#8217;den bu yana devam eden sald\u0131r\u0131lar\u0131 nedeniyle 2,3 milyon n\u00fcfusa sahip Gazze \u015eeridi&#8217;nde 1,9 milyon ki\u015fi yerinden edildi.<\/p>\n<p>&#13;<br \/>\n\tYerinden edilen Filistinlilerin b\u00fcy\u00fck b\u00f6l\u00fcm\u00fc, \u0130srail&#8217;in daha \u00f6nce &#8220;g\u00fcvenli oldu\u011funu&#8221; iddia etti\u011fi Refah&#8217;a s\u0131\u011f\u0131nd\u0131. Kuzey b\u00f6lgelerden gelenlerle Refah&#8217;\u0131n n\u00fcfusu 4 kat\u0131ndan fazla artarak 1,5 milyona ula\u015ft\u0131.<\/p>\n<p>&#13;<br \/>\n\tYeterli <a href=\"https:\/\/www.trthaber.com\/etiket\/konut\/\" target=\"_blank\" rel=\"noopener\">konut<\/a> olmamas\u0131 nedeniyle Refah&#8217;a s\u0131\u011f\u0131nan Filistinlilerin b\u00fcy\u00fck bir b\u00f6l\u00fcm\u00fc derme \u00e7atma \u00e7ad\u0131rlardan olu\u015fan kamplarda ya\u015fam m\u00fccadelesi veriyor.<\/p>\n<p>&#13;<br \/>\n\t\u0130srail ordusu, Refah kentini s\u0131k s\u0131k hava sald\u0131r\u0131lar\u0131yla hedef al\u0131yor. \u0130srail&#8217;in Refah kentine kara sald\u0131r\u0131s\u0131 ba\u015flatmas\u0131 halinde sivillerin Gazze \u015eeridi&#8217;nde s\u0131\u011f\u0131nacak bir yerinin kalmayaca\u011f\u0131ndan endi\u015fe ediliyor.<\/p>\n<p>&#13;<br \/>\n\tUluslararas\u0131 uyar\u0131lara ra\u011fmen Refah&#8217;a sald\u0131r\u0131 plan\u0131n\u0131 onaylad\u0131\u011f\u0131n\u0131 defalarca yineleyen \u0130srail Ba\u015fbakan\u0131 Binyamin Netanyahu, 8 Nisan&#8217;da yapt\u0131\u011f\u0131 a\u00e7\u0131klamada sald\u0131r\u0131 i\u00e7in tarih belirlendi\u011fini belirtmi\u015fti.<\/p>\n<p>&#13;<br \/>\n\tNetanyahu, bug\u00fcn yapt\u0131\u011f\u0131 a\u00e7\u0131klamada, esir takas\u0131 mutabakat\u0131 olsa da olmasa da Refah&#8217;a sald\u0131racaklar\u0131n\u0131 kaydetmi\u015fti.<\/p>\n<\/p><\/div>\n","protected":false},"excerpt":{"rendered":"<p>&#13; Ben-Gvir, sosyal medya platformu X \u00fczerinden yapt\u0131\u011f\u0131 payla\u015f\u0131mda, kendi talebi \u00fczerine Netanyahu ile beklenen Refah&#8217;a sald\u0131r\u0131 konusunda g\u00f6r\u00fc\u015ft\u00fc\u011f\u00fcn\u00fc s\u00f6yledi. &#13; Netanyahu&#8217;ya Refah&#8217;a kara sald\u0131r\u0131s\u0131n\u0131n yap\u0131lmas\u0131 gerekti\u011fi konusunda uyar\u0131da bulundu\u011funu kaydeden Ben-Gvir, Ba\u015fbakan&#8217;\u0131n, \u0130srail&#8217;in Refah&#8217;a girece\u011fine s\u00f6z verdi\u011fini ve devam eden Gazze sald\u0131r\u0131lar\u0131n\u0131n da sona ermeyece\u011fini ifade etti\u011fini aktard\u0131. &#13; Ben-Gvir, Netanyahu&#8217;nun Refah&#8217;a kara sald\u0131r\u0131s\u0131 [&hellip;]<\/p>\n","protected":false},"author":1,"featured_media":1051,"comment_status":"open","ping_status":"open","sticky":false,"template":"","format":"standard","meta":{"jnews-multi-image_gallery":[],"jnews_single_post":[],"jnews_primary_category":[],"jnews_social_meta":[],"jnews_override_counter":[],"footnotes":""},"categories":[2],"tags":[],"class_list":["post-1050","post","type-post","status-publish","format-standard","has-post-thumbnail","hentry","category-dunya"],"yoast_head":"<!-- This site is optimized with the Yoast SEO plugin v27.5 - https:\/\/yoast.com\/product\/yoast-seo-wordpress\/ -->\n<title>\u0130srailli Bakan, Netanyahu&#039;nun Refah&#039;a kara sald\u0131r\u0131s\u0131 konusunda s\u00f6z verdi\u011fini s\u00f6yledi - Kuzeyin Sesi<\/title>\n<meta name=\"robots\" content=\"index, follow, max-snippet:-1, max-image-preview:large, max-video-preview:-1\" \/>\n<link rel=\"canonical\" href=\"https:\/\/kuzeyinsesi.org\/index.php\/2024\/04\/30\/israilli-bakan-netanyahunun-refaha-kara-saldirisi-konusunda-soz-verdigini-soyledi\/\" \/>\n<meta property=\"og:locale\" content=\"tr_TR\" \/>\n<meta property=\"og:type\" content=\"article\" \/>\n<meta property=\"og:title\" content=\"\u0130srailli Bakan, Netanyahu&#039;nun Refah&#039;a kara sald\u0131r\u0131s\u0131 konusunda s\u00f6z verdi\u011fini s\u00f6yledi - Kuzeyin Sesi\" \/>\n<meta property=\"og:description\" content=\"&#013; Ben-Gvir, sosyal medya platformu X \u00fczerinden yapt\u0131\u011f\u0131 payla\u015f\u0131mda, kendi talebi \u00fczerine Netanyahu ile beklenen Refah&#8217;a sald\u0131r\u0131 konusunda g\u00f6r\u00fc\u015ft\u00fc\u011f\u00fcn\u00fc s\u00f6yledi. &#013; Netanyahu&#8217;ya Refah&#8217;a kara sald\u0131r\u0131s\u0131n\u0131n yap\u0131lmas\u0131 gerekti\u011fi konusunda uyar\u0131da bulundu\u011funu kaydeden Ben-Gvir, Ba\u015fbakan&#8217;\u0131n, \u0130srail&#8217;in Refah&#8217;a girece\u011fine s\u00f6z verdi\u011fini ve devam eden Gazze sald\u0131r\u0131lar\u0131n\u0131n da sona ermeyece\u011fini ifade etti\u011fini aktard\u0131. &#013; Ben-Gvir, Netanyahu&#8217;nun Refah&#8217;a kara sald\u0131r\u0131s\u0131 [&hellip;]\" \/>\n<meta property=\"og:url\" content=\"https:\/\/kuzeyinsesi.org\/index.php\/2024\/04\/30\/israilli-bakan-netanyahunun-refaha-kara-saldirisi-konusunda-soz-verdigini-soyledi\/\" \/>\n<meta property=\"og:site_name\" content=\"Kuzeyin Sesi\" \/>\n<meta property=\"article:publisher\" content=\"https:\/\/www.facebook.com\/kuzeyinsesii\" \/>\n<meta property=\"article:published_time\" content=\"2024-04-30T15:53:23+00:00\" \/>\n<meta property=\"og:image\" content=\"https:\/\/kuzeyinsesi.org\/wp-content\/uploads\/2024\/04\/1714492404_netanyahu-reuters-2150498.jpg\" \/>\n\t<meta property=\"og:image:width\" content=\"1280\" \/>\n\t<meta property=\"og:image:height\" content=\"720\" \/>\n\t<meta property=\"og:image:type\" content=\"image\/jpeg\" \/>\n<meta name=\"author\" content=\"Kuzeyin Sesi\" \/>\n<meta name=\"twitter:card\" content=\"summary_large_image\" \/>\n<meta name=\"twitter:creator\" content=\"@kuzeyinsesii\" \/>\n<meta name=\"twitter:site\" content=\"@kuzeyinsesii\" \/>\n<meta name=\"twitter:label1\" content=\"Yazan:\" \/>\n\t<meta name=\"twitter:data1\" content=\"Kuzeyin Sesi\" \/>\n\t<meta name=\"twitter:label2\" content=\"Tahmini okuma s\u00fcresi\" \/>\n\t<meta name=\"twitter:data2\" content=\"2 dakika\" \/>\n<script type=\"application\/ld+json\" class=\"yoast-schema-graph\">{\"@context\":\"https:\\\/\\\/schema.org\",\"@graph\":[{\"@type\":\"Article\",\"@id\":\"https:\\\/\\\/kuzeyinsesi.org\\\/index.php\\\/2024\\\/04\\\/30\\\/israilli-bakan-netanyahunun-refaha-kara-saldirisi-konusunda-soz-verdigini-soyledi\\\/#article\",\"isPartOf\":{\"@id\":\"https:\\\/\\\/kuzeyinsesi.org\\\/index.php\\\/2024\\\/04\\\/30\\\/israilli-bakan-netanyahunun-refaha-kara-saldirisi-konusunda-soz-verdigini-soyledi\\\/\"},\"author\":{\"name\":\"Kuzeyin Sesi\",\"@id\":\"https:\\\/\\\/kuzeyinsesi.org\\\/#\\\/schema\\\/person\\\/9f859689cdf01485597712386e37f5aa\"},\"headline\":\"\u0130srailli Bakan, Netanyahu&#039;nun Refah&#039;a kara sald\u0131r\u0131s\u0131 konusunda s\u00f6z verdi\u011fini s\u00f6yledi\",\"datePublished\":\"2024-04-30T15:53:23+00:00\",\"mainEntityOfPage\":{\"@id\":\"https:\\\/\\\/kuzeyinsesi.org\\\/index.php\\\/2024\\\/04\\\/30\\\/israilli-bakan-netanyahunun-refaha-kara-saldirisi-konusunda-soz-verdigini-soyledi\\\/\"},\"wordCount\":339,\"commentCount\":0,\"image\":{\"@id\":\"https:\\\/\\\/kuzeyinsesi.org\\\/index.php\\\/2024\\\/04\\\/30\\\/israilli-bakan-netanyahunun-refaha-kara-saldirisi-konusunda-soz-verdigini-soyledi\\\/#primaryimage\"},\"thumbnailUrl\":\"https:\\\/\\\/kuzeyinsesi.org\\\/wp-content\\\/uploads\\\/2024\\\/04\\\/1714492404_netanyahu-reuters-2150498.jpg\",\"articleSection\":[\"D\u00fcnya\"],\"inLanguage\":\"tr\",\"potentialAction\":[{\"@type\":\"CommentAction\",\"name\":\"Comment\",\"target\":[\"https:\\\/\\\/kuzeyinsesi.org\\\/index.php\\\/2024\\\/04\\\/30\\\/israilli-bakan-netanyahunun-refaha-kara-saldirisi-konusunda-soz-verdigini-soyledi\\\/#respond\"]}]},{\"@type\":\"WebPage\",\"@id\":\"https:\\\/\\\/kuzeyinsesi.org\\\/index.php\\\/2024\\\/04\\\/30\\\/israilli-bakan-netanyahunun-refaha-kara-saldirisi-konusunda-soz-verdigini-soyledi\\\/\",\"url\":\"https:\\\/\\\/kuzeyinsesi.org\\\/index.php\\\/2024\\\/04\\\/30\\\/israilli-bakan-netanyahunun-refaha-kara-saldirisi-konusunda-soz-verdigini-soyledi\\\/\",\"name\":\"\u0130srailli Bakan, Netanyahu&#039;nun Refah&#039;a kara sald\u0131r\u0131s\u0131 konusunda s\u00f6z verdi\u011fini s\u00f6yledi - Kuzeyin Sesi\",\"isPartOf\":{\"@id\":\"https:\\\/\\\/kuzeyinsesi.org\\\/#website\"},\"primaryImageOfPage\":{\"@id\":\"https:\\\/\\\/kuzeyinsesi.org\\\/index.php\\\/2024\\\/04\\\/30\\\/israilli-bakan-netanyahunun-refaha-kara-saldirisi-konusunda-soz-verdigini-soyledi\\\/#primaryimage\"},\"image\":{\"@id\":\"https:\\\/\\\/kuzeyinsesi.org\\\/index.php\\\/2024\\\/04\\\/30\\\/israilli-bakan-netanyahunun-refaha-kara-saldirisi-konusunda-soz-verdigini-soyledi\\\/#primaryimage\"},\"thumbnailUrl\":\"https:\\\/\\\/kuzeyinsesi.org\\\/wp-content\\\/uploads\\\/2024\\\/04\\\/1714492404_netanyahu-reuters-2150498.jpg\",\"datePublished\":\"2024-04-30T15:53:23+00:00\",\"author\":{\"@id\":\"https:\\\/\\\/kuzeyinsesi.org\\\/#\\\/schema\\\/person\\\/9f859689cdf01485597712386e37f5aa\"},\"breadcrumb\":{\"@id\":\"https:\\\/\\\/kuzeyinsesi.org\\\/index.php\\\/2024\\\/04\\\/30\\\/israilli-bakan-netanyahunun-refaha-kara-saldirisi-konusunda-soz-verdigini-soyledi\\\/#breadcrumb\"},\"inLanguage\":\"tr\",\"potentialAction\":[{\"@type\":\"ReadAction\",\"target\":[\"https:\\\/\\\/kuzeyinsesi.org\\\/index.php\\\/2024\\\/04\\\/30\\\/israilli-bakan-netanyahunun-refaha-kara-saldirisi-konusunda-soz-verdigini-soyledi\\\/\"]}]},{\"@type\":\"ImageObject\",\"inLanguage\":\"tr\",\"@id\":\"https:\\\/\\\/kuzeyinsesi.org\\\/index.php\\\/2024\\\/04\\\/30\\\/israilli-bakan-netanyahunun-refaha-kara-saldirisi-konusunda-soz-verdigini-soyledi\\\/#primaryimage\",\"url\":\"https:\\\/\\\/kuzeyinsesi.org\\\/wp-content\\\/uploads\\\/2024\\\/04\\\/1714492404_netanyahu-reuters-2150498.jpg\",\"contentUrl\":\"https:\\\/\\\/kuzeyinsesi.org\\\/wp-content\\\/uploads\\\/2024\\\/04\\\/1714492404_netanyahu-reuters-2150498.jpg\",\"width\":1280,\"height\":720},{\"@type\":\"BreadcrumbList\",\"@id\":\"https:\\\/\\\/kuzeyinsesi.org\\\/index.php\\\/2024\\\/04\\\/30\\\/israilli-bakan-netanyahunun-refaha-kara-saldirisi-konusunda-soz-verdigini-soyledi\\\/#breadcrumb\",\"itemListElement\":[{\"@type\":\"ListItem\",\"position\":1,\"name\":\"Anasayfa\",\"item\":\"https:\\\/\\\/kuzeyinsesi.org\\\/\"},{\"@type\":\"ListItem\",\"position\":2,\"name\":\"\u0130srailli Bakan, Netanyahu&#039;nun Refah&#039;a kara sald\u0131r\u0131s\u0131 konusunda s\u00f6z verdi\u011fini s\u00f6yledi\"}]},{\"@type\":\"WebSite\",\"@id\":\"https:\\\/\\\/kuzeyinsesi.org\\\/#website\",\"url\":\"https:\\\/\\\/kuzeyinsesi.org\\\/\",\"name\":\"Kuzeyin Sesi\",\"description\":\"Do\u011fru Haberin Adresi\",\"potentialAction\":[{\"@type\":\"SearchAction\",\"target\":{\"@type\":\"EntryPoint\",\"urlTemplate\":\"https:\\\/\\\/kuzeyinsesi.org\\\/?s={search_term_string}\"},\"query-input\":{\"@type\":\"PropertyValueSpecification\",\"valueRequired\":true,\"valueName\":\"search_term_string\"}}],\"inLanguage\":\"tr\"},{\"@type\":\"Person\",\"@id\":\"https:\\\/\\\/kuzeyinsesi.org\\\/#\\\/schema\\\/person\\\/9f859689cdf01485597712386e37f5aa\",\"name\":\"Kuzeyin Sesi\",\"image\":{\"@type\":\"ImageObject\",\"inLanguage\":\"tr\",\"@id\":\"https:\\\/\\\/secure.gravatar.com\\\/avatar\\\/bab33852abfd8b282518d6ed81826833d77c3c882d9ab608add591ccace47a44?s=96&d=mm&r=g\",\"url\":\"https:\\\/\\\/secure.gravatar.com\\\/avatar\\\/bab33852abfd8b282518d6ed81826833d77c3c882d9ab608add591ccace47a44?s=96&d=mm&r=g\",\"contentUrl\":\"https:\\\/\\\/secure.gravatar.com\\\/avatar\\\/bab33852abfd8b282518d6ed81826833d77c3c882d9ab608add591ccace47a44?s=96&d=mm&r=g\",\"caption\":\"Kuzeyin Sesi\"},\"sameAs\":[\"https:\\\/\\\/kuzeyinsesi.org\"],\"url\":\"https:\\\/\\\/kuzeyinsesi.org\\\/index.php\\\/author\\\/guven\\\/\"}]}<\/script>\n<!-- \/ Yoast SEO plugin. -->","yoast_head_json":{"title":"\u0130srailli Bakan, Netanyahu&#039;nun Refah&#039;a kara sald\u0131r\u0131s\u0131 konusunda s\u00f6z verdi\u011fini s\u00f6yledi - Kuzeyin Sesi","robots":{"index":"index","follow":"follow","max-snippet":"max-snippet:-1","max-image-preview":"max-image-preview:large","max-video-preview":"max-video-preview:-1"},"canonical":"https:\/\/kuzeyinsesi.org\/index.php\/2024\/04\/30\/israilli-bakan-netanyahunun-refaha-kara-saldirisi-konusunda-soz-verdigini-soyledi\/","og_locale":"tr_TR","og_type":"article","og_title":"\u0130srailli Bakan, Netanyahu&#039;nun Refah&#039;a kara sald\u0131r\u0131s\u0131 konusunda s\u00f6z verdi\u011fini s\u00f6yledi - Kuzeyin Sesi","og_description":"&#13; Ben-Gvir, sosyal medya platformu X \u00fczerinden yapt\u0131\u011f\u0131 payla\u015f\u0131mda, kendi talebi \u00fczerine Netanyahu ile beklenen Refah&#8217;a sald\u0131r\u0131 konusunda g\u00f6r\u00fc\u015ft\u00fc\u011f\u00fcn\u00fc s\u00f6yledi. &#13; Netanyahu&#8217;ya Refah&#8217;a kara sald\u0131r\u0131s\u0131n\u0131n yap\u0131lmas\u0131 gerekti\u011fi konusunda uyar\u0131da bulundu\u011funu kaydeden Ben-Gvir, Ba\u015fbakan&#8217;\u0131n, \u0130srail&#8217;in Refah&#8217;a girece\u011fine s\u00f6z verdi\u011fini ve devam eden Gazze sald\u0131r\u0131lar\u0131n\u0131n da sona ermeyece\u011fini ifade etti\u011fini aktard\u0131. &#13; Ben-Gvir, Netanyahu&#8217;nun Refah&#8217;a kara sald\u0131r\u0131s\u0131 [&hellip;]","og_url":"https:\/\/kuzeyinsesi.org\/index.php\/2024\/04\/30\/israilli-bakan-netanyahunun-refaha-kara-saldirisi-konusunda-soz-verdigini-soyledi\/","og_site_name":"Kuzeyin Sesi","article_publisher":"https:\/\/www.facebook.com\/kuzeyinsesii","article_published_time":"2024-04-30T15:53:23+00:00","og_image":[{"width":1280,"height":720,"url":"https:\/\/kuzeyinsesi.org\/wp-content\/uploads\/2024\/04\/1714492404_netanyahu-reuters-2150498.jpg","type":"image\/jpeg"}],"author":"Kuzeyin Sesi","twitter_card":"summary_large_image","twitter_creator":"@kuzeyinsesii","twitter_site":"@kuzeyinsesii","twitter_misc":{"Yazan:":"Kuzeyin Sesi","Tahmini okuma s\u00fcresi":"2 dakika"},"schema":{"@context":"https:\/\/schema.org","@graph":[{"@type":"Article","@id":"https:\/\/kuzeyinsesi.org\/index.php\/2024\/04\/30\/israilli-bakan-netanyahunun-refaha-kara-saldirisi-konusunda-soz-verdigini-soyledi\/#article","isPartOf":{"@id":"https:\/\/kuzeyinsesi.org\/index.php\/2024\/04\/30\/israilli-bakan-netanyahunun-refaha-kara-saldirisi-konusunda-soz-verdigini-soyledi\/"},"author":{"name":"Kuzeyin Sesi","@id":"https:\/\/kuzeyinsesi.org\/#\/schema\/person\/9f859689cdf01485597712386e37f5aa"},"headline":"\u0130srailli Bakan, Netanyahu&#039;nun Refah&#039;a kara sald\u0131r\u0131s\u0131 konusunda s\u00f6z verdi\u011fini s\u00f6yledi","datePublished":"2024-04-30T15:53:23+00:00","mainEntityOfPage":{"@id":"https:\/\/kuzeyinsesi.org\/index.php\/2024\/04\/30\/israilli-bakan-netanyahunun-refaha-kara-saldirisi-konusunda-soz-verdigini-soyledi\/"},"wordCount":339,"commentCount":0,"image":{"@id":"https:\/\/kuzeyinsesi.org\/index.php\/2024\/04\/30\/israilli-bakan-netanyahunun-refaha-kara-saldirisi-konusunda-soz-verdigini-soyledi\/#primaryimage"},"thumbnailUrl":"https:\/\/kuzeyinsesi.org\/wp-content\/uploads\/2024\/04\/1714492404_netanyahu-reuters-2150498.jpg","articleSection":["D\u00fcnya"],"inLanguage":"tr","potentialAction":[{"@type":"CommentAction","name":"Comment","target":["https:\/\/kuzeyinsesi.org\/index.php\/2024\/04\/30\/israilli-bakan-netanyahunun-refaha-kara-saldirisi-konusunda-soz-verdigini-soyledi\/#respond"]}]},{"@type":"WebPage","@id":"https:\/\/kuzeyinsesi.org\/index.php\/2024\/04\/30\/israilli-bakan-netanyahunun-refaha-kara-saldirisi-konusunda-soz-verdigini-soyledi\/","url":"https:\/\/kuzeyinsesi.org\/index.php\/2024\/04\/30\/israilli-bakan-netanyahunun-refaha-kara-saldirisi-konusunda-soz-verdigini-soyledi\/","name":"\u0130srailli Bakan, Netanyahu&#039;nun Refah&#039;a kara sald\u0131r\u0131s\u0131 konusunda s\u00f6z verdi\u011fini s\u00f6yledi - Kuzeyin Sesi","isPartOf":{"@id":"https:\/\/kuzeyinsesi.org\/#website"},"primaryImageOfPage":{"@id":"https:\/\/kuzeyinsesi.org\/index.php\/2024\/04\/30\/israilli-bakan-netanyahunun-refaha-kara-saldirisi-konusunda-soz-verdigini-soyledi\/#primaryimage"},"image":{"@id":"https:\/\/kuzeyinsesi.org\/index.php\/2024\/04\/30\/israilli-bakan-netanyahunun-refaha-kara-saldirisi-konusunda-soz-verdigini-soyledi\/#primaryimage"},"thumbnailUrl":"https:\/\/kuzeyinsesi.org\/wp-content\/uploads\/2024\/04\/1714492404_netanyahu-reuters-2150498.jpg","datePublished":"2024-04-30T15:53:23+00:00","author":{"@id":"https:\/\/kuzeyinsesi.org\/#\/schema\/person\/9f859689cdf01485597712386e37f5aa"},"breadcrumb":{"@id":"https:\/\/kuzeyinsesi.org\/index.php\/2024\/04\/30\/israilli-bakan-netanyahunun-refaha-kara-saldirisi-konusunda-soz-verdigini-soyledi\/#breadcrumb"},"inLanguage":"tr","potentialAction":[{"@type":"ReadAction","target":["https:\/\/kuzeyinsesi.org\/index.php\/2024\/04\/30\/israilli-bakan-netanyahunun-refaha-kara-saldirisi-konusunda-soz-verdigini-soyledi\/"]}]},{"@type":"ImageObject","inLanguage":"tr","@id":"https:\/\/kuzeyinsesi.org\/index.php\/2024\/04\/30\/israilli-bakan-netanyahunun-refaha-kara-saldirisi-konusunda-soz-verdigini-soyledi\/#primaryimage","url":"https:\/\/kuzeyinsesi.org\/wp-content\/uploads\/2024\/04\/1714492404_netanyahu-reuters-2150498.jpg","contentUrl":"https:\/\/kuzeyinsesi.org\/wp-content\/uploads\/2024\/04\/1714492404_netanyahu-reuters-2150498.jpg","width":1280,"height":720},{"@type":"BreadcrumbList","@id":"https:\/\/kuzeyinsesi.org\/index.php\/2024\/04\/30\/israilli-bakan-netanyahunun-refaha-kara-saldirisi-konusunda-soz-verdigini-soyledi\/#breadcrumb","itemListElement":[{"@type":"ListItem","position":1,"name":"Anasayfa","item":"https:\/\/kuzeyinsesi.org\/"},{"@type":"ListItem","position":2,"name":"\u0130srailli Bakan, Netanyahu&#039;nun Refah&#039;a kara sald\u0131r\u0131s\u0131 konusunda s\u00f6z verdi\u011fini s\u00f6yledi"}]},{"@type":"WebSite","@id":"https:\/\/kuzeyinsesi.org\/#website","url":"https:\/\/kuzeyinsesi.org\/","name":"Kuzeyin Sesi","description":"Do\u011fru Haberin Adresi","potentialAction":[{"@type":"SearchAction","target":{"@type":"EntryPoint","urlTemplate":"https:\/\/kuzeyinsesi.org\/?s={search_term_string}"},"query-input":{"@type":"PropertyValueSpecification","valueRequired":true,"valueName":"search_term_string"}}],"inLanguage":"tr"},{"@type":"Person","@id":"https:\/\/kuzeyinsesi.org\/#\/schema\/person\/9f859689cdf01485597712386e37f5aa","name":"Kuzeyin Sesi","image":{"@type":"ImageObject","inLanguage":"tr","@id":"https:\/\/secure.gravatar.com\/avatar\/bab33852abfd8b282518d6ed81826833d77c3c882d9ab608add591ccace47a44?s=96&d=mm&r=g","url":"https:\/\/secure.gravatar.com\/avatar\/bab33852abfd8b282518d6ed81826833d77c3c882d9ab608add591ccace47a44?s=96&d=mm&r=g","contentUrl":"https:\/\/secure.gravatar.com\/avatar\/bab33852abfd8b282518d6ed81826833d77c3c882d9ab608add591ccace47a44?s=96&d=mm&r=g","caption":"Kuzeyin Sesi"},"sameAs":["https:\/\/kuzeyinsesi.org"],"url":"https:\/\/kuzeyinsesi.org\/index.php\/author\/guven\/"}]}},"_links":{"self":[{"href":"https:\/\/kuzeyinsesi.org\/index.php\/wp-json\/wp\/v2\/posts\/1050","targetHints":{"allow":["GET"]}}],"collection":[{"href":"https:\/\/kuzeyinsesi.org\/index.php\/wp-json\/wp\/v2\/posts"}],"about":[{"href":"https:\/\/kuzeyinsesi.org\/index.php\/wp-json\/wp\/v2\/types\/post"}],"author":[{"embeddable":true,"href":"https:\/\/kuzeyinsesi.org\/index.php\/wp-json\/wp\/v2\/users\/1"}],"replies":[{"embeddable":true,"href":"https:\/\/kuzeyinsesi.org\/index.php\/wp-json\/wp\/v2\/comments?post=1050"}],"version-history":[{"count":0,"href":"https:\/\/kuzeyinsesi.org\/index.php\/wp-json\/wp\/v2\/posts\/1050\/revisions"}],"wp:featuredmedia":[{"embeddable":true,"href":"https:\/\/kuzeyinsesi.org\/index.php\/wp-json\/wp\/v2\/media\/1051"}],"wp:attachment":[{"href":"https:\/\/kuzeyinsesi.org\/index.php\/wp-json\/wp\/v2\/media?parent=1050"}],"wp:term":[{"taxonomy":"category","embeddable":true,"href":"https:\/\/kuzeyinsesi.org\/index.php\/wp-json\/wp\/v2\/categories?post=1050"},{"taxonomy":"post_tag","embeddable":true,"href":"https:\/\/kuzeyinsesi.org\/index.php\/wp-json\/wp\/v2\/tags?post=1050"}],"curies":[{"name":"wp","href":"https:\/\/api.w.org\/{rel}","templated":true}]}}