{"id":10464,"date":"2024-09-26T11:18:27","date_gmt":"2024-09-26T08:18:27","guid":{"rendered":"https:\/\/kuzeyinsesi.org\/index.php\/2024\/09\/26\/krzysztof-meisinger-gitar-resitali-cumartesi-aksami-bellapais-manastirinda\/"},"modified":"2024-09-26T11:18:27","modified_gmt":"2024-09-26T08:18:27","slug":"krzysztof-meisinger-gitar-resitali-cumartesi-aksami-bellapais-manastirinda","status":"publish","type":"post","link":"https:\/\/kuzeyinsesi.org\/index.php\/2024\/09\/26\/krzysztof-meisinger-gitar-resitali-cumartesi-aksami-bellapais-manastirinda\/","title":{"rendered":"Krzysztof Meisinger Gitar Resitali cumartesi ak\u015fam\u0131 Bellapais Manast\u0131r\u0131\u2019nda"},"content":{"rendered":"<div>\n<p>\u00a0<\/p>\n<div class=\"mariselle-image-container center\">\n                                            <\/div>\n<p style=\"font-weight: 300;\">Kuzey K\u0131br\u0131s M\u00fczik Derne\u011fi\u2019nin bu y\u0131l 22\u2019ncisini organize etti\u011fi Uluslararas\u0131 Kuzey K\u0131br\u0131s M\u00fczik Festivali, cumartesi ak\u015fam\u0131 Polonya\u2019l\u0131 \u00fcnl\u00fc gitar virt\u00fc\u00f6z\u00fc Krzysztof Meisinger\u2019in Gitar Resitali ile devam ediyor.<\/p>\n<p style=\"font-weight: 300;\">Bellapais Manast\u0131r\u0131\u2019nda yer alacak resital, saat 20.30\u2019da ba\u015flayacak.<\/p>\n<p style=\"font-weight: 300;\">Meisinger, festival \u00e7er\u00e7evesinde verece\u011fi Gitar Resitali\u2019nde Francisco T\u00e1rrega\u2019n\u0131n Capricho \u00c1rabe ve Gran Jota Aragonesa, Hakk\u0131 Cengiz Eren\u2019in Variations on \u201cEl Pueblo Unido Jamas Serar Vencido\u201d, Isaac Albeniz\u2019 in Asturias (Leyenda) ve Carlo Domeniconi\u2019nin Koyunbaba eserlerini yorumlayacak.<\/p>\n<p style=\"font-weight: 300;\">Kuzey K\u0131br\u0131s M\u00fczik Derne\u011fi\u2019nden verilen bilgiye g\u00f6re; Turizm ve K\u00fclt\u00fcr Bakanl\u0131\u011f\u0131, Deniz Plaza, Rocks Hotel, Bellapais Gardens, Kybele ve Huzur A\u011fa\u00e7 katk\u0131lar\u0131yla katk\u0131lar\u0131yla d\u00fczenlenen, Bellapais Manast\u0131r\u0131\u2019nda 16 Kas\u0131m\u2019a kadar s\u00fcrecek festival kapsam\u0131nda 20 konser sunulacak.<\/p>\n<p style=\"font-weight: 300;\">Festivalde yer alacak t\u00fcm konser biletlerine, Deniz Plazalar, Bellapais Manast\u0131r\u0131 bilet ofisi ve online olarak Biletfest.com ile Gisekibris.com\u2019dan temin edilebilir.<\/p>\n<p style=\"font-weight: 300;\">K\u0131br\u0131s, T\u00fcrkiye, Rusya, Ukrayna, Belarus, Amerika, Almanya, \u0130ngiltere, \u0130talya, Fransa, \u0130svi\u00e7re, Polonya, Tataristan ve Azerbaycan\u2019 dan y\u00fczlerce sanat\u00e7\u0131n\u0131n yer alaca\u011f\u0131 festivalin program\u0131 ise \u015f\u00f6yle:<\/p>\n<p style=\"font-weight: 300;\">\u201c30 Eyl\u00fcl H\u00fcseyin Altan Jazz Manouche Project; 2 Ekim Arman Ratip Piyano Resitali; 5 Ekim Tatiana Stupak Piyano Resitali;<\/p>\n<p style=\"font-weight: 300;\">7 Ekim Nihat A\u011fda\u00e7-Thomas Isaac-Emil Duncumb Trio; 10 Ekim Soprano Burcu Uyar &amp; Tenor Massimiliano Pisapia, Achille Lampo, Piyano; 12 Ekim Rauf Kas\u0131mov Piyano Resitali; 14 Ekim Lelya Bayramo\u011fullar\u0131 &amp; Tutu Ayd\u0131no\u011flu Fl\u00fct \u2013 Piyano Resitali; 16 Ekim 3 Basses Konseri; 18 Ekim KKTC CSO Konseri; 22 Ekim Ma\u011fusa Kent Orkestras\u0131 &amp; Burcu Durmaz; 24 Ekim Alexa Rodrian &amp; Jens Fischer Rodrian; 31 Ekim Faz\u0131l Say Piyano Resitali; 1 Kas\u0131m Ian Maksin &amp; Taliya Haf\u0131z; 4 Kas\u0131m Magnetic Faces Trio; 7 Kas\u0131m 3 Tenor Konseri; 9 Kas\u0131m Gen\u00e7 Piyanistler Resitali; 13 Kas\u0131m Anastasiia Andrievskaya Piyano Resitali; 16 Kas\u0131m LBO &amp; Erkan Da\u011fl\u0131-Katie Economidou Konseri\u201d<\/p>\n<\/p><\/div>\n<p><script async\n                    defer\n                    crossorigin=\"anonymous\"\n                    src=\"https:\/\/connect.facebook.net\/tr_TR\/sdk.js#xfbml=1&#038;version=v3.3\"\n            ><\/script><\/p>\n","protected":false},"excerpt":{"rendered":"<p>\u00a0 Kuzey K\u0131br\u0131s M\u00fczik Derne\u011fi\u2019nin bu y\u0131l 22\u2019ncisini organize etti\u011fi Uluslararas\u0131 Kuzey K\u0131br\u0131s M\u00fczik Festivali, cumartesi ak\u015fam\u0131 Polonya\u2019l\u0131 \u00fcnl\u00fc gitar virt\u00fc\u00f6z\u00fc Krzysztof Meisinger\u2019in Gitar Resitali ile devam ediyor. Bellapais Manast\u0131r\u0131\u2019nda yer alacak resital, saat 20.30\u2019da ba\u015flayacak. Meisinger, festival \u00e7er\u00e7evesinde verece\u011fi Gitar Resitali\u2019nde Francisco T\u00e1rrega\u2019n\u0131n Capricho \u00c1rabe ve Gran Jota Aragonesa, Hakk\u0131 Cengiz Eren\u2019in Variations on [&hellip;]<\/p>\n","protected":false},"author":1,"featured_media":10465,"comment_status":"open","ping_status":"open","sticky":false,"template":"","format":"standard","meta":{"jnews-multi-image_gallery":[],"jnews_single_post":[],"jnews_primary_category":[],"jnews_social_meta":[],"jnews_override_counter":[],"footnotes":""},"categories":[6],"tags":[],"class_list":["post-10464","post","type-post","status-publish","format-standard","has-post-thumbnail","hentry","category-yasam"],"yoast_head":"<!-- This site is optimized with the Yoast SEO plugin v27.5 - https:\/\/yoast.com\/product\/yoast-seo-wordpress\/ -->\n<title>Krzysztof Meisinger Gitar Resitali cumartesi ak\u015fam\u0131 Bellapais Manast\u0131r\u0131\u2019nda - Kuzeyin Sesi<\/title>\n<meta name=\"robots\" content=\"index, follow, max-snippet:-1, max-image-preview:large, max-video-preview:-1\" \/>\n<link rel=\"canonical\" href=\"https:\/\/kuzeyinsesi.org\/index.php\/2024\/09\/26\/krzysztof-meisinger-gitar-resitali-cumartesi-aksami-bellapais-manastirinda\/\" \/>\n<meta property=\"og:locale\" content=\"tr_TR\" \/>\n<meta property=\"og:type\" content=\"article\" \/>\n<meta property=\"og:title\" content=\"Krzysztof Meisinger Gitar Resitali cumartesi ak\u015fam\u0131 Bellapais Manast\u0131r\u0131\u2019nda - Kuzeyin Sesi\" \/>\n<meta property=\"og:description\" content=\"\u00a0 Kuzey K\u0131br\u0131s M\u00fczik Derne\u011fi\u2019nin bu y\u0131l 22\u2019ncisini organize etti\u011fi Uluslararas\u0131 Kuzey K\u0131br\u0131s M\u00fczik Festivali, cumartesi ak\u015fam\u0131 Polonya\u2019l\u0131 \u00fcnl\u00fc gitar virt\u00fc\u00f6z\u00fc Krzysztof Meisinger\u2019in Gitar Resitali ile devam ediyor. Bellapais Manast\u0131r\u0131\u2019nda yer alacak resital, saat 20.30\u2019da ba\u015flayacak. Meisinger, festival \u00e7er\u00e7evesinde verece\u011fi Gitar Resitali\u2019nde Francisco T\u00e1rrega\u2019n\u0131n Capricho \u00c1rabe ve Gran Jota Aragonesa, Hakk\u0131 Cengiz Eren\u2019in Variations on [&hellip;]\" \/>\n<meta property=\"og:url\" content=\"https:\/\/kuzeyinsesi.org\/index.php\/2024\/09\/26\/krzysztof-meisinger-gitar-resitali-cumartesi-aksami-bellapais-manastirinda\/\" \/>\n<meta property=\"og:site_name\" content=\"Kuzeyin Sesi\" \/>\n<meta property=\"article:publisher\" content=\"https:\/\/www.facebook.com\/kuzeyinsesii\" \/>\n<meta property=\"article:published_time\" content=\"2024-09-26T08:18:27+00:00\" \/>\n<meta property=\"og:image\" content=\"https:\/\/brtk.net\/wp-content\/uploads\/2024\/09\/26\/98989898989898989.jpg?ver=55719b84504ee0fef44b8ffbba7da9a4\" \/>\n<meta name=\"author\" content=\"Kuzeyin Sesi\" \/>\n<meta name=\"twitter:card\" content=\"summary_large_image\" \/>\n<meta name=\"twitter:creator\" content=\"@kuzeyinsesii\" \/>\n<meta name=\"twitter:site\" content=\"@kuzeyinsesii\" \/>\n<meta name=\"twitter:label1\" content=\"Yazan:\" \/>\n\t<meta name=\"twitter:data1\" content=\"Kuzeyin Sesi\" \/>\n\t<meta name=\"twitter:label2\" content=\"Tahmini okuma s\u00fcresi\" \/>\n\t<meta name=\"twitter:data2\" content=\"2 dakika\" \/>\n<script type=\"application\/ld+json\" class=\"yoast-schema-graph\">{\"@context\":\"https:\\\/\\\/schema.org\",\"@graph\":[{\"@type\":\"Article\",\"@id\":\"https:\\\/\\\/kuzeyinsesi.org\\\/index.php\\\/2024\\\/09\\\/26\\\/krzysztof-meisinger-gitar-resitali-cumartesi-aksami-bellapais-manastirinda\\\/#article\",\"isPartOf\":{\"@id\":\"https:\\\/\\\/kuzeyinsesi.org\\\/index.php\\\/2024\\\/09\\\/26\\\/krzysztof-meisinger-gitar-resitali-cumartesi-aksami-bellapais-manastirinda\\\/\"},\"author\":{\"name\":\"Kuzeyin Sesi\",\"@id\":\"https:\\\/\\\/kuzeyinsesi.org\\\/#\\\/schema\\\/person\\\/9f859689cdf01485597712386e37f5aa\"},\"headline\":\"Krzysztof Meisinger Gitar Resitali cumartesi ak\u015fam\u0131 Bellapais Manast\u0131r\u0131\u2019nda\",\"datePublished\":\"2024-09-26T08:18:27+00:00\",\"mainEntityOfPage\":{\"@id\":\"https:\\\/\\\/kuzeyinsesi.org\\\/index.php\\\/2024\\\/09\\\/26\\\/krzysztof-meisinger-gitar-resitali-cumartesi-aksami-bellapais-manastirinda\\\/\"},\"wordCount\":338,\"commentCount\":0,\"image\":{\"@id\":\"https:\\\/\\\/kuzeyinsesi.org\\\/index.php\\\/2024\\\/09\\\/26\\\/krzysztof-meisinger-gitar-resitali-cumartesi-aksami-bellapais-manastirinda\\\/#primaryimage\"},\"thumbnailUrl\":\"https:\\\/\\\/kuzeyinsesi.org\\\/wp-content\\\/uploads\\\/2024\\\/09\\\/98989898989898989.jpg\",\"articleSection\":[\"Ya\u015fam\"],\"inLanguage\":\"tr\",\"potentialAction\":[{\"@type\":\"CommentAction\",\"name\":\"Comment\",\"target\":[\"https:\\\/\\\/kuzeyinsesi.org\\\/index.php\\\/2024\\\/09\\\/26\\\/krzysztof-meisinger-gitar-resitali-cumartesi-aksami-bellapais-manastirinda\\\/#respond\"]}]},{\"@type\":\"WebPage\",\"@id\":\"https:\\\/\\\/kuzeyinsesi.org\\\/index.php\\\/2024\\\/09\\\/26\\\/krzysztof-meisinger-gitar-resitali-cumartesi-aksami-bellapais-manastirinda\\\/\",\"url\":\"https:\\\/\\\/kuzeyinsesi.org\\\/index.php\\\/2024\\\/09\\\/26\\\/krzysztof-meisinger-gitar-resitali-cumartesi-aksami-bellapais-manastirinda\\\/\",\"name\":\"Krzysztof Meisinger Gitar Resitali cumartesi ak\u015fam\u0131 Bellapais Manast\u0131r\u0131\u2019nda - Kuzeyin Sesi\",\"isPartOf\":{\"@id\":\"https:\\\/\\\/kuzeyinsesi.org\\\/#website\"},\"primaryImageOfPage\":{\"@id\":\"https:\\\/\\\/kuzeyinsesi.org\\\/index.php\\\/2024\\\/09\\\/26\\\/krzysztof-meisinger-gitar-resitali-cumartesi-aksami-bellapais-manastirinda\\\/#primaryimage\"},\"image\":{\"@id\":\"https:\\\/\\\/kuzeyinsesi.org\\\/index.php\\\/2024\\\/09\\\/26\\\/krzysztof-meisinger-gitar-resitali-cumartesi-aksami-bellapais-manastirinda\\\/#primaryimage\"},\"thumbnailUrl\":\"https:\\\/\\\/kuzeyinsesi.org\\\/wp-content\\\/uploads\\\/2024\\\/09\\\/98989898989898989.jpg\",\"datePublished\":\"2024-09-26T08:18:27+00:00\",\"author\":{\"@id\":\"https:\\\/\\\/kuzeyinsesi.org\\\/#\\\/schema\\\/person\\\/9f859689cdf01485597712386e37f5aa\"},\"breadcrumb\":{\"@id\":\"https:\\\/\\\/kuzeyinsesi.org\\\/index.php\\\/2024\\\/09\\\/26\\\/krzysztof-meisinger-gitar-resitali-cumartesi-aksami-bellapais-manastirinda\\\/#breadcrumb\"},\"inLanguage\":\"tr\",\"potentialAction\":[{\"@type\":\"ReadAction\",\"target\":[\"https:\\\/\\\/kuzeyinsesi.org\\\/index.php\\\/2024\\\/09\\\/26\\\/krzysztof-meisinger-gitar-resitali-cumartesi-aksami-bellapais-manastirinda\\\/\"]}]},{\"@type\":\"ImageObject\",\"inLanguage\":\"tr\",\"@id\":\"https:\\\/\\\/kuzeyinsesi.org\\\/index.php\\\/2024\\\/09\\\/26\\\/krzysztof-meisinger-gitar-resitali-cumartesi-aksami-bellapais-manastirinda\\\/#primaryimage\",\"url\":\"https:\\\/\\\/kuzeyinsesi.org\\\/wp-content\\\/uploads\\\/2024\\\/09\\\/98989898989898989.jpg\",\"contentUrl\":\"https:\\\/\\\/kuzeyinsesi.org\\\/wp-content\\\/uploads\\\/2024\\\/09\\\/98989898989898989.jpg\",\"width\":1080,\"height\":608},{\"@type\":\"BreadcrumbList\",\"@id\":\"https:\\\/\\\/kuzeyinsesi.org\\\/index.php\\\/2024\\\/09\\\/26\\\/krzysztof-meisinger-gitar-resitali-cumartesi-aksami-bellapais-manastirinda\\\/#breadcrumb\",\"itemListElement\":[{\"@type\":\"ListItem\",\"position\":1,\"name\":\"Anasayfa\",\"item\":\"https:\\\/\\\/kuzeyinsesi.org\\\/\"},{\"@type\":\"ListItem\",\"position\":2,\"name\":\"Krzysztof Meisinger Gitar Resitali cumartesi ak\u015fam\u0131 Bellapais Manast\u0131r\u0131\u2019nda\"}]},{\"@type\":\"WebSite\",\"@id\":\"https:\\\/\\\/kuzeyinsesi.org\\\/#website\",\"url\":\"https:\\\/\\\/kuzeyinsesi.org\\\/\",\"name\":\"Kuzeyin Sesi\",\"description\":\"Do\u011fru Haberin Adresi\",\"potentialAction\":[{\"@type\":\"SearchAction\",\"target\":{\"@type\":\"EntryPoint\",\"urlTemplate\":\"https:\\\/\\\/kuzeyinsesi.org\\\/?s={search_term_string}\"},\"query-input\":{\"@type\":\"PropertyValueSpecification\",\"valueRequired\":true,\"valueName\":\"search_term_string\"}}],\"inLanguage\":\"tr\"},{\"@type\":\"Person\",\"@id\":\"https:\\\/\\\/kuzeyinsesi.org\\\/#\\\/schema\\\/person\\\/9f859689cdf01485597712386e37f5aa\",\"name\":\"Kuzeyin Sesi\",\"image\":{\"@type\":\"ImageObject\",\"inLanguage\":\"tr\",\"@id\":\"https:\\\/\\\/secure.gravatar.com\\\/avatar\\\/bab33852abfd8b282518d6ed81826833d77c3c882d9ab608add591ccace47a44?s=96&d=mm&r=g\",\"url\":\"https:\\\/\\\/secure.gravatar.com\\\/avatar\\\/bab33852abfd8b282518d6ed81826833d77c3c882d9ab608add591ccace47a44?s=96&d=mm&r=g\",\"contentUrl\":\"https:\\\/\\\/secure.gravatar.com\\\/avatar\\\/bab33852abfd8b282518d6ed81826833d77c3c882d9ab608add591ccace47a44?s=96&d=mm&r=g\",\"caption\":\"Kuzeyin Sesi\"},\"sameAs\":[\"https:\\\/\\\/kuzeyinsesi.org\"],\"url\":\"https:\\\/\\\/kuzeyinsesi.org\\\/index.php\\\/author\\\/guven\\\/\"}]}<\/script>\n<!-- \/ Yoast SEO plugin. -->","yoast_head_json":{"title":"Krzysztof Meisinger Gitar Resitali cumartesi ak\u015fam\u0131 Bellapais Manast\u0131r\u0131\u2019nda - Kuzeyin Sesi","robots":{"index":"index","follow":"follow","max-snippet":"max-snippet:-1","max-image-preview":"max-image-preview:large","max-video-preview":"max-video-preview:-1"},"canonical":"https:\/\/kuzeyinsesi.org\/index.php\/2024\/09\/26\/krzysztof-meisinger-gitar-resitali-cumartesi-aksami-bellapais-manastirinda\/","og_locale":"tr_TR","og_type":"article","og_title":"Krzysztof Meisinger Gitar Resitali cumartesi ak\u015fam\u0131 Bellapais Manast\u0131r\u0131\u2019nda - Kuzeyin Sesi","og_description":"\u00a0 Kuzey K\u0131br\u0131s M\u00fczik Derne\u011fi\u2019nin bu y\u0131l 22\u2019ncisini organize etti\u011fi Uluslararas\u0131 Kuzey K\u0131br\u0131s M\u00fczik Festivali, cumartesi ak\u015fam\u0131 Polonya\u2019l\u0131 \u00fcnl\u00fc gitar virt\u00fc\u00f6z\u00fc Krzysztof Meisinger\u2019in Gitar Resitali ile devam ediyor. Bellapais Manast\u0131r\u0131\u2019nda yer alacak resital, saat 20.30\u2019da ba\u015flayacak. Meisinger, festival \u00e7er\u00e7evesinde verece\u011fi Gitar Resitali\u2019nde Francisco T\u00e1rrega\u2019n\u0131n Capricho \u00c1rabe ve Gran Jota Aragonesa, Hakk\u0131 Cengiz Eren\u2019in Variations on [&hellip;]","og_url":"https:\/\/kuzeyinsesi.org\/index.php\/2024\/09\/26\/krzysztof-meisinger-gitar-resitali-cumartesi-aksami-bellapais-manastirinda\/","og_site_name":"Kuzeyin Sesi","article_publisher":"https:\/\/www.facebook.com\/kuzeyinsesii","article_published_time":"2024-09-26T08:18:27+00:00","og_image":[{"url":"https:\/\/brtk.net\/wp-content\/uploads\/2024\/09\/26\/98989898989898989.jpg?ver=55719b84504ee0fef44b8ffbba7da9a4","type":"","width":"","height":""}],"author":"Kuzeyin Sesi","twitter_card":"summary_large_image","twitter_creator":"@kuzeyinsesii","twitter_site":"@kuzeyinsesii","twitter_misc":{"Yazan:":"Kuzeyin Sesi","Tahmini okuma s\u00fcresi":"2 dakika"},"schema":{"@context":"https:\/\/schema.org","@graph":[{"@type":"Article","@id":"https:\/\/kuzeyinsesi.org\/index.php\/2024\/09\/26\/krzysztof-meisinger-gitar-resitali-cumartesi-aksami-bellapais-manastirinda\/#article","isPartOf":{"@id":"https:\/\/kuzeyinsesi.org\/index.php\/2024\/09\/26\/krzysztof-meisinger-gitar-resitali-cumartesi-aksami-bellapais-manastirinda\/"},"author":{"name":"Kuzeyin Sesi","@id":"https:\/\/kuzeyinsesi.org\/#\/schema\/person\/9f859689cdf01485597712386e37f5aa"},"headline":"Krzysztof Meisinger Gitar Resitali cumartesi ak\u015fam\u0131 Bellapais Manast\u0131r\u0131\u2019nda","datePublished":"2024-09-26T08:18:27+00:00","mainEntityOfPage":{"@id":"https:\/\/kuzeyinsesi.org\/index.php\/2024\/09\/26\/krzysztof-meisinger-gitar-resitali-cumartesi-aksami-bellapais-manastirinda\/"},"wordCount":338,"commentCount":0,"image":{"@id":"https:\/\/kuzeyinsesi.org\/index.php\/2024\/09\/26\/krzysztof-meisinger-gitar-resitali-cumartesi-aksami-bellapais-manastirinda\/#primaryimage"},"thumbnailUrl":"https:\/\/kuzeyinsesi.org\/wp-content\/uploads\/2024\/09\/98989898989898989.jpg","articleSection":["Ya\u015fam"],"inLanguage":"tr","potentialAction":[{"@type":"CommentAction","name":"Comment","target":["https:\/\/kuzeyinsesi.org\/index.php\/2024\/09\/26\/krzysztof-meisinger-gitar-resitali-cumartesi-aksami-bellapais-manastirinda\/#respond"]}]},{"@type":"WebPage","@id":"https:\/\/kuzeyinsesi.org\/index.php\/2024\/09\/26\/krzysztof-meisinger-gitar-resitali-cumartesi-aksami-bellapais-manastirinda\/","url":"https:\/\/kuzeyinsesi.org\/index.php\/2024\/09\/26\/krzysztof-meisinger-gitar-resitali-cumartesi-aksami-bellapais-manastirinda\/","name":"Krzysztof Meisinger Gitar Resitali cumartesi ak\u015fam\u0131 Bellapais Manast\u0131r\u0131\u2019nda - Kuzeyin Sesi","isPartOf":{"@id":"https:\/\/kuzeyinsesi.org\/#website"},"primaryImageOfPage":{"@id":"https:\/\/kuzeyinsesi.org\/index.php\/2024\/09\/26\/krzysztof-meisinger-gitar-resitali-cumartesi-aksami-bellapais-manastirinda\/#primaryimage"},"image":{"@id":"https:\/\/kuzeyinsesi.org\/index.php\/2024\/09\/26\/krzysztof-meisinger-gitar-resitali-cumartesi-aksami-bellapais-manastirinda\/#primaryimage"},"thumbnailUrl":"https:\/\/kuzeyinsesi.org\/wp-content\/uploads\/2024\/09\/98989898989898989.jpg","datePublished":"2024-09-26T08:18:27+00:00","author":{"@id":"https:\/\/kuzeyinsesi.org\/#\/schema\/person\/9f859689cdf01485597712386e37f5aa"},"breadcrumb":{"@id":"https:\/\/kuzeyinsesi.org\/index.php\/2024\/09\/26\/krzysztof-meisinger-gitar-resitali-cumartesi-aksami-bellapais-manastirinda\/#breadcrumb"},"inLanguage":"tr","potentialAction":[{"@type":"ReadAction","target":["https:\/\/kuzeyinsesi.org\/index.php\/2024\/09\/26\/krzysztof-meisinger-gitar-resitali-cumartesi-aksami-bellapais-manastirinda\/"]}]},{"@type":"ImageObject","inLanguage":"tr","@id":"https:\/\/kuzeyinsesi.org\/index.php\/2024\/09\/26\/krzysztof-meisinger-gitar-resitali-cumartesi-aksami-bellapais-manastirinda\/#primaryimage","url":"https:\/\/kuzeyinsesi.org\/wp-content\/uploads\/2024\/09\/98989898989898989.jpg","contentUrl":"https:\/\/kuzeyinsesi.org\/wp-content\/uploads\/2024\/09\/98989898989898989.jpg","width":1080,"height":608},{"@type":"BreadcrumbList","@id":"https:\/\/kuzeyinsesi.org\/index.php\/2024\/09\/26\/krzysztof-meisinger-gitar-resitali-cumartesi-aksami-bellapais-manastirinda\/#breadcrumb","itemListElement":[{"@type":"ListItem","position":1,"name":"Anasayfa","item":"https:\/\/kuzeyinsesi.org\/"},{"@type":"ListItem","position":2,"name":"Krzysztof Meisinger Gitar Resitali cumartesi ak\u015fam\u0131 Bellapais Manast\u0131r\u0131\u2019nda"}]},{"@type":"WebSite","@id":"https:\/\/kuzeyinsesi.org\/#website","url":"https:\/\/kuzeyinsesi.org\/","name":"Kuzeyin Sesi","description":"Do\u011fru Haberin Adresi","potentialAction":[{"@type":"SearchAction","target":{"@type":"EntryPoint","urlTemplate":"https:\/\/kuzeyinsesi.org\/?s={search_term_string}"},"query-input":{"@type":"PropertyValueSpecification","valueRequired":true,"valueName":"search_term_string"}}],"inLanguage":"tr"},{"@type":"Person","@id":"https:\/\/kuzeyinsesi.org\/#\/schema\/person\/9f859689cdf01485597712386e37f5aa","name":"Kuzeyin Sesi","image":{"@type":"ImageObject","inLanguage":"tr","@id":"https:\/\/secure.gravatar.com\/avatar\/bab33852abfd8b282518d6ed81826833d77c3c882d9ab608add591ccace47a44?s=96&d=mm&r=g","url":"https:\/\/secure.gravatar.com\/avatar\/bab33852abfd8b282518d6ed81826833d77c3c882d9ab608add591ccace47a44?s=96&d=mm&r=g","contentUrl":"https:\/\/secure.gravatar.com\/avatar\/bab33852abfd8b282518d6ed81826833d77c3c882d9ab608add591ccace47a44?s=96&d=mm&r=g","caption":"Kuzeyin Sesi"},"sameAs":["https:\/\/kuzeyinsesi.org"],"url":"https:\/\/kuzeyinsesi.org\/index.php\/author\/guven\/"}]}},"_links":{"self":[{"href":"https:\/\/kuzeyinsesi.org\/index.php\/wp-json\/wp\/v2\/posts\/10464","targetHints":{"allow":["GET"]}}],"collection":[{"href":"https:\/\/kuzeyinsesi.org\/index.php\/wp-json\/wp\/v2\/posts"}],"about":[{"href":"https:\/\/kuzeyinsesi.org\/index.php\/wp-json\/wp\/v2\/types\/post"}],"author":[{"embeddable":true,"href":"https:\/\/kuzeyinsesi.org\/index.php\/wp-json\/wp\/v2\/users\/1"}],"replies":[{"embeddable":true,"href":"https:\/\/kuzeyinsesi.org\/index.php\/wp-json\/wp\/v2\/comments?post=10464"}],"version-history":[{"count":0,"href":"https:\/\/kuzeyinsesi.org\/index.php\/wp-json\/wp\/v2\/posts\/10464\/revisions"}],"wp:featuredmedia":[{"embeddable":true,"href":"https:\/\/kuzeyinsesi.org\/index.php\/wp-json\/wp\/v2\/media\/10465"}],"wp:attachment":[{"href":"https:\/\/kuzeyinsesi.org\/index.php\/wp-json\/wp\/v2\/media?parent=10464"}],"wp:term":[{"taxonomy":"category","embeddable":true,"href":"https:\/\/kuzeyinsesi.org\/index.php\/wp-json\/wp\/v2\/categories?post=10464"},{"taxonomy":"post_tag","embeddable":true,"href":"https:\/\/kuzeyinsesi.org\/index.php\/wp-json\/wp\/v2\/tags?post=10464"}],"curies":[{"name":"wp","href":"https:\/\/api.w.org\/{rel}","templated":true}]}}