{"id":1046,"date":"2024-04-30T17:54:21","date_gmt":"2024-04-30T14:54:21","guid":{"rendered":"https:\/\/kuzeyinsesi.com\/index.php\/2024\/04\/30\/kasaplar-birligi-baskanligina-rasit-senkaya-secildi\/"},"modified":"2024-04-30T17:54:21","modified_gmt":"2024-04-30T14:54:21","slug":"kasaplar-birligi-baskanligina-rasit-senkaya-secildi","status":"publish","type":"post","link":"https:\/\/kuzeyinsesi.org\/index.php\/2024\/04\/30\/kasaplar-birligi-baskanligina-rasit-senkaya-secildi\/","title":{"rendered":"Kasaplar Birli\u011fi Ba\u015fkanl\u0131\u011f\u0131\u2019na Ra\u015fit \u015eenkaya se\u00e7ildi"},"content":{"rendered":"<div>\n<div class=\"mariselle-image-container center\">\n                                            <\/div>\n<p>Kasaplar Birli\u011fi\u2019nin 1. Genel Kurulu\u2019nda ba\u015fkanl\u0131k g\u00f6revine Ra\u015fit \u015eenkaya getirildi.<\/p>\n<p>Kasaplar Birli\u011fi 1. Genel Kurulu, d\u00fcn saat 19.30\u2019da K\u0131br\u0131s T\u00fcrk Esnaf ve Zanaatkarlar Odas\u0131 (KTEZO) Konferans Salonu\u2019nda yap\u0131ld\u0131. Genel Kurul\u2019da ba\u015fkan, y\u00f6netim ve denetleme kurulu belirlendi.<\/p>\n<p>KTEZO\u2019dan yap\u0131lan a\u00e7\u0131klamaya g\u00f6re, ba\u015fkanl\u0131k i\u00e7in yap\u0131lan gizli oylamada Ra\u015fit \u015eenkaya ba\u015fkanl\u0131\u011fa se\u00e7ilirken, 3 karar tasar\u0131s\u0131 tart\u0131\u015f\u0131larak, oy birli\u011fi ile onayland\u0131.<\/p>\n<p>Genel Kurul, eski ba\u015fkan Halil Akb\u0131\u00e7ak\u2019\u0131n a\u00e7\u0131l\u0131\u015f konu\u015fmas\u0131 ile ba\u015flad\u0131, H\u00fcrrem Tulga\u2019n\u0131n divan ba\u015fkan\u0131 se\u00e7ilmesi ile devam etti.<\/p>\n<p>-Akb\u0131\u00e7ak<\/p>\n<p>Eski ba\u015fkan Halil Akb\u0131\u00e7ak konu\u015fmas\u0131nda, \u00fcyelere ve birli\u011fin olu\u015fumu i\u00e7in katk\u0131 koyanlara tek tek te\u015fekk\u00fcr etti.<\/p>\n<p>Et fiyatlar\u0131ndan dolay\u0131 insanlar\u0131n G\u00fcney K\u0131br\u0131s\u2019a y\u00f6neldi\u011fini anlatan Akb\u0131\u00e7ak, \u201cBu b\u00f6yle gidemez, gitmez. Hi\u00e7 kimse bu durumu g\u00f6rmezlikten gelemez, hep birlikte toplumla beraber m\u00fccadele etmeliyiz.\u201d dedi.<\/p>\n<p>-Tulga<\/p>\n<p>Ard\u0131ndan s\u00f6z alan KTEZO Genel Koordinat\u00f6r\u00fc H\u00fcrrem Tulga, pahal\u0131l\u0131\u011f\u0131n nedeni olarak esnaf ve zanaatkar\u0131 hedef g\u00f6stermenin \u201cg\u0131na\u201d getirdi\u011fini ifade ederek, \u201cH\u00fck\u00fcmet, ne zaman ki tek tarafl\u0131 narh uygulamas\u0131 ile eti 550 TL\u2019ye sabitledi, ak koyun kara koyun ortaya \u00e7\u0131kt\u0131.\u201d dedi.  Tulga, d\u00fczg\u00fcn, normal \u00e7al\u0131\u015fan kasaplar\u0131n bu tek tarafl\u0131 karardan dolay\u0131 et bulamaz ve satamaz duruma geldi\u011fini belirterek, G\u00fcney\u2019e kayan piyasadan dolay\u0131 et ve et \u00fcr\u00fcnleri i\u015fletmecilerinin \u00e7o\u011funun ciddi zarara u\u011frat\u0131ld\u0131\u011f\u0131n\u0131 s\u00f6zlerine ekledi.<\/p>\n<p>Daha sonra Genel Kurul\u2019un bilgisine getirilen karar tasar\u0131lar\u0131n\u0131n g\u00f6r\u00fc\u015f\u00fclmesine ge\u00e7ildi. Tek tek s\u00f6z alan kasaplar g\u00f6r\u00fc\u015f, ele\u015ftiri ve \u00f6nerilerini ortaya koydu. Bu tasar\u0131lar, tart\u0131\u015fmalar\u0131n sonunda oy birli\u011fi ile onayland\u0131.<\/p>\n<p>Son olarak Y\u00f6netim ve Denetleme Kurullar\u0131, b\u00f6lgelerin de temsiliyeti dikkate al\u0131narak uzla\u015f\u0131 ile belirlenirken, ba\u015fkanl\u0131k i\u00e7in de se\u00e7im yap\u0131ld\u0131. Yap\u0131lan gizli oylama sonucu Ra\u015fit \u015eenkaya ba\u015fkanl\u0131\u011fa getirildi.<\/p>\n<p>-Oy birli\u011fi ile kabul edilen kararlar\u2026<\/p>\n<p>A\u00e7\u0131klamaya g\u00f6re, \u201ckontroll\u00fc ve halk\u0131n al\u0131m g\u00fcc\u00fcne uygun k\u00fc\u00e7\u00fckba\u015f hayvan ithalat\u0131n\u0131n ka\u00e7\u0131n\u0131lmaz oldu\u011fu, kasaplar\u0131n pahal\u0131l\u0131\u011f\u0131n nedeni olarak g\u00f6sterilmese tahamm\u00fcl edilmeyece\u011fi, kuzu eti sat\u0131\u015f fiyat\u0131n\u0131 kg ba\u015f\u0131na 550 TL olarak belirlenmesi karar\u0131n\u0131n yerli hayvan kullanan i\u015fletmecileri zarara u\u011frat\u0131rken, ka\u00e7ak\u00e7\u0131l\u0131\u011f\u0131 h\u0131zland\u0131rd\u0131\u011f\u0131 ve karar\u0131n geri \u00e7ekilmesi\u201d kararlar\u0131 al\u0131nd\u0131.<\/p>\n<p>-Y\u00f6netim Kurulu ve Denetleme Kurulu \u00fcyeleri\u2026<\/p>\n<p>Genel Kurul\u2019da Y\u00f6netim Kurulu \u00fcyeli\u011fine Mustafa Cumhur, \u00d6zay Erland, Nihat Yal\u00e7\u0131n, Sever Kaynak, Arif Mente\u015fo\u011flu, Durdu \u00d6zde\u011firmenci, Zihni G\u00fclbe\u015f, Sinan Ya\u015far, Necmi Kaya; Denetleme Kurulu \u00dcyeli\u011fine ise Hasan Bozkaya, Boysan Pa\u015fao\u011fullar\u0131, Devrim Erland, Aysel Gencer, K\u00fcr\u015fad \u00d6zcanikli, Ercan Uyan getirildi.<\/p>\n<\/p><\/div>\n<p><script async\n                    defer\n                    crossorigin=\"anonymous\"\n                    src=\"https:\/\/connect.facebook.net\/tr_TR\/sdk.js#xfbml=1&#038;version=v3.3\"\n            ><\/script><\/p>\n","protected":false},"excerpt":{"rendered":"<p>Kasaplar Birli\u011fi\u2019nin 1. Genel Kurulu\u2019nda ba\u015fkanl\u0131k g\u00f6revine Ra\u015fit \u015eenkaya getirildi. Kasaplar Birli\u011fi 1. Genel Kurulu, d\u00fcn saat 19.30\u2019da K\u0131br\u0131s T\u00fcrk Esnaf ve Zanaatkarlar Odas\u0131 (KTEZO) Konferans Salonu\u2019nda yap\u0131ld\u0131. Genel Kurul\u2019da ba\u015fkan, y\u00f6netim ve denetleme kurulu belirlendi. KTEZO\u2019dan yap\u0131lan a\u00e7\u0131klamaya g\u00f6re, ba\u015fkanl\u0131k i\u00e7in yap\u0131lan gizli oylamada Ra\u015fit \u015eenkaya ba\u015fkanl\u0131\u011fa se\u00e7ilirken, 3 karar tasar\u0131s\u0131 tart\u0131\u015f\u0131larak, oy birli\u011fi [&hellip;]<\/p>\n","protected":false},"author":1,"featured_media":1047,"comment_status":"open","ping_status":"open","sticky":false,"template":"","format":"standard","meta":{"jnews-multi-image_gallery":[],"jnews_single_post":[],"jnews_primary_category":[],"jnews_social_meta":[],"jnews_override_counter":[],"footnotes":""},"categories":[1],"tags":[],"class_list":["post-1046","post","type-post","status-publish","format-standard","has-post-thumbnail","hentry","category-kibris"],"yoast_head":"<!-- This site is optimized with the Yoast SEO plugin v27.5 - https:\/\/yoast.com\/product\/yoast-seo-wordpress\/ -->\n<title>Kasaplar Birli\u011fi Ba\u015fkanl\u0131\u011f\u0131\u2019na Ra\u015fit \u015eenkaya se\u00e7ildi - Kuzeyin Sesi<\/title>\n<meta name=\"robots\" content=\"index, follow, max-snippet:-1, max-image-preview:large, max-video-preview:-1\" \/>\n<link rel=\"canonical\" href=\"https:\/\/kuzeyinsesi.org\/index.php\/2024\/04\/30\/kasaplar-birligi-baskanligina-rasit-senkaya-secildi\/\" \/>\n<meta property=\"og:locale\" content=\"tr_TR\" \/>\n<meta property=\"og:type\" content=\"article\" \/>\n<meta property=\"og:title\" content=\"Kasaplar Birli\u011fi Ba\u015fkanl\u0131\u011f\u0131\u2019na Ra\u015fit \u015eenkaya se\u00e7ildi - Kuzeyin Sesi\" \/>\n<meta property=\"og:description\" content=\"Kasaplar Birli\u011fi\u2019nin 1. Genel Kurulu\u2019nda ba\u015fkanl\u0131k g\u00f6revine Ra\u015fit \u015eenkaya getirildi. Kasaplar Birli\u011fi 1. Genel Kurulu, d\u00fcn saat 19.30\u2019da K\u0131br\u0131s T\u00fcrk Esnaf ve Zanaatkarlar Odas\u0131 (KTEZO) Konferans Salonu\u2019nda yap\u0131ld\u0131. Genel Kurul\u2019da ba\u015fkan, y\u00f6netim ve denetleme kurulu belirlendi. KTEZO\u2019dan yap\u0131lan a\u00e7\u0131klamaya g\u00f6re, ba\u015fkanl\u0131k i\u00e7in yap\u0131lan gizli oylamada Ra\u015fit \u015eenkaya ba\u015fkanl\u0131\u011fa se\u00e7ilirken, 3 karar tasar\u0131s\u0131 tart\u0131\u015f\u0131larak, oy birli\u011fi [&hellip;]\" \/>\n<meta property=\"og:url\" content=\"https:\/\/kuzeyinsesi.org\/index.php\/2024\/04\/30\/kasaplar-birligi-baskanligina-rasit-senkaya-secildi\/\" \/>\n<meta property=\"og:site_name\" content=\"Kuzeyin Sesi\" \/>\n<meta property=\"article:publisher\" content=\"https:\/\/www.facebook.com\/kuzeyinsesii\" \/>\n<meta property=\"article:published_time\" content=\"2024-04-30T14:54:21+00:00\" \/>\n<meta property=\"og:image\" content=\"https:\/\/kuzeyinsesi.org\/wp-content\/uploads\/2024\/04\/ktezo-kasaplar-birligi-2-.jpeg\" \/>\n\t<meta property=\"og:image:width\" content=\"1600\" \/>\n\t<meta property=\"og:image:height\" content=\"777\" \/>\n\t<meta property=\"og:image:type\" content=\"image\/jpeg\" \/>\n<meta name=\"author\" content=\"Kuzeyin Sesi\" \/>\n<meta name=\"twitter:card\" content=\"summary_large_image\" \/>\n<meta name=\"twitter:creator\" content=\"@kuzeyinsesii\" \/>\n<meta name=\"twitter:site\" content=\"@kuzeyinsesii\" \/>\n<meta name=\"twitter:label1\" content=\"Yazan:\" \/>\n\t<meta name=\"twitter:data1\" content=\"Kuzeyin Sesi\" \/>\n\t<meta name=\"twitter:label2\" content=\"Tahmini okuma s\u00fcresi\" \/>\n\t<meta name=\"twitter:data2\" content=\"3 dakika\" \/>\n<script type=\"application\/ld+json\" class=\"yoast-schema-graph\">{\"@context\":\"https:\\\/\\\/schema.org\",\"@graph\":[{\"@type\":\"Article\",\"@id\":\"https:\\\/\\\/kuzeyinsesi.org\\\/index.php\\\/2024\\\/04\\\/30\\\/kasaplar-birligi-baskanligina-rasit-senkaya-secildi\\\/#article\",\"isPartOf\":{\"@id\":\"https:\\\/\\\/kuzeyinsesi.org\\\/index.php\\\/2024\\\/04\\\/30\\\/kasaplar-birligi-baskanligina-rasit-senkaya-secildi\\\/\"},\"author\":{\"name\":\"Kuzeyin Sesi\",\"@id\":\"https:\\\/\\\/kuzeyinsesi.org\\\/#\\\/schema\\\/person\\\/9f859689cdf01485597712386e37f5aa\"},\"headline\":\"Kasaplar Birli\u011fi Ba\u015fkanl\u0131\u011f\u0131\u2019na Ra\u015fit \u015eenkaya se\u00e7ildi\",\"datePublished\":\"2024-04-30T14:54:21+00:00\",\"mainEntityOfPage\":{\"@id\":\"https:\\\/\\\/kuzeyinsesi.org\\\/index.php\\\/2024\\\/04\\\/30\\\/kasaplar-birligi-baskanligina-rasit-senkaya-secildi\\\/\"},\"wordCount\":514,\"commentCount\":0,\"image\":{\"@id\":\"https:\\\/\\\/kuzeyinsesi.org\\\/index.php\\\/2024\\\/04\\\/30\\\/kasaplar-birligi-baskanligina-rasit-senkaya-secildi\\\/#primaryimage\"},\"thumbnailUrl\":\"https:\\\/\\\/kuzeyinsesi.org\\\/wp-content\\\/uploads\\\/2024\\\/04\\\/ktezo-kasaplar-birligi-2-.jpeg\",\"articleSection\":[\"K\u0131br\u0131s\"],\"inLanguage\":\"tr\",\"potentialAction\":[{\"@type\":\"CommentAction\",\"name\":\"Comment\",\"target\":[\"https:\\\/\\\/kuzeyinsesi.org\\\/index.php\\\/2024\\\/04\\\/30\\\/kasaplar-birligi-baskanligina-rasit-senkaya-secildi\\\/#respond\"]}]},{\"@type\":\"WebPage\",\"@id\":\"https:\\\/\\\/kuzeyinsesi.org\\\/index.php\\\/2024\\\/04\\\/30\\\/kasaplar-birligi-baskanligina-rasit-senkaya-secildi\\\/\",\"url\":\"https:\\\/\\\/kuzeyinsesi.org\\\/index.php\\\/2024\\\/04\\\/30\\\/kasaplar-birligi-baskanligina-rasit-senkaya-secildi\\\/\",\"name\":\"Kasaplar Birli\u011fi Ba\u015fkanl\u0131\u011f\u0131\u2019na Ra\u015fit \u015eenkaya se\u00e7ildi - Kuzeyin Sesi\",\"isPartOf\":{\"@id\":\"https:\\\/\\\/kuzeyinsesi.org\\\/#website\"},\"primaryImageOfPage\":{\"@id\":\"https:\\\/\\\/kuzeyinsesi.org\\\/index.php\\\/2024\\\/04\\\/30\\\/kasaplar-birligi-baskanligina-rasit-senkaya-secildi\\\/#primaryimage\"},\"image\":{\"@id\":\"https:\\\/\\\/kuzeyinsesi.org\\\/index.php\\\/2024\\\/04\\\/30\\\/kasaplar-birligi-baskanligina-rasit-senkaya-secildi\\\/#primaryimage\"},\"thumbnailUrl\":\"https:\\\/\\\/kuzeyinsesi.org\\\/wp-content\\\/uploads\\\/2024\\\/04\\\/ktezo-kasaplar-birligi-2-.jpeg\",\"datePublished\":\"2024-04-30T14:54:21+00:00\",\"author\":{\"@id\":\"https:\\\/\\\/kuzeyinsesi.org\\\/#\\\/schema\\\/person\\\/9f859689cdf01485597712386e37f5aa\"},\"breadcrumb\":{\"@id\":\"https:\\\/\\\/kuzeyinsesi.org\\\/index.php\\\/2024\\\/04\\\/30\\\/kasaplar-birligi-baskanligina-rasit-senkaya-secildi\\\/#breadcrumb\"},\"inLanguage\":\"tr\",\"potentialAction\":[{\"@type\":\"ReadAction\",\"target\":[\"https:\\\/\\\/kuzeyinsesi.org\\\/index.php\\\/2024\\\/04\\\/30\\\/kasaplar-birligi-baskanligina-rasit-senkaya-secildi\\\/\"]}]},{\"@type\":\"ImageObject\",\"inLanguage\":\"tr\",\"@id\":\"https:\\\/\\\/kuzeyinsesi.org\\\/index.php\\\/2024\\\/04\\\/30\\\/kasaplar-birligi-baskanligina-rasit-senkaya-secildi\\\/#primaryimage\",\"url\":\"https:\\\/\\\/kuzeyinsesi.org\\\/wp-content\\\/uploads\\\/2024\\\/04\\\/ktezo-kasaplar-birligi-2-.jpeg\",\"contentUrl\":\"https:\\\/\\\/kuzeyinsesi.org\\\/wp-content\\\/uploads\\\/2024\\\/04\\\/ktezo-kasaplar-birligi-2-.jpeg\",\"width\":1600,\"height\":777},{\"@type\":\"BreadcrumbList\",\"@id\":\"https:\\\/\\\/kuzeyinsesi.org\\\/index.php\\\/2024\\\/04\\\/30\\\/kasaplar-birligi-baskanligina-rasit-senkaya-secildi\\\/#breadcrumb\",\"itemListElement\":[{\"@type\":\"ListItem\",\"position\":1,\"name\":\"Anasayfa\",\"item\":\"https:\\\/\\\/kuzeyinsesi.org\\\/\"},{\"@type\":\"ListItem\",\"position\":2,\"name\":\"Kasaplar Birli\u011fi Ba\u015fkanl\u0131\u011f\u0131\u2019na Ra\u015fit \u015eenkaya se\u00e7ildi\"}]},{\"@type\":\"WebSite\",\"@id\":\"https:\\\/\\\/kuzeyinsesi.org\\\/#website\",\"url\":\"https:\\\/\\\/kuzeyinsesi.org\\\/\",\"name\":\"Kuzeyin Sesi\",\"description\":\"Do\u011fru Haberin Adresi\",\"potentialAction\":[{\"@type\":\"SearchAction\",\"target\":{\"@type\":\"EntryPoint\",\"urlTemplate\":\"https:\\\/\\\/kuzeyinsesi.org\\\/?s={search_term_string}\"},\"query-input\":{\"@type\":\"PropertyValueSpecification\",\"valueRequired\":true,\"valueName\":\"search_term_string\"}}],\"inLanguage\":\"tr\"},{\"@type\":\"Person\",\"@id\":\"https:\\\/\\\/kuzeyinsesi.org\\\/#\\\/schema\\\/person\\\/9f859689cdf01485597712386e37f5aa\",\"name\":\"Kuzeyin Sesi\",\"image\":{\"@type\":\"ImageObject\",\"inLanguage\":\"tr\",\"@id\":\"https:\\\/\\\/secure.gravatar.com\\\/avatar\\\/bab33852abfd8b282518d6ed81826833d77c3c882d9ab608add591ccace47a44?s=96&d=mm&r=g\",\"url\":\"https:\\\/\\\/secure.gravatar.com\\\/avatar\\\/bab33852abfd8b282518d6ed81826833d77c3c882d9ab608add591ccace47a44?s=96&d=mm&r=g\",\"contentUrl\":\"https:\\\/\\\/secure.gravatar.com\\\/avatar\\\/bab33852abfd8b282518d6ed81826833d77c3c882d9ab608add591ccace47a44?s=96&d=mm&r=g\",\"caption\":\"Kuzeyin Sesi\"},\"sameAs\":[\"https:\\\/\\\/kuzeyinsesi.org\"],\"url\":\"https:\\\/\\\/kuzeyinsesi.org\\\/index.php\\\/author\\\/guven\\\/\"}]}<\/script>\n<!-- \/ Yoast SEO plugin. -->","yoast_head_json":{"title":"Kasaplar Birli\u011fi Ba\u015fkanl\u0131\u011f\u0131\u2019na Ra\u015fit \u015eenkaya se\u00e7ildi - Kuzeyin Sesi","robots":{"index":"index","follow":"follow","max-snippet":"max-snippet:-1","max-image-preview":"max-image-preview:large","max-video-preview":"max-video-preview:-1"},"canonical":"https:\/\/kuzeyinsesi.org\/index.php\/2024\/04\/30\/kasaplar-birligi-baskanligina-rasit-senkaya-secildi\/","og_locale":"tr_TR","og_type":"article","og_title":"Kasaplar Birli\u011fi Ba\u015fkanl\u0131\u011f\u0131\u2019na Ra\u015fit \u015eenkaya se\u00e7ildi - Kuzeyin Sesi","og_description":"Kasaplar Birli\u011fi\u2019nin 1. Genel Kurulu\u2019nda ba\u015fkanl\u0131k g\u00f6revine Ra\u015fit \u015eenkaya getirildi. Kasaplar Birli\u011fi 1. Genel Kurulu, d\u00fcn saat 19.30\u2019da K\u0131br\u0131s T\u00fcrk Esnaf ve Zanaatkarlar Odas\u0131 (KTEZO) Konferans Salonu\u2019nda yap\u0131ld\u0131. Genel Kurul\u2019da ba\u015fkan, y\u00f6netim ve denetleme kurulu belirlendi. KTEZO\u2019dan yap\u0131lan a\u00e7\u0131klamaya g\u00f6re, ba\u015fkanl\u0131k i\u00e7in yap\u0131lan gizli oylamada Ra\u015fit \u015eenkaya ba\u015fkanl\u0131\u011fa se\u00e7ilirken, 3 karar tasar\u0131s\u0131 tart\u0131\u015f\u0131larak, oy birli\u011fi [&hellip;]","og_url":"https:\/\/kuzeyinsesi.org\/index.php\/2024\/04\/30\/kasaplar-birligi-baskanligina-rasit-senkaya-secildi\/","og_site_name":"Kuzeyin Sesi","article_publisher":"https:\/\/www.facebook.com\/kuzeyinsesii","article_published_time":"2024-04-30T14:54:21+00:00","og_image":[{"width":1600,"height":777,"url":"https:\/\/kuzeyinsesi.org\/wp-content\/uploads\/2024\/04\/ktezo-kasaplar-birligi-2-.jpeg","type":"image\/jpeg"}],"author":"Kuzeyin Sesi","twitter_card":"summary_large_image","twitter_creator":"@kuzeyinsesii","twitter_site":"@kuzeyinsesii","twitter_misc":{"Yazan:":"Kuzeyin Sesi","Tahmini okuma s\u00fcresi":"3 dakika"},"schema":{"@context":"https:\/\/schema.org","@graph":[{"@type":"Article","@id":"https:\/\/kuzeyinsesi.org\/index.php\/2024\/04\/30\/kasaplar-birligi-baskanligina-rasit-senkaya-secildi\/#article","isPartOf":{"@id":"https:\/\/kuzeyinsesi.org\/index.php\/2024\/04\/30\/kasaplar-birligi-baskanligina-rasit-senkaya-secildi\/"},"author":{"name":"Kuzeyin Sesi","@id":"https:\/\/kuzeyinsesi.org\/#\/schema\/person\/9f859689cdf01485597712386e37f5aa"},"headline":"Kasaplar Birli\u011fi Ba\u015fkanl\u0131\u011f\u0131\u2019na Ra\u015fit \u015eenkaya se\u00e7ildi","datePublished":"2024-04-30T14:54:21+00:00","mainEntityOfPage":{"@id":"https:\/\/kuzeyinsesi.org\/index.php\/2024\/04\/30\/kasaplar-birligi-baskanligina-rasit-senkaya-secildi\/"},"wordCount":514,"commentCount":0,"image":{"@id":"https:\/\/kuzeyinsesi.org\/index.php\/2024\/04\/30\/kasaplar-birligi-baskanligina-rasit-senkaya-secildi\/#primaryimage"},"thumbnailUrl":"https:\/\/kuzeyinsesi.org\/wp-content\/uploads\/2024\/04\/ktezo-kasaplar-birligi-2-.jpeg","articleSection":["K\u0131br\u0131s"],"inLanguage":"tr","potentialAction":[{"@type":"CommentAction","name":"Comment","target":["https:\/\/kuzeyinsesi.org\/index.php\/2024\/04\/30\/kasaplar-birligi-baskanligina-rasit-senkaya-secildi\/#respond"]}]},{"@type":"WebPage","@id":"https:\/\/kuzeyinsesi.org\/index.php\/2024\/04\/30\/kasaplar-birligi-baskanligina-rasit-senkaya-secildi\/","url":"https:\/\/kuzeyinsesi.org\/index.php\/2024\/04\/30\/kasaplar-birligi-baskanligina-rasit-senkaya-secildi\/","name":"Kasaplar Birli\u011fi Ba\u015fkanl\u0131\u011f\u0131\u2019na Ra\u015fit \u015eenkaya se\u00e7ildi - Kuzeyin Sesi","isPartOf":{"@id":"https:\/\/kuzeyinsesi.org\/#website"},"primaryImageOfPage":{"@id":"https:\/\/kuzeyinsesi.org\/index.php\/2024\/04\/30\/kasaplar-birligi-baskanligina-rasit-senkaya-secildi\/#primaryimage"},"image":{"@id":"https:\/\/kuzeyinsesi.org\/index.php\/2024\/04\/30\/kasaplar-birligi-baskanligina-rasit-senkaya-secildi\/#primaryimage"},"thumbnailUrl":"https:\/\/kuzeyinsesi.org\/wp-content\/uploads\/2024\/04\/ktezo-kasaplar-birligi-2-.jpeg","datePublished":"2024-04-30T14:54:21+00:00","author":{"@id":"https:\/\/kuzeyinsesi.org\/#\/schema\/person\/9f859689cdf01485597712386e37f5aa"},"breadcrumb":{"@id":"https:\/\/kuzeyinsesi.org\/index.php\/2024\/04\/30\/kasaplar-birligi-baskanligina-rasit-senkaya-secildi\/#breadcrumb"},"inLanguage":"tr","potentialAction":[{"@type":"ReadAction","target":["https:\/\/kuzeyinsesi.org\/index.php\/2024\/04\/30\/kasaplar-birligi-baskanligina-rasit-senkaya-secildi\/"]}]},{"@type":"ImageObject","inLanguage":"tr","@id":"https:\/\/kuzeyinsesi.org\/index.php\/2024\/04\/30\/kasaplar-birligi-baskanligina-rasit-senkaya-secildi\/#primaryimage","url":"https:\/\/kuzeyinsesi.org\/wp-content\/uploads\/2024\/04\/ktezo-kasaplar-birligi-2-.jpeg","contentUrl":"https:\/\/kuzeyinsesi.org\/wp-content\/uploads\/2024\/04\/ktezo-kasaplar-birligi-2-.jpeg","width":1600,"height":777},{"@type":"BreadcrumbList","@id":"https:\/\/kuzeyinsesi.org\/index.php\/2024\/04\/30\/kasaplar-birligi-baskanligina-rasit-senkaya-secildi\/#breadcrumb","itemListElement":[{"@type":"ListItem","position":1,"name":"Anasayfa","item":"https:\/\/kuzeyinsesi.org\/"},{"@type":"ListItem","position":2,"name":"Kasaplar Birli\u011fi Ba\u015fkanl\u0131\u011f\u0131\u2019na Ra\u015fit \u015eenkaya se\u00e7ildi"}]},{"@type":"WebSite","@id":"https:\/\/kuzeyinsesi.org\/#website","url":"https:\/\/kuzeyinsesi.org\/","name":"Kuzeyin Sesi","description":"Do\u011fru Haberin Adresi","potentialAction":[{"@type":"SearchAction","target":{"@type":"EntryPoint","urlTemplate":"https:\/\/kuzeyinsesi.org\/?s={search_term_string}"},"query-input":{"@type":"PropertyValueSpecification","valueRequired":true,"valueName":"search_term_string"}}],"inLanguage":"tr"},{"@type":"Person","@id":"https:\/\/kuzeyinsesi.org\/#\/schema\/person\/9f859689cdf01485597712386e37f5aa","name":"Kuzeyin Sesi","image":{"@type":"ImageObject","inLanguage":"tr","@id":"https:\/\/secure.gravatar.com\/avatar\/bab33852abfd8b282518d6ed81826833d77c3c882d9ab608add591ccace47a44?s=96&d=mm&r=g","url":"https:\/\/secure.gravatar.com\/avatar\/bab33852abfd8b282518d6ed81826833d77c3c882d9ab608add591ccace47a44?s=96&d=mm&r=g","contentUrl":"https:\/\/secure.gravatar.com\/avatar\/bab33852abfd8b282518d6ed81826833d77c3c882d9ab608add591ccace47a44?s=96&d=mm&r=g","caption":"Kuzeyin Sesi"},"sameAs":["https:\/\/kuzeyinsesi.org"],"url":"https:\/\/kuzeyinsesi.org\/index.php\/author\/guven\/"}]}},"_links":{"self":[{"href":"https:\/\/kuzeyinsesi.org\/index.php\/wp-json\/wp\/v2\/posts\/1046","targetHints":{"allow":["GET"]}}],"collection":[{"href":"https:\/\/kuzeyinsesi.org\/index.php\/wp-json\/wp\/v2\/posts"}],"about":[{"href":"https:\/\/kuzeyinsesi.org\/index.php\/wp-json\/wp\/v2\/types\/post"}],"author":[{"embeddable":true,"href":"https:\/\/kuzeyinsesi.org\/index.php\/wp-json\/wp\/v2\/users\/1"}],"replies":[{"embeddable":true,"href":"https:\/\/kuzeyinsesi.org\/index.php\/wp-json\/wp\/v2\/comments?post=1046"}],"version-history":[{"count":0,"href":"https:\/\/kuzeyinsesi.org\/index.php\/wp-json\/wp\/v2\/posts\/1046\/revisions"}],"wp:featuredmedia":[{"embeddable":true,"href":"https:\/\/kuzeyinsesi.org\/index.php\/wp-json\/wp\/v2\/media\/1047"}],"wp:attachment":[{"href":"https:\/\/kuzeyinsesi.org\/index.php\/wp-json\/wp\/v2\/media?parent=1046"}],"wp:term":[{"taxonomy":"category","embeddable":true,"href":"https:\/\/kuzeyinsesi.org\/index.php\/wp-json\/wp\/v2\/categories?post=1046"},{"taxonomy":"post_tag","embeddable":true,"href":"https:\/\/kuzeyinsesi.org\/index.php\/wp-json\/wp\/v2\/tags?post=1046"}],"curies":[{"name":"wp","href":"https:\/\/api.w.org\/{rel}","templated":true}]}}