{"id":10456,"date":"2024-09-26T10:13:27","date_gmt":"2024-09-26T07:13:27","guid":{"rendered":"https:\/\/kuzeyinsesi.org\/index.php\/2024\/09\/26\/kktcdob-genel-sorumlusu-tore-turksoy-devlet-opera-ve-bale-mudurleri-kuruluna-dahil-edildi\/"},"modified":"2024-09-26T10:13:27","modified_gmt":"2024-09-26T07:13:27","slug":"kktcdob-genel-sorumlusu-tore-turksoy-devlet-opera-ve-bale-mudurleri-kuruluna-dahil-edildi","status":"publish","type":"post","link":"https:\/\/kuzeyinsesi.org\/index.php\/2024\/09\/26\/kktcdob-genel-sorumlusu-tore-turksoy-devlet-opera-ve-bale-mudurleri-kuruluna-dahil-edildi\/","title":{"rendered":"KKTCDOB Genel Sorumlusu T\u00f6re, T\u00dcRKSOY Devlet Opera ve Bale M\u00fcd\u00fcrleri Kuruluna dahil edildi"},"content":{"rendered":"<div>\n<div class=\"mariselle-image-container center\">\n                                            <\/div>\n<p>Ba\u015fbakan Yard\u0131mc\u0131l\u0131\u011f\u0131, Turizm, K\u00fclt\u00fcr, Gen\u00e7lik ve \u00c7evre Bakanl\u0131\u011f\u0131\u2019na ba\u011fl\u0131 Devlet Opera ve Bale Koordinasyon Merkezi (KKTCDOB) Genel Sorumlusu ve Genel Sanat Y\u00f6netmeni Tu\u011frul Enver T\u00f6re, T\u00dcRKSOY Devlet Opera ve Bale M\u00fcd\u00fcrleri Kuruluna dahil edildi. <\/p>\n<p>Bakanl\u0131ktan yap\u0131lan a\u00e7\u0131klamaya g\u00f6re, Uluslararas\u0131 T\u00fcrk K\u00fclt\u00fcr\u00fc Te\u015fkilat\u0131 (T\u00dcRKSOY) taraf\u0131ndan olu\u015fturulan Opera ve Bale M\u00fcd\u00fcrleri Kurulu, Ankara\u2019daki T\u00dcRKSOY Genel Sekreterlik binas\u0131nda toplanarak, 2025 y\u0131l\u0131nda T\u00dcRKSOY\u2019un opera ve bale alanlar\u0131nda yapaca\u011f\u0131 etkinliklerin yol haritas\u0131n\u0131 \u00e7\u0131kard\u0131.<\/p>\n<p>Toplant\u0131da konu\u015fma yapan Tu\u011frul Enver T\u00f6re, Devlet Opera ve Bale Koordinasyon Merkezi hakk\u0131nda bilgiler vererek, T\u00fcrkiye Cumhuriyeti ile Kuzey K\u0131br\u0131s T\u00fcrk Cumhuriyeti aras\u0131nda uygulanan usullerin t\u00fcm T\u00fcrk d\u00fcnyas\u0131 Devlet Opera ve Bale kurulu\u015flar\u0131 aras\u0131nda da uygulanmas\u0131 hususunu dile getirdi.<\/p>\n<p>Toplant\u0131da T\u00f6re\u2019nin yan\u0131nda Azerbaycan Devlet Akademik M\u00fczik Tiyatrosu M\u00fcd\u00fcr\u00fc Aligismet Lalayev, Abay Kazak Milli Opera ve Bale Tiyatrosu Genel M\u00fcd\u00fcr\u00fc Ainur Kopbassarova, \u201cAstana Ballet\u201d Devlet Bale Tiyatrosu M\u00fcd\u00fcr\u00fc Aleksandr Sovostyanov, A. Mald\u0131baev K\u0131rg\u0131z Milli Opera ve Bale Tiyatrosu M\u00fcd\u00fcr Yard\u0131mc\u0131s\u0131 Jamila Tuliaeva, \u00d6zbekistan Ali\u015fir Nevai Devlet Akademik B\u00fcy\u00fck Tiyatrosu M\u00fcd\u00fcr\u00fc Ramiz Usmanov ve T\u00fcrkiye Devlet Opera ve Balesi Genel M\u00fcd\u00fcr\u00fc Tan Sa\u011ft\u00fcrk yer ald\u0131.<\/p>\n<p>Opera ve bale m\u00fcd\u00fcrlerinin tekliflerinin dinlenmesinin ard\u0131ndan g\u00f6r\u00fc\u015f\u00fclen maddelerin karara ba\u011fland\u0131\u011f\u0131 toplant\u0131, imza merasimi ve plaket t\u00f6reni ile son buldu.<\/p>\n<p>Toplant\u0131 sonras\u0131nda TC K\u00fclt\u00fcr ve Turizm Bakanl\u0131\u011f\u0131\u2019na ba\u011fl\u0131 Devlet Opera ve Balesi Genel M\u00fcd\u00fcrl\u00fc\u011f\u00fc makam\u0131 ve Ankara Devlet Opera ve Balesi ziyaret edildi.<\/p>\n<\/p><\/div>\n<p><script async\n                    defer\n                    crossorigin=\"anonymous\"\n                    src=\"https:\/\/connect.facebook.net\/tr_TR\/sdk.js#xfbml=1&#038;version=v3.3\"\n            ><\/script><\/p>\n","protected":false},"excerpt":{"rendered":"<p>Ba\u015fbakan Yard\u0131mc\u0131l\u0131\u011f\u0131, Turizm, K\u00fclt\u00fcr, Gen\u00e7lik ve \u00c7evre Bakanl\u0131\u011f\u0131\u2019na ba\u011fl\u0131 Devlet Opera ve Bale Koordinasyon Merkezi (KKTCDOB) Genel Sorumlusu ve Genel Sanat Y\u00f6netmeni Tu\u011frul Enver T\u00f6re, T\u00dcRKSOY Devlet Opera ve Bale M\u00fcd\u00fcrleri Kuruluna dahil edildi. Bakanl\u0131ktan yap\u0131lan a\u00e7\u0131klamaya g\u00f6re, Uluslararas\u0131 T\u00fcrk K\u00fclt\u00fcr\u00fc Te\u015fkilat\u0131 (T\u00dcRKSOY) taraf\u0131ndan olu\u015fturulan Opera ve Bale M\u00fcd\u00fcrleri Kurulu, Ankara\u2019daki T\u00dcRKSOY Genel Sekreterlik binas\u0131nda [&hellip;]<\/p>\n","protected":false},"author":1,"featured_media":10457,"comment_status":"open","ping_status":"open","sticky":false,"template":"","format":"standard","meta":{"jnews-multi-image_gallery":[],"jnews_single_post":[],"jnews_primary_category":[],"jnews_social_meta":[],"jnews_override_counter":[],"footnotes":""},"categories":[6],"tags":[],"class_list":["post-10456","post","type-post","status-publish","format-standard","has-post-thumbnail","hentry","category-yasam"],"yoast_head":"<!-- This site is optimized with the Yoast SEO plugin v27.5 - https:\/\/yoast.com\/product\/yoast-seo-wordpress\/ -->\n<title>KKTCDOB Genel Sorumlusu T\u00f6re, T\u00dcRKSOY Devlet Opera ve Bale M\u00fcd\u00fcrleri Kuruluna dahil edildi - Kuzeyin Sesi<\/title>\n<meta name=\"robots\" content=\"index, follow, max-snippet:-1, max-image-preview:large, max-video-preview:-1\" \/>\n<link rel=\"canonical\" href=\"https:\/\/kuzeyinsesi.org\/index.php\/2024\/09\/26\/kktcdob-genel-sorumlusu-tore-turksoy-devlet-opera-ve-bale-mudurleri-kuruluna-dahil-edildi\/\" \/>\n<meta property=\"og:locale\" content=\"tr_TR\" \/>\n<meta property=\"og:type\" content=\"article\" \/>\n<meta property=\"og:title\" content=\"KKTCDOB Genel Sorumlusu T\u00f6re, T\u00dcRKSOY Devlet Opera ve Bale M\u00fcd\u00fcrleri Kuruluna dahil edildi - Kuzeyin Sesi\" \/>\n<meta property=\"og:description\" content=\"Ba\u015fbakan Yard\u0131mc\u0131l\u0131\u011f\u0131, Turizm, K\u00fclt\u00fcr, Gen\u00e7lik ve \u00c7evre Bakanl\u0131\u011f\u0131\u2019na ba\u011fl\u0131 Devlet Opera ve Bale Koordinasyon Merkezi (KKTCDOB) Genel Sorumlusu ve Genel Sanat Y\u00f6netmeni Tu\u011frul Enver T\u00f6re, T\u00dcRKSOY Devlet Opera ve Bale M\u00fcd\u00fcrleri Kuruluna dahil edildi. Bakanl\u0131ktan yap\u0131lan a\u00e7\u0131klamaya g\u00f6re, Uluslararas\u0131 T\u00fcrk K\u00fclt\u00fcr\u00fc Te\u015fkilat\u0131 (T\u00dcRKSOY) taraf\u0131ndan olu\u015fturulan Opera ve Bale M\u00fcd\u00fcrleri Kurulu, Ankara\u2019daki T\u00dcRKSOY Genel Sekreterlik binas\u0131nda [&hellip;]\" \/>\n<meta property=\"og:url\" content=\"https:\/\/kuzeyinsesi.org\/index.php\/2024\/09\/26\/kktcdob-genel-sorumlusu-tore-turksoy-devlet-opera-ve-bale-mudurleri-kuruluna-dahil-edildi\/\" \/>\n<meta property=\"og:site_name\" content=\"Kuzeyin Sesi\" \/>\n<meta property=\"article:publisher\" content=\"https:\/\/www.facebook.com\/kuzeyinsesii\" \/>\n<meta property=\"article:published_time\" content=\"2024-09-26T07:13:27+00:00\" \/>\n<meta property=\"og:image\" content=\"https:\/\/brtk.net\/wp-content\/uploads\/2024\/09\/26\/9897ppppppppppppppppppppppppp.jpg?ver=4b4933f232655640670b3723c56f8129\" \/>\n<meta name=\"author\" content=\"Kuzeyin Sesi\" \/>\n<meta name=\"twitter:card\" content=\"summary_large_image\" \/>\n<meta name=\"twitter:creator\" content=\"@kuzeyinsesii\" \/>\n<meta name=\"twitter:site\" content=\"@kuzeyinsesii\" \/>\n<meta name=\"twitter:label1\" content=\"Yazan:\" \/>\n\t<meta name=\"twitter:data1\" content=\"Kuzeyin Sesi\" \/>\n\t<meta name=\"twitter:label2\" content=\"Tahmini okuma s\u00fcresi\" \/>\n\t<meta name=\"twitter:data2\" content=\"2 dakika\" \/>\n<script type=\"application\/ld+json\" class=\"yoast-schema-graph\">{\"@context\":\"https:\\\/\\\/schema.org\",\"@graph\":[{\"@type\":\"Article\",\"@id\":\"https:\\\/\\\/kuzeyinsesi.org\\\/index.php\\\/2024\\\/09\\\/26\\\/kktcdob-genel-sorumlusu-tore-turksoy-devlet-opera-ve-bale-mudurleri-kuruluna-dahil-edildi\\\/#article\",\"isPartOf\":{\"@id\":\"https:\\\/\\\/kuzeyinsesi.org\\\/index.php\\\/2024\\\/09\\\/26\\\/kktcdob-genel-sorumlusu-tore-turksoy-devlet-opera-ve-bale-mudurleri-kuruluna-dahil-edildi\\\/\"},\"author\":{\"name\":\"Kuzeyin Sesi\",\"@id\":\"https:\\\/\\\/kuzeyinsesi.org\\\/#\\\/schema\\\/person\\\/9f859689cdf01485597712386e37f5aa\"},\"headline\":\"KKTCDOB Genel Sorumlusu T\u00f6re, T\u00dcRKSOY Devlet Opera ve Bale M\u00fcd\u00fcrleri Kuruluna dahil edildi\",\"datePublished\":\"2024-09-26T07:13:27+00:00\",\"mainEntityOfPage\":{\"@id\":\"https:\\\/\\\/kuzeyinsesi.org\\\/index.php\\\/2024\\\/09\\\/26\\\/kktcdob-genel-sorumlusu-tore-turksoy-devlet-opera-ve-bale-mudurleri-kuruluna-dahil-edildi\\\/\"},\"wordCount\":323,\"commentCount\":0,\"image\":{\"@id\":\"https:\\\/\\\/kuzeyinsesi.org\\\/index.php\\\/2024\\\/09\\\/26\\\/kktcdob-genel-sorumlusu-tore-turksoy-devlet-opera-ve-bale-mudurleri-kuruluna-dahil-edildi\\\/#primaryimage\"},\"thumbnailUrl\":\"https:\\\/\\\/kuzeyinsesi.org\\\/wp-content\\\/uploads\\\/2024\\\/09\\\/9897ppppppppppppppppppppppppp.jpg\",\"articleSection\":[\"Ya\u015fam\"],\"inLanguage\":\"tr\",\"potentialAction\":[{\"@type\":\"CommentAction\",\"name\":\"Comment\",\"target\":[\"https:\\\/\\\/kuzeyinsesi.org\\\/index.php\\\/2024\\\/09\\\/26\\\/kktcdob-genel-sorumlusu-tore-turksoy-devlet-opera-ve-bale-mudurleri-kuruluna-dahil-edildi\\\/#respond\"]}]},{\"@type\":\"WebPage\",\"@id\":\"https:\\\/\\\/kuzeyinsesi.org\\\/index.php\\\/2024\\\/09\\\/26\\\/kktcdob-genel-sorumlusu-tore-turksoy-devlet-opera-ve-bale-mudurleri-kuruluna-dahil-edildi\\\/\",\"url\":\"https:\\\/\\\/kuzeyinsesi.org\\\/index.php\\\/2024\\\/09\\\/26\\\/kktcdob-genel-sorumlusu-tore-turksoy-devlet-opera-ve-bale-mudurleri-kuruluna-dahil-edildi\\\/\",\"name\":\"KKTCDOB Genel Sorumlusu T\u00f6re, T\u00dcRKSOY Devlet Opera ve Bale M\u00fcd\u00fcrleri Kuruluna dahil edildi - Kuzeyin Sesi\",\"isPartOf\":{\"@id\":\"https:\\\/\\\/kuzeyinsesi.org\\\/#website\"},\"primaryImageOfPage\":{\"@id\":\"https:\\\/\\\/kuzeyinsesi.org\\\/index.php\\\/2024\\\/09\\\/26\\\/kktcdob-genel-sorumlusu-tore-turksoy-devlet-opera-ve-bale-mudurleri-kuruluna-dahil-edildi\\\/#primaryimage\"},\"image\":{\"@id\":\"https:\\\/\\\/kuzeyinsesi.org\\\/index.php\\\/2024\\\/09\\\/26\\\/kktcdob-genel-sorumlusu-tore-turksoy-devlet-opera-ve-bale-mudurleri-kuruluna-dahil-edildi\\\/#primaryimage\"},\"thumbnailUrl\":\"https:\\\/\\\/kuzeyinsesi.org\\\/wp-content\\\/uploads\\\/2024\\\/09\\\/9897ppppppppppppppppppppppppp.jpg\",\"datePublished\":\"2024-09-26T07:13:27+00:00\",\"author\":{\"@id\":\"https:\\\/\\\/kuzeyinsesi.org\\\/#\\\/schema\\\/person\\\/9f859689cdf01485597712386e37f5aa\"},\"breadcrumb\":{\"@id\":\"https:\\\/\\\/kuzeyinsesi.org\\\/index.php\\\/2024\\\/09\\\/26\\\/kktcdob-genel-sorumlusu-tore-turksoy-devlet-opera-ve-bale-mudurleri-kuruluna-dahil-edildi\\\/#breadcrumb\"},\"inLanguage\":\"tr\",\"potentialAction\":[{\"@type\":\"ReadAction\",\"target\":[\"https:\\\/\\\/kuzeyinsesi.org\\\/index.php\\\/2024\\\/09\\\/26\\\/kktcdob-genel-sorumlusu-tore-turksoy-devlet-opera-ve-bale-mudurleri-kuruluna-dahil-edildi\\\/\"]}]},{\"@type\":\"ImageObject\",\"inLanguage\":\"tr\",\"@id\":\"https:\\\/\\\/kuzeyinsesi.org\\\/index.php\\\/2024\\\/09\\\/26\\\/kktcdob-genel-sorumlusu-tore-turksoy-devlet-opera-ve-bale-mudurleri-kuruluna-dahil-edildi\\\/#primaryimage\",\"url\":\"https:\\\/\\\/kuzeyinsesi.org\\\/wp-content\\\/uploads\\\/2024\\\/09\\\/9897ppppppppppppppppppppppppp.jpg\",\"contentUrl\":\"https:\\\/\\\/kuzeyinsesi.org\\\/wp-content\\\/uploads\\\/2024\\\/09\\\/9897ppppppppppppppppppppppppp.jpg\",\"width\":1600,\"height\":1067},{\"@type\":\"BreadcrumbList\",\"@id\":\"https:\\\/\\\/kuzeyinsesi.org\\\/index.php\\\/2024\\\/09\\\/26\\\/kktcdob-genel-sorumlusu-tore-turksoy-devlet-opera-ve-bale-mudurleri-kuruluna-dahil-edildi\\\/#breadcrumb\",\"itemListElement\":[{\"@type\":\"ListItem\",\"position\":1,\"name\":\"Anasayfa\",\"item\":\"https:\\\/\\\/kuzeyinsesi.org\\\/\"},{\"@type\":\"ListItem\",\"position\":2,\"name\":\"KKTCDOB Genel Sorumlusu T\u00f6re, T\u00dcRKSOY Devlet Opera ve Bale M\u00fcd\u00fcrleri Kuruluna dahil edildi\"}]},{\"@type\":\"WebSite\",\"@id\":\"https:\\\/\\\/kuzeyinsesi.org\\\/#website\",\"url\":\"https:\\\/\\\/kuzeyinsesi.org\\\/\",\"name\":\"Kuzeyin Sesi\",\"description\":\"Do\u011fru Haberin Adresi\",\"potentialAction\":[{\"@type\":\"SearchAction\",\"target\":{\"@type\":\"EntryPoint\",\"urlTemplate\":\"https:\\\/\\\/kuzeyinsesi.org\\\/?s={search_term_string}\"},\"query-input\":{\"@type\":\"PropertyValueSpecification\",\"valueRequired\":true,\"valueName\":\"search_term_string\"}}],\"inLanguage\":\"tr\"},{\"@type\":\"Person\",\"@id\":\"https:\\\/\\\/kuzeyinsesi.org\\\/#\\\/schema\\\/person\\\/9f859689cdf01485597712386e37f5aa\",\"name\":\"Kuzeyin Sesi\",\"image\":{\"@type\":\"ImageObject\",\"inLanguage\":\"tr\",\"@id\":\"https:\\\/\\\/secure.gravatar.com\\\/avatar\\\/bab33852abfd8b282518d6ed81826833d77c3c882d9ab608add591ccace47a44?s=96&d=mm&r=g\",\"url\":\"https:\\\/\\\/secure.gravatar.com\\\/avatar\\\/bab33852abfd8b282518d6ed81826833d77c3c882d9ab608add591ccace47a44?s=96&d=mm&r=g\",\"contentUrl\":\"https:\\\/\\\/secure.gravatar.com\\\/avatar\\\/bab33852abfd8b282518d6ed81826833d77c3c882d9ab608add591ccace47a44?s=96&d=mm&r=g\",\"caption\":\"Kuzeyin Sesi\"},\"sameAs\":[\"https:\\\/\\\/kuzeyinsesi.org\"],\"url\":\"https:\\\/\\\/kuzeyinsesi.org\\\/index.php\\\/author\\\/guven\\\/\"}]}<\/script>\n<!-- \/ Yoast SEO plugin. -->","yoast_head_json":{"title":"KKTCDOB Genel Sorumlusu T\u00f6re, T\u00dcRKSOY Devlet Opera ve Bale M\u00fcd\u00fcrleri Kuruluna dahil edildi - Kuzeyin Sesi","robots":{"index":"index","follow":"follow","max-snippet":"max-snippet:-1","max-image-preview":"max-image-preview:large","max-video-preview":"max-video-preview:-1"},"canonical":"https:\/\/kuzeyinsesi.org\/index.php\/2024\/09\/26\/kktcdob-genel-sorumlusu-tore-turksoy-devlet-opera-ve-bale-mudurleri-kuruluna-dahil-edildi\/","og_locale":"tr_TR","og_type":"article","og_title":"KKTCDOB Genel Sorumlusu T\u00f6re, T\u00dcRKSOY Devlet Opera ve Bale M\u00fcd\u00fcrleri Kuruluna dahil edildi - Kuzeyin Sesi","og_description":"Ba\u015fbakan Yard\u0131mc\u0131l\u0131\u011f\u0131, Turizm, K\u00fclt\u00fcr, Gen\u00e7lik ve \u00c7evre Bakanl\u0131\u011f\u0131\u2019na ba\u011fl\u0131 Devlet Opera ve Bale Koordinasyon Merkezi (KKTCDOB) Genel Sorumlusu ve Genel Sanat Y\u00f6netmeni Tu\u011frul Enver T\u00f6re, T\u00dcRKSOY Devlet Opera ve Bale M\u00fcd\u00fcrleri Kuruluna dahil edildi. Bakanl\u0131ktan yap\u0131lan a\u00e7\u0131klamaya g\u00f6re, Uluslararas\u0131 T\u00fcrk K\u00fclt\u00fcr\u00fc Te\u015fkilat\u0131 (T\u00dcRKSOY) taraf\u0131ndan olu\u015fturulan Opera ve Bale M\u00fcd\u00fcrleri Kurulu, Ankara\u2019daki T\u00dcRKSOY Genel Sekreterlik binas\u0131nda [&hellip;]","og_url":"https:\/\/kuzeyinsesi.org\/index.php\/2024\/09\/26\/kktcdob-genel-sorumlusu-tore-turksoy-devlet-opera-ve-bale-mudurleri-kuruluna-dahil-edildi\/","og_site_name":"Kuzeyin Sesi","article_publisher":"https:\/\/www.facebook.com\/kuzeyinsesii","article_published_time":"2024-09-26T07:13:27+00:00","og_image":[{"url":"https:\/\/brtk.net\/wp-content\/uploads\/2024\/09\/26\/9897ppppppppppppppppppppppppp.jpg?ver=4b4933f232655640670b3723c56f8129","type":"","width":"","height":""}],"author":"Kuzeyin Sesi","twitter_card":"summary_large_image","twitter_creator":"@kuzeyinsesii","twitter_site":"@kuzeyinsesii","twitter_misc":{"Yazan:":"Kuzeyin Sesi","Tahmini okuma s\u00fcresi":"2 dakika"},"schema":{"@context":"https:\/\/schema.org","@graph":[{"@type":"Article","@id":"https:\/\/kuzeyinsesi.org\/index.php\/2024\/09\/26\/kktcdob-genel-sorumlusu-tore-turksoy-devlet-opera-ve-bale-mudurleri-kuruluna-dahil-edildi\/#article","isPartOf":{"@id":"https:\/\/kuzeyinsesi.org\/index.php\/2024\/09\/26\/kktcdob-genel-sorumlusu-tore-turksoy-devlet-opera-ve-bale-mudurleri-kuruluna-dahil-edildi\/"},"author":{"name":"Kuzeyin Sesi","@id":"https:\/\/kuzeyinsesi.org\/#\/schema\/person\/9f859689cdf01485597712386e37f5aa"},"headline":"KKTCDOB Genel Sorumlusu T\u00f6re, T\u00dcRKSOY Devlet Opera ve Bale M\u00fcd\u00fcrleri Kuruluna dahil edildi","datePublished":"2024-09-26T07:13:27+00:00","mainEntityOfPage":{"@id":"https:\/\/kuzeyinsesi.org\/index.php\/2024\/09\/26\/kktcdob-genel-sorumlusu-tore-turksoy-devlet-opera-ve-bale-mudurleri-kuruluna-dahil-edildi\/"},"wordCount":323,"commentCount":0,"image":{"@id":"https:\/\/kuzeyinsesi.org\/index.php\/2024\/09\/26\/kktcdob-genel-sorumlusu-tore-turksoy-devlet-opera-ve-bale-mudurleri-kuruluna-dahil-edildi\/#primaryimage"},"thumbnailUrl":"https:\/\/kuzeyinsesi.org\/wp-content\/uploads\/2024\/09\/9897ppppppppppppppppppppppppp.jpg","articleSection":["Ya\u015fam"],"inLanguage":"tr","potentialAction":[{"@type":"CommentAction","name":"Comment","target":["https:\/\/kuzeyinsesi.org\/index.php\/2024\/09\/26\/kktcdob-genel-sorumlusu-tore-turksoy-devlet-opera-ve-bale-mudurleri-kuruluna-dahil-edildi\/#respond"]}]},{"@type":"WebPage","@id":"https:\/\/kuzeyinsesi.org\/index.php\/2024\/09\/26\/kktcdob-genel-sorumlusu-tore-turksoy-devlet-opera-ve-bale-mudurleri-kuruluna-dahil-edildi\/","url":"https:\/\/kuzeyinsesi.org\/index.php\/2024\/09\/26\/kktcdob-genel-sorumlusu-tore-turksoy-devlet-opera-ve-bale-mudurleri-kuruluna-dahil-edildi\/","name":"KKTCDOB Genel Sorumlusu T\u00f6re, T\u00dcRKSOY Devlet Opera ve Bale M\u00fcd\u00fcrleri Kuruluna dahil edildi - Kuzeyin Sesi","isPartOf":{"@id":"https:\/\/kuzeyinsesi.org\/#website"},"primaryImageOfPage":{"@id":"https:\/\/kuzeyinsesi.org\/index.php\/2024\/09\/26\/kktcdob-genel-sorumlusu-tore-turksoy-devlet-opera-ve-bale-mudurleri-kuruluna-dahil-edildi\/#primaryimage"},"image":{"@id":"https:\/\/kuzeyinsesi.org\/index.php\/2024\/09\/26\/kktcdob-genel-sorumlusu-tore-turksoy-devlet-opera-ve-bale-mudurleri-kuruluna-dahil-edildi\/#primaryimage"},"thumbnailUrl":"https:\/\/kuzeyinsesi.org\/wp-content\/uploads\/2024\/09\/9897ppppppppppppppppppppppppp.jpg","datePublished":"2024-09-26T07:13:27+00:00","author":{"@id":"https:\/\/kuzeyinsesi.org\/#\/schema\/person\/9f859689cdf01485597712386e37f5aa"},"breadcrumb":{"@id":"https:\/\/kuzeyinsesi.org\/index.php\/2024\/09\/26\/kktcdob-genel-sorumlusu-tore-turksoy-devlet-opera-ve-bale-mudurleri-kuruluna-dahil-edildi\/#breadcrumb"},"inLanguage":"tr","potentialAction":[{"@type":"ReadAction","target":["https:\/\/kuzeyinsesi.org\/index.php\/2024\/09\/26\/kktcdob-genel-sorumlusu-tore-turksoy-devlet-opera-ve-bale-mudurleri-kuruluna-dahil-edildi\/"]}]},{"@type":"ImageObject","inLanguage":"tr","@id":"https:\/\/kuzeyinsesi.org\/index.php\/2024\/09\/26\/kktcdob-genel-sorumlusu-tore-turksoy-devlet-opera-ve-bale-mudurleri-kuruluna-dahil-edildi\/#primaryimage","url":"https:\/\/kuzeyinsesi.org\/wp-content\/uploads\/2024\/09\/9897ppppppppppppppppppppppppp.jpg","contentUrl":"https:\/\/kuzeyinsesi.org\/wp-content\/uploads\/2024\/09\/9897ppppppppppppppppppppppppp.jpg","width":1600,"height":1067},{"@type":"BreadcrumbList","@id":"https:\/\/kuzeyinsesi.org\/index.php\/2024\/09\/26\/kktcdob-genel-sorumlusu-tore-turksoy-devlet-opera-ve-bale-mudurleri-kuruluna-dahil-edildi\/#breadcrumb","itemListElement":[{"@type":"ListItem","position":1,"name":"Anasayfa","item":"https:\/\/kuzeyinsesi.org\/"},{"@type":"ListItem","position":2,"name":"KKTCDOB Genel Sorumlusu T\u00f6re, T\u00dcRKSOY Devlet Opera ve Bale M\u00fcd\u00fcrleri Kuruluna dahil edildi"}]},{"@type":"WebSite","@id":"https:\/\/kuzeyinsesi.org\/#website","url":"https:\/\/kuzeyinsesi.org\/","name":"Kuzeyin Sesi","description":"Do\u011fru Haberin Adresi","potentialAction":[{"@type":"SearchAction","target":{"@type":"EntryPoint","urlTemplate":"https:\/\/kuzeyinsesi.org\/?s={search_term_string}"},"query-input":{"@type":"PropertyValueSpecification","valueRequired":true,"valueName":"search_term_string"}}],"inLanguage":"tr"},{"@type":"Person","@id":"https:\/\/kuzeyinsesi.org\/#\/schema\/person\/9f859689cdf01485597712386e37f5aa","name":"Kuzeyin Sesi","image":{"@type":"ImageObject","inLanguage":"tr","@id":"https:\/\/secure.gravatar.com\/avatar\/bab33852abfd8b282518d6ed81826833d77c3c882d9ab608add591ccace47a44?s=96&d=mm&r=g","url":"https:\/\/secure.gravatar.com\/avatar\/bab33852abfd8b282518d6ed81826833d77c3c882d9ab608add591ccace47a44?s=96&d=mm&r=g","contentUrl":"https:\/\/secure.gravatar.com\/avatar\/bab33852abfd8b282518d6ed81826833d77c3c882d9ab608add591ccace47a44?s=96&d=mm&r=g","caption":"Kuzeyin Sesi"},"sameAs":["https:\/\/kuzeyinsesi.org"],"url":"https:\/\/kuzeyinsesi.org\/index.php\/author\/guven\/"}]}},"_links":{"self":[{"href":"https:\/\/kuzeyinsesi.org\/index.php\/wp-json\/wp\/v2\/posts\/10456","targetHints":{"allow":["GET"]}}],"collection":[{"href":"https:\/\/kuzeyinsesi.org\/index.php\/wp-json\/wp\/v2\/posts"}],"about":[{"href":"https:\/\/kuzeyinsesi.org\/index.php\/wp-json\/wp\/v2\/types\/post"}],"author":[{"embeddable":true,"href":"https:\/\/kuzeyinsesi.org\/index.php\/wp-json\/wp\/v2\/users\/1"}],"replies":[{"embeddable":true,"href":"https:\/\/kuzeyinsesi.org\/index.php\/wp-json\/wp\/v2\/comments?post=10456"}],"version-history":[{"count":0,"href":"https:\/\/kuzeyinsesi.org\/index.php\/wp-json\/wp\/v2\/posts\/10456\/revisions"}],"wp:featuredmedia":[{"embeddable":true,"href":"https:\/\/kuzeyinsesi.org\/index.php\/wp-json\/wp\/v2\/media\/10457"}],"wp:attachment":[{"href":"https:\/\/kuzeyinsesi.org\/index.php\/wp-json\/wp\/v2\/media?parent=10456"}],"wp:term":[{"taxonomy":"category","embeddable":true,"href":"https:\/\/kuzeyinsesi.org\/index.php\/wp-json\/wp\/v2\/categories?post=10456"},{"taxonomy":"post_tag","embeddable":true,"href":"https:\/\/kuzeyinsesi.org\/index.php\/wp-json\/wp\/v2\/tags?post=10456"}],"curies":[{"name":"wp","href":"https:\/\/api.w.org\/{rel}","templated":true}]}}