{"id":10448,"date":"2024-09-25T19:40:08","date_gmt":"2024-09-25T16:40:08","guid":{"rendered":"https:\/\/kuzeyinsesi.org\/index.php\/2024\/09\/25\/gipsy-kings-yarin-aksam-girne-amfitiyatroda-sahne-alacak\/"},"modified":"2024-09-25T19:40:08","modified_gmt":"2024-09-25T16:40:08","slug":"gipsy-kings-yarin-aksam-girne-amfitiyatroda-sahne-alacak","status":"publish","type":"post","link":"https:\/\/kuzeyinsesi.org\/index.php\/2024\/09\/25\/gipsy-kings-yarin-aksam-girne-amfitiyatroda-sahne-alacak\/","title":{"rendered":"Gipsy Kings, yar\u0131n ak\u015fam Girne Amfitiyatro\u2019da sahne alacak"},"content":{"rendered":"<div>\n<div class=\"mariselle-image-container none\">\n                                            <\/div>\n<p>Latin m\u00fczik grubu Gipsy Kings by Andre Reyes, yar\u0131n ak\u015fam Girne\u2019de konser verecek.<\/p>\n<p>Girne Belediyesi\u2019nden yap\u0131lan a\u00e7\u0131klamaya g\u00f6re grup, \u201cGirne Ark\u0131n Group Fest24\u201d kapsam\u0131nda Girne Amfitiyatro\u2019da saat 21.00\u2019de sahne alacak.<\/p>\n<p>Gipsy Kings\u2019in kurucu \u00fcyesi Andre Reyes\u2019\u0131n \u00f6nc\u00fcl\u00fc\u011f\u00fcn\u00fc \u00e7ekti\u011fi grup, flamenko ezgileriyle m\u00fczikseverler ile bulu\u015facak.<\/p>\n<p>30 senelik sahne deneyimi ve Grammy \u00f6d\u00fcl\u00fc bulunan grup, 60 milyonun \u00fczerinde alb\u00fcm sat\u0131\u015f\u0131 elde etmi\u015fti.<\/p>\n<p>\u201cBamboleo\u201d, \u201cDjobi Djoba\u201d ve \u201cBaila Baila\u201d gibi \u015fark\u0131lar\u0131 ile haf\u0131zalara kaz\u0131nan Gipsy Kings by Andre Reyes i\u00e7in biletler\u00a0www.girnebelediyesi.com\u00a0adresinden, t\u00fcm Telsim Shoplar\u2019dan, Girne Belediyesi Yeni Hizmet Binas\u0131\u2019ndan (dan\u0131\u015fma) veya konser g\u00fcn\u00fc kap\u0131dan temin edilebilecek.<\/p>\n<\/p><\/div>\n<p><script async\n                    defer\n                    crossorigin=\"anonymous\"\n                    src=\"https:\/\/connect.facebook.net\/tr_TR\/sdk.js#xfbml=1&#038;version=v3.3\"\n            ><\/script><\/p>\n","protected":false},"excerpt":{"rendered":"<p>Latin m\u00fczik grubu Gipsy Kings by Andre Reyes, yar\u0131n ak\u015fam Girne\u2019de konser verecek. Girne Belediyesi\u2019nden yap\u0131lan a\u00e7\u0131klamaya g\u00f6re grup, \u201cGirne Ark\u0131n Group Fest24\u201d kapsam\u0131nda Girne Amfitiyatro\u2019da saat 21.00\u2019de sahne alacak. Gipsy Kings\u2019in kurucu \u00fcyesi Andre Reyes\u2019\u0131n \u00f6nc\u00fcl\u00fc\u011f\u00fcn\u00fc \u00e7ekti\u011fi grup, flamenko ezgileriyle m\u00fczikseverler ile bulu\u015facak. 30 senelik sahne deneyimi ve Grammy \u00f6d\u00fcl\u00fc bulunan grup, 60 milyonun [&hellip;]<\/p>\n","protected":false},"author":1,"featured_media":10449,"comment_status":"open","ping_status":"open","sticky":false,"template":"","format":"standard","meta":{"jnews-multi-image_gallery":[],"jnews_single_post":[],"jnews_primary_category":[],"jnews_social_meta":[],"jnews_override_counter":[],"footnotes":""},"categories":[6],"tags":[],"class_list":["post-10448","post","type-post","status-publish","format-standard","has-post-thumbnail","hentry","category-yasam"],"yoast_head":"<!-- This site is optimized with the Yoast SEO plugin v27.5 - https:\/\/yoast.com\/product\/yoast-seo-wordpress\/ -->\n<title>Gipsy Kings, yar\u0131n ak\u015fam Girne Amfitiyatro\u2019da sahne alacak - Kuzeyin Sesi<\/title>\n<meta name=\"robots\" content=\"index, follow, max-snippet:-1, max-image-preview:large, max-video-preview:-1\" \/>\n<link rel=\"canonical\" href=\"https:\/\/kuzeyinsesi.org\/index.php\/2024\/09\/25\/gipsy-kings-yarin-aksam-girne-amfitiyatroda-sahne-alacak\/\" \/>\n<meta property=\"og:locale\" content=\"tr_TR\" \/>\n<meta property=\"og:type\" content=\"article\" \/>\n<meta property=\"og:title\" content=\"Gipsy Kings, yar\u0131n ak\u015fam Girne Amfitiyatro\u2019da sahne alacak - Kuzeyin Sesi\" \/>\n<meta property=\"og:description\" content=\"Latin m\u00fczik grubu Gipsy Kings by Andre Reyes, yar\u0131n ak\u015fam Girne\u2019de konser verecek. Girne Belediyesi\u2019nden yap\u0131lan a\u00e7\u0131klamaya g\u00f6re grup, \u201cGirne Ark\u0131n Group Fest24\u201d kapsam\u0131nda Girne Amfitiyatro\u2019da saat 21.00\u2019de sahne alacak. Gipsy Kings\u2019in kurucu \u00fcyesi Andre Reyes\u2019\u0131n \u00f6nc\u00fcl\u00fc\u011f\u00fcn\u00fc \u00e7ekti\u011fi grup, flamenko ezgileriyle m\u00fczikseverler ile bulu\u015facak. 30 senelik sahne deneyimi ve Grammy \u00f6d\u00fcl\u00fc bulunan grup, 60 milyonun [&hellip;]\" \/>\n<meta property=\"og:url\" content=\"https:\/\/kuzeyinsesi.org\/index.php\/2024\/09\/25\/gipsy-kings-yarin-aksam-girne-amfitiyatroda-sahne-alacak\/\" \/>\n<meta property=\"og:site_name\" content=\"Kuzeyin Sesi\" \/>\n<meta property=\"article:publisher\" content=\"https:\/\/www.facebook.com\/kuzeyinsesii\" \/>\n<meta property=\"article:published_time\" content=\"2024-09-25T16:40:08+00:00\" \/>\n<meta property=\"og:image\" content=\"https:\/\/brtk.net\/wp-content\/uploads\/2024\/09\/25\/gipsy-kings-post-1-.jpg?ver=d38a16d785aaf2f8a36a32d0ba8254d3\" \/>\n<meta name=\"author\" content=\"Kuzeyin Sesi\" \/>\n<meta name=\"twitter:card\" content=\"summary_large_image\" \/>\n<meta name=\"twitter:creator\" content=\"@kuzeyinsesii\" \/>\n<meta name=\"twitter:site\" content=\"@kuzeyinsesii\" \/>\n<meta name=\"twitter:label1\" content=\"Yazan:\" \/>\n\t<meta name=\"twitter:data1\" content=\"Kuzeyin Sesi\" \/>\n\t<meta name=\"twitter:label2\" content=\"Tahmini okuma s\u00fcresi\" \/>\n\t<meta name=\"twitter:data2\" content=\"1 dakika\" \/>\n<script type=\"application\/ld+json\" class=\"yoast-schema-graph\">{\"@context\":\"https:\\\/\\\/schema.org\",\"@graph\":[{\"@type\":\"Article\",\"@id\":\"https:\\\/\\\/kuzeyinsesi.org\\\/index.php\\\/2024\\\/09\\\/25\\\/gipsy-kings-yarin-aksam-girne-amfitiyatroda-sahne-alacak\\\/#article\",\"isPartOf\":{\"@id\":\"https:\\\/\\\/kuzeyinsesi.org\\\/index.php\\\/2024\\\/09\\\/25\\\/gipsy-kings-yarin-aksam-girne-amfitiyatroda-sahne-alacak\\\/\"},\"author\":{\"name\":\"Kuzeyin Sesi\",\"@id\":\"https:\\\/\\\/kuzeyinsesi.org\\\/#\\\/schema\\\/person\\\/9f859689cdf01485597712386e37f5aa\"},\"headline\":\"Gipsy Kings, yar\u0131n ak\u015fam Girne Amfitiyatro\u2019da sahne alacak\",\"datePublished\":\"2024-09-25T16:40:08+00:00\",\"mainEntityOfPage\":{\"@id\":\"https:\\\/\\\/kuzeyinsesi.org\\\/index.php\\\/2024\\\/09\\\/25\\\/gipsy-kings-yarin-aksam-girne-amfitiyatroda-sahne-alacak\\\/\"},\"wordCount\":137,\"commentCount\":0,\"image\":{\"@id\":\"https:\\\/\\\/kuzeyinsesi.org\\\/index.php\\\/2024\\\/09\\\/25\\\/gipsy-kings-yarin-aksam-girne-amfitiyatroda-sahne-alacak\\\/#primaryimage\"},\"thumbnailUrl\":\"https:\\\/\\\/kuzeyinsesi.org\\\/wp-content\\\/uploads\\\/2024\\\/09\\\/gipsy-kings-post-1-.jpg\",\"articleSection\":[\"Ya\u015fam\"],\"inLanguage\":\"tr\",\"potentialAction\":[{\"@type\":\"CommentAction\",\"name\":\"Comment\",\"target\":[\"https:\\\/\\\/kuzeyinsesi.org\\\/index.php\\\/2024\\\/09\\\/25\\\/gipsy-kings-yarin-aksam-girne-amfitiyatroda-sahne-alacak\\\/#respond\"]}]},{\"@type\":\"WebPage\",\"@id\":\"https:\\\/\\\/kuzeyinsesi.org\\\/index.php\\\/2024\\\/09\\\/25\\\/gipsy-kings-yarin-aksam-girne-amfitiyatroda-sahne-alacak\\\/\",\"url\":\"https:\\\/\\\/kuzeyinsesi.org\\\/index.php\\\/2024\\\/09\\\/25\\\/gipsy-kings-yarin-aksam-girne-amfitiyatroda-sahne-alacak\\\/\",\"name\":\"Gipsy Kings, yar\u0131n ak\u015fam Girne Amfitiyatro\u2019da sahne alacak - Kuzeyin Sesi\",\"isPartOf\":{\"@id\":\"https:\\\/\\\/kuzeyinsesi.org\\\/#website\"},\"primaryImageOfPage\":{\"@id\":\"https:\\\/\\\/kuzeyinsesi.org\\\/index.php\\\/2024\\\/09\\\/25\\\/gipsy-kings-yarin-aksam-girne-amfitiyatroda-sahne-alacak\\\/#primaryimage\"},\"image\":{\"@id\":\"https:\\\/\\\/kuzeyinsesi.org\\\/index.php\\\/2024\\\/09\\\/25\\\/gipsy-kings-yarin-aksam-girne-amfitiyatroda-sahne-alacak\\\/#primaryimage\"},\"thumbnailUrl\":\"https:\\\/\\\/kuzeyinsesi.org\\\/wp-content\\\/uploads\\\/2024\\\/09\\\/gipsy-kings-post-1-.jpg\",\"datePublished\":\"2024-09-25T16:40:08+00:00\",\"author\":{\"@id\":\"https:\\\/\\\/kuzeyinsesi.org\\\/#\\\/schema\\\/person\\\/9f859689cdf01485597712386e37f5aa\"},\"breadcrumb\":{\"@id\":\"https:\\\/\\\/kuzeyinsesi.org\\\/index.php\\\/2024\\\/09\\\/25\\\/gipsy-kings-yarin-aksam-girne-amfitiyatroda-sahne-alacak\\\/#breadcrumb\"},\"inLanguage\":\"tr\",\"potentialAction\":[{\"@type\":\"ReadAction\",\"target\":[\"https:\\\/\\\/kuzeyinsesi.org\\\/index.php\\\/2024\\\/09\\\/25\\\/gipsy-kings-yarin-aksam-girne-amfitiyatroda-sahne-alacak\\\/\"]}]},{\"@type\":\"ImageObject\",\"inLanguage\":\"tr\",\"@id\":\"https:\\\/\\\/kuzeyinsesi.org\\\/index.php\\\/2024\\\/09\\\/25\\\/gipsy-kings-yarin-aksam-girne-amfitiyatroda-sahne-alacak\\\/#primaryimage\",\"url\":\"https:\\\/\\\/kuzeyinsesi.org\\\/wp-content\\\/uploads\\\/2024\\\/09\\\/gipsy-kings-post-1-.jpg\",\"contentUrl\":\"https:\\\/\\\/kuzeyinsesi.org\\\/wp-content\\\/uploads\\\/2024\\\/09\\\/gipsy-kings-post-1-.jpg\",\"width\":1773,\"height\":1772},{\"@type\":\"BreadcrumbList\",\"@id\":\"https:\\\/\\\/kuzeyinsesi.org\\\/index.php\\\/2024\\\/09\\\/25\\\/gipsy-kings-yarin-aksam-girne-amfitiyatroda-sahne-alacak\\\/#breadcrumb\",\"itemListElement\":[{\"@type\":\"ListItem\",\"position\":1,\"name\":\"Anasayfa\",\"item\":\"https:\\\/\\\/kuzeyinsesi.org\\\/\"},{\"@type\":\"ListItem\",\"position\":2,\"name\":\"Gipsy Kings, yar\u0131n ak\u015fam Girne Amfitiyatro\u2019da sahne alacak\"}]},{\"@type\":\"WebSite\",\"@id\":\"https:\\\/\\\/kuzeyinsesi.org\\\/#website\",\"url\":\"https:\\\/\\\/kuzeyinsesi.org\\\/\",\"name\":\"Kuzeyin Sesi\",\"description\":\"Do\u011fru Haberin Adresi\",\"potentialAction\":[{\"@type\":\"SearchAction\",\"target\":{\"@type\":\"EntryPoint\",\"urlTemplate\":\"https:\\\/\\\/kuzeyinsesi.org\\\/?s={search_term_string}\"},\"query-input\":{\"@type\":\"PropertyValueSpecification\",\"valueRequired\":true,\"valueName\":\"search_term_string\"}}],\"inLanguage\":\"tr\"},{\"@type\":\"Person\",\"@id\":\"https:\\\/\\\/kuzeyinsesi.org\\\/#\\\/schema\\\/person\\\/9f859689cdf01485597712386e37f5aa\",\"name\":\"Kuzeyin Sesi\",\"image\":{\"@type\":\"ImageObject\",\"inLanguage\":\"tr\",\"@id\":\"https:\\\/\\\/secure.gravatar.com\\\/avatar\\\/bab33852abfd8b282518d6ed81826833d77c3c882d9ab608add591ccace47a44?s=96&d=mm&r=g\",\"url\":\"https:\\\/\\\/secure.gravatar.com\\\/avatar\\\/bab33852abfd8b282518d6ed81826833d77c3c882d9ab608add591ccace47a44?s=96&d=mm&r=g\",\"contentUrl\":\"https:\\\/\\\/secure.gravatar.com\\\/avatar\\\/bab33852abfd8b282518d6ed81826833d77c3c882d9ab608add591ccace47a44?s=96&d=mm&r=g\",\"caption\":\"Kuzeyin Sesi\"},\"sameAs\":[\"https:\\\/\\\/kuzeyinsesi.org\"],\"url\":\"https:\\\/\\\/kuzeyinsesi.org\\\/index.php\\\/author\\\/guven\\\/\"}]}<\/script>\n<!-- \/ Yoast SEO plugin. -->","yoast_head_json":{"title":"Gipsy Kings, yar\u0131n ak\u015fam Girne Amfitiyatro\u2019da sahne alacak - Kuzeyin Sesi","robots":{"index":"index","follow":"follow","max-snippet":"max-snippet:-1","max-image-preview":"max-image-preview:large","max-video-preview":"max-video-preview:-1"},"canonical":"https:\/\/kuzeyinsesi.org\/index.php\/2024\/09\/25\/gipsy-kings-yarin-aksam-girne-amfitiyatroda-sahne-alacak\/","og_locale":"tr_TR","og_type":"article","og_title":"Gipsy Kings, yar\u0131n ak\u015fam Girne Amfitiyatro\u2019da sahne alacak - Kuzeyin Sesi","og_description":"Latin m\u00fczik grubu Gipsy Kings by Andre Reyes, yar\u0131n ak\u015fam Girne\u2019de konser verecek. Girne Belediyesi\u2019nden yap\u0131lan a\u00e7\u0131klamaya g\u00f6re grup, \u201cGirne Ark\u0131n Group Fest24\u201d kapsam\u0131nda Girne Amfitiyatro\u2019da saat 21.00\u2019de sahne alacak. Gipsy Kings\u2019in kurucu \u00fcyesi Andre Reyes\u2019\u0131n \u00f6nc\u00fcl\u00fc\u011f\u00fcn\u00fc \u00e7ekti\u011fi grup, flamenko ezgileriyle m\u00fczikseverler ile bulu\u015facak. 30 senelik sahne deneyimi ve Grammy \u00f6d\u00fcl\u00fc bulunan grup, 60 milyonun [&hellip;]","og_url":"https:\/\/kuzeyinsesi.org\/index.php\/2024\/09\/25\/gipsy-kings-yarin-aksam-girne-amfitiyatroda-sahne-alacak\/","og_site_name":"Kuzeyin Sesi","article_publisher":"https:\/\/www.facebook.com\/kuzeyinsesii","article_published_time":"2024-09-25T16:40:08+00:00","og_image":[{"url":"https:\/\/brtk.net\/wp-content\/uploads\/2024\/09\/25\/gipsy-kings-post-1-.jpg?ver=d38a16d785aaf2f8a36a32d0ba8254d3","type":"","width":"","height":""}],"author":"Kuzeyin Sesi","twitter_card":"summary_large_image","twitter_creator":"@kuzeyinsesii","twitter_site":"@kuzeyinsesii","twitter_misc":{"Yazan:":"Kuzeyin Sesi","Tahmini okuma s\u00fcresi":"1 dakika"},"schema":{"@context":"https:\/\/schema.org","@graph":[{"@type":"Article","@id":"https:\/\/kuzeyinsesi.org\/index.php\/2024\/09\/25\/gipsy-kings-yarin-aksam-girne-amfitiyatroda-sahne-alacak\/#article","isPartOf":{"@id":"https:\/\/kuzeyinsesi.org\/index.php\/2024\/09\/25\/gipsy-kings-yarin-aksam-girne-amfitiyatroda-sahne-alacak\/"},"author":{"name":"Kuzeyin Sesi","@id":"https:\/\/kuzeyinsesi.org\/#\/schema\/person\/9f859689cdf01485597712386e37f5aa"},"headline":"Gipsy Kings, yar\u0131n ak\u015fam Girne Amfitiyatro\u2019da sahne alacak","datePublished":"2024-09-25T16:40:08+00:00","mainEntityOfPage":{"@id":"https:\/\/kuzeyinsesi.org\/index.php\/2024\/09\/25\/gipsy-kings-yarin-aksam-girne-amfitiyatroda-sahne-alacak\/"},"wordCount":137,"commentCount":0,"image":{"@id":"https:\/\/kuzeyinsesi.org\/index.php\/2024\/09\/25\/gipsy-kings-yarin-aksam-girne-amfitiyatroda-sahne-alacak\/#primaryimage"},"thumbnailUrl":"https:\/\/kuzeyinsesi.org\/wp-content\/uploads\/2024\/09\/gipsy-kings-post-1-.jpg","articleSection":["Ya\u015fam"],"inLanguage":"tr","potentialAction":[{"@type":"CommentAction","name":"Comment","target":["https:\/\/kuzeyinsesi.org\/index.php\/2024\/09\/25\/gipsy-kings-yarin-aksam-girne-amfitiyatroda-sahne-alacak\/#respond"]}]},{"@type":"WebPage","@id":"https:\/\/kuzeyinsesi.org\/index.php\/2024\/09\/25\/gipsy-kings-yarin-aksam-girne-amfitiyatroda-sahne-alacak\/","url":"https:\/\/kuzeyinsesi.org\/index.php\/2024\/09\/25\/gipsy-kings-yarin-aksam-girne-amfitiyatroda-sahne-alacak\/","name":"Gipsy Kings, yar\u0131n ak\u015fam Girne Amfitiyatro\u2019da sahne alacak - Kuzeyin Sesi","isPartOf":{"@id":"https:\/\/kuzeyinsesi.org\/#website"},"primaryImageOfPage":{"@id":"https:\/\/kuzeyinsesi.org\/index.php\/2024\/09\/25\/gipsy-kings-yarin-aksam-girne-amfitiyatroda-sahne-alacak\/#primaryimage"},"image":{"@id":"https:\/\/kuzeyinsesi.org\/index.php\/2024\/09\/25\/gipsy-kings-yarin-aksam-girne-amfitiyatroda-sahne-alacak\/#primaryimage"},"thumbnailUrl":"https:\/\/kuzeyinsesi.org\/wp-content\/uploads\/2024\/09\/gipsy-kings-post-1-.jpg","datePublished":"2024-09-25T16:40:08+00:00","author":{"@id":"https:\/\/kuzeyinsesi.org\/#\/schema\/person\/9f859689cdf01485597712386e37f5aa"},"breadcrumb":{"@id":"https:\/\/kuzeyinsesi.org\/index.php\/2024\/09\/25\/gipsy-kings-yarin-aksam-girne-amfitiyatroda-sahne-alacak\/#breadcrumb"},"inLanguage":"tr","potentialAction":[{"@type":"ReadAction","target":["https:\/\/kuzeyinsesi.org\/index.php\/2024\/09\/25\/gipsy-kings-yarin-aksam-girne-amfitiyatroda-sahne-alacak\/"]}]},{"@type":"ImageObject","inLanguage":"tr","@id":"https:\/\/kuzeyinsesi.org\/index.php\/2024\/09\/25\/gipsy-kings-yarin-aksam-girne-amfitiyatroda-sahne-alacak\/#primaryimage","url":"https:\/\/kuzeyinsesi.org\/wp-content\/uploads\/2024\/09\/gipsy-kings-post-1-.jpg","contentUrl":"https:\/\/kuzeyinsesi.org\/wp-content\/uploads\/2024\/09\/gipsy-kings-post-1-.jpg","width":1773,"height":1772},{"@type":"BreadcrumbList","@id":"https:\/\/kuzeyinsesi.org\/index.php\/2024\/09\/25\/gipsy-kings-yarin-aksam-girne-amfitiyatroda-sahne-alacak\/#breadcrumb","itemListElement":[{"@type":"ListItem","position":1,"name":"Anasayfa","item":"https:\/\/kuzeyinsesi.org\/"},{"@type":"ListItem","position":2,"name":"Gipsy Kings, yar\u0131n ak\u015fam Girne Amfitiyatro\u2019da sahne alacak"}]},{"@type":"WebSite","@id":"https:\/\/kuzeyinsesi.org\/#website","url":"https:\/\/kuzeyinsesi.org\/","name":"Kuzeyin Sesi","description":"Do\u011fru Haberin Adresi","potentialAction":[{"@type":"SearchAction","target":{"@type":"EntryPoint","urlTemplate":"https:\/\/kuzeyinsesi.org\/?s={search_term_string}"},"query-input":{"@type":"PropertyValueSpecification","valueRequired":true,"valueName":"search_term_string"}}],"inLanguage":"tr"},{"@type":"Person","@id":"https:\/\/kuzeyinsesi.org\/#\/schema\/person\/9f859689cdf01485597712386e37f5aa","name":"Kuzeyin Sesi","image":{"@type":"ImageObject","inLanguage":"tr","@id":"https:\/\/secure.gravatar.com\/avatar\/bab33852abfd8b282518d6ed81826833d77c3c882d9ab608add591ccace47a44?s=96&d=mm&r=g","url":"https:\/\/secure.gravatar.com\/avatar\/bab33852abfd8b282518d6ed81826833d77c3c882d9ab608add591ccace47a44?s=96&d=mm&r=g","contentUrl":"https:\/\/secure.gravatar.com\/avatar\/bab33852abfd8b282518d6ed81826833d77c3c882d9ab608add591ccace47a44?s=96&d=mm&r=g","caption":"Kuzeyin Sesi"},"sameAs":["https:\/\/kuzeyinsesi.org"],"url":"https:\/\/kuzeyinsesi.org\/index.php\/author\/guven\/"}]}},"_links":{"self":[{"href":"https:\/\/kuzeyinsesi.org\/index.php\/wp-json\/wp\/v2\/posts\/10448","targetHints":{"allow":["GET"]}}],"collection":[{"href":"https:\/\/kuzeyinsesi.org\/index.php\/wp-json\/wp\/v2\/posts"}],"about":[{"href":"https:\/\/kuzeyinsesi.org\/index.php\/wp-json\/wp\/v2\/types\/post"}],"author":[{"embeddable":true,"href":"https:\/\/kuzeyinsesi.org\/index.php\/wp-json\/wp\/v2\/users\/1"}],"replies":[{"embeddable":true,"href":"https:\/\/kuzeyinsesi.org\/index.php\/wp-json\/wp\/v2\/comments?post=10448"}],"version-history":[{"count":0,"href":"https:\/\/kuzeyinsesi.org\/index.php\/wp-json\/wp\/v2\/posts\/10448\/revisions"}],"wp:featuredmedia":[{"embeddable":true,"href":"https:\/\/kuzeyinsesi.org\/index.php\/wp-json\/wp\/v2\/media\/10449"}],"wp:attachment":[{"href":"https:\/\/kuzeyinsesi.org\/index.php\/wp-json\/wp\/v2\/media?parent=10448"}],"wp:term":[{"taxonomy":"category","embeddable":true,"href":"https:\/\/kuzeyinsesi.org\/index.php\/wp-json\/wp\/v2\/categories?post=10448"},{"taxonomy":"post_tag","embeddable":true,"href":"https:\/\/kuzeyinsesi.org\/index.php\/wp-json\/wp\/v2\/tags?post=10448"}],"curies":[{"name":"wp","href":"https:\/\/api.w.org\/{rel}","templated":true}]}}