{"id":10432,"date":"2024-09-25T18:36:50","date_gmt":"2024-09-25T15:36:50","guid":{"rendered":"https:\/\/kuzeyinsesi.org\/index.php\/2024\/09\/25\/lefkosa-belediye-orkestrasi-cuma-gunu-gazimagusada-yesilcam-film-muzikleri-konseri-verecek\/"},"modified":"2024-09-25T18:36:50","modified_gmt":"2024-09-25T15:36:50","slug":"lefkosa-belediye-orkestrasi-cuma-gunu-gazimagusada-yesilcam-film-muzikleri-konseri-verecek","status":"publish","type":"post","link":"https:\/\/kuzeyinsesi.org\/index.php\/2024\/09\/25\/lefkosa-belediye-orkestrasi-cuma-gunu-gazimagusada-yesilcam-film-muzikleri-konseri-verecek\/","title":{"rendered":"Lefko\u015fa Belediye Orkestras\u0131 cuma g\u00fcn\u00fc Gazima\u011fusa\u2019da \u201cYe\u015fil\u00e7am Film M\u00fczikleri\u2019\u2019 konseri verecek"},"content":{"rendered":"<div>\n<div class=\"mariselle-image-container none\">\n                                            <\/div>\n<p style=\"font-weight: 300;\">\u00a0Lefko\u015fa Belediye Orkestras\u0131, Gazima\u011fusa Belediyesi ile Lefko\u015fa T\u00fcrk Belediyesi i\u015f birli\u011finde cuma g\u00fcn\u00fc Gazima\u011fusa\u2019da \u2018\u2019Ye\u015fil\u00e7am Film M\u00fczikleri\u2019\u2019 konseri d\u00fczenliyor.<\/p>\n<p style=\"font-weight: 300;\"><span style=\"font-weight: 300 !important;\">Gazima\u011fusa Belediyesi\u2019nden yap\u0131lan a\u00e7\u0131klamaya g\u00f6re, Lefko\u015fa Belediye Orkestras\u0131, \u015eef Oskay Hoca\u2019n\u0131n y\u00f6netiminde Eda Aslant\u00fcrk solistli\u011findeki konser saat 20.00\u2019de Nam\u0131k Kemal Meydan\u0131\u2019nda verilecek.<\/span><\/p>\n<p style=\"font-weight: 300;\">Ye\u015fil\u00e7am Film M\u00fcziklerinden olu\u015fan \u00f6zel repertuvar\u0131n seslendirilece\u011fi Lefko\u015fa Belediye Orkestras\u0131 konserine kat\u0131l\u0131m \u00fccretsiz olacak.<\/p>\n<p>\u00a0<\/p>\n<p>\u00a0<\/p>\n<\/p><\/div>\n<p><script async\n                    defer\n                    crossorigin=\"anonymous\"\n                    src=\"https:\/\/connect.facebook.net\/tr_TR\/sdk.js#xfbml=1&#038;version=v3.3\"\n            ><\/script><\/p>\n","protected":false},"excerpt":{"rendered":"<p>\u00a0Lefko\u015fa Belediye Orkestras\u0131, Gazima\u011fusa Belediyesi ile Lefko\u015fa T\u00fcrk Belediyesi i\u015f birli\u011finde cuma g\u00fcn\u00fc Gazima\u011fusa\u2019da \u2018\u2019Ye\u015fil\u00e7am Film M\u00fczikleri\u2019\u2019 konseri d\u00fczenliyor. Gazima\u011fusa Belediyesi\u2019nden yap\u0131lan a\u00e7\u0131klamaya g\u00f6re, Lefko\u015fa Belediye Orkestras\u0131, \u015eef Oskay Hoca\u2019n\u0131n y\u00f6netiminde Eda Aslant\u00fcrk solistli\u011findeki konser saat 20.00\u2019de Nam\u0131k Kemal Meydan\u0131\u2019nda verilecek. Ye\u015fil\u00e7am Film M\u00fcziklerinden olu\u015fan \u00f6zel repertuvar\u0131n seslendirilece\u011fi Lefko\u015fa Belediye Orkestras\u0131 konserine kat\u0131l\u0131m \u00fccretsiz olacak. [&hellip;]<\/p>\n","protected":false},"author":1,"featured_media":10433,"comment_status":"open","ping_status":"open","sticky":false,"template":"","format":"standard","meta":{"jnews-multi-image_gallery":[],"jnews_single_post":[],"jnews_primary_category":[],"jnews_social_meta":[],"jnews_override_counter":[],"footnotes":""},"categories":[6],"tags":[],"class_list":["post-10432","post","type-post","status-publish","format-standard","has-post-thumbnail","hentry","category-yasam"],"yoast_head":"<!-- This site is optimized with the Yoast SEO plugin v27.5 - https:\/\/yoast.com\/product\/yoast-seo-wordpress\/ -->\n<title>Lefko\u015fa Belediye Orkestras\u0131 cuma g\u00fcn\u00fc Gazima\u011fusa\u2019da \u201cYe\u015fil\u00e7am Film M\u00fczikleri\u2019\u2019 konseri verecek - Kuzeyin Sesi<\/title>\n<meta name=\"robots\" content=\"index, follow, max-snippet:-1, max-image-preview:large, max-video-preview:-1\" \/>\n<link rel=\"canonical\" href=\"https:\/\/kuzeyinsesi.org\/index.php\/2024\/09\/25\/lefkosa-belediye-orkestrasi-cuma-gunu-gazimagusada-yesilcam-film-muzikleri-konseri-verecek\/\" \/>\n<meta property=\"og:locale\" content=\"tr_TR\" \/>\n<meta property=\"og:type\" content=\"article\" \/>\n<meta property=\"og:title\" content=\"Lefko\u015fa Belediye Orkestras\u0131 cuma g\u00fcn\u00fc Gazima\u011fusa\u2019da \u201cYe\u015fil\u00e7am Film M\u00fczikleri\u2019\u2019 konseri verecek - Kuzeyin Sesi\" \/>\n<meta property=\"og:description\" content=\"\u00a0Lefko\u015fa Belediye Orkestras\u0131, Gazima\u011fusa Belediyesi ile Lefko\u015fa T\u00fcrk Belediyesi i\u015f birli\u011finde cuma g\u00fcn\u00fc Gazima\u011fusa\u2019da \u2018\u2019Ye\u015fil\u00e7am Film M\u00fczikleri\u2019\u2019 konseri d\u00fczenliyor. Gazima\u011fusa Belediyesi\u2019nden yap\u0131lan a\u00e7\u0131klamaya g\u00f6re, Lefko\u015fa Belediye Orkestras\u0131, \u015eef Oskay Hoca\u2019n\u0131n y\u00f6netiminde Eda Aslant\u00fcrk solistli\u011findeki konser saat 20.00\u2019de Nam\u0131k Kemal Meydan\u0131\u2019nda verilecek. Ye\u015fil\u00e7am Film M\u00fcziklerinden olu\u015fan \u00f6zel repertuvar\u0131n seslendirilece\u011fi Lefko\u015fa Belediye Orkestras\u0131 konserine kat\u0131l\u0131m \u00fccretsiz olacak. [&hellip;]\" \/>\n<meta property=\"og:url\" content=\"https:\/\/kuzeyinsesi.org\/index.php\/2024\/09\/25\/lefkosa-belediye-orkestrasi-cuma-gunu-gazimagusada-yesilcam-film-muzikleri-konseri-verecek\/\" \/>\n<meta property=\"og:site_name\" content=\"Kuzeyin Sesi\" \/>\n<meta property=\"article:publisher\" content=\"https:\/\/www.facebook.com\/kuzeyinsesii\" \/>\n<meta property=\"article:published_time\" content=\"2024-09-25T15:36:50+00:00\" \/>\n<meta property=\"og:image\" content=\"https:\/\/brtk.net\/wp-content\/uploads\/2024\/09\/25\/gmb-lbo.jpeg?ver=21edb988302467144f7dd9d3b585a8c3\" \/>\n<meta name=\"author\" content=\"Kuzeyin Sesi\" \/>\n<meta name=\"twitter:card\" content=\"summary_large_image\" \/>\n<meta name=\"twitter:creator\" content=\"@kuzeyinsesii\" \/>\n<meta name=\"twitter:site\" content=\"@kuzeyinsesii\" \/>\n<meta name=\"twitter:label1\" content=\"Yazan:\" \/>\n\t<meta name=\"twitter:data1\" content=\"Kuzeyin Sesi\" \/>\n<script type=\"application\/ld+json\" class=\"yoast-schema-graph\">{\"@context\":\"https:\\\/\\\/schema.org\",\"@graph\":[{\"@type\":\"Article\",\"@id\":\"https:\\\/\\\/kuzeyinsesi.org\\\/index.php\\\/2024\\\/09\\\/25\\\/lefkosa-belediye-orkestrasi-cuma-gunu-gazimagusada-yesilcam-film-muzikleri-konseri-verecek\\\/#article\",\"isPartOf\":{\"@id\":\"https:\\\/\\\/kuzeyinsesi.org\\\/index.php\\\/2024\\\/09\\\/25\\\/lefkosa-belediye-orkestrasi-cuma-gunu-gazimagusada-yesilcam-film-muzikleri-konseri-verecek\\\/\"},\"author\":{\"name\":\"Kuzeyin Sesi\",\"@id\":\"https:\\\/\\\/kuzeyinsesi.org\\\/#\\\/schema\\\/person\\\/9f859689cdf01485597712386e37f5aa\"},\"headline\":\"Lefko\u015fa Belediye Orkestras\u0131 cuma g\u00fcn\u00fc Gazima\u011fusa\u2019da \u201cYe\u015fil\u00e7am Film M\u00fczikleri\u2019\u2019 konseri verecek\",\"datePublished\":\"2024-09-25T15:36:50+00:00\",\"mainEntityOfPage\":{\"@id\":\"https:\\\/\\\/kuzeyinsesi.org\\\/index.php\\\/2024\\\/09\\\/25\\\/lefkosa-belediye-orkestrasi-cuma-gunu-gazimagusada-yesilcam-film-muzikleri-konseri-verecek\\\/\"},\"wordCount\":107,\"commentCount\":0,\"image\":{\"@id\":\"https:\\\/\\\/kuzeyinsesi.org\\\/index.php\\\/2024\\\/09\\\/25\\\/lefkosa-belediye-orkestrasi-cuma-gunu-gazimagusada-yesilcam-film-muzikleri-konseri-verecek\\\/#primaryimage\"},\"thumbnailUrl\":\"https:\\\/\\\/kuzeyinsesi.org\\\/wp-content\\\/uploads\\\/2024\\\/09\\\/gmb-lbo.jpeg\",\"articleSection\":[\"Ya\u015fam\"],\"inLanguage\":\"tr\",\"potentialAction\":[{\"@type\":\"CommentAction\",\"name\":\"Comment\",\"target\":[\"https:\\\/\\\/kuzeyinsesi.org\\\/index.php\\\/2024\\\/09\\\/25\\\/lefkosa-belediye-orkestrasi-cuma-gunu-gazimagusada-yesilcam-film-muzikleri-konseri-verecek\\\/#respond\"]}]},{\"@type\":\"WebPage\",\"@id\":\"https:\\\/\\\/kuzeyinsesi.org\\\/index.php\\\/2024\\\/09\\\/25\\\/lefkosa-belediye-orkestrasi-cuma-gunu-gazimagusada-yesilcam-film-muzikleri-konseri-verecek\\\/\",\"url\":\"https:\\\/\\\/kuzeyinsesi.org\\\/index.php\\\/2024\\\/09\\\/25\\\/lefkosa-belediye-orkestrasi-cuma-gunu-gazimagusada-yesilcam-film-muzikleri-konseri-verecek\\\/\",\"name\":\"Lefko\u015fa Belediye Orkestras\u0131 cuma g\u00fcn\u00fc Gazima\u011fusa\u2019da \u201cYe\u015fil\u00e7am Film M\u00fczikleri\u2019\u2019 konseri verecek - Kuzeyin Sesi\",\"isPartOf\":{\"@id\":\"https:\\\/\\\/kuzeyinsesi.org\\\/#website\"},\"primaryImageOfPage\":{\"@id\":\"https:\\\/\\\/kuzeyinsesi.org\\\/index.php\\\/2024\\\/09\\\/25\\\/lefkosa-belediye-orkestrasi-cuma-gunu-gazimagusada-yesilcam-film-muzikleri-konseri-verecek\\\/#primaryimage\"},\"image\":{\"@id\":\"https:\\\/\\\/kuzeyinsesi.org\\\/index.php\\\/2024\\\/09\\\/25\\\/lefkosa-belediye-orkestrasi-cuma-gunu-gazimagusada-yesilcam-film-muzikleri-konseri-verecek\\\/#primaryimage\"},\"thumbnailUrl\":\"https:\\\/\\\/kuzeyinsesi.org\\\/wp-content\\\/uploads\\\/2024\\\/09\\\/gmb-lbo.jpeg\",\"datePublished\":\"2024-09-25T15:36:50+00:00\",\"author\":{\"@id\":\"https:\\\/\\\/kuzeyinsesi.org\\\/#\\\/schema\\\/person\\\/9f859689cdf01485597712386e37f5aa\"},\"breadcrumb\":{\"@id\":\"https:\\\/\\\/kuzeyinsesi.org\\\/index.php\\\/2024\\\/09\\\/25\\\/lefkosa-belediye-orkestrasi-cuma-gunu-gazimagusada-yesilcam-film-muzikleri-konseri-verecek\\\/#breadcrumb\"},\"inLanguage\":\"tr\",\"potentialAction\":[{\"@type\":\"ReadAction\",\"target\":[\"https:\\\/\\\/kuzeyinsesi.org\\\/index.php\\\/2024\\\/09\\\/25\\\/lefkosa-belediye-orkestrasi-cuma-gunu-gazimagusada-yesilcam-film-muzikleri-konseri-verecek\\\/\"]}]},{\"@type\":\"ImageObject\",\"inLanguage\":\"tr\",\"@id\":\"https:\\\/\\\/kuzeyinsesi.org\\\/index.php\\\/2024\\\/09\\\/25\\\/lefkosa-belediye-orkestrasi-cuma-gunu-gazimagusada-yesilcam-film-muzikleri-konseri-verecek\\\/#primaryimage\",\"url\":\"https:\\\/\\\/kuzeyinsesi.org\\\/wp-content\\\/uploads\\\/2024\\\/09\\\/gmb-lbo.jpeg\",\"contentUrl\":\"https:\\\/\\\/kuzeyinsesi.org\\\/wp-content\\\/uploads\\\/2024\\\/09\\\/gmb-lbo.jpeg\",\"width\":1500,\"height\":1500},{\"@type\":\"BreadcrumbList\",\"@id\":\"https:\\\/\\\/kuzeyinsesi.org\\\/index.php\\\/2024\\\/09\\\/25\\\/lefkosa-belediye-orkestrasi-cuma-gunu-gazimagusada-yesilcam-film-muzikleri-konseri-verecek\\\/#breadcrumb\",\"itemListElement\":[{\"@type\":\"ListItem\",\"position\":1,\"name\":\"Anasayfa\",\"item\":\"https:\\\/\\\/kuzeyinsesi.org\\\/\"},{\"@type\":\"ListItem\",\"position\":2,\"name\":\"Lefko\u015fa Belediye Orkestras\u0131 cuma g\u00fcn\u00fc Gazima\u011fusa\u2019da \u201cYe\u015fil\u00e7am Film M\u00fczikleri\u2019\u2019 konseri verecek\"}]},{\"@type\":\"WebSite\",\"@id\":\"https:\\\/\\\/kuzeyinsesi.org\\\/#website\",\"url\":\"https:\\\/\\\/kuzeyinsesi.org\\\/\",\"name\":\"Kuzeyin Sesi\",\"description\":\"Do\u011fru Haberin Adresi\",\"potentialAction\":[{\"@type\":\"SearchAction\",\"target\":{\"@type\":\"EntryPoint\",\"urlTemplate\":\"https:\\\/\\\/kuzeyinsesi.org\\\/?s={search_term_string}\"},\"query-input\":{\"@type\":\"PropertyValueSpecification\",\"valueRequired\":true,\"valueName\":\"search_term_string\"}}],\"inLanguage\":\"tr\"},{\"@type\":\"Person\",\"@id\":\"https:\\\/\\\/kuzeyinsesi.org\\\/#\\\/schema\\\/person\\\/9f859689cdf01485597712386e37f5aa\",\"name\":\"Kuzeyin Sesi\",\"image\":{\"@type\":\"ImageObject\",\"inLanguage\":\"tr\",\"@id\":\"https:\\\/\\\/secure.gravatar.com\\\/avatar\\\/bab33852abfd8b282518d6ed81826833d77c3c882d9ab608add591ccace47a44?s=96&d=mm&r=g\",\"url\":\"https:\\\/\\\/secure.gravatar.com\\\/avatar\\\/bab33852abfd8b282518d6ed81826833d77c3c882d9ab608add591ccace47a44?s=96&d=mm&r=g\",\"contentUrl\":\"https:\\\/\\\/secure.gravatar.com\\\/avatar\\\/bab33852abfd8b282518d6ed81826833d77c3c882d9ab608add591ccace47a44?s=96&d=mm&r=g\",\"caption\":\"Kuzeyin Sesi\"},\"sameAs\":[\"https:\\\/\\\/kuzeyinsesi.org\"],\"url\":\"https:\\\/\\\/kuzeyinsesi.org\\\/index.php\\\/author\\\/guven\\\/\"}]}<\/script>\n<!-- \/ Yoast SEO plugin. -->","yoast_head_json":{"title":"Lefko\u015fa Belediye Orkestras\u0131 cuma g\u00fcn\u00fc Gazima\u011fusa\u2019da \u201cYe\u015fil\u00e7am Film M\u00fczikleri\u2019\u2019 konseri verecek - Kuzeyin Sesi","robots":{"index":"index","follow":"follow","max-snippet":"max-snippet:-1","max-image-preview":"max-image-preview:large","max-video-preview":"max-video-preview:-1"},"canonical":"https:\/\/kuzeyinsesi.org\/index.php\/2024\/09\/25\/lefkosa-belediye-orkestrasi-cuma-gunu-gazimagusada-yesilcam-film-muzikleri-konseri-verecek\/","og_locale":"tr_TR","og_type":"article","og_title":"Lefko\u015fa Belediye Orkestras\u0131 cuma g\u00fcn\u00fc Gazima\u011fusa\u2019da \u201cYe\u015fil\u00e7am Film M\u00fczikleri\u2019\u2019 konseri verecek - Kuzeyin Sesi","og_description":"\u00a0Lefko\u015fa Belediye Orkestras\u0131, Gazima\u011fusa Belediyesi ile Lefko\u015fa T\u00fcrk Belediyesi i\u015f birli\u011finde cuma g\u00fcn\u00fc Gazima\u011fusa\u2019da \u2018\u2019Ye\u015fil\u00e7am Film M\u00fczikleri\u2019\u2019 konseri d\u00fczenliyor. Gazima\u011fusa Belediyesi\u2019nden yap\u0131lan a\u00e7\u0131klamaya g\u00f6re, Lefko\u015fa Belediye Orkestras\u0131, \u015eef Oskay Hoca\u2019n\u0131n y\u00f6netiminde Eda Aslant\u00fcrk solistli\u011findeki konser saat 20.00\u2019de Nam\u0131k Kemal Meydan\u0131\u2019nda verilecek. Ye\u015fil\u00e7am Film M\u00fcziklerinden olu\u015fan \u00f6zel repertuvar\u0131n seslendirilece\u011fi Lefko\u015fa Belediye Orkestras\u0131 konserine kat\u0131l\u0131m \u00fccretsiz olacak. [&hellip;]","og_url":"https:\/\/kuzeyinsesi.org\/index.php\/2024\/09\/25\/lefkosa-belediye-orkestrasi-cuma-gunu-gazimagusada-yesilcam-film-muzikleri-konseri-verecek\/","og_site_name":"Kuzeyin Sesi","article_publisher":"https:\/\/www.facebook.com\/kuzeyinsesii","article_published_time":"2024-09-25T15:36:50+00:00","og_image":[{"url":"https:\/\/brtk.net\/wp-content\/uploads\/2024\/09\/25\/gmb-lbo.jpeg?ver=21edb988302467144f7dd9d3b585a8c3","type":"","width":"","height":""}],"author":"Kuzeyin Sesi","twitter_card":"summary_large_image","twitter_creator":"@kuzeyinsesii","twitter_site":"@kuzeyinsesii","twitter_misc":{"Yazan:":"Kuzeyin Sesi"},"schema":{"@context":"https:\/\/schema.org","@graph":[{"@type":"Article","@id":"https:\/\/kuzeyinsesi.org\/index.php\/2024\/09\/25\/lefkosa-belediye-orkestrasi-cuma-gunu-gazimagusada-yesilcam-film-muzikleri-konseri-verecek\/#article","isPartOf":{"@id":"https:\/\/kuzeyinsesi.org\/index.php\/2024\/09\/25\/lefkosa-belediye-orkestrasi-cuma-gunu-gazimagusada-yesilcam-film-muzikleri-konseri-verecek\/"},"author":{"name":"Kuzeyin Sesi","@id":"https:\/\/kuzeyinsesi.org\/#\/schema\/person\/9f859689cdf01485597712386e37f5aa"},"headline":"Lefko\u015fa Belediye Orkestras\u0131 cuma g\u00fcn\u00fc Gazima\u011fusa\u2019da \u201cYe\u015fil\u00e7am Film M\u00fczikleri\u2019\u2019 konseri verecek","datePublished":"2024-09-25T15:36:50+00:00","mainEntityOfPage":{"@id":"https:\/\/kuzeyinsesi.org\/index.php\/2024\/09\/25\/lefkosa-belediye-orkestrasi-cuma-gunu-gazimagusada-yesilcam-film-muzikleri-konseri-verecek\/"},"wordCount":107,"commentCount":0,"image":{"@id":"https:\/\/kuzeyinsesi.org\/index.php\/2024\/09\/25\/lefkosa-belediye-orkestrasi-cuma-gunu-gazimagusada-yesilcam-film-muzikleri-konseri-verecek\/#primaryimage"},"thumbnailUrl":"https:\/\/kuzeyinsesi.org\/wp-content\/uploads\/2024\/09\/gmb-lbo.jpeg","articleSection":["Ya\u015fam"],"inLanguage":"tr","potentialAction":[{"@type":"CommentAction","name":"Comment","target":["https:\/\/kuzeyinsesi.org\/index.php\/2024\/09\/25\/lefkosa-belediye-orkestrasi-cuma-gunu-gazimagusada-yesilcam-film-muzikleri-konseri-verecek\/#respond"]}]},{"@type":"WebPage","@id":"https:\/\/kuzeyinsesi.org\/index.php\/2024\/09\/25\/lefkosa-belediye-orkestrasi-cuma-gunu-gazimagusada-yesilcam-film-muzikleri-konseri-verecek\/","url":"https:\/\/kuzeyinsesi.org\/index.php\/2024\/09\/25\/lefkosa-belediye-orkestrasi-cuma-gunu-gazimagusada-yesilcam-film-muzikleri-konseri-verecek\/","name":"Lefko\u015fa Belediye Orkestras\u0131 cuma g\u00fcn\u00fc Gazima\u011fusa\u2019da \u201cYe\u015fil\u00e7am Film M\u00fczikleri\u2019\u2019 konseri verecek - Kuzeyin Sesi","isPartOf":{"@id":"https:\/\/kuzeyinsesi.org\/#website"},"primaryImageOfPage":{"@id":"https:\/\/kuzeyinsesi.org\/index.php\/2024\/09\/25\/lefkosa-belediye-orkestrasi-cuma-gunu-gazimagusada-yesilcam-film-muzikleri-konseri-verecek\/#primaryimage"},"image":{"@id":"https:\/\/kuzeyinsesi.org\/index.php\/2024\/09\/25\/lefkosa-belediye-orkestrasi-cuma-gunu-gazimagusada-yesilcam-film-muzikleri-konseri-verecek\/#primaryimage"},"thumbnailUrl":"https:\/\/kuzeyinsesi.org\/wp-content\/uploads\/2024\/09\/gmb-lbo.jpeg","datePublished":"2024-09-25T15:36:50+00:00","author":{"@id":"https:\/\/kuzeyinsesi.org\/#\/schema\/person\/9f859689cdf01485597712386e37f5aa"},"breadcrumb":{"@id":"https:\/\/kuzeyinsesi.org\/index.php\/2024\/09\/25\/lefkosa-belediye-orkestrasi-cuma-gunu-gazimagusada-yesilcam-film-muzikleri-konseri-verecek\/#breadcrumb"},"inLanguage":"tr","potentialAction":[{"@type":"ReadAction","target":["https:\/\/kuzeyinsesi.org\/index.php\/2024\/09\/25\/lefkosa-belediye-orkestrasi-cuma-gunu-gazimagusada-yesilcam-film-muzikleri-konseri-verecek\/"]}]},{"@type":"ImageObject","inLanguage":"tr","@id":"https:\/\/kuzeyinsesi.org\/index.php\/2024\/09\/25\/lefkosa-belediye-orkestrasi-cuma-gunu-gazimagusada-yesilcam-film-muzikleri-konseri-verecek\/#primaryimage","url":"https:\/\/kuzeyinsesi.org\/wp-content\/uploads\/2024\/09\/gmb-lbo.jpeg","contentUrl":"https:\/\/kuzeyinsesi.org\/wp-content\/uploads\/2024\/09\/gmb-lbo.jpeg","width":1500,"height":1500},{"@type":"BreadcrumbList","@id":"https:\/\/kuzeyinsesi.org\/index.php\/2024\/09\/25\/lefkosa-belediye-orkestrasi-cuma-gunu-gazimagusada-yesilcam-film-muzikleri-konseri-verecek\/#breadcrumb","itemListElement":[{"@type":"ListItem","position":1,"name":"Anasayfa","item":"https:\/\/kuzeyinsesi.org\/"},{"@type":"ListItem","position":2,"name":"Lefko\u015fa Belediye Orkestras\u0131 cuma g\u00fcn\u00fc Gazima\u011fusa\u2019da \u201cYe\u015fil\u00e7am Film M\u00fczikleri\u2019\u2019 konseri verecek"}]},{"@type":"WebSite","@id":"https:\/\/kuzeyinsesi.org\/#website","url":"https:\/\/kuzeyinsesi.org\/","name":"Kuzeyin Sesi","description":"Do\u011fru Haberin Adresi","potentialAction":[{"@type":"SearchAction","target":{"@type":"EntryPoint","urlTemplate":"https:\/\/kuzeyinsesi.org\/?s={search_term_string}"},"query-input":{"@type":"PropertyValueSpecification","valueRequired":true,"valueName":"search_term_string"}}],"inLanguage":"tr"},{"@type":"Person","@id":"https:\/\/kuzeyinsesi.org\/#\/schema\/person\/9f859689cdf01485597712386e37f5aa","name":"Kuzeyin Sesi","image":{"@type":"ImageObject","inLanguage":"tr","@id":"https:\/\/secure.gravatar.com\/avatar\/bab33852abfd8b282518d6ed81826833d77c3c882d9ab608add591ccace47a44?s=96&d=mm&r=g","url":"https:\/\/secure.gravatar.com\/avatar\/bab33852abfd8b282518d6ed81826833d77c3c882d9ab608add591ccace47a44?s=96&d=mm&r=g","contentUrl":"https:\/\/secure.gravatar.com\/avatar\/bab33852abfd8b282518d6ed81826833d77c3c882d9ab608add591ccace47a44?s=96&d=mm&r=g","caption":"Kuzeyin Sesi"},"sameAs":["https:\/\/kuzeyinsesi.org"],"url":"https:\/\/kuzeyinsesi.org\/index.php\/author\/guven\/"}]}},"_links":{"self":[{"href":"https:\/\/kuzeyinsesi.org\/index.php\/wp-json\/wp\/v2\/posts\/10432","targetHints":{"allow":["GET"]}}],"collection":[{"href":"https:\/\/kuzeyinsesi.org\/index.php\/wp-json\/wp\/v2\/posts"}],"about":[{"href":"https:\/\/kuzeyinsesi.org\/index.php\/wp-json\/wp\/v2\/types\/post"}],"author":[{"embeddable":true,"href":"https:\/\/kuzeyinsesi.org\/index.php\/wp-json\/wp\/v2\/users\/1"}],"replies":[{"embeddable":true,"href":"https:\/\/kuzeyinsesi.org\/index.php\/wp-json\/wp\/v2\/comments?post=10432"}],"version-history":[{"count":0,"href":"https:\/\/kuzeyinsesi.org\/index.php\/wp-json\/wp\/v2\/posts\/10432\/revisions"}],"wp:featuredmedia":[{"embeddable":true,"href":"https:\/\/kuzeyinsesi.org\/index.php\/wp-json\/wp\/v2\/media\/10433"}],"wp:attachment":[{"href":"https:\/\/kuzeyinsesi.org\/index.php\/wp-json\/wp\/v2\/media?parent=10432"}],"wp:term":[{"taxonomy":"category","embeddable":true,"href":"https:\/\/kuzeyinsesi.org\/index.php\/wp-json\/wp\/v2\/categories?post=10432"},{"taxonomy":"post_tag","embeddable":true,"href":"https:\/\/kuzeyinsesi.org\/index.php\/wp-json\/wp\/v2\/tags?post=10432"}],"curies":[{"name":"wp","href":"https:\/\/api.w.org\/{rel}","templated":true}]}}