{"id":10422,"date":"2024-09-25T17:36:12","date_gmt":"2024-09-25T14:36:12","guid":{"rendered":"https:\/\/kuzeyinsesi.org\/index.php\/2024\/09\/25\/yazar-emrah-ozturk-79-yunus-nadi-odullerinde-oyku-dalinda-odul-kazandi\/"},"modified":"2024-09-25T17:36:12","modified_gmt":"2024-09-25T14:36:12","slug":"yazar-emrah-ozturk-79-yunus-nadi-odullerinde-oyku-dalinda-odul-kazandi","status":"publish","type":"post","link":"https:\/\/kuzeyinsesi.org\/index.php\/2024\/09\/25\/yazar-emrah-ozturk-79-yunus-nadi-odullerinde-oyku-dalinda-odul-kazandi\/","title":{"rendered":"Yazar Emrah \u00d6zt\u00fcrk, 79. Yunus Nadi \u00d6d\u00fcllerinde \u00f6yk\u00fc dal\u0131nda \u00f6d\u00fcl kazand\u0131"},"content":{"rendered":"<div>\n<div class=\"mariselle-image-container none\">\n                                            <\/div>\n<p>Akademisyen-yazar-film y\u00f6netmeni Emrah \u00d6zt\u00fcrk, 79. Yunus Nadi \u00d6d\u00fclleri\u2019nde \u201c\u00f6yk\u00fc\u201d dal\u0131nda \u00f6d\u00fcle lay\u0131k g\u00f6r\u00fcld\u00fc.<\/p>\n<p>\u00d6zt\u00fcrk\u2019\u00fcn verdi\u011fi bilgiye g\u00f6re, \u201cEvine D\u00f6nemeyen Adam\u201d adl\u0131 \u00f6yk\u00fc kitab\u0131yla \u00f6d\u00fcl kazand\u0131.<\/p>\n<p>Cumhuriyet Gazetesi kurucu Yunus Nadi ad\u0131na verilen \u00f6d\u00fcllerde se\u00e7ici kurullar, bu y\u0131l 248 yap\u0131t\u0131 de\u011ferlendirerek 6 dalda 6 yap\u0131ta \u00f6d\u00fcl vermeyi uygun buldu.<\/p>\n<\/p><\/div>\n<p><script async\n                    defer\n                    crossorigin=\"anonymous\"\n                    src=\"https:\/\/connect.facebook.net\/tr_TR\/sdk.js#xfbml=1&#038;version=v3.3\"\n            ><\/script><\/p>\n","protected":false},"excerpt":{"rendered":"<p>Akademisyen-yazar-film y\u00f6netmeni Emrah \u00d6zt\u00fcrk, 79. Yunus Nadi \u00d6d\u00fclleri\u2019nde \u201c\u00f6yk\u00fc\u201d dal\u0131nda \u00f6d\u00fcle lay\u0131k g\u00f6r\u00fcld\u00fc. \u00d6zt\u00fcrk\u2019\u00fcn verdi\u011fi bilgiye g\u00f6re, \u201cEvine D\u00f6nemeyen Adam\u201d adl\u0131 \u00f6yk\u00fc kitab\u0131yla \u00f6d\u00fcl kazand\u0131. Cumhuriyet Gazetesi kurucu Yunus Nadi ad\u0131na verilen \u00f6d\u00fcllerde se\u00e7ici kurullar, bu y\u0131l 248 yap\u0131t\u0131 de\u011ferlendirerek 6 dalda 6 yap\u0131ta \u00f6d\u00fcl vermeyi uygun buldu.<\/p>\n","protected":false},"author":1,"featured_media":10423,"comment_status":"open","ping_status":"open","sticky":false,"template":"","format":"standard","meta":{"jnews-multi-image_gallery":[],"jnews_single_post":[],"jnews_primary_category":[],"jnews_social_meta":[],"jnews_override_counter":[],"footnotes":""},"categories":[6],"tags":[],"class_list":["post-10422","post","type-post","status-publish","format-standard","has-post-thumbnail","hentry","category-yasam"],"yoast_head":"<!-- This site is optimized with the Yoast SEO plugin v27.5 - https:\/\/yoast.com\/product\/yoast-seo-wordpress\/ -->\n<title>Yazar Emrah \u00d6zt\u00fcrk, 79. Yunus Nadi \u00d6d\u00fcllerinde \u00f6yk\u00fc dal\u0131nda \u00f6d\u00fcl kazand\u0131 - Kuzeyin Sesi<\/title>\n<meta name=\"robots\" content=\"index, follow, max-snippet:-1, max-image-preview:large, max-video-preview:-1\" \/>\n<link rel=\"canonical\" href=\"https:\/\/kuzeyinsesi.org\/index.php\/2024\/09\/25\/yazar-emrah-ozturk-79-yunus-nadi-odullerinde-oyku-dalinda-odul-kazandi\/\" \/>\n<meta property=\"og:locale\" content=\"tr_TR\" \/>\n<meta property=\"og:type\" content=\"article\" \/>\n<meta property=\"og:title\" content=\"Yazar Emrah \u00d6zt\u00fcrk, 79. Yunus Nadi \u00d6d\u00fcllerinde \u00f6yk\u00fc dal\u0131nda \u00f6d\u00fcl kazand\u0131 - Kuzeyin Sesi\" \/>\n<meta property=\"og:description\" content=\"Akademisyen-yazar-film y\u00f6netmeni Emrah \u00d6zt\u00fcrk, 79. Yunus Nadi \u00d6d\u00fclleri\u2019nde \u201c\u00f6yk\u00fc\u201d dal\u0131nda \u00f6d\u00fcle lay\u0131k g\u00f6r\u00fcld\u00fc. \u00d6zt\u00fcrk\u2019\u00fcn verdi\u011fi bilgiye g\u00f6re, \u201cEvine D\u00f6nemeyen Adam\u201d adl\u0131 \u00f6yk\u00fc kitab\u0131yla \u00f6d\u00fcl kazand\u0131. Cumhuriyet Gazetesi kurucu Yunus Nadi ad\u0131na verilen \u00f6d\u00fcllerde se\u00e7ici kurullar, bu y\u0131l 248 yap\u0131t\u0131 de\u011ferlendirerek 6 dalda 6 yap\u0131ta \u00f6d\u00fcl vermeyi uygun buldu.\" \/>\n<meta property=\"og:url\" content=\"https:\/\/kuzeyinsesi.org\/index.php\/2024\/09\/25\/yazar-emrah-ozturk-79-yunus-nadi-odullerinde-oyku-dalinda-odul-kazandi\/\" \/>\n<meta property=\"og:site_name\" content=\"Kuzeyin Sesi\" \/>\n<meta property=\"article:publisher\" content=\"https:\/\/www.facebook.com\/kuzeyinsesii\" \/>\n<meta property=\"article:published_time\" content=\"2024-09-25T14:36:12+00:00\" \/>\n<meta property=\"og:image\" content=\"https:\/\/brtk.net\/wp-content\/uploads\/2024\/09\/25\/evine-donemeyen-adam.jpg?ver=9c6c79f396cb3a4d281ce8562f040e39\" \/>\n<meta name=\"author\" content=\"Kuzeyin Sesi\" \/>\n<meta name=\"twitter:card\" content=\"summary_large_image\" \/>\n<meta name=\"twitter:creator\" content=\"@kuzeyinsesii\" \/>\n<meta name=\"twitter:site\" content=\"@kuzeyinsesii\" \/>\n<meta name=\"twitter:label1\" content=\"Yazan:\" \/>\n\t<meta name=\"twitter:data1\" content=\"Kuzeyin Sesi\" \/>\n<script type=\"application\/ld+json\" class=\"yoast-schema-graph\">{\"@context\":\"https:\\\/\\\/schema.org\",\"@graph\":[{\"@type\":\"Article\",\"@id\":\"https:\\\/\\\/kuzeyinsesi.org\\\/index.php\\\/2024\\\/09\\\/25\\\/yazar-emrah-ozturk-79-yunus-nadi-odullerinde-oyku-dalinda-odul-kazandi\\\/#article\",\"isPartOf\":{\"@id\":\"https:\\\/\\\/kuzeyinsesi.org\\\/index.php\\\/2024\\\/09\\\/25\\\/yazar-emrah-ozturk-79-yunus-nadi-odullerinde-oyku-dalinda-odul-kazandi\\\/\"},\"author\":{\"name\":\"Kuzeyin Sesi\",\"@id\":\"https:\\\/\\\/kuzeyinsesi.org\\\/#\\\/schema\\\/person\\\/9f859689cdf01485597712386e37f5aa\"},\"headline\":\"Yazar Emrah \u00d6zt\u00fcrk, 79. Yunus Nadi \u00d6d\u00fcllerinde \u00f6yk\u00fc dal\u0131nda \u00f6d\u00fcl kazand\u0131\",\"datePublished\":\"2024-09-25T14:36:12+00:00\",\"mainEntityOfPage\":{\"@id\":\"https:\\\/\\\/kuzeyinsesi.org\\\/index.php\\\/2024\\\/09\\\/25\\\/yazar-emrah-ozturk-79-yunus-nadi-odullerinde-oyku-dalinda-odul-kazandi\\\/\"},\"wordCount\":82,\"commentCount\":0,\"image\":{\"@id\":\"https:\\\/\\\/kuzeyinsesi.org\\\/index.php\\\/2024\\\/09\\\/25\\\/yazar-emrah-ozturk-79-yunus-nadi-odullerinde-oyku-dalinda-odul-kazandi\\\/#primaryimage\"},\"thumbnailUrl\":\"https:\\\/\\\/kuzeyinsesi.org\\\/wp-content\\\/uploads\\\/2024\\\/09\\\/yazar-emrah-ozturk-79-yunus-nadi-odullerinde-oyku-dalinda-odul-kazandi-kibris-gercek-haber.webp.webp\",\"articleSection\":[\"Ya\u015fam\"],\"inLanguage\":\"tr\",\"potentialAction\":[{\"@type\":\"CommentAction\",\"name\":\"Comment\",\"target\":[\"https:\\\/\\\/kuzeyinsesi.org\\\/index.php\\\/2024\\\/09\\\/25\\\/yazar-emrah-ozturk-79-yunus-nadi-odullerinde-oyku-dalinda-odul-kazandi\\\/#respond\"]}]},{\"@type\":\"WebPage\",\"@id\":\"https:\\\/\\\/kuzeyinsesi.org\\\/index.php\\\/2024\\\/09\\\/25\\\/yazar-emrah-ozturk-79-yunus-nadi-odullerinde-oyku-dalinda-odul-kazandi\\\/\",\"url\":\"https:\\\/\\\/kuzeyinsesi.org\\\/index.php\\\/2024\\\/09\\\/25\\\/yazar-emrah-ozturk-79-yunus-nadi-odullerinde-oyku-dalinda-odul-kazandi\\\/\",\"name\":\"Yazar Emrah \u00d6zt\u00fcrk, 79. Yunus Nadi \u00d6d\u00fcllerinde \u00f6yk\u00fc dal\u0131nda \u00f6d\u00fcl kazand\u0131 - Kuzeyin Sesi\",\"isPartOf\":{\"@id\":\"https:\\\/\\\/kuzeyinsesi.org\\\/#website\"},\"primaryImageOfPage\":{\"@id\":\"https:\\\/\\\/kuzeyinsesi.org\\\/index.php\\\/2024\\\/09\\\/25\\\/yazar-emrah-ozturk-79-yunus-nadi-odullerinde-oyku-dalinda-odul-kazandi\\\/#primaryimage\"},\"image\":{\"@id\":\"https:\\\/\\\/kuzeyinsesi.org\\\/index.php\\\/2024\\\/09\\\/25\\\/yazar-emrah-ozturk-79-yunus-nadi-odullerinde-oyku-dalinda-odul-kazandi\\\/#primaryimage\"},\"thumbnailUrl\":\"https:\\\/\\\/kuzeyinsesi.org\\\/wp-content\\\/uploads\\\/2024\\\/09\\\/yazar-emrah-ozturk-79-yunus-nadi-odullerinde-oyku-dalinda-odul-kazandi-kibris-gercek-haber.webp.webp\",\"datePublished\":\"2024-09-25T14:36:12+00:00\",\"author\":{\"@id\":\"https:\\\/\\\/kuzeyinsesi.org\\\/#\\\/schema\\\/person\\\/9f859689cdf01485597712386e37f5aa\"},\"breadcrumb\":{\"@id\":\"https:\\\/\\\/kuzeyinsesi.org\\\/index.php\\\/2024\\\/09\\\/25\\\/yazar-emrah-ozturk-79-yunus-nadi-odullerinde-oyku-dalinda-odul-kazandi\\\/#breadcrumb\"},\"inLanguage\":\"tr\",\"potentialAction\":[{\"@type\":\"ReadAction\",\"target\":[\"https:\\\/\\\/kuzeyinsesi.org\\\/index.php\\\/2024\\\/09\\\/25\\\/yazar-emrah-ozturk-79-yunus-nadi-odullerinde-oyku-dalinda-odul-kazandi\\\/\"]}]},{\"@type\":\"ImageObject\",\"inLanguage\":\"tr\",\"@id\":\"https:\\\/\\\/kuzeyinsesi.org\\\/index.php\\\/2024\\\/09\\\/25\\\/yazar-emrah-ozturk-79-yunus-nadi-odullerinde-oyku-dalinda-odul-kazandi\\\/#primaryimage\",\"url\":\"https:\\\/\\\/kuzeyinsesi.org\\\/wp-content\\\/uploads\\\/2024\\\/09\\\/yazar-emrah-ozturk-79-yunus-nadi-odullerinde-oyku-dalinda-odul-kazandi-kibris-gercek-haber.webp.webp\",\"contentUrl\":\"https:\\\/\\\/kuzeyinsesi.org\\\/wp-content\\\/uploads\\\/2024\\\/09\\\/yazar-emrah-ozturk-79-yunus-nadi-odullerinde-oyku-dalinda-odul-kazandi-kibris-gercek-haber.webp.webp\",\"width\":1280,\"height\":720},{\"@type\":\"BreadcrumbList\",\"@id\":\"https:\\\/\\\/kuzeyinsesi.org\\\/index.php\\\/2024\\\/09\\\/25\\\/yazar-emrah-ozturk-79-yunus-nadi-odullerinde-oyku-dalinda-odul-kazandi\\\/#breadcrumb\",\"itemListElement\":[{\"@type\":\"ListItem\",\"position\":1,\"name\":\"Anasayfa\",\"item\":\"https:\\\/\\\/kuzeyinsesi.org\\\/\"},{\"@type\":\"ListItem\",\"position\":2,\"name\":\"Yazar Emrah \u00d6zt\u00fcrk, 79. Yunus Nadi \u00d6d\u00fcllerinde \u00f6yk\u00fc dal\u0131nda \u00f6d\u00fcl kazand\u0131\"}]},{\"@type\":\"WebSite\",\"@id\":\"https:\\\/\\\/kuzeyinsesi.org\\\/#website\",\"url\":\"https:\\\/\\\/kuzeyinsesi.org\\\/\",\"name\":\"Kuzeyin Sesi\",\"description\":\"Do\u011fru Haberin Adresi\",\"potentialAction\":[{\"@type\":\"SearchAction\",\"target\":{\"@type\":\"EntryPoint\",\"urlTemplate\":\"https:\\\/\\\/kuzeyinsesi.org\\\/?s={search_term_string}\"},\"query-input\":{\"@type\":\"PropertyValueSpecification\",\"valueRequired\":true,\"valueName\":\"search_term_string\"}}],\"inLanguage\":\"tr\"},{\"@type\":\"Person\",\"@id\":\"https:\\\/\\\/kuzeyinsesi.org\\\/#\\\/schema\\\/person\\\/9f859689cdf01485597712386e37f5aa\",\"name\":\"Kuzeyin Sesi\",\"image\":{\"@type\":\"ImageObject\",\"inLanguage\":\"tr\",\"@id\":\"https:\\\/\\\/secure.gravatar.com\\\/avatar\\\/bab33852abfd8b282518d6ed81826833d77c3c882d9ab608add591ccace47a44?s=96&d=mm&r=g\",\"url\":\"https:\\\/\\\/secure.gravatar.com\\\/avatar\\\/bab33852abfd8b282518d6ed81826833d77c3c882d9ab608add591ccace47a44?s=96&d=mm&r=g\",\"contentUrl\":\"https:\\\/\\\/secure.gravatar.com\\\/avatar\\\/bab33852abfd8b282518d6ed81826833d77c3c882d9ab608add591ccace47a44?s=96&d=mm&r=g\",\"caption\":\"Kuzeyin Sesi\"},\"sameAs\":[\"https:\\\/\\\/kuzeyinsesi.org\"],\"url\":\"https:\\\/\\\/kuzeyinsesi.org\\\/index.php\\\/author\\\/guven\\\/\"}]}<\/script>\n<!-- \/ Yoast SEO plugin. -->","yoast_head_json":{"title":"Yazar Emrah \u00d6zt\u00fcrk, 79. Yunus Nadi \u00d6d\u00fcllerinde \u00f6yk\u00fc dal\u0131nda \u00f6d\u00fcl kazand\u0131 - Kuzeyin Sesi","robots":{"index":"index","follow":"follow","max-snippet":"max-snippet:-1","max-image-preview":"max-image-preview:large","max-video-preview":"max-video-preview:-1"},"canonical":"https:\/\/kuzeyinsesi.org\/index.php\/2024\/09\/25\/yazar-emrah-ozturk-79-yunus-nadi-odullerinde-oyku-dalinda-odul-kazandi\/","og_locale":"tr_TR","og_type":"article","og_title":"Yazar Emrah \u00d6zt\u00fcrk, 79. Yunus Nadi \u00d6d\u00fcllerinde \u00f6yk\u00fc dal\u0131nda \u00f6d\u00fcl kazand\u0131 - Kuzeyin Sesi","og_description":"Akademisyen-yazar-film y\u00f6netmeni Emrah \u00d6zt\u00fcrk, 79. Yunus Nadi \u00d6d\u00fclleri\u2019nde \u201c\u00f6yk\u00fc\u201d dal\u0131nda \u00f6d\u00fcle lay\u0131k g\u00f6r\u00fcld\u00fc. \u00d6zt\u00fcrk\u2019\u00fcn verdi\u011fi bilgiye g\u00f6re, \u201cEvine D\u00f6nemeyen Adam\u201d adl\u0131 \u00f6yk\u00fc kitab\u0131yla \u00f6d\u00fcl kazand\u0131. Cumhuriyet Gazetesi kurucu Yunus Nadi ad\u0131na verilen \u00f6d\u00fcllerde se\u00e7ici kurullar, bu y\u0131l 248 yap\u0131t\u0131 de\u011ferlendirerek 6 dalda 6 yap\u0131ta \u00f6d\u00fcl vermeyi uygun buldu.","og_url":"https:\/\/kuzeyinsesi.org\/index.php\/2024\/09\/25\/yazar-emrah-ozturk-79-yunus-nadi-odullerinde-oyku-dalinda-odul-kazandi\/","og_site_name":"Kuzeyin Sesi","article_publisher":"https:\/\/www.facebook.com\/kuzeyinsesii","article_published_time":"2024-09-25T14:36:12+00:00","og_image":[{"url":"https:\/\/brtk.net\/wp-content\/uploads\/2024\/09\/25\/evine-donemeyen-adam.jpg?ver=9c6c79f396cb3a4d281ce8562f040e39","type":"","width":"","height":""}],"author":"Kuzeyin Sesi","twitter_card":"summary_large_image","twitter_creator":"@kuzeyinsesii","twitter_site":"@kuzeyinsesii","twitter_misc":{"Yazan:":"Kuzeyin Sesi"},"schema":{"@context":"https:\/\/schema.org","@graph":[{"@type":"Article","@id":"https:\/\/kuzeyinsesi.org\/index.php\/2024\/09\/25\/yazar-emrah-ozturk-79-yunus-nadi-odullerinde-oyku-dalinda-odul-kazandi\/#article","isPartOf":{"@id":"https:\/\/kuzeyinsesi.org\/index.php\/2024\/09\/25\/yazar-emrah-ozturk-79-yunus-nadi-odullerinde-oyku-dalinda-odul-kazandi\/"},"author":{"name":"Kuzeyin Sesi","@id":"https:\/\/kuzeyinsesi.org\/#\/schema\/person\/9f859689cdf01485597712386e37f5aa"},"headline":"Yazar Emrah \u00d6zt\u00fcrk, 79. Yunus Nadi \u00d6d\u00fcllerinde \u00f6yk\u00fc dal\u0131nda \u00f6d\u00fcl kazand\u0131","datePublished":"2024-09-25T14:36:12+00:00","mainEntityOfPage":{"@id":"https:\/\/kuzeyinsesi.org\/index.php\/2024\/09\/25\/yazar-emrah-ozturk-79-yunus-nadi-odullerinde-oyku-dalinda-odul-kazandi\/"},"wordCount":82,"commentCount":0,"image":{"@id":"https:\/\/kuzeyinsesi.org\/index.php\/2024\/09\/25\/yazar-emrah-ozturk-79-yunus-nadi-odullerinde-oyku-dalinda-odul-kazandi\/#primaryimage"},"thumbnailUrl":"https:\/\/kuzeyinsesi.org\/wp-content\/uploads\/2024\/09\/yazar-emrah-ozturk-79-yunus-nadi-odullerinde-oyku-dalinda-odul-kazandi-kibris-gercek-haber.webp.webp","articleSection":["Ya\u015fam"],"inLanguage":"tr","potentialAction":[{"@type":"CommentAction","name":"Comment","target":["https:\/\/kuzeyinsesi.org\/index.php\/2024\/09\/25\/yazar-emrah-ozturk-79-yunus-nadi-odullerinde-oyku-dalinda-odul-kazandi\/#respond"]}]},{"@type":"WebPage","@id":"https:\/\/kuzeyinsesi.org\/index.php\/2024\/09\/25\/yazar-emrah-ozturk-79-yunus-nadi-odullerinde-oyku-dalinda-odul-kazandi\/","url":"https:\/\/kuzeyinsesi.org\/index.php\/2024\/09\/25\/yazar-emrah-ozturk-79-yunus-nadi-odullerinde-oyku-dalinda-odul-kazandi\/","name":"Yazar Emrah \u00d6zt\u00fcrk, 79. Yunus Nadi \u00d6d\u00fcllerinde \u00f6yk\u00fc dal\u0131nda \u00f6d\u00fcl kazand\u0131 - Kuzeyin Sesi","isPartOf":{"@id":"https:\/\/kuzeyinsesi.org\/#website"},"primaryImageOfPage":{"@id":"https:\/\/kuzeyinsesi.org\/index.php\/2024\/09\/25\/yazar-emrah-ozturk-79-yunus-nadi-odullerinde-oyku-dalinda-odul-kazandi\/#primaryimage"},"image":{"@id":"https:\/\/kuzeyinsesi.org\/index.php\/2024\/09\/25\/yazar-emrah-ozturk-79-yunus-nadi-odullerinde-oyku-dalinda-odul-kazandi\/#primaryimage"},"thumbnailUrl":"https:\/\/kuzeyinsesi.org\/wp-content\/uploads\/2024\/09\/yazar-emrah-ozturk-79-yunus-nadi-odullerinde-oyku-dalinda-odul-kazandi-kibris-gercek-haber.webp.webp","datePublished":"2024-09-25T14:36:12+00:00","author":{"@id":"https:\/\/kuzeyinsesi.org\/#\/schema\/person\/9f859689cdf01485597712386e37f5aa"},"breadcrumb":{"@id":"https:\/\/kuzeyinsesi.org\/index.php\/2024\/09\/25\/yazar-emrah-ozturk-79-yunus-nadi-odullerinde-oyku-dalinda-odul-kazandi\/#breadcrumb"},"inLanguage":"tr","potentialAction":[{"@type":"ReadAction","target":["https:\/\/kuzeyinsesi.org\/index.php\/2024\/09\/25\/yazar-emrah-ozturk-79-yunus-nadi-odullerinde-oyku-dalinda-odul-kazandi\/"]}]},{"@type":"ImageObject","inLanguage":"tr","@id":"https:\/\/kuzeyinsesi.org\/index.php\/2024\/09\/25\/yazar-emrah-ozturk-79-yunus-nadi-odullerinde-oyku-dalinda-odul-kazandi\/#primaryimage","url":"https:\/\/kuzeyinsesi.org\/wp-content\/uploads\/2024\/09\/yazar-emrah-ozturk-79-yunus-nadi-odullerinde-oyku-dalinda-odul-kazandi-kibris-gercek-haber.webp.webp","contentUrl":"https:\/\/kuzeyinsesi.org\/wp-content\/uploads\/2024\/09\/yazar-emrah-ozturk-79-yunus-nadi-odullerinde-oyku-dalinda-odul-kazandi-kibris-gercek-haber.webp.webp","width":1280,"height":720},{"@type":"BreadcrumbList","@id":"https:\/\/kuzeyinsesi.org\/index.php\/2024\/09\/25\/yazar-emrah-ozturk-79-yunus-nadi-odullerinde-oyku-dalinda-odul-kazandi\/#breadcrumb","itemListElement":[{"@type":"ListItem","position":1,"name":"Anasayfa","item":"https:\/\/kuzeyinsesi.org\/"},{"@type":"ListItem","position":2,"name":"Yazar Emrah \u00d6zt\u00fcrk, 79. Yunus Nadi \u00d6d\u00fcllerinde \u00f6yk\u00fc dal\u0131nda \u00f6d\u00fcl kazand\u0131"}]},{"@type":"WebSite","@id":"https:\/\/kuzeyinsesi.org\/#website","url":"https:\/\/kuzeyinsesi.org\/","name":"Kuzeyin Sesi","description":"Do\u011fru Haberin Adresi","potentialAction":[{"@type":"SearchAction","target":{"@type":"EntryPoint","urlTemplate":"https:\/\/kuzeyinsesi.org\/?s={search_term_string}"},"query-input":{"@type":"PropertyValueSpecification","valueRequired":true,"valueName":"search_term_string"}}],"inLanguage":"tr"},{"@type":"Person","@id":"https:\/\/kuzeyinsesi.org\/#\/schema\/person\/9f859689cdf01485597712386e37f5aa","name":"Kuzeyin Sesi","image":{"@type":"ImageObject","inLanguage":"tr","@id":"https:\/\/secure.gravatar.com\/avatar\/bab33852abfd8b282518d6ed81826833d77c3c882d9ab608add591ccace47a44?s=96&d=mm&r=g","url":"https:\/\/secure.gravatar.com\/avatar\/bab33852abfd8b282518d6ed81826833d77c3c882d9ab608add591ccace47a44?s=96&d=mm&r=g","contentUrl":"https:\/\/secure.gravatar.com\/avatar\/bab33852abfd8b282518d6ed81826833d77c3c882d9ab608add591ccace47a44?s=96&d=mm&r=g","caption":"Kuzeyin Sesi"},"sameAs":["https:\/\/kuzeyinsesi.org"],"url":"https:\/\/kuzeyinsesi.org\/index.php\/author\/guven\/"}]}},"_links":{"self":[{"href":"https:\/\/kuzeyinsesi.org\/index.php\/wp-json\/wp\/v2\/posts\/10422","targetHints":{"allow":["GET"]}}],"collection":[{"href":"https:\/\/kuzeyinsesi.org\/index.php\/wp-json\/wp\/v2\/posts"}],"about":[{"href":"https:\/\/kuzeyinsesi.org\/index.php\/wp-json\/wp\/v2\/types\/post"}],"author":[{"embeddable":true,"href":"https:\/\/kuzeyinsesi.org\/index.php\/wp-json\/wp\/v2\/users\/1"}],"replies":[{"embeddable":true,"href":"https:\/\/kuzeyinsesi.org\/index.php\/wp-json\/wp\/v2\/comments?post=10422"}],"version-history":[{"count":0,"href":"https:\/\/kuzeyinsesi.org\/index.php\/wp-json\/wp\/v2\/posts\/10422\/revisions"}],"wp:featuredmedia":[{"embeddable":true,"href":"https:\/\/kuzeyinsesi.org\/index.php\/wp-json\/wp\/v2\/media\/10423"}],"wp:attachment":[{"href":"https:\/\/kuzeyinsesi.org\/index.php\/wp-json\/wp\/v2\/media?parent=10422"}],"wp:term":[{"taxonomy":"category","embeddable":true,"href":"https:\/\/kuzeyinsesi.org\/index.php\/wp-json\/wp\/v2\/categories?post=10422"},{"taxonomy":"post_tag","embeddable":true,"href":"https:\/\/kuzeyinsesi.org\/index.php\/wp-json\/wp\/v2\/tags?post=10422"}],"curies":[{"name":"wp","href":"https:\/\/api.w.org\/{rel}","templated":true}]}}