{"id":10405,"date":"2024-09-25T12:25:07","date_gmt":"2024-09-25T09:25:07","guid":{"rendered":"https:\/\/kuzeyinsesi.org\/index.php\/2024\/09\/25\/bir-dostluk-yolu-sergisi-girnede-ziyarete-acildi\/"},"modified":"2024-09-25T12:25:07","modified_gmt":"2024-09-25T09:25:07","slug":"bir-dostluk-yolu-sergisi-girnede-ziyarete-acildi","status":"publish","type":"post","link":"https:\/\/kuzeyinsesi.org\/index.php\/2024\/09\/25\/bir-dostluk-yolu-sergisi-girnede-ziyarete-acildi\/","title":{"rendered":"\u201cBir Dostluk Yolu\u201d sergisi Girne\u2019de ziyarete a\u00e7\u0131ld\u0131"},"content":{"rendered":"<div>\n<div class=\"mariselle-image-container center\">\n                                            <\/div>\n<p> \u201cGirne Ark\u0131n Group Fest24\u201d kapsam\u0131nda d\u00fczenlenen 2. Uluslararas\u0131 M\u00dcZler Sanat Sempozyumu, \u201cBir Dostluk Yolu\u201d isimli sergiye ev sahipli\u011fi yapt\u0131.<\/p>\n<p>Girne Belediyesi\u2019nden verilen bilgiye g\u00f6re, belediyenin Sanat Galerisi\u2019nde d\u00fcn ak\u015famki sergi a\u00e7\u0131l\u0131\u015f\u0131na, \u00e7ok say\u0131da sanatsever kat\u0131ld\u0131.<\/p>\n<p>Girne Belediyesi Meclis \u00dcyesi Ziya Egemen Sencer, katk\u0131lar\u0131ndan dolay\u0131 sanat\u00e7\u0131 Heidi Trautmann\u2019a plaket takdiminde bulundu.<\/p>\n<p>25 y\u0131ll\u0131k bir ser\u00fcveni kapsayan ve Heidi Trautmann taraf\u0131ndan kaleme al\u0131nan \u201cPer\u015fembe Sanat\u00e7\u0131lar\u0131- Bir Dostluk Yolu\u201d isimli kitab\u0131n resme evrilmi\u015f halini sanatseverlere sunan sergi, 24-27 Eyl\u00fcl tarihleri aras\u0131nda Girne Belediyesi Sanat Galerisi\u2019nde, 10.00-17.00 saatleri aras\u0131nda ziyaret edilebilecek.<\/p>\n<p>Sergide eserleri yer alan sanat\u00e7\u0131lar ise \u015f\u00f6yle:<\/p>\n<p>\u201cG\u00f6nen Atakol, Marylin Bosworth, Muriel Clutten, Christina Hessenberg, Anne Hughes, Hilary Jemal, Sue Monvid, Monika Ottow, Maxene Shailer, Heidi Trautmann, Christine Venediger, T\u00fcneysel Yaylal\u0131.\u201d<\/p>\n<\/p><\/div>\n<p><script async\n                    defer\n                    crossorigin=\"anonymous\"\n                    src=\"https:\/\/connect.facebook.net\/tr_TR\/sdk.js#xfbml=1&#038;version=v3.3\"\n            ><\/script><\/p>\n","protected":false},"excerpt":{"rendered":"<p>\u201cGirne Ark\u0131n Group Fest24\u201d kapsam\u0131nda d\u00fczenlenen 2. Uluslararas\u0131 M\u00dcZler Sanat Sempozyumu, \u201cBir Dostluk Yolu\u201d isimli sergiye ev sahipli\u011fi yapt\u0131. Girne Belediyesi\u2019nden verilen bilgiye g\u00f6re, belediyenin Sanat Galerisi\u2019nde d\u00fcn ak\u015famki sergi a\u00e7\u0131l\u0131\u015f\u0131na, \u00e7ok say\u0131da sanatsever kat\u0131ld\u0131. Girne Belediyesi Meclis \u00dcyesi Ziya Egemen Sencer, katk\u0131lar\u0131ndan dolay\u0131 sanat\u00e7\u0131 Heidi Trautmann\u2019a plaket takdiminde bulundu. 25 y\u0131ll\u0131k bir ser\u00fcveni kapsayan [&hellip;]<\/p>\n","protected":false},"author":1,"featured_media":10406,"comment_status":"open","ping_status":"open","sticky":false,"template":"","format":"standard","meta":{"jnews-multi-image_gallery":[],"jnews_single_post":[],"jnews_primary_category":[],"jnews_social_meta":[],"jnews_override_counter":[],"footnotes":""},"categories":[6],"tags":[],"class_list":["post-10405","post","type-post","status-publish","format-standard","has-post-thumbnail","hentry","category-yasam"],"yoast_head":"<!-- This site is optimized with the Yoast SEO plugin v27.5 - https:\/\/yoast.com\/product\/yoast-seo-wordpress\/ -->\n<title>\u201cBir Dostluk Yolu\u201d sergisi Girne\u2019de ziyarete a\u00e7\u0131ld\u0131 - Kuzeyin Sesi<\/title>\n<meta name=\"robots\" content=\"index, follow, max-snippet:-1, max-image-preview:large, max-video-preview:-1\" \/>\n<link rel=\"canonical\" href=\"https:\/\/kuzeyinsesi.org\/index.php\/2024\/09\/25\/bir-dostluk-yolu-sergisi-girnede-ziyarete-acildi\/\" \/>\n<meta property=\"og:locale\" content=\"tr_TR\" \/>\n<meta property=\"og:type\" content=\"article\" \/>\n<meta property=\"og:title\" content=\"\u201cBir Dostluk Yolu\u201d sergisi Girne\u2019de ziyarete a\u00e7\u0131ld\u0131 - Kuzeyin Sesi\" \/>\n<meta property=\"og:description\" content=\"\u201cGirne Ark\u0131n Group Fest24\u201d kapsam\u0131nda d\u00fczenlenen 2. Uluslararas\u0131 M\u00dcZler Sanat Sempozyumu, \u201cBir Dostluk Yolu\u201d isimli sergiye ev sahipli\u011fi yapt\u0131. Girne Belediyesi\u2019nden verilen bilgiye g\u00f6re, belediyenin Sanat Galerisi\u2019nde d\u00fcn ak\u015famki sergi a\u00e7\u0131l\u0131\u015f\u0131na, \u00e7ok say\u0131da sanatsever kat\u0131ld\u0131. Girne Belediyesi Meclis \u00dcyesi Ziya Egemen Sencer, katk\u0131lar\u0131ndan dolay\u0131 sanat\u00e7\u0131 Heidi Trautmann\u2019a plaket takdiminde bulundu. 25 y\u0131ll\u0131k bir ser\u00fcveni kapsayan [&hellip;]\" \/>\n<meta property=\"og:url\" content=\"https:\/\/kuzeyinsesi.org\/index.php\/2024\/09\/25\/bir-dostluk-yolu-sergisi-girnede-ziyarete-acildi\/\" \/>\n<meta property=\"og:site_name\" content=\"Kuzeyin Sesi\" \/>\n<meta property=\"article:publisher\" content=\"https:\/\/www.facebook.com\/kuzeyinsesii\" \/>\n<meta property=\"article:published_time\" content=\"2024-09-25T09:25:07+00:00\" \/>\n<meta property=\"og:image\" content=\"https:\/\/brtk.net\/wp-content\/uploads\/2024\/09\/25\/983ssaa-scaled.jpg?ver=a355465f51cc7714fb3636d9709877a5\" \/>\n<meta name=\"author\" content=\"Kuzeyin Sesi\" \/>\n<meta name=\"twitter:card\" content=\"summary_large_image\" \/>\n<meta name=\"twitter:creator\" content=\"@kuzeyinsesii\" \/>\n<meta name=\"twitter:site\" content=\"@kuzeyinsesii\" \/>\n<meta name=\"twitter:label1\" content=\"Yazan:\" \/>\n\t<meta name=\"twitter:data1\" content=\"Kuzeyin Sesi\" \/>\n\t<meta name=\"twitter:label2\" content=\"Tahmini okuma s\u00fcresi\" \/>\n\t<meta name=\"twitter:data2\" content=\"1 dakika\" \/>\n<script type=\"application\/ld+json\" class=\"yoast-schema-graph\">{\"@context\":\"https:\\\/\\\/schema.org\",\"@graph\":[{\"@type\":\"Article\",\"@id\":\"https:\\\/\\\/kuzeyinsesi.org\\\/index.php\\\/2024\\\/09\\\/25\\\/bir-dostluk-yolu-sergisi-girnede-ziyarete-acildi\\\/#article\",\"isPartOf\":{\"@id\":\"https:\\\/\\\/kuzeyinsesi.org\\\/index.php\\\/2024\\\/09\\\/25\\\/bir-dostluk-yolu-sergisi-girnede-ziyarete-acildi\\\/\"},\"author\":{\"name\":\"Kuzeyin Sesi\",\"@id\":\"https:\\\/\\\/kuzeyinsesi.org\\\/#\\\/schema\\\/person\\\/9f859689cdf01485597712386e37f5aa\"},\"headline\":\"\u201cBir Dostluk Yolu\u201d sergisi Girne\u2019de ziyarete a\u00e7\u0131ld\u0131\",\"datePublished\":\"2024-09-25T09:25:07+00:00\",\"mainEntityOfPage\":{\"@id\":\"https:\\\/\\\/kuzeyinsesi.org\\\/index.php\\\/2024\\\/09\\\/25\\\/bir-dostluk-yolu-sergisi-girnede-ziyarete-acildi\\\/\"},\"wordCount\":158,\"commentCount\":0,\"image\":{\"@id\":\"https:\\\/\\\/kuzeyinsesi.org\\\/index.php\\\/2024\\\/09\\\/25\\\/bir-dostluk-yolu-sergisi-girnede-ziyarete-acildi\\\/#primaryimage\"},\"thumbnailUrl\":\"https:\\\/\\\/kuzeyinsesi.org\\\/wp-content\\\/uploads\\\/2024\\\/09\\\/983ssaa-scaled.jpg\",\"articleSection\":[\"Ya\u015fam\"],\"inLanguage\":\"tr\",\"potentialAction\":[{\"@type\":\"CommentAction\",\"name\":\"Comment\",\"target\":[\"https:\\\/\\\/kuzeyinsesi.org\\\/index.php\\\/2024\\\/09\\\/25\\\/bir-dostluk-yolu-sergisi-girnede-ziyarete-acildi\\\/#respond\"]}]},{\"@type\":\"WebPage\",\"@id\":\"https:\\\/\\\/kuzeyinsesi.org\\\/index.php\\\/2024\\\/09\\\/25\\\/bir-dostluk-yolu-sergisi-girnede-ziyarete-acildi\\\/\",\"url\":\"https:\\\/\\\/kuzeyinsesi.org\\\/index.php\\\/2024\\\/09\\\/25\\\/bir-dostluk-yolu-sergisi-girnede-ziyarete-acildi\\\/\",\"name\":\"\u201cBir Dostluk Yolu\u201d sergisi Girne\u2019de ziyarete a\u00e7\u0131ld\u0131 - Kuzeyin Sesi\",\"isPartOf\":{\"@id\":\"https:\\\/\\\/kuzeyinsesi.org\\\/#website\"},\"primaryImageOfPage\":{\"@id\":\"https:\\\/\\\/kuzeyinsesi.org\\\/index.php\\\/2024\\\/09\\\/25\\\/bir-dostluk-yolu-sergisi-girnede-ziyarete-acildi\\\/#primaryimage\"},\"image\":{\"@id\":\"https:\\\/\\\/kuzeyinsesi.org\\\/index.php\\\/2024\\\/09\\\/25\\\/bir-dostluk-yolu-sergisi-girnede-ziyarete-acildi\\\/#primaryimage\"},\"thumbnailUrl\":\"https:\\\/\\\/kuzeyinsesi.org\\\/wp-content\\\/uploads\\\/2024\\\/09\\\/983ssaa-scaled.jpg\",\"datePublished\":\"2024-09-25T09:25:07+00:00\",\"author\":{\"@id\":\"https:\\\/\\\/kuzeyinsesi.org\\\/#\\\/schema\\\/person\\\/9f859689cdf01485597712386e37f5aa\"},\"breadcrumb\":{\"@id\":\"https:\\\/\\\/kuzeyinsesi.org\\\/index.php\\\/2024\\\/09\\\/25\\\/bir-dostluk-yolu-sergisi-girnede-ziyarete-acildi\\\/#breadcrumb\"},\"inLanguage\":\"tr\",\"potentialAction\":[{\"@type\":\"ReadAction\",\"target\":[\"https:\\\/\\\/kuzeyinsesi.org\\\/index.php\\\/2024\\\/09\\\/25\\\/bir-dostluk-yolu-sergisi-girnede-ziyarete-acildi\\\/\"]}]},{\"@type\":\"ImageObject\",\"inLanguage\":\"tr\",\"@id\":\"https:\\\/\\\/kuzeyinsesi.org\\\/index.php\\\/2024\\\/09\\\/25\\\/bir-dostluk-yolu-sergisi-girnede-ziyarete-acildi\\\/#primaryimage\",\"url\":\"https:\\\/\\\/kuzeyinsesi.org\\\/wp-content\\\/uploads\\\/2024\\\/09\\\/983ssaa-scaled.jpg\",\"contentUrl\":\"https:\\\/\\\/kuzeyinsesi.org\\\/wp-content\\\/uploads\\\/2024\\\/09\\\/983ssaa-scaled.jpg\",\"width\":2560,\"height\":1441},{\"@type\":\"BreadcrumbList\",\"@id\":\"https:\\\/\\\/kuzeyinsesi.org\\\/index.php\\\/2024\\\/09\\\/25\\\/bir-dostluk-yolu-sergisi-girnede-ziyarete-acildi\\\/#breadcrumb\",\"itemListElement\":[{\"@type\":\"ListItem\",\"position\":1,\"name\":\"Anasayfa\",\"item\":\"https:\\\/\\\/kuzeyinsesi.org\\\/\"},{\"@type\":\"ListItem\",\"position\":2,\"name\":\"\u201cBir Dostluk Yolu\u201d sergisi Girne\u2019de ziyarete a\u00e7\u0131ld\u0131\"}]},{\"@type\":\"WebSite\",\"@id\":\"https:\\\/\\\/kuzeyinsesi.org\\\/#website\",\"url\":\"https:\\\/\\\/kuzeyinsesi.org\\\/\",\"name\":\"Kuzeyin Sesi\",\"description\":\"Do\u011fru Haberin Adresi\",\"potentialAction\":[{\"@type\":\"SearchAction\",\"target\":{\"@type\":\"EntryPoint\",\"urlTemplate\":\"https:\\\/\\\/kuzeyinsesi.org\\\/?s={search_term_string}\"},\"query-input\":{\"@type\":\"PropertyValueSpecification\",\"valueRequired\":true,\"valueName\":\"search_term_string\"}}],\"inLanguage\":\"tr\"},{\"@type\":\"Person\",\"@id\":\"https:\\\/\\\/kuzeyinsesi.org\\\/#\\\/schema\\\/person\\\/9f859689cdf01485597712386e37f5aa\",\"name\":\"Kuzeyin Sesi\",\"image\":{\"@type\":\"ImageObject\",\"inLanguage\":\"tr\",\"@id\":\"https:\\\/\\\/secure.gravatar.com\\\/avatar\\\/bab33852abfd8b282518d6ed81826833d77c3c882d9ab608add591ccace47a44?s=96&d=mm&r=g\",\"url\":\"https:\\\/\\\/secure.gravatar.com\\\/avatar\\\/bab33852abfd8b282518d6ed81826833d77c3c882d9ab608add591ccace47a44?s=96&d=mm&r=g\",\"contentUrl\":\"https:\\\/\\\/secure.gravatar.com\\\/avatar\\\/bab33852abfd8b282518d6ed81826833d77c3c882d9ab608add591ccace47a44?s=96&d=mm&r=g\",\"caption\":\"Kuzeyin Sesi\"},\"sameAs\":[\"https:\\\/\\\/kuzeyinsesi.org\"],\"url\":\"https:\\\/\\\/kuzeyinsesi.org\\\/index.php\\\/author\\\/guven\\\/\"}]}<\/script>\n<!-- \/ Yoast SEO plugin. -->","yoast_head_json":{"title":"\u201cBir Dostluk Yolu\u201d sergisi Girne\u2019de ziyarete a\u00e7\u0131ld\u0131 - Kuzeyin Sesi","robots":{"index":"index","follow":"follow","max-snippet":"max-snippet:-1","max-image-preview":"max-image-preview:large","max-video-preview":"max-video-preview:-1"},"canonical":"https:\/\/kuzeyinsesi.org\/index.php\/2024\/09\/25\/bir-dostluk-yolu-sergisi-girnede-ziyarete-acildi\/","og_locale":"tr_TR","og_type":"article","og_title":"\u201cBir Dostluk Yolu\u201d sergisi Girne\u2019de ziyarete a\u00e7\u0131ld\u0131 - Kuzeyin Sesi","og_description":"\u201cGirne Ark\u0131n Group Fest24\u201d kapsam\u0131nda d\u00fczenlenen 2. Uluslararas\u0131 M\u00dcZler Sanat Sempozyumu, \u201cBir Dostluk Yolu\u201d isimli sergiye ev sahipli\u011fi yapt\u0131. Girne Belediyesi\u2019nden verilen bilgiye g\u00f6re, belediyenin Sanat Galerisi\u2019nde d\u00fcn ak\u015famki sergi a\u00e7\u0131l\u0131\u015f\u0131na, \u00e7ok say\u0131da sanatsever kat\u0131ld\u0131. Girne Belediyesi Meclis \u00dcyesi Ziya Egemen Sencer, katk\u0131lar\u0131ndan dolay\u0131 sanat\u00e7\u0131 Heidi Trautmann\u2019a plaket takdiminde bulundu. 25 y\u0131ll\u0131k bir ser\u00fcveni kapsayan [&hellip;]","og_url":"https:\/\/kuzeyinsesi.org\/index.php\/2024\/09\/25\/bir-dostluk-yolu-sergisi-girnede-ziyarete-acildi\/","og_site_name":"Kuzeyin Sesi","article_publisher":"https:\/\/www.facebook.com\/kuzeyinsesii","article_published_time":"2024-09-25T09:25:07+00:00","og_image":[{"url":"https:\/\/brtk.net\/wp-content\/uploads\/2024\/09\/25\/983ssaa-scaled.jpg?ver=a355465f51cc7714fb3636d9709877a5","type":"","width":"","height":""}],"author":"Kuzeyin Sesi","twitter_card":"summary_large_image","twitter_creator":"@kuzeyinsesii","twitter_site":"@kuzeyinsesii","twitter_misc":{"Yazan:":"Kuzeyin Sesi","Tahmini okuma s\u00fcresi":"1 dakika"},"schema":{"@context":"https:\/\/schema.org","@graph":[{"@type":"Article","@id":"https:\/\/kuzeyinsesi.org\/index.php\/2024\/09\/25\/bir-dostluk-yolu-sergisi-girnede-ziyarete-acildi\/#article","isPartOf":{"@id":"https:\/\/kuzeyinsesi.org\/index.php\/2024\/09\/25\/bir-dostluk-yolu-sergisi-girnede-ziyarete-acildi\/"},"author":{"name":"Kuzeyin Sesi","@id":"https:\/\/kuzeyinsesi.org\/#\/schema\/person\/9f859689cdf01485597712386e37f5aa"},"headline":"\u201cBir Dostluk Yolu\u201d sergisi Girne\u2019de ziyarete a\u00e7\u0131ld\u0131","datePublished":"2024-09-25T09:25:07+00:00","mainEntityOfPage":{"@id":"https:\/\/kuzeyinsesi.org\/index.php\/2024\/09\/25\/bir-dostluk-yolu-sergisi-girnede-ziyarete-acildi\/"},"wordCount":158,"commentCount":0,"image":{"@id":"https:\/\/kuzeyinsesi.org\/index.php\/2024\/09\/25\/bir-dostluk-yolu-sergisi-girnede-ziyarete-acildi\/#primaryimage"},"thumbnailUrl":"https:\/\/kuzeyinsesi.org\/wp-content\/uploads\/2024\/09\/983ssaa-scaled.jpg","articleSection":["Ya\u015fam"],"inLanguage":"tr","potentialAction":[{"@type":"CommentAction","name":"Comment","target":["https:\/\/kuzeyinsesi.org\/index.php\/2024\/09\/25\/bir-dostluk-yolu-sergisi-girnede-ziyarete-acildi\/#respond"]}]},{"@type":"WebPage","@id":"https:\/\/kuzeyinsesi.org\/index.php\/2024\/09\/25\/bir-dostluk-yolu-sergisi-girnede-ziyarete-acildi\/","url":"https:\/\/kuzeyinsesi.org\/index.php\/2024\/09\/25\/bir-dostluk-yolu-sergisi-girnede-ziyarete-acildi\/","name":"\u201cBir Dostluk Yolu\u201d sergisi Girne\u2019de ziyarete a\u00e7\u0131ld\u0131 - Kuzeyin Sesi","isPartOf":{"@id":"https:\/\/kuzeyinsesi.org\/#website"},"primaryImageOfPage":{"@id":"https:\/\/kuzeyinsesi.org\/index.php\/2024\/09\/25\/bir-dostluk-yolu-sergisi-girnede-ziyarete-acildi\/#primaryimage"},"image":{"@id":"https:\/\/kuzeyinsesi.org\/index.php\/2024\/09\/25\/bir-dostluk-yolu-sergisi-girnede-ziyarete-acildi\/#primaryimage"},"thumbnailUrl":"https:\/\/kuzeyinsesi.org\/wp-content\/uploads\/2024\/09\/983ssaa-scaled.jpg","datePublished":"2024-09-25T09:25:07+00:00","author":{"@id":"https:\/\/kuzeyinsesi.org\/#\/schema\/person\/9f859689cdf01485597712386e37f5aa"},"breadcrumb":{"@id":"https:\/\/kuzeyinsesi.org\/index.php\/2024\/09\/25\/bir-dostluk-yolu-sergisi-girnede-ziyarete-acildi\/#breadcrumb"},"inLanguage":"tr","potentialAction":[{"@type":"ReadAction","target":["https:\/\/kuzeyinsesi.org\/index.php\/2024\/09\/25\/bir-dostluk-yolu-sergisi-girnede-ziyarete-acildi\/"]}]},{"@type":"ImageObject","inLanguage":"tr","@id":"https:\/\/kuzeyinsesi.org\/index.php\/2024\/09\/25\/bir-dostluk-yolu-sergisi-girnede-ziyarete-acildi\/#primaryimage","url":"https:\/\/kuzeyinsesi.org\/wp-content\/uploads\/2024\/09\/983ssaa-scaled.jpg","contentUrl":"https:\/\/kuzeyinsesi.org\/wp-content\/uploads\/2024\/09\/983ssaa-scaled.jpg","width":2560,"height":1441},{"@type":"BreadcrumbList","@id":"https:\/\/kuzeyinsesi.org\/index.php\/2024\/09\/25\/bir-dostluk-yolu-sergisi-girnede-ziyarete-acildi\/#breadcrumb","itemListElement":[{"@type":"ListItem","position":1,"name":"Anasayfa","item":"https:\/\/kuzeyinsesi.org\/"},{"@type":"ListItem","position":2,"name":"\u201cBir Dostluk Yolu\u201d sergisi Girne\u2019de ziyarete a\u00e7\u0131ld\u0131"}]},{"@type":"WebSite","@id":"https:\/\/kuzeyinsesi.org\/#website","url":"https:\/\/kuzeyinsesi.org\/","name":"Kuzeyin Sesi","description":"Do\u011fru Haberin Adresi","potentialAction":[{"@type":"SearchAction","target":{"@type":"EntryPoint","urlTemplate":"https:\/\/kuzeyinsesi.org\/?s={search_term_string}"},"query-input":{"@type":"PropertyValueSpecification","valueRequired":true,"valueName":"search_term_string"}}],"inLanguage":"tr"},{"@type":"Person","@id":"https:\/\/kuzeyinsesi.org\/#\/schema\/person\/9f859689cdf01485597712386e37f5aa","name":"Kuzeyin Sesi","image":{"@type":"ImageObject","inLanguage":"tr","@id":"https:\/\/secure.gravatar.com\/avatar\/bab33852abfd8b282518d6ed81826833d77c3c882d9ab608add591ccace47a44?s=96&d=mm&r=g","url":"https:\/\/secure.gravatar.com\/avatar\/bab33852abfd8b282518d6ed81826833d77c3c882d9ab608add591ccace47a44?s=96&d=mm&r=g","contentUrl":"https:\/\/secure.gravatar.com\/avatar\/bab33852abfd8b282518d6ed81826833d77c3c882d9ab608add591ccace47a44?s=96&d=mm&r=g","caption":"Kuzeyin Sesi"},"sameAs":["https:\/\/kuzeyinsesi.org"],"url":"https:\/\/kuzeyinsesi.org\/index.php\/author\/guven\/"}]}},"_links":{"self":[{"href":"https:\/\/kuzeyinsesi.org\/index.php\/wp-json\/wp\/v2\/posts\/10405","targetHints":{"allow":["GET"]}}],"collection":[{"href":"https:\/\/kuzeyinsesi.org\/index.php\/wp-json\/wp\/v2\/posts"}],"about":[{"href":"https:\/\/kuzeyinsesi.org\/index.php\/wp-json\/wp\/v2\/types\/post"}],"author":[{"embeddable":true,"href":"https:\/\/kuzeyinsesi.org\/index.php\/wp-json\/wp\/v2\/users\/1"}],"replies":[{"embeddable":true,"href":"https:\/\/kuzeyinsesi.org\/index.php\/wp-json\/wp\/v2\/comments?post=10405"}],"version-history":[{"count":0,"href":"https:\/\/kuzeyinsesi.org\/index.php\/wp-json\/wp\/v2\/posts\/10405\/revisions"}],"wp:featuredmedia":[{"embeddable":true,"href":"https:\/\/kuzeyinsesi.org\/index.php\/wp-json\/wp\/v2\/media\/10406"}],"wp:attachment":[{"href":"https:\/\/kuzeyinsesi.org\/index.php\/wp-json\/wp\/v2\/media?parent=10405"}],"wp:term":[{"taxonomy":"category","embeddable":true,"href":"https:\/\/kuzeyinsesi.org\/index.php\/wp-json\/wp\/v2\/categories?post=10405"},{"taxonomy":"post_tag","embeddable":true,"href":"https:\/\/kuzeyinsesi.org\/index.php\/wp-json\/wp\/v2\/tags?post=10405"}],"curies":[{"name":"wp","href":"https:\/\/api.w.org\/{rel}","templated":true}]}}