{"id":1040,"date":"2024-04-30T17:48:10","date_gmt":"2024-04-30T14:48:10","guid":{"rendered":"https:\/\/kuzeyinsesi.com\/index.php\/2024\/04\/30\/ihtiyat-sandigindaki-birikimlerin-faiz-orani-yuzde-48e-yukseldi\/"},"modified":"2024-04-30T17:48:10","modified_gmt":"2024-04-30T14:48:10","slug":"ihtiyat-sandigindaki-birikimlerin-faiz-orani-yuzde-48e-yukseldi","status":"publish","type":"post","link":"https:\/\/kuzeyinsesi.org\/index.php\/2024\/04\/30\/ihtiyat-sandigindaki-birikimlerin-faiz-orani-yuzde-48e-yukseldi\/","title":{"rendered":"\u0130htiyat Sand\u0131\u011f\u0131\u2019ndaki birikimlerin faiz oran\u0131 y\u00fczde 48\u2019e y\u00fckseldi"},"content":{"rendered":"<div>\n<div class=\"mariselle-image-container center\">\n                                            <\/div>\n<p>\u0130htiyat Sand\u0131\u011f\u0131 Y\u00f6netim Kurulu\u2019nun, i\u015ftirak\u00e7iye verilen faiz oran\u0131n\u0131 y\u00fczde 48\u2019e y\u00fckseltti\u011fi a\u00e7\u0131kland\u0131. Karar, yar\u0131ndan itibaren uygulanacak.<\/p>\n<p>Bakanl\u0131ktan yap\u0131lan a\u00e7\u0131klamaya g\u00f6re, \u00c7al\u0131\u015fma ve Sosyal G\u00fcvenlik Bakan\u0131 Sad\u0131k Gardiyano\u011flu, \u0130htiyat Sand\u0131\u011f\u0131 Y\u00f6netim Kurulu taraf\u0131ndan,  \u0130htiyat Sand\u0131\u011f\u0131 Yasas\u0131\u2019n\u0131n verdi\u011fi yetkiyle bankalar\u0131n dairenin mevduatlar\u0131na uygulad\u0131\u011f\u0131 mevduat faizlerinin de\u011ferlendirildi\u011fini ve uygulanacak faiz oranlar\u0131n\u0131n yeniden belirlendi\u011fini ifade etti.<\/p>\n<p>Gardiyano\u011flu, \u0130htiyat Sand\u0131\u011f\u0131 Y\u00f6netim Kurulu\u2019nun karar\u0131 ile y\u00fczde 41 olarak uygulanan faiz oran\u0131n\u0131n, 1 May\u0131s tarihinden itibaren y\u00fczde 48 olarak uygulanmas\u0131na karar verildi\u011fini kaydetti.<\/p>\n<p>Bakan Gardiyano\u011flu, \u201c\u00c7al\u0131\u015fanlar\u0131n \u0130htiyat Sand\u0131\u011f\u0131\u2019ndaki birikimlerine uygulanan faiz oranlar\u0131, \u0130htiyat Sand\u0131\u011f\u0131 Y\u00f6netim Kurulumuzun ald\u0131\u011f\u0131 karar ile 1 Ocak 2024 tarihinden itibaren y\u00fczde 30\u2019dan, y\u00fczde 38\u2019e; 1 Mart 2024 tarihinden itibaren y\u00fczde 41\u2019e ve son olarak 1 May\u0131s 2024 tarihinden itibaren y\u00fczde 41\u2019den y\u00fczde 48\u2019e y\u00fckseltilmi\u015ftir.  \u0130htiyat Sand\u0131\u011f\u0131\u2019nda biriken para, \u015f\u00fcphesiz \u00e7al\u0131\u015fanlar\u0131m\u0131z\u0131n birikimidir ve \u00e7al\u0131\u015fanlar\u0131m\u0131z\u0131 enflasyon kar\u015f\u0131s\u0131nda koruyarak onlar\u0131 bir nebze rahatlatmak i\u00e7in, Bakanl\u0131\u011f\u0131m\u0131z \u00fczerine d\u00fc\u015fen y\u00fck\u00fcml\u00fcl\u00fckleri t\u00fcm gayretiyle ortaya koymaya devam edecektir.\u201d ifadelerini kulland\u0131.<\/p>\n<\/p><\/div>\n<p><script async\n                    defer\n                    crossorigin=\"anonymous\"\n                    src=\"https:\/\/connect.facebook.net\/tr_TR\/sdk.js#xfbml=1&#038;version=v3.3\"\n            ><\/script><\/p>\n","protected":false},"excerpt":{"rendered":"<p>\u0130htiyat Sand\u0131\u011f\u0131 Y\u00f6netim Kurulu\u2019nun, i\u015ftirak\u00e7iye verilen faiz oran\u0131n\u0131 y\u00fczde 48\u2019e y\u00fckseltti\u011fi a\u00e7\u0131kland\u0131. Karar, yar\u0131ndan itibaren uygulanacak. Bakanl\u0131ktan yap\u0131lan a\u00e7\u0131klamaya g\u00f6re, \u00c7al\u0131\u015fma ve Sosyal G\u00fcvenlik Bakan\u0131 Sad\u0131k Gardiyano\u011flu, \u0130htiyat Sand\u0131\u011f\u0131 Y\u00f6netim Kurulu taraf\u0131ndan, \u0130htiyat Sand\u0131\u011f\u0131 Yasas\u0131\u2019n\u0131n verdi\u011fi yetkiyle bankalar\u0131n dairenin mevduatlar\u0131na uygulad\u0131\u011f\u0131 mevduat faizlerinin de\u011ferlendirildi\u011fini ve uygulanacak faiz oranlar\u0131n\u0131n yeniden belirlendi\u011fini ifade etti. Gardiyano\u011flu, \u0130htiyat Sand\u0131\u011f\u0131 [&hellip;]<\/p>\n","protected":false},"author":1,"featured_media":1041,"comment_status":"open","ping_status":"open","sticky":false,"template":"","format":"standard","meta":{"jnews-multi-image_gallery":[],"jnews_single_post":[],"jnews_primary_category":[],"jnews_social_meta":[],"jnews_override_counter":[],"footnotes":""},"categories":[1],"tags":[],"class_list":["post-1040","post","type-post","status-publish","format-standard","has-post-thumbnail","hentry","category-kibris"],"yoast_head":"<!-- This site is optimized with the Yoast SEO plugin v27.5 - https:\/\/yoast.com\/product\/yoast-seo-wordpress\/ -->\n<title>\u0130htiyat Sand\u0131\u011f\u0131\u2019ndaki birikimlerin faiz oran\u0131 y\u00fczde 48\u2019e y\u00fckseldi - Kuzeyin Sesi<\/title>\n<meta name=\"robots\" content=\"index, follow, max-snippet:-1, max-image-preview:large, max-video-preview:-1\" \/>\n<link rel=\"canonical\" href=\"https:\/\/kuzeyinsesi.org\/index.php\/2024\/04\/30\/ihtiyat-sandigindaki-birikimlerin-faiz-orani-yuzde-48e-yukseldi\/\" \/>\n<meta property=\"og:locale\" content=\"tr_TR\" \/>\n<meta property=\"og:type\" content=\"article\" \/>\n<meta property=\"og:title\" content=\"\u0130htiyat Sand\u0131\u011f\u0131\u2019ndaki birikimlerin faiz oran\u0131 y\u00fczde 48\u2019e y\u00fckseldi - Kuzeyin Sesi\" \/>\n<meta property=\"og:description\" content=\"\u0130htiyat Sand\u0131\u011f\u0131 Y\u00f6netim Kurulu\u2019nun, i\u015ftirak\u00e7iye verilen faiz oran\u0131n\u0131 y\u00fczde 48\u2019e y\u00fckseltti\u011fi a\u00e7\u0131kland\u0131. Karar, yar\u0131ndan itibaren uygulanacak. Bakanl\u0131ktan yap\u0131lan a\u00e7\u0131klamaya g\u00f6re, \u00c7al\u0131\u015fma ve Sosyal G\u00fcvenlik Bakan\u0131 Sad\u0131k Gardiyano\u011flu, \u0130htiyat Sand\u0131\u011f\u0131 Y\u00f6netim Kurulu taraf\u0131ndan, \u0130htiyat Sand\u0131\u011f\u0131 Yasas\u0131\u2019n\u0131n verdi\u011fi yetkiyle bankalar\u0131n dairenin mevduatlar\u0131na uygulad\u0131\u011f\u0131 mevduat faizlerinin de\u011ferlendirildi\u011fini ve uygulanacak faiz oranlar\u0131n\u0131n yeniden belirlendi\u011fini ifade etti. Gardiyano\u011flu, \u0130htiyat Sand\u0131\u011f\u0131 [&hellip;]\" \/>\n<meta property=\"og:url\" content=\"https:\/\/kuzeyinsesi.org\/index.php\/2024\/04\/30\/ihtiyat-sandigindaki-birikimlerin-faiz-orani-yuzde-48e-yukseldi\/\" \/>\n<meta property=\"og:site_name\" content=\"Kuzeyin Sesi\" \/>\n<meta property=\"article:publisher\" content=\"https:\/\/www.facebook.com\/kuzeyinsesii\" \/>\n<meta property=\"article:published_time\" content=\"2024-04-30T14:48:10+00:00\" \/>\n<meta property=\"og:image\" content=\"https:\/\/kuzeyinsesi.org\/wp-content\/uploads\/2024\/04\/sadik-gardiyanoglu10.jpg\" \/>\n\t<meta property=\"og:image:width\" content=\"880\" \/>\n\t<meta property=\"og:image:height\" content=\"440\" \/>\n\t<meta property=\"og:image:type\" content=\"image\/jpeg\" \/>\n<meta name=\"author\" content=\"Kuzeyin Sesi\" \/>\n<meta name=\"twitter:card\" content=\"summary_large_image\" \/>\n<meta name=\"twitter:creator\" content=\"@kuzeyinsesii\" \/>\n<meta name=\"twitter:site\" content=\"@kuzeyinsesii\" \/>\n<meta name=\"twitter:label1\" content=\"Yazan:\" \/>\n\t<meta name=\"twitter:data1\" content=\"Kuzeyin Sesi\" \/>\n\t<meta name=\"twitter:label2\" content=\"Tahmini okuma s\u00fcresi\" \/>\n\t<meta name=\"twitter:data2\" content=\"1 dakika\" \/>\n<script type=\"application\/ld+json\" class=\"yoast-schema-graph\">{\"@context\":\"https:\\\/\\\/schema.org\",\"@graph\":[{\"@type\":\"Article\",\"@id\":\"https:\\\/\\\/kuzeyinsesi.org\\\/index.php\\\/2024\\\/04\\\/30\\\/ihtiyat-sandigindaki-birikimlerin-faiz-orani-yuzde-48e-yukseldi\\\/#article\",\"isPartOf\":{\"@id\":\"https:\\\/\\\/kuzeyinsesi.org\\\/index.php\\\/2024\\\/04\\\/30\\\/ihtiyat-sandigindaki-birikimlerin-faiz-orani-yuzde-48e-yukseldi\\\/\"},\"author\":{\"name\":\"Kuzeyin Sesi\",\"@id\":\"https:\\\/\\\/kuzeyinsesi.org\\\/#\\\/schema\\\/person\\\/9f859689cdf01485597712386e37f5aa\"},\"headline\":\"\u0130htiyat Sand\u0131\u011f\u0131\u2019ndaki birikimlerin faiz oran\u0131 y\u00fczde 48\u2019e y\u00fckseldi\",\"datePublished\":\"2024-04-30T14:48:10+00:00\",\"mainEntityOfPage\":{\"@id\":\"https:\\\/\\\/kuzeyinsesi.org\\\/index.php\\\/2024\\\/04\\\/30\\\/ihtiyat-sandigindaki-birikimlerin-faiz-orani-yuzde-48e-yukseldi\\\/\"},\"wordCount\":224,\"commentCount\":0,\"image\":{\"@id\":\"https:\\\/\\\/kuzeyinsesi.org\\\/index.php\\\/2024\\\/04\\\/30\\\/ihtiyat-sandigindaki-birikimlerin-faiz-orani-yuzde-48e-yukseldi\\\/#primaryimage\"},\"thumbnailUrl\":\"https:\\\/\\\/kuzeyinsesi.org\\\/wp-content\\\/uploads\\\/2024\\\/04\\\/sadik-gardiyanoglu10.jpg\",\"articleSection\":[\"K\u0131br\u0131s\"],\"inLanguage\":\"tr\",\"potentialAction\":[{\"@type\":\"CommentAction\",\"name\":\"Comment\",\"target\":[\"https:\\\/\\\/kuzeyinsesi.org\\\/index.php\\\/2024\\\/04\\\/30\\\/ihtiyat-sandigindaki-birikimlerin-faiz-orani-yuzde-48e-yukseldi\\\/#respond\"]}]},{\"@type\":\"WebPage\",\"@id\":\"https:\\\/\\\/kuzeyinsesi.org\\\/index.php\\\/2024\\\/04\\\/30\\\/ihtiyat-sandigindaki-birikimlerin-faiz-orani-yuzde-48e-yukseldi\\\/\",\"url\":\"https:\\\/\\\/kuzeyinsesi.org\\\/index.php\\\/2024\\\/04\\\/30\\\/ihtiyat-sandigindaki-birikimlerin-faiz-orani-yuzde-48e-yukseldi\\\/\",\"name\":\"\u0130htiyat Sand\u0131\u011f\u0131\u2019ndaki birikimlerin faiz oran\u0131 y\u00fczde 48\u2019e y\u00fckseldi - Kuzeyin Sesi\",\"isPartOf\":{\"@id\":\"https:\\\/\\\/kuzeyinsesi.org\\\/#website\"},\"primaryImageOfPage\":{\"@id\":\"https:\\\/\\\/kuzeyinsesi.org\\\/index.php\\\/2024\\\/04\\\/30\\\/ihtiyat-sandigindaki-birikimlerin-faiz-orani-yuzde-48e-yukseldi\\\/#primaryimage\"},\"image\":{\"@id\":\"https:\\\/\\\/kuzeyinsesi.org\\\/index.php\\\/2024\\\/04\\\/30\\\/ihtiyat-sandigindaki-birikimlerin-faiz-orani-yuzde-48e-yukseldi\\\/#primaryimage\"},\"thumbnailUrl\":\"https:\\\/\\\/kuzeyinsesi.org\\\/wp-content\\\/uploads\\\/2024\\\/04\\\/sadik-gardiyanoglu10.jpg\",\"datePublished\":\"2024-04-30T14:48:10+00:00\",\"author\":{\"@id\":\"https:\\\/\\\/kuzeyinsesi.org\\\/#\\\/schema\\\/person\\\/9f859689cdf01485597712386e37f5aa\"},\"breadcrumb\":{\"@id\":\"https:\\\/\\\/kuzeyinsesi.org\\\/index.php\\\/2024\\\/04\\\/30\\\/ihtiyat-sandigindaki-birikimlerin-faiz-orani-yuzde-48e-yukseldi\\\/#breadcrumb\"},\"inLanguage\":\"tr\",\"potentialAction\":[{\"@type\":\"ReadAction\",\"target\":[\"https:\\\/\\\/kuzeyinsesi.org\\\/index.php\\\/2024\\\/04\\\/30\\\/ihtiyat-sandigindaki-birikimlerin-faiz-orani-yuzde-48e-yukseldi\\\/\"]}]},{\"@type\":\"ImageObject\",\"inLanguage\":\"tr\",\"@id\":\"https:\\\/\\\/kuzeyinsesi.org\\\/index.php\\\/2024\\\/04\\\/30\\\/ihtiyat-sandigindaki-birikimlerin-faiz-orani-yuzde-48e-yukseldi\\\/#primaryimage\",\"url\":\"https:\\\/\\\/kuzeyinsesi.org\\\/wp-content\\\/uploads\\\/2024\\\/04\\\/sadik-gardiyanoglu10.jpg\",\"contentUrl\":\"https:\\\/\\\/kuzeyinsesi.org\\\/wp-content\\\/uploads\\\/2024\\\/04\\\/sadik-gardiyanoglu10.jpg\",\"width\":880,\"height\":440},{\"@type\":\"BreadcrumbList\",\"@id\":\"https:\\\/\\\/kuzeyinsesi.org\\\/index.php\\\/2024\\\/04\\\/30\\\/ihtiyat-sandigindaki-birikimlerin-faiz-orani-yuzde-48e-yukseldi\\\/#breadcrumb\",\"itemListElement\":[{\"@type\":\"ListItem\",\"position\":1,\"name\":\"Anasayfa\",\"item\":\"https:\\\/\\\/kuzeyinsesi.org\\\/\"},{\"@type\":\"ListItem\",\"position\":2,\"name\":\"\u0130htiyat Sand\u0131\u011f\u0131\u2019ndaki birikimlerin faiz oran\u0131 y\u00fczde 48\u2019e y\u00fckseldi\"}]},{\"@type\":\"WebSite\",\"@id\":\"https:\\\/\\\/kuzeyinsesi.org\\\/#website\",\"url\":\"https:\\\/\\\/kuzeyinsesi.org\\\/\",\"name\":\"Kuzeyin Sesi\",\"description\":\"Do\u011fru Haberin Adresi\",\"potentialAction\":[{\"@type\":\"SearchAction\",\"target\":{\"@type\":\"EntryPoint\",\"urlTemplate\":\"https:\\\/\\\/kuzeyinsesi.org\\\/?s={search_term_string}\"},\"query-input\":{\"@type\":\"PropertyValueSpecification\",\"valueRequired\":true,\"valueName\":\"search_term_string\"}}],\"inLanguage\":\"tr\"},{\"@type\":\"Person\",\"@id\":\"https:\\\/\\\/kuzeyinsesi.org\\\/#\\\/schema\\\/person\\\/9f859689cdf01485597712386e37f5aa\",\"name\":\"Kuzeyin Sesi\",\"image\":{\"@type\":\"ImageObject\",\"inLanguage\":\"tr\",\"@id\":\"https:\\\/\\\/secure.gravatar.com\\\/avatar\\\/bab33852abfd8b282518d6ed81826833d77c3c882d9ab608add591ccace47a44?s=96&d=mm&r=g\",\"url\":\"https:\\\/\\\/secure.gravatar.com\\\/avatar\\\/bab33852abfd8b282518d6ed81826833d77c3c882d9ab608add591ccace47a44?s=96&d=mm&r=g\",\"contentUrl\":\"https:\\\/\\\/secure.gravatar.com\\\/avatar\\\/bab33852abfd8b282518d6ed81826833d77c3c882d9ab608add591ccace47a44?s=96&d=mm&r=g\",\"caption\":\"Kuzeyin Sesi\"},\"sameAs\":[\"https:\\\/\\\/kuzeyinsesi.org\"],\"url\":\"https:\\\/\\\/kuzeyinsesi.org\\\/index.php\\\/author\\\/guven\\\/\"}]}<\/script>\n<!-- \/ Yoast SEO plugin. -->","yoast_head_json":{"title":"\u0130htiyat Sand\u0131\u011f\u0131\u2019ndaki birikimlerin faiz oran\u0131 y\u00fczde 48\u2019e y\u00fckseldi - Kuzeyin Sesi","robots":{"index":"index","follow":"follow","max-snippet":"max-snippet:-1","max-image-preview":"max-image-preview:large","max-video-preview":"max-video-preview:-1"},"canonical":"https:\/\/kuzeyinsesi.org\/index.php\/2024\/04\/30\/ihtiyat-sandigindaki-birikimlerin-faiz-orani-yuzde-48e-yukseldi\/","og_locale":"tr_TR","og_type":"article","og_title":"\u0130htiyat Sand\u0131\u011f\u0131\u2019ndaki birikimlerin faiz oran\u0131 y\u00fczde 48\u2019e y\u00fckseldi - Kuzeyin Sesi","og_description":"\u0130htiyat Sand\u0131\u011f\u0131 Y\u00f6netim Kurulu\u2019nun, i\u015ftirak\u00e7iye verilen faiz oran\u0131n\u0131 y\u00fczde 48\u2019e y\u00fckseltti\u011fi a\u00e7\u0131kland\u0131. Karar, yar\u0131ndan itibaren uygulanacak. Bakanl\u0131ktan yap\u0131lan a\u00e7\u0131klamaya g\u00f6re, \u00c7al\u0131\u015fma ve Sosyal G\u00fcvenlik Bakan\u0131 Sad\u0131k Gardiyano\u011flu, \u0130htiyat Sand\u0131\u011f\u0131 Y\u00f6netim Kurulu taraf\u0131ndan, \u0130htiyat Sand\u0131\u011f\u0131 Yasas\u0131\u2019n\u0131n verdi\u011fi yetkiyle bankalar\u0131n dairenin mevduatlar\u0131na uygulad\u0131\u011f\u0131 mevduat faizlerinin de\u011ferlendirildi\u011fini ve uygulanacak faiz oranlar\u0131n\u0131n yeniden belirlendi\u011fini ifade etti. Gardiyano\u011flu, \u0130htiyat Sand\u0131\u011f\u0131 [&hellip;]","og_url":"https:\/\/kuzeyinsesi.org\/index.php\/2024\/04\/30\/ihtiyat-sandigindaki-birikimlerin-faiz-orani-yuzde-48e-yukseldi\/","og_site_name":"Kuzeyin Sesi","article_publisher":"https:\/\/www.facebook.com\/kuzeyinsesii","article_published_time":"2024-04-30T14:48:10+00:00","og_image":[{"width":880,"height":440,"url":"https:\/\/kuzeyinsesi.org\/wp-content\/uploads\/2024\/04\/sadik-gardiyanoglu10.jpg","type":"image\/jpeg"}],"author":"Kuzeyin Sesi","twitter_card":"summary_large_image","twitter_creator":"@kuzeyinsesii","twitter_site":"@kuzeyinsesii","twitter_misc":{"Yazan:":"Kuzeyin Sesi","Tahmini okuma s\u00fcresi":"1 dakika"},"schema":{"@context":"https:\/\/schema.org","@graph":[{"@type":"Article","@id":"https:\/\/kuzeyinsesi.org\/index.php\/2024\/04\/30\/ihtiyat-sandigindaki-birikimlerin-faiz-orani-yuzde-48e-yukseldi\/#article","isPartOf":{"@id":"https:\/\/kuzeyinsesi.org\/index.php\/2024\/04\/30\/ihtiyat-sandigindaki-birikimlerin-faiz-orani-yuzde-48e-yukseldi\/"},"author":{"name":"Kuzeyin Sesi","@id":"https:\/\/kuzeyinsesi.org\/#\/schema\/person\/9f859689cdf01485597712386e37f5aa"},"headline":"\u0130htiyat Sand\u0131\u011f\u0131\u2019ndaki birikimlerin faiz oran\u0131 y\u00fczde 48\u2019e y\u00fckseldi","datePublished":"2024-04-30T14:48:10+00:00","mainEntityOfPage":{"@id":"https:\/\/kuzeyinsesi.org\/index.php\/2024\/04\/30\/ihtiyat-sandigindaki-birikimlerin-faiz-orani-yuzde-48e-yukseldi\/"},"wordCount":224,"commentCount":0,"image":{"@id":"https:\/\/kuzeyinsesi.org\/index.php\/2024\/04\/30\/ihtiyat-sandigindaki-birikimlerin-faiz-orani-yuzde-48e-yukseldi\/#primaryimage"},"thumbnailUrl":"https:\/\/kuzeyinsesi.org\/wp-content\/uploads\/2024\/04\/sadik-gardiyanoglu10.jpg","articleSection":["K\u0131br\u0131s"],"inLanguage":"tr","potentialAction":[{"@type":"CommentAction","name":"Comment","target":["https:\/\/kuzeyinsesi.org\/index.php\/2024\/04\/30\/ihtiyat-sandigindaki-birikimlerin-faiz-orani-yuzde-48e-yukseldi\/#respond"]}]},{"@type":"WebPage","@id":"https:\/\/kuzeyinsesi.org\/index.php\/2024\/04\/30\/ihtiyat-sandigindaki-birikimlerin-faiz-orani-yuzde-48e-yukseldi\/","url":"https:\/\/kuzeyinsesi.org\/index.php\/2024\/04\/30\/ihtiyat-sandigindaki-birikimlerin-faiz-orani-yuzde-48e-yukseldi\/","name":"\u0130htiyat Sand\u0131\u011f\u0131\u2019ndaki birikimlerin faiz oran\u0131 y\u00fczde 48\u2019e y\u00fckseldi - Kuzeyin Sesi","isPartOf":{"@id":"https:\/\/kuzeyinsesi.org\/#website"},"primaryImageOfPage":{"@id":"https:\/\/kuzeyinsesi.org\/index.php\/2024\/04\/30\/ihtiyat-sandigindaki-birikimlerin-faiz-orani-yuzde-48e-yukseldi\/#primaryimage"},"image":{"@id":"https:\/\/kuzeyinsesi.org\/index.php\/2024\/04\/30\/ihtiyat-sandigindaki-birikimlerin-faiz-orani-yuzde-48e-yukseldi\/#primaryimage"},"thumbnailUrl":"https:\/\/kuzeyinsesi.org\/wp-content\/uploads\/2024\/04\/sadik-gardiyanoglu10.jpg","datePublished":"2024-04-30T14:48:10+00:00","author":{"@id":"https:\/\/kuzeyinsesi.org\/#\/schema\/person\/9f859689cdf01485597712386e37f5aa"},"breadcrumb":{"@id":"https:\/\/kuzeyinsesi.org\/index.php\/2024\/04\/30\/ihtiyat-sandigindaki-birikimlerin-faiz-orani-yuzde-48e-yukseldi\/#breadcrumb"},"inLanguage":"tr","potentialAction":[{"@type":"ReadAction","target":["https:\/\/kuzeyinsesi.org\/index.php\/2024\/04\/30\/ihtiyat-sandigindaki-birikimlerin-faiz-orani-yuzde-48e-yukseldi\/"]}]},{"@type":"ImageObject","inLanguage":"tr","@id":"https:\/\/kuzeyinsesi.org\/index.php\/2024\/04\/30\/ihtiyat-sandigindaki-birikimlerin-faiz-orani-yuzde-48e-yukseldi\/#primaryimage","url":"https:\/\/kuzeyinsesi.org\/wp-content\/uploads\/2024\/04\/sadik-gardiyanoglu10.jpg","contentUrl":"https:\/\/kuzeyinsesi.org\/wp-content\/uploads\/2024\/04\/sadik-gardiyanoglu10.jpg","width":880,"height":440},{"@type":"BreadcrumbList","@id":"https:\/\/kuzeyinsesi.org\/index.php\/2024\/04\/30\/ihtiyat-sandigindaki-birikimlerin-faiz-orani-yuzde-48e-yukseldi\/#breadcrumb","itemListElement":[{"@type":"ListItem","position":1,"name":"Anasayfa","item":"https:\/\/kuzeyinsesi.org\/"},{"@type":"ListItem","position":2,"name":"\u0130htiyat Sand\u0131\u011f\u0131\u2019ndaki birikimlerin faiz oran\u0131 y\u00fczde 48\u2019e y\u00fckseldi"}]},{"@type":"WebSite","@id":"https:\/\/kuzeyinsesi.org\/#website","url":"https:\/\/kuzeyinsesi.org\/","name":"Kuzeyin Sesi","description":"Do\u011fru Haberin Adresi","potentialAction":[{"@type":"SearchAction","target":{"@type":"EntryPoint","urlTemplate":"https:\/\/kuzeyinsesi.org\/?s={search_term_string}"},"query-input":{"@type":"PropertyValueSpecification","valueRequired":true,"valueName":"search_term_string"}}],"inLanguage":"tr"},{"@type":"Person","@id":"https:\/\/kuzeyinsesi.org\/#\/schema\/person\/9f859689cdf01485597712386e37f5aa","name":"Kuzeyin Sesi","image":{"@type":"ImageObject","inLanguage":"tr","@id":"https:\/\/secure.gravatar.com\/avatar\/bab33852abfd8b282518d6ed81826833d77c3c882d9ab608add591ccace47a44?s=96&d=mm&r=g","url":"https:\/\/secure.gravatar.com\/avatar\/bab33852abfd8b282518d6ed81826833d77c3c882d9ab608add591ccace47a44?s=96&d=mm&r=g","contentUrl":"https:\/\/secure.gravatar.com\/avatar\/bab33852abfd8b282518d6ed81826833d77c3c882d9ab608add591ccace47a44?s=96&d=mm&r=g","caption":"Kuzeyin Sesi"},"sameAs":["https:\/\/kuzeyinsesi.org"],"url":"https:\/\/kuzeyinsesi.org\/index.php\/author\/guven\/"}]}},"_links":{"self":[{"href":"https:\/\/kuzeyinsesi.org\/index.php\/wp-json\/wp\/v2\/posts\/1040","targetHints":{"allow":["GET"]}}],"collection":[{"href":"https:\/\/kuzeyinsesi.org\/index.php\/wp-json\/wp\/v2\/posts"}],"about":[{"href":"https:\/\/kuzeyinsesi.org\/index.php\/wp-json\/wp\/v2\/types\/post"}],"author":[{"embeddable":true,"href":"https:\/\/kuzeyinsesi.org\/index.php\/wp-json\/wp\/v2\/users\/1"}],"replies":[{"embeddable":true,"href":"https:\/\/kuzeyinsesi.org\/index.php\/wp-json\/wp\/v2\/comments?post=1040"}],"version-history":[{"count":0,"href":"https:\/\/kuzeyinsesi.org\/index.php\/wp-json\/wp\/v2\/posts\/1040\/revisions"}],"wp:featuredmedia":[{"embeddable":true,"href":"https:\/\/kuzeyinsesi.org\/index.php\/wp-json\/wp\/v2\/media\/1041"}],"wp:attachment":[{"href":"https:\/\/kuzeyinsesi.org\/index.php\/wp-json\/wp\/v2\/media?parent=1040"}],"wp:term":[{"taxonomy":"category","embeddable":true,"href":"https:\/\/kuzeyinsesi.org\/index.php\/wp-json\/wp\/v2\/categories?post=1040"},{"taxonomy":"post_tag","embeddable":true,"href":"https:\/\/kuzeyinsesi.org\/index.php\/wp-json\/wp\/v2\/tags?post=1040"}],"curies":[{"name":"wp","href":"https:\/\/api.w.org\/{rel}","templated":true}]}}