{"id":10381,"date":"2024-09-24T21:11:13","date_gmt":"2024-09-24T18:11:13","guid":{"rendered":"https:\/\/kuzeyinsesi.org\/index.php\/2024\/09\/24\/tc-cumhurbaskani-erdogan-birlesmis-milletler-genel-sekreteri-guterres-ile-gorustu\/"},"modified":"2024-09-24T21:11:13","modified_gmt":"2024-09-24T18:11:13","slug":"tc-cumhurbaskani-erdogan-birlesmis-milletler-genel-sekreteri-guterres-ile-gorustu","status":"publish","type":"post","link":"https:\/\/kuzeyinsesi.org\/index.php\/2024\/09\/24\/tc-cumhurbaskani-erdogan-birlesmis-milletler-genel-sekreteri-guterres-ile-gorustu\/","title":{"rendered":"TC Cumhurba\u015fkan\u0131 Erdo\u011fan, Birle\u015fmi\u015f Milletler  Genel Sekreteri Guterres ile g\u00f6r\u00fc\u015ft\u00fc"},"content":{"rendered":"<div>\n<div class=\"mariselle-image-container center\">\n                                            <\/div>\n<p>T\u00fcrkiye Cumhurba\u015fkan\u0131 Recep Tayyip Erdo\u011fan, Birle\u015fmi\u015f Milletler (BM) Genel Sekreteri Antonio Guterres ile bir araya geldi.<\/p>\n<p>Birle\u015fmi\u015f Milletler (BM) 79. Genel Kurulu\u2019na kat\u0131lmak \u00fczere New York\u2019ta bulunan Erdo\u011fan, temaslar\u0131n\u0131 s\u00fcrd\u00fcr\u00fcyor.<\/p>\n<p>Erdo\u011fan, genel kurula hitab\u0131n\u0131n ard\u0131ndan BM Genel Merkezi\u2019nde Guterres ile g\u00f6r\u00fc\u015ft\u00fc.<\/p>\n<p>G\u00f6r\u00fc\u015fme, bas\u0131na kapal\u0131 yap\u0131ld\u0131.<\/p>\n<\/p><\/div>\n<p><script async\n                    defer\n                    crossorigin=\"anonymous\"\n                    src=\"https:\/\/connect.facebook.net\/tr_TR\/sdk.js#xfbml=1&#038;version=v3.3\"\n            ><\/script><\/p>\n","protected":false},"excerpt":{"rendered":"<p>T\u00fcrkiye Cumhurba\u015fkan\u0131 Recep Tayyip Erdo\u011fan, Birle\u015fmi\u015f Milletler (BM) Genel Sekreteri Antonio Guterres ile bir araya geldi. Birle\u015fmi\u015f Milletler (BM) 79. Genel Kurulu\u2019na kat\u0131lmak \u00fczere New York\u2019ta bulunan Erdo\u011fan, temaslar\u0131n\u0131 s\u00fcrd\u00fcr\u00fcyor. Erdo\u011fan, genel kurula hitab\u0131n\u0131n ard\u0131ndan BM Genel Merkezi\u2019nde Guterres ile g\u00f6r\u00fc\u015ft\u00fc. G\u00f6r\u00fc\u015fme, bas\u0131na kapal\u0131 yap\u0131ld\u0131.<\/p>\n","protected":false},"author":1,"featured_media":10382,"comment_status":"open","ping_status":"open","sticky":false,"template":"","format":"standard","meta":{"jnews-multi-image_gallery":[],"jnews_single_post":[],"jnews_primary_category":[],"jnews_social_meta":[],"jnews_override_counter":[],"footnotes":""},"categories":[5],"tags":[],"class_list":["post-10381","post","type-post","status-publish","format-standard","has-post-thumbnail","hentry","category-turkiye"],"yoast_head":"<!-- This site is optimized with the Yoast SEO plugin v27.4 - https:\/\/yoast.com\/product\/yoast-seo-wordpress\/ -->\n<title>TC Cumhurba\u015fkan\u0131 Erdo\u011fan, Birle\u015fmi\u015f Milletler Genel Sekreteri Guterres ile g\u00f6r\u00fc\u015ft\u00fc - Kuzeyin Sesi<\/title>\n<meta name=\"robots\" content=\"index, follow, max-snippet:-1, max-image-preview:large, max-video-preview:-1\" \/>\n<link rel=\"canonical\" href=\"https:\/\/kuzeyinsesi.org\/index.php\/2024\/09\/24\/tc-cumhurbaskani-erdogan-birlesmis-milletler-genel-sekreteri-guterres-ile-gorustu\/\" \/>\n<meta property=\"og:locale\" content=\"tr_TR\" \/>\n<meta property=\"og:type\" content=\"article\" \/>\n<meta property=\"og:title\" content=\"TC Cumhurba\u015fkan\u0131 Erdo\u011fan, Birle\u015fmi\u015f Milletler Genel Sekreteri Guterres ile g\u00f6r\u00fc\u015ft\u00fc - Kuzeyin Sesi\" \/>\n<meta property=\"og:description\" content=\"T\u00fcrkiye Cumhurba\u015fkan\u0131 Recep Tayyip Erdo\u011fan, Birle\u015fmi\u015f Milletler (BM) Genel Sekreteri Antonio Guterres ile bir araya geldi. Birle\u015fmi\u015f Milletler (BM) 79. Genel Kurulu\u2019na kat\u0131lmak \u00fczere New York\u2019ta bulunan Erdo\u011fan, temaslar\u0131n\u0131 s\u00fcrd\u00fcr\u00fcyor. Erdo\u011fan, genel kurula hitab\u0131n\u0131n ard\u0131ndan BM Genel Merkezi\u2019nde Guterres ile g\u00f6r\u00fc\u015ft\u00fc. G\u00f6r\u00fc\u015fme, bas\u0131na kapal\u0131 yap\u0131ld\u0131.\" \/>\n<meta property=\"og:url\" content=\"https:\/\/kuzeyinsesi.org\/index.php\/2024\/09\/24\/tc-cumhurbaskani-erdogan-birlesmis-milletler-genel-sekreteri-guterres-ile-gorustu\/\" \/>\n<meta property=\"og:site_name\" content=\"Kuzeyin Sesi\" \/>\n<meta property=\"article:publisher\" content=\"https:\/\/www.facebook.com\/kuzeyinsesii\" \/>\n<meta property=\"article:published_time\" content=\"2024-09-24T18:11:13+00:00\" \/>\n<meta property=\"og:image\" content=\"https:\/\/brtk.net\/wp-content\/uploads\/2024\/09\/24\/e-g.png?ver=cd64f2eedd18b1ef7ef4bfca895cb39e\" \/>\n<meta name=\"author\" content=\"Kuzeyin Sesi\" \/>\n<meta name=\"twitter:card\" content=\"summary_large_image\" \/>\n<meta name=\"twitter:creator\" content=\"@kuzeyinsesii\" \/>\n<meta name=\"twitter:site\" content=\"@kuzeyinsesii\" \/>\n<meta name=\"twitter:label1\" content=\"Yazan:\" \/>\n\t<meta name=\"twitter:data1\" content=\"Kuzeyin Sesi\" \/>\n<script type=\"application\/ld+json\" class=\"yoast-schema-graph\">{\"@context\":\"https:\\\/\\\/schema.org\",\"@graph\":[{\"@type\":\"Article\",\"@id\":\"https:\\\/\\\/kuzeyinsesi.org\\\/index.php\\\/2024\\\/09\\\/24\\\/tc-cumhurbaskani-erdogan-birlesmis-milletler-genel-sekreteri-guterres-ile-gorustu\\\/#article\",\"isPartOf\":{\"@id\":\"https:\\\/\\\/kuzeyinsesi.org\\\/index.php\\\/2024\\\/09\\\/24\\\/tc-cumhurbaskani-erdogan-birlesmis-milletler-genel-sekreteri-guterres-ile-gorustu\\\/\"},\"author\":{\"name\":\"Kuzeyin Sesi\",\"@id\":\"https:\\\/\\\/kuzeyinsesi.org\\\/#\\\/schema\\\/person\\\/9f859689cdf01485597712386e37f5aa\"},\"headline\":\"TC Cumhurba\u015fkan\u0131 Erdo\u011fan, Birle\u015fmi\u015f Milletler Genel Sekreteri Guterres ile g\u00f6r\u00fc\u015ft\u00fc\",\"datePublished\":\"2024-09-24T18:11:13+00:00\",\"mainEntityOfPage\":{\"@id\":\"https:\\\/\\\/kuzeyinsesi.org\\\/index.php\\\/2024\\\/09\\\/24\\\/tc-cumhurbaskani-erdogan-birlesmis-milletler-genel-sekreteri-guterres-ile-gorustu\\\/\"},\"wordCount\":83,\"commentCount\":0,\"image\":{\"@id\":\"https:\\\/\\\/kuzeyinsesi.org\\\/index.php\\\/2024\\\/09\\\/24\\\/tc-cumhurbaskani-erdogan-birlesmis-milletler-genel-sekreteri-guterres-ile-gorustu\\\/#primaryimage\"},\"thumbnailUrl\":\"https:\\\/\\\/kuzeyinsesi.org\\\/wp-content\\\/uploads\\\/2024\\\/09\\\/e-g.png\",\"articleSection\":[\"T\u00fcrkiye\"],\"inLanguage\":\"tr\",\"potentialAction\":[{\"@type\":\"CommentAction\",\"name\":\"Comment\",\"target\":[\"https:\\\/\\\/kuzeyinsesi.org\\\/index.php\\\/2024\\\/09\\\/24\\\/tc-cumhurbaskani-erdogan-birlesmis-milletler-genel-sekreteri-guterres-ile-gorustu\\\/#respond\"]}]},{\"@type\":\"WebPage\",\"@id\":\"https:\\\/\\\/kuzeyinsesi.org\\\/index.php\\\/2024\\\/09\\\/24\\\/tc-cumhurbaskani-erdogan-birlesmis-milletler-genel-sekreteri-guterres-ile-gorustu\\\/\",\"url\":\"https:\\\/\\\/kuzeyinsesi.org\\\/index.php\\\/2024\\\/09\\\/24\\\/tc-cumhurbaskani-erdogan-birlesmis-milletler-genel-sekreteri-guterres-ile-gorustu\\\/\",\"name\":\"TC Cumhurba\u015fkan\u0131 Erdo\u011fan, Birle\u015fmi\u015f Milletler Genel Sekreteri Guterres ile g\u00f6r\u00fc\u015ft\u00fc - Kuzeyin Sesi\",\"isPartOf\":{\"@id\":\"https:\\\/\\\/kuzeyinsesi.org\\\/#website\"},\"primaryImageOfPage\":{\"@id\":\"https:\\\/\\\/kuzeyinsesi.org\\\/index.php\\\/2024\\\/09\\\/24\\\/tc-cumhurbaskani-erdogan-birlesmis-milletler-genel-sekreteri-guterres-ile-gorustu\\\/#primaryimage\"},\"image\":{\"@id\":\"https:\\\/\\\/kuzeyinsesi.org\\\/index.php\\\/2024\\\/09\\\/24\\\/tc-cumhurbaskani-erdogan-birlesmis-milletler-genel-sekreteri-guterres-ile-gorustu\\\/#primaryimage\"},\"thumbnailUrl\":\"https:\\\/\\\/kuzeyinsesi.org\\\/wp-content\\\/uploads\\\/2024\\\/09\\\/e-g.png\",\"datePublished\":\"2024-09-24T18:11:13+00:00\",\"author\":{\"@id\":\"https:\\\/\\\/kuzeyinsesi.org\\\/#\\\/schema\\\/person\\\/9f859689cdf01485597712386e37f5aa\"},\"breadcrumb\":{\"@id\":\"https:\\\/\\\/kuzeyinsesi.org\\\/index.php\\\/2024\\\/09\\\/24\\\/tc-cumhurbaskani-erdogan-birlesmis-milletler-genel-sekreteri-guterres-ile-gorustu\\\/#breadcrumb\"},\"inLanguage\":\"tr\",\"potentialAction\":[{\"@type\":\"ReadAction\",\"target\":[\"https:\\\/\\\/kuzeyinsesi.org\\\/index.php\\\/2024\\\/09\\\/24\\\/tc-cumhurbaskani-erdogan-birlesmis-milletler-genel-sekreteri-guterres-ile-gorustu\\\/\"]}]},{\"@type\":\"ImageObject\",\"inLanguage\":\"tr\",\"@id\":\"https:\\\/\\\/kuzeyinsesi.org\\\/index.php\\\/2024\\\/09\\\/24\\\/tc-cumhurbaskani-erdogan-birlesmis-milletler-genel-sekreteri-guterres-ile-gorustu\\\/#primaryimage\",\"url\":\"https:\\\/\\\/kuzeyinsesi.org\\\/wp-content\\\/uploads\\\/2024\\\/09\\\/e-g.png\",\"contentUrl\":\"https:\\\/\\\/kuzeyinsesi.org\\\/wp-content\\\/uploads\\\/2024\\\/09\\\/e-g.png\",\"width\":983,\"height\":554},{\"@type\":\"BreadcrumbList\",\"@id\":\"https:\\\/\\\/kuzeyinsesi.org\\\/index.php\\\/2024\\\/09\\\/24\\\/tc-cumhurbaskani-erdogan-birlesmis-milletler-genel-sekreteri-guterres-ile-gorustu\\\/#breadcrumb\",\"itemListElement\":[{\"@type\":\"ListItem\",\"position\":1,\"name\":\"Anasayfa\",\"item\":\"https:\\\/\\\/kuzeyinsesi.org\\\/\"},{\"@type\":\"ListItem\",\"position\":2,\"name\":\"TC Cumhurba\u015fkan\u0131 Erdo\u011fan, Birle\u015fmi\u015f Milletler Genel Sekreteri Guterres ile g\u00f6r\u00fc\u015ft\u00fc\"}]},{\"@type\":\"WebSite\",\"@id\":\"https:\\\/\\\/kuzeyinsesi.org\\\/#website\",\"url\":\"https:\\\/\\\/kuzeyinsesi.org\\\/\",\"name\":\"Kuzeyin Sesi\",\"description\":\"Do\u011fru Haberin Adresi\",\"potentialAction\":[{\"@type\":\"SearchAction\",\"target\":{\"@type\":\"EntryPoint\",\"urlTemplate\":\"https:\\\/\\\/kuzeyinsesi.org\\\/?s={search_term_string}\"},\"query-input\":{\"@type\":\"PropertyValueSpecification\",\"valueRequired\":true,\"valueName\":\"search_term_string\"}}],\"inLanguage\":\"tr\"},{\"@type\":\"Person\",\"@id\":\"https:\\\/\\\/kuzeyinsesi.org\\\/#\\\/schema\\\/person\\\/9f859689cdf01485597712386e37f5aa\",\"name\":\"Kuzeyin Sesi\",\"image\":{\"@type\":\"ImageObject\",\"inLanguage\":\"tr\",\"@id\":\"https:\\\/\\\/secure.gravatar.com\\\/avatar\\\/bab33852abfd8b282518d6ed81826833d77c3c882d9ab608add591ccace47a44?s=96&d=mm&r=g\",\"url\":\"https:\\\/\\\/secure.gravatar.com\\\/avatar\\\/bab33852abfd8b282518d6ed81826833d77c3c882d9ab608add591ccace47a44?s=96&d=mm&r=g\",\"contentUrl\":\"https:\\\/\\\/secure.gravatar.com\\\/avatar\\\/bab33852abfd8b282518d6ed81826833d77c3c882d9ab608add591ccace47a44?s=96&d=mm&r=g\",\"caption\":\"Kuzeyin Sesi\"},\"sameAs\":[\"https:\\\/\\\/kuzeyinsesi.org\"],\"url\":\"https:\\\/\\\/kuzeyinsesi.org\\\/index.php\\\/author\\\/guven\\\/\"}]}<\/script>\n<!-- \/ Yoast SEO plugin. -->","yoast_head_json":{"title":"TC Cumhurba\u015fkan\u0131 Erdo\u011fan, Birle\u015fmi\u015f Milletler Genel Sekreteri Guterres ile g\u00f6r\u00fc\u015ft\u00fc - Kuzeyin Sesi","robots":{"index":"index","follow":"follow","max-snippet":"max-snippet:-1","max-image-preview":"max-image-preview:large","max-video-preview":"max-video-preview:-1"},"canonical":"https:\/\/kuzeyinsesi.org\/index.php\/2024\/09\/24\/tc-cumhurbaskani-erdogan-birlesmis-milletler-genel-sekreteri-guterres-ile-gorustu\/","og_locale":"tr_TR","og_type":"article","og_title":"TC Cumhurba\u015fkan\u0131 Erdo\u011fan, Birle\u015fmi\u015f Milletler Genel Sekreteri Guterres ile g\u00f6r\u00fc\u015ft\u00fc - Kuzeyin Sesi","og_description":"T\u00fcrkiye Cumhurba\u015fkan\u0131 Recep Tayyip Erdo\u011fan, Birle\u015fmi\u015f Milletler (BM) Genel Sekreteri Antonio Guterres ile bir araya geldi. Birle\u015fmi\u015f Milletler (BM) 79. Genel Kurulu\u2019na kat\u0131lmak \u00fczere New York\u2019ta bulunan Erdo\u011fan, temaslar\u0131n\u0131 s\u00fcrd\u00fcr\u00fcyor. Erdo\u011fan, genel kurula hitab\u0131n\u0131n ard\u0131ndan BM Genel Merkezi\u2019nde Guterres ile g\u00f6r\u00fc\u015ft\u00fc. G\u00f6r\u00fc\u015fme, bas\u0131na kapal\u0131 yap\u0131ld\u0131.","og_url":"https:\/\/kuzeyinsesi.org\/index.php\/2024\/09\/24\/tc-cumhurbaskani-erdogan-birlesmis-milletler-genel-sekreteri-guterres-ile-gorustu\/","og_site_name":"Kuzeyin Sesi","article_publisher":"https:\/\/www.facebook.com\/kuzeyinsesii","article_published_time":"2024-09-24T18:11:13+00:00","og_image":[{"url":"https:\/\/brtk.net\/wp-content\/uploads\/2024\/09\/24\/e-g.png?ver=cd64f2eedd18b1ef7ef4bfca895cb39e","type":"","width":"","height":""}],"author":"Kuzeyin Sesi","twitter_card":"summary_large_image","twitter_creator":"@kuzeyinsesii","twitter_site":"@kuzeyinsesii","twitter_misc":{"Yazan:":"Kuzeyin Sesi"},"schema":{"@context":"https:\/\/schema.org","@graph":[{"@type":"Article","@id":"https:\/\/kuzeyinsesi.org\/index.php\/2024\/09\/24\/tc-cumhurbaskani-erdogan-birlesmis-milletler-genel-sekreteri-guterres-ile-gorustu\/#article","isPartOf":{"@id":"https:\/\/kuzeyinsesi.org\/index.php\/2024\/09\/24\/tc-cumhurbaskani-erdogan-birlesmis-milletler-genel-sekreteri-guterres-ile-gorustu\/"},"author":{"name":"Kuzeyin Sesi","@id":"https:\/\/kuzeyinsesi.org\/#\/schema\/person\/9f859689cdf01485597712386e37f5aa"},"headline":"TC Cumhurba\u015fkan\u0131 Erdo\u011fan, Birle\u015fmi\u015f Milletler Genel Sekreteri Guterres ile g\u00f6r\u00fc\u015ft\u00fc","datePublished":"2024-09-24T18:11:13+00:00","mainEntityOfPage":{"@id":"https:\/\/kuzeyinsesi.org\/index.php\/2024\/09\/24\/tc-cumhurbaskani-erdogan-birlesmis-milletler-genel-sekreteri-guterres-ile-gorustu\/"},"wordCount":83,"commentCount":0,"image":{"@id":"https:\/\/kuzeyinsesi.org\/index.php\/2024\/09\/24\/tc-cumhurbaskani-erdogan-birlesmis-milletler-genel-sekreteri-guterres-ile-gorustu\/#primaryimage"},"thumbnailUrl":"https:\/\/kuzeyinsesi.org\/wp-content\/uploads\/2024\/09\/e-g.png","articleSection":["T\u00fcrkiye"],"inLanguage":"tr","potentialAction":[{"@type":"CommentAction","name":"Comment","target":["https:\/\/kuzeyinsesi.org\/index.php\/2024\/09\/24\/tc-cumhurbaskani-erdogan-birlesmis-milletler-genel-sekreteri-guterres-ile-gorustu\/#respond"]}]},{"@type":"WebPage","@id":"https:\/\/kuzeyinsesi.org\/index.php\/2024\/09\/24\/tc-cumhurbaskani-erdogan-birlesmis-milletler-genel-sekreteri-guterres-ile-gorustu\/","url":"https:\/\/kuzeyinsesi.org\/index.php\/2024\/09\/24\/tc-cumhurbaskani-erdogan-birlesmis-milletler-genel-sekreteri-guterres-ile-gorustu\/","name":"TC Cumhurba\u015fkan\u0131 Erdo\u011fan, Birle\u015fmi\u015f Milletler Genel Sekreteri Guterres ile g\u00f6r\u00fc\u015ft\u00fc - Kuzeyin Sesi","isPartOf":{"@id":"https:\/\/kuzeyinsesi.org\/#website"},"primaryImageOfPage":{"@id":"https:\/\/kuzeyinsesi.org\/index.php\/2024\/09\/24\/tc-cumhurbaskani-erdogan-birlesmis-milletler-genel-sekreteri-guterres-ile-gorustu\/#primaryimage"},"image":{"@id":"https:\/\/kuzeyinsesi.org\/index.php\/2024\/09\/24\/tc-cumhurbaskani-erdogan-birlesmis-milletler-genel-sekreteri-guterres-ile-gorustu\/#primaryimage"},"thumbnailUrl":"https:\/\/kuzeyinsesi.org\/wp-content\/uploads\/2024\/09\/e-g.png","datePublished":"2024-09-24T18:11:13+00:00","author":{"@id":"https:\/\/kuzeyinsesi.org\/#\/schema\/person\/9f859689cdf01485597712386e37f5aa"},"breadcrumb":{"@id":"https:\/\/kuzeyinsesi.org\/index.php\/2024\/09\/24\/tc-cumhurbaskani-erdogan-birlesmis-milletler-genel-sekreteri-guterres-ile-gorustu\/#breadcrumb"},"inLanguage":"tr","potentialAction":[{"@type":"ReadAction","target":["https:\/\/kuzeyinsesi.org\/index.php\/2024\/09\/24\/tc-cumhurbaskani-erdogan-birlesmis-milletler-genel-sekreteri-guterres-ile-gorustu\/"]}]},{"@type":"ImageObject","inLanguage":"tr","@id":"https:\/\/kuzeyinsesi.org\/index.php\/2024\/09\/24\/tc-cumhurbaskani-erdogan-birlesmis-milletler-genel-sekreteri-guterres-ile-gorustu\/#primaryimage","url":"https:\/\/kuzeyinsesi.org\/wp-content\/uploads\/2024\/09\/e-g.png","contentUrl":"https:\/\/kuzeyinsesi.org\/wp-content\/uploads\/2024\/09\/e-g.png","width":983,"height":554},{"@type":"BreadcrumbList","@id":"https:\/\/kuzeyinsesi.org\/index.php\/2024\/09\/24\/tc-cumhurbaskani-erdogan-birlesmis-milletler-genel-sekreteri-guterres-ile-gorustu\/#breadcrumb","itemListElement":[{"@type":"ListItem","position":1,"name":"Anasayfa","item":"https:\/\/kuzeyinsesi.org\/"},{"@type":"ListItem","position":2,"name":"TC Cumhurba\u015fkan\u0131 Erdo\u011fan, Birle\u015fmi\u015f Milletler Genel Sekreteri Guterres ile g\u00f6r\u00fc\u015ft\u00fc"}]},{"@type":"WebSite","@id":"https:\/\/kuzeyinsesi.org\/#website","url":"https:\/\/kuzeyinsesi.org\/","name":"Kuzeyin Sesi","description":"Do\u011fru Haberin Adresi","potentialAction":[{"@type":"SearchAction","target":{"@type":"EntryPoint","urlTemplate":"https:\/\/kuzeyinsesi.org\/?s={search_term_string}"},"query-input":{"@type":"PropertyValueSpecification","valueRequired":true,"valueName":"search_term_string"}}],"inLanguage":"tr"},{"@type":"Person","@id":"https:\/\/kuzeyinsesi.org\/#\/schema\/person\/9f859689cdf01485597712386e37f5aa","name":"Kuzeyin Sesi","image":{"@type":"ImageObject","inLanguage":"tr","@id":"https:\/\/secure.gravatar.com\/avatar\/bab33852abfd8b282518d6ed81826833d77c3c882d9ab608add591ccace47a44?s=96&d=mm&r=g","url":"https:\/\/secure.gravatar.com\/avatar\/bab33852abfd8b282518d6ed81826833d77c3c882d9ab608add591ccace47a44?s=96&d=mm&r=g","contentUrl":"https:\/\/secure.gravatar.com\/avatar\/bab33852abfd8b282518d6ed81826833d77c3c882d9ab608add591ccace47a44?s=96&d=mm&r=g","caption":"Kuzeyin Sesi"},"sameAs":["https:\/\/kuzeyinsesi.org"],"url":"https:\/\/kuzeyinsesi.org\/index.php\/author\/guven\/"}]}},"_links":{"self":[{"href":"https:\/\/kuzeyinsesi.org\/index.php\/wp-json\/wp\/v2\/posts\/10381","targetHints":{"allow":["GET"]}}],"collection":[{"href":"https:\/\/kuzeyinsesi.org\/index.php\/wp-json\/wp\/v2\/posts"}],"about":[{"href":"https:\/\/kuzeyinsesi.org\/index.php\/wp-json\/wp\/v2\/types\/post"}],"author":[{"embeddable":true,"href":"https:\/\/kuzeyinsesi.org\/index.php\/wp-json\/wp\/v2\/users\/1"}],"replies":[{"embeddable":true,"href":"https:\/\/kuzeyinsesi.org\/index.php\/wp-json\/wp\/v2\/comments?post=10381"}],"version-history":[{"count":0,"href":"https:\/\/kuzeyinsesi.org\/index.php\/wp-json\/wp\/v2\/posts\/10381\/revisions"}],"wp:featuredmedia":[{"embeddable":true,"href":"https:\/\/kuzeyinsesi.org\/index.php\/wp-json\/wp\/v2\/media\/10382"}],"wp:attachment":[{"href":"https:\/\/kuzeyinsesi.org\/index.php\/wp-json\/wp\/v2\/media?parent=10381"}],"wp:term":[{"taxonomy":"category","embeddable":true,"href":"https:\/\/kuzeyinsesi.org\/index.php\/wp-json\/wp\/v2\/categories?post=10381"},{"taxonomy":"post_tag","embeddable":true,"href":"https:\/\/kuzeyinsesi.org\/index.php\/wp-json\/wp\/v2\/tags?post=10381"}],"curies":[{"name":"wp","href":"https:\/\/api.w.org\/{rel}","templated":true}]}}