{"id":10343,"date":"2024-09-24T13:45:07","date_gmt":"2024-09-24T10:45:07","guid":{"rendered":"https:\/\/kuzeyinsesi.org\/index.php\/2024\/09\/24\/yuzyillik-destan-ates-yarin-girnede-sahnelenecek\/"},"modified":"2024-09-24T13:45:07","modified_gmt":"2024-09-24T10:45:07","slug":"yuzyillik-destan-ates-yarin-girnede-sahnelenecek","status":"publish","type":"post","link":"https:\/\/kuzeyinsesi.org\/index.php\/2024\/09\/24\/yuzyillik-destan-ates-yarin-girnede-sahnelenecek\/","title":{"rendered":"Y\u00fczy\u0131ll\u0131k Destan \u201cAte\u015f\u201d yar\u0131n Girne\u2019de sahnelenecek"},"content":{"rendered":"<div>\n<div class=\"mariselle-image-container center\">\n                                            <\/div>\n<p> \u2018Girne Ark\u0131n Group Fest24\u2019 kapsam\u0131nda Ankara Devlet Tiyatrolar\u0131\u2019n\u0131n sahneye koydu\u011fu Y\u00fczy\u0131ll\u0131k Destan \u201cAte\u015f\u201d oyunu, yar\u0131n saat 21.00\u2019de Girne Amfitiyatro\u2019da sahnelenecek.<\/p>\n<p>Girne Belediyesi\u2019nden yap\u0131lan a\u00e7\u0131klamaya g\u00f6re, y\u00f6netmenli\u011fini Bar\u0131\u015f Erdenk\u2019in yapt\u0131\u011f\u0131 oyunun biletlerinin www.girnebelediyesi.com adresinden, t\u00fcm Telsim shoplar ve Girne Belediyesi yeni hizmet binas\u0131 ile oyun g\u00fcn\u00fc kap\u0131dan temin edilebilece\u011fi belirtildi.<\/p>\n<p>A\u00e7\u0131klamada, T\u00fcrkiye\u2019nin kurtulu\u015f m\u00fccadelesini Mustafa Kemal Atat\u00fcrk \u00f6nderli\u011finde anlatan oyunun; a\u00e7l\u0131k, yokluk ve yoksullukla m\u00fccadele eden bir halk\u0131n, ac\u0131yla, kay\u0131pla, yenilgiyle dolu Anadolu topraklar\u0131nda imkans\u0131zl\u0131klar i\u00e7inde dahi asla vazge\u00e7memesini konu ald\u0131\u011f\u0131 kaydedildi.<\/p>\n<p>Oyuncu kadrosu \u015f\u00f6yle \u201cEmre Ba\u015fer, Cevat Duman, Muzaffer Sayg\u0131, Ak\u0131n Berk Sa\u011f\u0131ro\u011flu, Barbaros Efe T\u00fcrkay, Murat Kesim, Aykut Z\u00fcng\u00fcr, Berk Baykut, Kadircan \u015eeren, Onur Kayaba\u015f\u0131, Cem Bardak\u00e7\u0131, Bet\u00fcl Tirben, Orida Y\u0131ld\u0131ran, G\u00fcl \u00d6z, K\u0131van\u00e7 Bozk\u0131r, Doruk Altunkaya. Koro: Bet\u00fcl Tirben, Neyra Kayaba\u015f\u0131, Orida Y\u0131ld\u0131ran, Ye\u015fimg\u00fcl Se\u00e7gin, G\u00fcl \u00d6z, Aykut Z\u00fcng\u00fcr, Barbaros Efe T\u00fcrkay, Cem Bardak\u00e7\u0131, K\u0131van\u00e7 Bozk\u0131r, Doruk Altunkaya, Berk Baykut, Kadircan \u015eeren, Demet K\u0131z\u0131lay, Baran Deniz K\u00fc\u00e7\u00fck. Soprano:<\/p>\n<p>Ceren Ertem. Askerler: Emre Olanca, O\u011fuzhan G\u00f6ksel.\u201d<\/p>\n<\/p><\/div>\n<p><script async\n                    defer\n                    crossorigin=\"anonymous\"\n                    src=\"https:\/\/connect.facebook.net\/tr_TR\/sdk.js#xfbml=1&#038;version=v3.3\"\n            ><\/script><\/p>\n","protected":false},"excerpt":{"rendered":"<p>\u2018Girne Ark\u0131n Group Fest24\u2019 kapsam\u0131nda Ankara Devlet Tiyatrolar\u0131\u2019n\u0131n sahneye koydu\u011fu Y\u00fczy\u0131ll\u0131k Destan \u201cAte\u015f\u201d oyunu, yar\u0131n saat 21.00\u2019de Girne Amfitiyatro\u2019da sahnelenecek. Girne Belediyesi\u2019nden yap\u0131lan a\u00e7\u0131klamaya g\u00f6re, y\u00f6netmenli\u011fini Bar\u0131\u015f Erdenk\u2019in yapt\u0131\u011f\u0131 oyunun biletlerinin www.girnebelediyesi.com adresinden, t\u00fcm Telsim shoplar ve Girne Belediyesi yeni hizmet binas\u0131 ile oyun g\u00fcn\u00fc kap\u0131dan temin edilebilece\u011fi belirtildi. A\u00e7\u0131klamada, T\u00fcrkiye\u2019nin kurtulu\u015f m\u00fccadelesini Mustafa Kemal [&hellip;]<\/p>\n","protected":false},"author":1,"featured_media":10344,"comment_status":"open","ping_status":"open","sticky":false,"template":"","format":"standard","meta":{"jnews-multi-image_gallery":[],"jnews_single_post":[],"jnews_primary_category":[],"jnews_social_meta":[],"jnews_override_counter":[],"footnotes":""},"categories":[6],"tags":[],"class_list":["post-10343","post","type-post","status-publish","format-standard","has-post-thumbnail","hentry","category-yasam"],"yoast_head":"<!-- This site is optimized with the Yoast SEO plugin v27.5 - https:\/\/yoast.com\/product\/yoast-seo-wordpress\/ -->\n<title>Y\u00fczy\u0131ll\u0131k Destan \u201cAte\u015f\u201d yar\u0131n Girne\u2019de sahnelenecek - Kuzeyin Sesi<\/title>\n<meta name=\"robots\" content=\"index, follow, max-snippet:-1, max-image-preview:large, max-video-preview:-1\" \/>\n<link rel=\"canonical\" href=\"https:\/\/kuzeyinsesi.org\/index.php\/2024\/09\/24\/yuzyillik-destan-ates-yarin-girnede-sahnelenecek\/\" \/>\n<meta property=\"og:locale\" content=\"tr_TR\" \/>\n<meta property=\"og:type\" content=\"article\" \/>\n<meta property=\"og:title\" content=\"Y\u00fczy\u0131ll\u0131k Destan \u201cAte\u015f\u201d yar\u0131n Girne\u2019de sahnelenecek - Kuzeyin Sesi\" \/>\n<meta property=\"og:description\" content=\"\u2018Girne Ark\u0131n Group Fest24\u2019 kapsam\u0131nda Ankara Devlet Tiyatrolar\u0131\u2019n\u0131n sahneye koydu\u011fu Y\u00fczy\u0131ll\u0131k Destan \u201cAte\u015f\u201d oyunu, yar\u0131n saat 21.00\u2019de Girne Amfitiyatro\u2019da sahnelenecek. Girne Belediyesi\u2019nden yap\u0131lan a\u00e7\u0131klamaya g\u00f6re, y\u00f6netmenli\u011fini Bar\u0131\u015f Erdenk\u2019in yapt\u0131\u011f\u0131 oyunun biletlerinin www.girnebelediyesi.com adresinden, t\u00fcm Telsim shoplar ve Girne Belediyesi yeni hizmet binas\u0131 ile oyun g\u00fcn\u00fc kap\u0131dan temin edilebilece\u011fi belirtildi. A\u00e7\u0131klamada, T\u00fcrkiye\u2019nin kurtulu\u015f m\u00fccadelesini Mustafa Kemal [&hellip;]\" \/>\n<meta property=\"og:url\" content=\"https:\/\/kuzeyinsesi.org\/index.php\/2024\/09\/24\/yuzyillik-destan-ates-yarin-girnede-sahnelenecek\/\" \/>\n<meta property=\"og:site_name\" content=\"Kuzeyin Sesi\" \/>\n<meta property=\"article:publisher\" content=\"https:\/\/www.facebook.com\/kuzeyinsesii\" \/>\n<meta property=\"article:published_time\" content=\"2024-09-24T10:45:07+00:00\" \/>\n<meta property=\"og:image\" content=\"https:\/\/brtk.net\/wp-content\/uploads\/2024\/09\/24\/232323.jpeg?ver=f31ac338f0a0de9bd87e90a9e8a6801d\" \/>\n<meta name=\"author\" content=\"Kuzeyin Sesi\" \/>\n<meta name=\"twitter:card\" content=\"summary_large_image\" \/>\n<meta name=\"twitter:creator\" content=\"@kuzeyinsesii\" \/>\n<meta name=\"twitter:site\" content=\"@kuzeyinsesii\" \/>\n<meta name=\"twitter:label1\" content=\"Yazan:\" \/>\n\t<meta name=\"twitter:data1\" content=\"Kuzeyin Sesi\" \/>\n\t<meta name=\"twitter:label2\" content=\"Tahmini okuma s\u00fcresi\" \/>\n\t<meta name=\"twitter:data2\" content=\"1 dakika\" \/>\n<script type=\"application\/ld+json\" class=\"yoast-schema-graph\">{\"@context\":\"https:\\\/\\\/schema.org\",\"@graph\":[{\"@type\":\"Article\",\"@id\":\"https:\\\/\\\/kuzeyinsesi.org\\\/index.php\\\/2024\\\/09\\\/24\\\/yuzyillik-destan-ates-yarin-girnede-sahnelenecek\\\/#article\",\"isPartOf\":{\"@id\":\"https:\\\/\\\/kuzeyinsesi.org\\\/index.php\\\/2024\\\/09\\\/24\\\/yuzyillik-destan-ates-yarin-girnede-sahnelenecek\\\/\"},\"author\":{\"name\":\"Kuzeyin Sesi\",\"@id\":\"https:\\\/\\\/kuzeyinsesi.org\\\/#\\\/schema\\\/person\\\/9f859689cdf01485597712386e37f5aa\"},\"headline\":\"Y\u00fczy\u0131ll\u0131k Destan \u201cAte\u015f\u201d yar\u0131n Girne\u2019de sahnelenecek\",\"datePublished\":\"2024-09-24T10:45:07+00:00\",\"mainEntityOfPage\":{\"@id\":\"https:\\\/\\\/kuzeyinsesi.org\\\/index.php\\\/2024\\\/09\\\/24\\\/yuzyillik-destan-ates-yarin-girnede-sahnelenecek\\\/\"},\"wordCount\":238,\"commentCount\":0,\"image\":{\"@id\":\"https:\\\/\\\/kuzeyinsesi.org\\\/index.php\\\/2024\\\/09\\\/24\\\/yuzyillik-destan-ates-yarin-girnede-sahnelenecek\\\/#primaryimage\"},\"thumbnailUrl\":\"https:\\\/\\\/kuzeyinsesi.org\\\/wp-content\\\/uploads\\\/2024\\\/09\\\/232323.jpeg\",\"articleSection\":[\"Ya\u015fam\"],\"inLanguage\":\"tr\",\"potentialAction\":[{\"@type\":\"CommentAction\",\"name\":\"Comment\",\"target\":[\"https:\\\/\\\/kuzeyinsesi.org\\\/index.php\\\/2024\\\/09\\\/24\\\/yuzyillik-destan-ates-yarin-girnede-sahnelenecek\\\/#respond\"]}]},{\"@type\":\"WebPage\",\"@id\":\"https:\\\/\\\/kuzeyinsesi.org\\\/index.php\\\/2024\\\/09\\\/24\\\/yuzyillik-destan-ates-yarin-girnede-sahnelenecek\\\/\",\"url\":\"https:\\\/\\\/kuzeyinsesi.org\\\/index.php\\\/2024\\\/09\\\/24\\\/yuzyillik-destan-ates-yarin-girnede-sahnelenecek\\\/\",\"name\":\"Y\u00fczy\u0131ll\u0131k Destan \u201cAte\u015f\u201d yar\u0131n Girne\u2019de sahnelenecek - Kuzeyin Sesi\",\"isPartOf\":{\"@id\":\"https:\\\/\\\/kuzeyinsesi.org\\\/#website\"},\"primaryImageOfPage\":{\"@id\":\"https:\\\/\\\/kuzeyinsesi.org\\\/index.php\\\/2024\\\/09\\\/24\\\/yuzyillik-destan-ates-yarin-girnede-sahnelenecek\\\/#primaryimage\"},\"image\":{\"@id\":\"https:\\\/\\\/kuzeyinsesi.org\\\/index.php\\\/2024\\\/09\\\/24\\\/yuzyillik-destan-ates-yarin-girnede-sahnelenecek\\\/#primaryimage\"},\"thumbnailUrl\":\"https:\\\/\\\/kuzeyinsesi.org\\\/wp-content\\\/uploads\\\/2024\\\/09\\\/232323.jpeg\",\"datePublished\":\"2024-09-24T10:45:07+00:00\",\"author\":{\"@id\":\"https:\\\/\\\/kuzeyinsesi.org\\\/#\\\/schema\\\/person\\\/9f859689cdf01485597712386e37f5aa\"},\"breadcrumb\":{\"@id\":\"https:\\\/\\\/kuzeyinsesi.org\\\/index.php\\\/2024\\\/09\\\/24\\\/yuzyillik-destan-ates-yarin-girnede-sahnelenecek\\\/#breadcrumb\"},\"inLanguage\":\"tr\",\"potentialAction\":[{\"@type\":\"ReadAction\",\"target\":[\"https:\\\/\\\/kuzeyinsesi.org\\\/index.php\\\/2024\\\/09\\\/24\\\/yuzyillik-destan-ates-yarin-girnede-sahnelenecek\\\/\"]}]},{\"@type\":\"ImageObject\",\"inLanguage\":\"tr\",\"@id\":\"https:\\\/\\\/kuzeyinsesi.org\\\/index.php\\\/2024\\\/09\\\/24\\\/yuzyillik-destan-ates-yarin-girnede-sahnelenecek\\\/#primaryimage\",\"url\":\"https:\\\/\\\/kuzeyinsesi.org\\\/wp-content\\\/uploads\\\/2024\\\/09\\\/232323.jpeg\",\"contentUrl\":\"https:\\\/\\\/kuzeyinsesi.org\\\/wp-content\\\/uploads\\\/2024\\\/09\\\/232323.jpeg\",\"width\":1050,\"height\":700},{\"@type\":\"BreadcrumbList\",\"@id\":\"https:\\\/\\\/kuzeyinsesi.org\\\/index.php\\\/2024\\\/09\\\/24\\\/yuzyillik-destan-ates-yarin-girnede-sahnelenecek\\\/#breadcrumb\",\"itemListElement\":[{\"@type\":\"ListItem\",\"position\":1,\"name\":\"Anasayfa\",\"item\":\"https:\\\/\\\/kuzeyinsesi.org\\\/\"},{\"@type\":\"ListItem\",\"position\":2,\"name\":\"Y\u00fczy\u0131ll\u0131k Destan \u201cAte\u015f\u201d yar\u0131n Girne\u2019de sahnelenecek\"}]},{\"@type\":\"WebSite\",\"@id\":\"https:\\\/\\\/kuzeyinsesi.org\\\/#website\",\"url\":\"https:\\\/\\\/kuzeyinsesi.org\\\/\",\"name\":\"Kuzeyin Sesi\",\"description\":\"Do\u011fru Haberin Adresi\",\"potentialAction\":[{\"@type\":\"SearchAction\",\"target\":{\"@type\":\"EntryPoint\",\"urlTemplate\":\"https:\\\/\\\/kuzeyinsesi.org\\\/?s={search_term_string}\"},\"query-input\":{\"@type\":\"PropertyValueSpecification\",\"valueRequired\":true,\"valueName\":\"search_term_string\"}}],\"inLanguage\":\"tr\"},{\"@type\":\"Person\",\"@id\":\"https:\\\/\\\/kuzeyinsesi.org\\\/#\\\/schema\\\/person\\\/9f859689cdf01485597712386e37f5aa\",\"name\":\"Kuzeyin Sesi\",\"image\":{\"@type\":\"ImageObject\",\"inLanguage\":\"tr\",\"@id\":\"https:\\\/\\\/secure.gravatar.com\\\/avatar\\\/bab33852abfd8b282518d6ed81826833d77c3c882d9ab608add591ccace47a44?s=96&d=mm&r=g\",\"url\":\"https:\\\/\\\/secure.gravatar.com\\\/avatar\\\/bab33852abfd8b282518d6ed81826833d77c3c882d9ab608add591ccace47a44?s=96&d=mm&r=g\",\"contentUrl\":\"https:\\\/\\\/secure.gravatar.com\\\/avatar\\\/bab33852abfd8b282518d6ed81826833d77c3c882d9ab608add591ccace47a44?s=96&d=mm&r=g\",\"caption\":\"Kuzeyin Sesi\"},\"sameAs\":[\"https:\\\/\\\/kuzeyinsesi.org\"],\"url\":\"https:\\\/\\\/kuzeyinsesi.org\\\/index.php\\\/author\\\/guven\\\/\"}]}<\/script>\n<!-- \/ Yoast SEO plugin. -->","yoast_head_json":{"title":"Y\u00fczy\u0131ll\u0131k Destan \u201cAte\u015f\u201d yar\u0131n Girne\u2019de sahnelenecek - Kuzeyin Sesi","robots":{"index":"index","follow":"follow","max-snippet":"max-snippet:-1","max-image-preview":"max-image-preview:large","max-video-preview":"max-video-preview:-1"},"canonical":"https:\/\/kuzeyinsesi.org\/index.php\/2024\/09\/24\/yuzyillik-destan-ates-yarin-girnede-sahnelenecek\/","og_locale":"tr_TR","og_type":"article","og_title":"Y\u00fczy\u0131ll\u0131k Destan \u201cAte\u015f\u201d yar\u0131n Girne\u2019de sahnelenecek - Kuzeyin Sesi","og_description":"\u2018Girne Ark\u0131n Group Fest24\u2019 kapsam\u0131nda Ankara Devlet Tiyatrolar\u0131\u2019n\u0131n sahneye koydu\u011fu Y\u00fczy\u0131ll\u0131k Destan \u201cAte\u015f\u201d oyunu, yar\u0131n saat 21.00\u2019de Girne Amfitiyatro\u2019da sahnelenecek. Girne Belediyesi\u2019nden yap\u0131lan a\u00e7\u0131klamaya g\u00f6re, y\u00f6netmenli\u011fini Bar\u0131\u015f Erdenk\u2019in yapt\u0131\u011f\u0131 oyunun biletlerinin www.girnebelediyesi.com adresinden, t\u00fcm Telsim shoplar ve Girne Belediyesi yeni hizmet binas\u0131 ile oyun g\u00fcn\u00fc kap\u0131dan temin edilebilece\u011fi belirtildi. A\u00e7\u0131klamada, T\u00fcrkiye\u2019nin kurtulu\u015f m\u00fccadelesini Mustafa Kemal [&hellip;]","og_url":"https:\/\/kuzeyinsesi.org\/index.php\/2024\/09\/24\/yuzyillik-destan-ates-yarin-girnede-sahnelenecek\/","og_site_name":"Kuzeyin Sesi","article_publisher":"https:\/\/www.facebook.com\/kuzeyinsesii","article_published_time":"2024-09-24T10:45:07+00:00","og_image":[{"url":"https:\/\/brtk.net\/wp-content\/uploads\/2024\/09\/24\/232323.jpeg?ver=f31ac338f0a0de9bd87e90a9e8a6801d","type":"","width":"","height":""}],"author":"Kuzeyin Sesi","twitter_card":"summary_large_image","twitter_creator":"@kuzeyinsesii","twitter_site":"@kuzeyinsesii","twitter_misc":{"Yazan:":"Kuzeyin Sesi","Tahmini okuma s\u00fcresi":"1 dakika"},"schema":{"@context":"https:\/\/schema.org","@graph":[{"@type":"Article","@id":"https:\/\/kuzeyinsesi.org\/index.php\/2024\/09\/24\/yuzyillik-destan-ates-yarin-girnede-sahnelenecek\/#article","isPartOf":{"@id":"https:\/\/kuzeyinsesi.org\/index.php\/2024\/09\/24\/yuzyillik-destan-ates-yarin-girnede-sahnelenecek\/"},"author":{"name":"Kuzeyin Sesi","@id":"https:\/\/kuzeyinsesi.org\/#\/schema\/person\/9f859689cdf01485597712386e37f5aa"},"headline":"Y\u00fczy\u0131ll\u0131k Destan \u201cAte\u015f\u201d yar\u0131n Girne\u2019de sahnelenecek","datePublished":"2024-09-24T10:45:07+00:00","mainEntityOfPage":{"@id":"https:\/\/kuzeyinsesi.org\/index.php\/2024\/09\/24\/yuzyillik-destan-ates-yarin-girnede-sahnelenecek\/"},"wordCount":238,"commentCount":0,"image":{"@id":"https:\/\/kuzeyinsesi.org\/index.php\/2024\/09\/24\/yuzyillik-destan-ates-yarin-girnede-sahnelenecek\/#primaryimage"},"thumbnailUrl":"https:\/\/kuzeyinsesi.org\/wp-content\/uploads\/2024\/09\/232323.jpeg","articleSection":["Ya\u015fam"],"inLanguage":"tr","potentialAction":[{"@type":"CommentAction","name":"Comment","target":["https:\/\/kuzeyinsesi.org\/index.php\/2024\/09\/24\/yuzyillik-destan-ates-yarin-girnede-sahnelenecek\/#respond"]}]},{"@type":"WebPage","@id":"https:\/\/kuzeyinsesi.org\/index.php\/2024\/09\/24\/yuzyillik-destan-ates-yarin-girnede-sahnelenecek\/","url":"https:\/\/kuzeyinsesi.org\/index.php\/2024\/09\/24\/yuzyillik-destan-ates-yarin-girnede-sahnelenecek\/","name":"Y\u00fczy\u0131ll\u0131k Destan \u201cAte\u015f\u201d yar\u0131n Girne\u2019de sahnelenecek - Kuzeyin Sesi","isPartOf":{"@id":"https:\/\/kuzeyinsesi.org\/#website"},"primaryImageOfPage":{"@id":"https:\/\/kuzeyinsesi.org\/index.php\/2024\/09\/24\/yuzyillik-destan-ates-yarin-girnede-sahnelenecek\/#primaryimage"},"image":{"@id":"https:\/\/kuzeyinsesi.org\/index.php\/2024\/09\/24\/yuzyillik-destan-ates-yarin-girnede-sahnelenecek\/#primaryimage"},"thumbnailUrl":"https:\/\/kuzeyinsesi.org\/wp-content\/uploads\/2024\/09\/232323.jpeg","datePublished":"2024-09-24T10:45:07+00:00","author":{"@id":"https:\/\/kuzeyinsesi.org\/#\/schema\/person\/9f859689cdf01485597712386e37f5aa"},"breadcrumb":{"@id":"https:\/\/kuzeyinsesi.org\/index.php\/2024\/09\/24\/yuzyillik-destan-ates-yarin-girnede-sahnelenecek\/#breadcrumb"},"inLanguage":"tr","potentialAction":[{"@type":"ReadAction","target":["https:\/\/kuzeyinsesi.org\/index.php\/2024\/09\/24\/yuzyillik-destan-ates-yarin-girnede-sahnelenecek\/"]}]},{"@type":"ImageObject","inLanguage":"tr","@id":"https:\/\/kuzeyinsesi.org\/index.php\/2024\/09\/24\/yuzyillik-destan-ates-yarin-girnede-sahnelenecek\/#primaryimage","url":"https:\/\/kuzeyinsesi.org\/wp-content\/uploads\/2024\/09\/232323.jpeg","contentUrl":"https:\/\/kuzeyinsesi.org\/wp-content\/uploads\/2024\/09\/232323.jpeg","width":1050,"height":700},{"@type":"BreadcrumbList","@id":"https:\/\/kuzeyinsesi.org\/index.php\/2024\/09\/24\/yuzyillik-destan-ates-yarin-girnede-sahnelenecek\/#breadcrumb","itemListElement":[{"@type":"ListItem","position":1,"name":"Anasayfa","item":"https:\/\/kuzeyinsesi.org\/"},{"@type":"ListItem","position":2,"name":"Y\u00fczy\u0131ll\u0131k Destan \u201cAte\u015f\u201d yar\u0131n Girne\u2019de sahnelenecek"}]},{"@type":"WebSite","@id":"https:\/\/kuzeyinsesi.org\/#website","url":"https:\/\/kuzeyinsesi.org\/","name":"Kuzeyin Sesi","description":"Do\u011fru Haberin Adresi","potentialAction":[{"@type":"SearchAction","target":{"@type":"EntryPoint","urlTemplate":"https:\/\/kuzeyinsesi.org\/?s={search_term_string}"},"query-input":{"@type":"PropertyValueSpecification","valueRequired":true,"valueName":"search_term_string"}}],"inLanguage":"tr"},{"@type":"Person","@id":"https:\/\/kuzeyinsesi.org\/#\/schema\/person\/9f859689cdf01485597712386e37f5aa","name":"Kuzeyin Sesi","image":{"@type":"ImageObject","inLanguage":"tr","@id":"https:\/\/secure.gravatar.com\/avatar\/bab33852abfd8b282518d6ed81826833d77c3c882d9ab608add591ccace47a44?s=96&d=mm&r=g","url":"https:\/\/secure.gravatar.com\/avatar\/bab33852abfd8b282518d6ed81826833d77c3c882d9ab608add591ccace47a44?s=96&d=mm&r=g","contentUrl":"https:\/\/secure.gravatar.com\/avatar\/bab33852abfd8b282518d6ed81826833d77c3c882d9ab608add591ccace47a44?s=96&d=mm&r=g","caption":"Kuzeyin Sesi"},"sameAs":["https:\/\/kuzeyinsesi.org"],"url":"https:\/\/kuzeyinsesi.org\/index.php\/author\/guven\/"}]}},"_links":{"self":[{"href":"https:\/\/kuzeyinsesi.org\/index.php\/wp-json\/wp\/v2\/posts\/10343","targetHints":{"allow":["GET"]}}],"collection":[{"href":"https:\/\/kuzeyinsesi.org\/index.php\/wp-json\/wp\/v2\/posts"}],"about":[{"href":"https:\/\/kuzeyinsesi.org\/index.php\/wp-json\/wp\/v2\/types\/post"}],"author":[{"embeddable":true,"href":"https:\/\/kuzeyinsesi.org\/index.php\/wp-json\/wp\/v2\/users\/1"}],"replies":[{"embeddable":true,"href":"https:\/\/kuzeyinsesi.org\/index.php\/wp-json\/wp\/v2\/comments?post=10343"}],"version-history":[{"count":0,"href":"https:\/\/kuzeyinsesi.org\/index.php\/wp-json\/wp\/v2\/posts\/10343\/revisions"}],"wp:featuredmedia":[{"embeddable":true,"href":"https:\/\/kuzeyinsesi.org\/index.php\/wp-json\/wp\/v2\/media\/10344"}],"wp:attachment":[{"href":"https:\/\/kuzeyinsesi.org\/index.php\/wp-json\/wp\/v2\/media?parent=10343"}],"wp:term":[{"taxonomy":"category","embeddable":true,"href":"https:\/\/kuzeyinsesi.org\/index.php\/wp-json\/wp\/v2\/categories?post=10343"},{"taxonomy":"post_tag","embeddable":true,"href":"https:\/\/kuzeyinsesi.org\/index.php\/wp-json\/wp\/v2\/tags?post=10343"}],"curies":[{"name":"wp","href":"https:\/\/api.w.org\/{rel}","templated":true}]}}