{"id":10324,"date":"2024-09-24T07:23:25","date_gmt":"2024-09-24T04:23:25","guid":{"rendered":"https:\/\/kuzeyinsesi.org\/index.php\/2024\/09\/24\/erdogansavunma-sanayiinde-ihracat-engelleri-kaldirilmali\/"},"modified":"2024-09-24T07:23:25","modified_gmt":"2024-09-24T04:23:25","slug":"erdogansavunma-sanayiinde-ihracat-engelleri-kaldirilmali","status":"publish","type":"post","link":"https:\/\/kuzeyinsesi.org\/index.php\/2024\/09\/24\/erdogansavunma-sanayiinde-ihracat-engelleri-kaldirilmali\/","title":{"rendered":"Erdo\u011fan:Savunma sanayiinde ihracat engelleri kald\u0131r\u0131lmal\u0131"},"content":{"rendered":"<div>\n<div class=\"mariselle-image-container center\">\n                                            <\/div>\n<p>TC Cumhurba\u015fkan\u0131 Recep Tayyip Erdo\u011fan, Amerikal\u0131 ve T\u00fcrk i\u015f insanlar\u0131yla bir araya geldi. Erdo\u011fan, F-16 modernizasyon projesinin, ABD ile savunma sanayi alan\u0131nda yeni bir sayfa a\u00e7mas\u0131n\u0131 temenni ettiklerini s\u00f6yledi. Amerikal\u0131 i\u015f insanlar\u0131na, T\u00fcrkiye\u2019nin savunma sanayisi yat\u0131r\u0131mlar\u0131na katk\u0131 sa\u011flayacak yeni ortakl\u0131klar kurma \u00e7a\u011fr\u0131s\u0131nda bulundu.<\/p>\n<p>T\u00fcrkiye-ABD \u0130\u015f Konseyi (TA\u0130K) taraf\u0131ndan d\u00fczenlenen 15. T\u00fcrkiye Yat\u0131r\u0131m Konferans\u0131 \u00e7er\u00e7evesinde Amerikal\u0131 ve T\u00fcrk i\u015f insanlar\u0131 ile bir araya gelen Erdo\u011fan, ABD Ticaret Odas\u0131, ABD T\u00fcrkiye \u0130\u015f Konseyi ile DE\u0130K\u2019e ba\u011fl\u0131 T\u00fcrk-Amerikan \u0130\u015f Konseyine bu toplant\u0131ya vesile olduklar\u0131 i\u00e7in te\u015fekk\u00fcr etti.<\/p>\n<p>Erdo\u011fan, art\u0131k bir gelenek haline gelen bu bulu\u015fman\u0131n iki \u00fclke i\u015f \u00e7evrelerine yeni i\u015fbirlikleri ve ortakl\u0131klar i\u00e7in \u00f6nemli bir imkan sundu\u011funa inand\u0131\u011f\u0131n\u0131 belirterek, \u201cEkonomik ve ticari konular Amerika\u2019yla m\u00fcnasebetlerimizin en \u00f6nemli boyutlar\u0131ndan birini te\u015fkil ediyor. Amerika son iki senedir en fazla ihracat yapt\u0131\u011f\u0131m\u0131z ikinci, en fazla ithalat yapt\u0131\u011f\u0131m\u0131z be\u015finci \u00fclke oldu. \u0130kili ticaret hacmimiz ge\u00e7ti\u011fimiz y\u0131l 30 milyar dolar\u0131 a\u015ft\u0131. Pek \u00e7ok defa ifade etti\u011fim \u00fczere ikili ticaret g\u00f6stergelerini istikrarl\u0131 \u015fekilde artt\u0131rmak i\u00e7in b\u00fcy\u00fck bir potansiyele sahibiz.\u201d ifadelerini kulland\u0131.<\/p>\n<p>Ticarette 100 milyar dolarl\u0131k ortak hedefe iyi bir planlamayla ula\u015fabilece\u011fine b\u00fct\u00fcn samimiyetiyle inand\u0131\u011f\u0131n\u0131 ifade eden Erdo\u011fan, \u201cBunun i\u00e7in demir \u00e7elik ve al\u00fcminyum sekt\u00f6r\u00fcndeki ilave g\u00fcmr\u00fck vergileri, soru\u015fturmalar ve CAATSA yapt\u0131r\u0131mlar\u0131 gibi tek tarafl\u0131 uygulamalar\u0131n art\u0131k terk edilmesi gerekiyor. Siz sekt\u00f6r temsilcilerinden de ilgili kurumlar nezdinde kar\u015f\u0131l\u0131kl\u0131 olarak kaybetmemize neden olan engellemelerin kald\u0131r\u0131lmas\u0131 amac\u0131yla gerekli giri\u015fimlerde bulunman\u0131z\u0131 bekliyoruz.\u201d diye konu\u015ftu.<\/p>\n<p>Erdo\u011fan, T\u00fcrkiye\u2019nin b\u00fcy\u00fck, g\u00fc\u00e7l\u00fc ve potansiyeli son derece y\u00fcksek bir ekonomiye sahip oldu\u011funu, bug\u00fcn d\u00fcnyada hem n\u00fcfusu 85 milyon hem de ki\u015fi ba\u015f\u0131na geliri 13 bin dolar\u0131n \u00fczerinde olan ABD, Japonya, Rusya, Meksika ile 5 \u00fclkeden biri oldu\u011funu dile getirdi.<\/p>\n<p><strong>\u201cAltyap\u0131ya 270 milyar dolardan fazla yat\u0131r\u0131m yapt\u0131k\u201d<\/strong><br \/>Cumhurba\u015fkan\u0131 Erdo\u011fan, T\u00fcrkiye\u2019nin son 20 y\u0131lda ortalama y\u00fczde 5,4 oran\u0131nda b\u00fcy\u00fcd\u00fc\u011f\u00fcn\u00fc aktararak, \u015f\u00f6yle devam etti:<\/p>\n<p>\u201cSon 20 y\u0131lda altyap\u0131ya 270 milyar dolardan fazla yat\u0131r\u0131m yapt\u0131k. Havaliman\u0131 say\u0131m\u0131z\u0131 2 kat\u0131ndan fazla art\u0131rd\u0131k. \u0130hracat\u0131m\u0131z 20 y\u0131lda 20 kattan fazla artt\u0131. D\u00fcnya ihracat\u0131ndan ald\u0131\u011f\u0131m\u0131z pay\u0131 ikiye katlad\u0131k. Savunma ve havac\u0131l\u0131k sanayinde ilk s\u0131ralarday\u0131z. D\u00fcnyan\u0131n en b\u00fcy\u00fck S\u0130HA tedarik\u00e7isiyiz. \u015eeffaf, \u00f6ng\u00f6r\u00fclebilir ve yat\u0131r\u0131mc\u0131 dostu politikalar\u0131m\u0131z sayesinde son 20 y\u0131lda 270 milyar dolara yak\u0131n uluslararas\u0131 do\u011frudan yat\u0131r\u0131m \u00e7ektik. T\u00fcrkiye\u2019deki yabanc\u0131 sermayeli \u015firket sahibi say\u0131s\u0131 6 binden 83 bine \u00e7\u0131kt\u0131.\u201d<\/p>\n<p><strong>\u201c2024\u2019te kredi notu 3 kurulu\u015f taraf\u0131ndan art\u0131r\u0131lan tek \u00fclke T\u00fcrkiye oldu\u201d<\/strong><br \/>Erdo\u011fan, b\u00f6lgede ya\u015fanan s\u0131k\u0131nt\u0131lara ra\u011fmen ihracatta, istihdamda, \u00fcretimde, turizmde b\u00fcy\u00fcmeyi s\u00fcrd\u00fcrd\u00fcklerini dile getirerek, \u015f\u00f6yle konu\u015ftu:<\/p>\n<p>\u201cG\u00fc\u00e7l\u00fc bir \u015fekilde destekledi\u011fimiz ve son bir y\u0131ld\u0131r uygulamakta oldu\u011fumuz ekonomi program\u0131n\u0131n meyvelerini topluyoruz. T\u00fcm d\u00fcnya ile birlikte \u00fclkemizin de sorunu olan enflasyonda kal\u0131c\u0131 ve belirgin bir d\u00fc\u015f\u00fc\u015f s\u00fcrecine girdik. \u0130\u015fsizlik oran\u0131 hedeflerimiz \u00f6tesinde iyile\u015fti. Depremin etkilerine ra\u011fmen kamu maliyesini h\u0131zla toparlad\u0131k. Rezervleri art\u0131k bir endi\u015fe kayna\u011f\u0131 olmaktan \u00e7\u0131kard\u0131k. Uluslararas\u0131 derecelendirme kurulu\u015flar\u0131n\u0131n tamam\u0131 bu geli\u015fmelere kay\u0131ts\u0131z kalmad\u0131. 2024 y\u0131l\u0131nda kredi notu 3 kurulu\u015f taraf\u0131ndan art\u0131r\u0131lan tek \u00fclke T\u00fcrkiye oldu.\u201d<\/p>\n<p>Cumhurba\u015fkan\u0131 Erdo\u011fan, makro finansal istikrar\u0131 kal\u0131c\u0131 hale getirmek suretiyle T\u00fcrkiye\u2019yi y\u00fcksek gelirli \u00fclkeler ligine \u00e7\u0131karmay\u0131 hedeflediklerini s\u00f6yledi.<\/p>\n<p>Y\u00fcksek katma de\u011ferli, s\u00fcrd\u00fcr\u00fclebilir dijital d\u00f6n\u00fc\u015f\u00fcm\u00fc destekleyen, ileri teknolojiye dayal\u0131 ve nitelikli istihdam sa\u011flayan yat\u0131r\u0131mlar\u0131 T\u00fcrkiye\u2019ye daha fazla \u00e7ekmek istediklerini ifade eden Erdo\u011fan, \u201cBu ama\u00e7la yeni uluslararas\u0131 do\u011frudan yat\u0131r\u0131m stratejisini haz\u0131rlad\u0131k. B\u00f6ylece \u00fclkemizin k\u00fcresel yat\u0131r\u0131m pastas\u0131ndan ald\u0131\u011f\u0131 mevcut y\u00fczde 1\u2019lik pay\u0131 2028 y\u0131l\u0131 itibar\u0131yla y\u00fczde 1,5\u2019e \u00e7\u0131karaca\u011f\u0131z. Yenilenebilir enerji, savunma sanayi, biyoteknoloji ve otomotiv sekt\u00f6rleri keza \u00f6zel ilgi g\u00f6sterdi\u011fimiz ve Amerikan firmalar\u0131yla m\u00fc\u015fterek \u00e7al\u0131\u015fmalara imza atabilece\u011fimiz alanlar olarak \u00f6ne \u00e7\u0131k\u0131yor.\u201d \u015feklinde konu\u015ftu.<\/p>\n<p>Erdo\u011fan, T\u00fcrkiye\u2019nin 2030 y\u0131l\u0131na kadar y\u00fcksek teknoloji yat\u0131r\u0131mlar\u0131n\u0131n odak noktas\u0131 haline gelmesini hedeflediklerini belirterek, \u201cBu maksatla yar\u0131 iletkenler, ye\u015fil enerji, ileri imalat, sa\u011fl\u0131kl\u0131 ya\u015fam, dijital teknolojiler, haberle\u015fme ve uzay gibi 30\u2019un \u00fczerindeki ba\u015fl\u0131kta yap\u0131lacak yat\u0131r\u0131mlara nitelikli destekler sa\u011flayaca\u011f\u0131z. Sizleri de bu desteklerden istifade etmeye, geli\u015fen T\u00fcrkiye\u2019yle birlikte b\u00fcy\u00fcmeye davet ediyorum.\u201d dedi.<\/p>\n<p>Amerika ile gerek kar\u015f\u0131l\u0131kl\u0131 i\u015f heyetleri ziyaretleri, gerek resmi temaslar a\u00e7\u0131s\u0131ndan verimli bir y\u0131l ge\u00e7irdiklerini s\u00f6yleyen Erdo\u011fan, \u015funlar\u0131 dile getirdi:<\/p>\n<p>\u201cBu temaslarda Orta Asya ve Afrika gibi co\u011frafyalar ba\u015fta olmak \u00fczere d\u00fcnyan\u0131n bir\u00e7ok b\u00f6lgesinde de ortak i\u015f yapabilme f\u0131rsatlar\u0131 \u00f6ne \u00e7\u0131kt\u0131. Bu potansiyeli Eximbank, IFC gibi kurulu\u015flar\u0131nda aktif deste\u011fiyle hayata ge\u00e7irebiliriz. 2016 y\u0131l\u0131nda Amerika\u2019dan LNG ithalat\u0131na ba\u015flamam\u0131z\u0131n ard\u0131ndan enerji alan\u0131nda da i\u015fbirli\u011fimizin geli\u015fiyor olmas\u0131 memnuniyet vericidir. Bug\u00fcn Amerika bu alandaki en b\u00fcy\u00fck tedarik\u00e7imiz haline gelmi\u015f olup bu ili\u015fkiyi uzun vadeli bir s\u00f6zle\u015fmeyle ta\u00e7land\u0131rmak arzusunday\u0131z. May\u0131s ay\u0131nda enerji \u015firketimiz BOTA\u015e ile Amerikal\u0131 enerji \u015firketi Exxon Mobil aras\u0131nda imzalanan niyet mektubu \u00f6nemli bir ad\u0131md\u0131.\u201d<\/p>\n<p><strong>\u201cM\u00fc\u015fterek g\u00fcvenli\u011fimize katk\u0131 sa\u011flayacak yeni ortakl\u0131klar kurmak i\u00e7in sizlerin deste\u011fi m\u00fchimdir\u201d<\/strong><br \/>Cumhurba\u015fkan\u0131 Erdo\u011fan, \u201cSavunma sanayi alan\u0131ndaki i\u015fbirli\u011fimiz son y\u0131llarda k\u0131s\u0131tlamalar nedeniyle maalesef potansiyelinin \u00e7ok gerisinde kald\u0131. F-16 modernizasyon projesiyle yeni bir sayfa a\u00e7t\u0131\u011f\u0131m\u0131z\u0131 temenni ediyor, bu alandaki ihracat engellerinin kal\u0131c\u0131 \u015fekilde kald\u0131r\u0131lmas\u0131n\u0131 bekliyoruz.\u201d dedi.<\/p>\n<p>T\u00fcrk savunma sanayinin dinamizminin k\u00fcresel tedarik zincirleri bak\u0131m\u0131ndan da rakipsiz bir f\u0131rsat sundu\u011funu kaydeden Erdo\u011fan, 155 milimetre kalibrelik top mermilerinin \u00fcretim ve tedarikinde tesis edilen i\u015fbirli\u011finin bunun en somut \u00f6rneklerinden oldu\u011funu kaydetti.<\/p>\n<p>Firmalar\u0131n Teksas\u2019ta faaliyete ge\u00e7irecekleri \u00fcretim tesislerinin bu alandaki tedarik s\u00fcre\u00e7lerine seviye atlataca\u011f\u0131n\u0131 belirten Erdo\u011fan, \u201cMevcut projelerimizi ilerletmek, m\u00fc\u015fterek g\u00fcvenli\u011fimize katk\u0131 sa\u011flayacak yeni ortakl\u0131klar kurmak i\u00e7in sizlerin deste\u011fi m\u00fchimdir. Amerikan i\u015f d\u00fcnyas\u0131n\u0131n gayretlerimizin desteklenmesi noktas\u0131nda daha etkin roller \u00fcstlenebilece\u011fi kanaatindeyim.\u201d ifadelerini kulland\u0131.<\/p>\n<p><strong>\u201cVize ba\u015fta olmak \u00fczere gerekli kolayl\u0131klar\u0131n sa\u011flanmas\u0131nda aktif deste\u011finizi bekliyorum\u201d<\/strong><br \/>Toplant\u0131da bulunan \u015firketlerin T\u00fcrkiye\u2019de \u00f6nemli yat\u0131r\u0131mlar\u0131n\u0131n oldu\u011funu aktaran Erdo\u011fan, \u201cSizlerle birlikte yeni yat\u0131r\u0131mc\u0131lar\u0131 da T\u00fcrkiye\u2019de g\u00f6rmekten mutluluk duyaca\u011f\u0131m\u0131z\u0131 bilmenizi isterim. T\u00fcrk firmalar\u0131n\u0131n da Amerikan pazar\u0131na giri\u015fleri noktas\u0131nda vize ba\u015fta olmak \u00fczere gerekli kolayl\u0131klar\u0131n sa\u011flanmas\u0131nda aktif deste\u011finizi bekliyorum.\u201d diye konu\u015ftu.<\/p>\n<p>T\u00fcrkiye ABD m\u00fcnasebetlerinin ilerletilmesi i\u00e7in \u00f6zel sekt\u00f6r\u00fcn \u00e7abalar\u0131n\u0131 takdir etti\u011fini s\u00f6yleyen Erdo\u011fan, i\u015fbirlikleri i\u00e7in de herkese te\u015fekk\u00fcr ederek, \u00e7al\u0131\u015fmalar\u0131nda ba\u015far\u0131lar diledi.<\/p>\n<\/p><\/div>\n<p><script async\n                    defer\n                    crossorigin=\"anonymous\"\n                    src=\"https:\/\/connect.facebook.net\/tr_TR\/sdk.js#xfbml=1&#038;version=v3.3\"\n            ><\/script><\/p>\n","protected":false},"excerpt":{"rendered":"<p>TC Cumhurba\u015fkan\u0131 Recep Tayyip Erdo\u011fan, Amerikal\u0131 ve T\u00fcrk i\u015f insanlar\u0131yla bir araya geldi. Erdo\u011fan, F-16 modernizasyon projesinin, ABD ile savunma sanayi alan\u0131nda yeni bir sayfa a\u00e7mas\u0131n\u0131 temenni ettiklerini s\u00f6yledi. Amerikal\u0131 i\u015f insanlar\u0131na, T\u00fcrkiye\u2019nin savunma sanayisi yat\u0131r\u0131mlar\u0131na katk\u0131 sa\u011flayacak yeni ortakl\u0131klar kurma \u00e7a\u011fr\u0131s\u0131nda bulundu. T\u00fcrkiye-ABD \u0130\u015f Konseyi (TA\u0130K) taraf\u0131ndan d\u00fczenlenen 15. T\u00fcrkiye Yat\u0131r\u0131m Konferans\u0131 \u00e7er\u00e7evesinde Amerikal\u0131 [&hellip;]<\/p>\n","protected":false},"author":1,"featured_media":10325,"comment_status":"open","ping_status":"open","sticky":false,"template":"","format":"standard","meta":{"jnews-multi-image_gallery":[],"jnews_single_post":[],"jnews_primary_category":[],"jnews_social_meta":[],"jnews_override_counter":[],"footnotes":""},"categories":[5],"tags":[],"class_list":["post-10324","post","type-post","status-publish","format-standard","has-post-thumbnail","hentry","category-turkiye"],"yoast_head":"<!-- This site is optimized with the Yoast SEO plugin v27.4 - https:\/\/yoast.com\/product\/yoast-seo-wordpress\/ -->\n<title>Erdo\u011fan:Savunma sanayiinde ihracat engelleri kald\u0131r\u0131lmal\u0131 - Kuzeyin Sesi<\/title>\n<meta name=\"robots\" content=\"index, follow, max-snippet:-1, max-image-preview:large, max-video-preview:-1\" \/>\n<link rel=\"canonical\" href=\"https:\/\/kuzeyinsesi.org\/index.php\/2024\/09\/24\/erdogansavunma-sanayiinde-ihracat-engelleri-kaldirilmali\/\" \/>\n<meta property=\"og:locale\" content=\"tr_TR\" \/>\n<meta property=\"og:type\" content=\"article\" \/>\n<meta property=\"og:title\" content=\"Erdo\u011fan:Savunma sanayiinde ihracat engelleri kald\u0131r\u0131lmal\u0131 - Kuzeyin Sesi\" \/>\n<meta property=\"og:description\" content=\"TC Cumhurba\u015fkan\u0131 Recep Tayyip Erdo\u011fan, Amerikal\u0131 ve T\u00fcrk i\u015f insanlar\u0131yla bir araya geldi. Erdo\u011fan, F-16 modernizasyon projesinin, ABD ile savunma sanayi alan\u0131nda yeni bir sayfa a\u00e7mas\u0131n\u0131 temenni ettiklerini s\u00f6yledi. Amerikal\u0131 i\u015f insanlar\u0131na, T\u00fcrkiye\u2019nin savunma sanayisi yat\u0131r\u0131mlar\u0131na katk\u0131 sa\u011flayacak yeni ortakl\u0131klar kurma \u00e7a\u011fr\u0131s\u0131nda bulundu. T\u00fcrkiye-ABD \u0130\u015f Konseyi (TA\u0130K) taraf\u0131ndan d\u00fczenlenen 15. T\u00fcrkiye Yat\u0131r\u0131m Konferans\u0131 \u00e7er\u00e7evesinde Amerikal\u0131 [&hellip;]\" \/>\n<meta property=\"og:url\" content=\"https:\/\/kuzeyinsesi.org\/index.php\/2024\/09\/24\/erdogansavunma-sanayiinde-ihracat-engelleri-kaldirilmali\/\" \/>\n<meta property=\"og:site_name\" content=\"Kuzeyin Sesi\" \/>\n<meta property=\"article:publisher\" content=\"https:\/\/www.facebook.com\/kuzeyinsesii\" \/>\n<meta property=\"article:published_time\" content=\"2024-09-24T04:23:25+00:00\" \/>\n<meta property=\"og:image\" content=\"https:\/\/brtk.net\/wp-content\/uploads\/2024\/09\/24\/recep-tayyip-erdogan-dha-2281797.jpg?ver=94c87d8a1bb5f3b7ce45d7f115fc7d45\" \/>\n<meta name=\"author\" content=\"Kuzeyin Sesi\" \/>\n<meta name=\"twitter:card\" content=\"summary_large_image\" \/>\n<meta name=\"twitter:creator\" content=\"@kuzeyinsesii\" \/>\n<meta name=\"twitter:site\" content=\"@kuzeyinsesii\" \/>\n<meta name=\"twitter:label1\" content=\"Yazan:\" \/>\n\t<meta name=\"twitter:data1\" content=\"Kuzeyin Sesi\" \/>\n\t<meta name=\"twitter:label2\" content=\"Tahmini okuma s\u00fcresi\" \/>\n\t<meta name=\"twitter:data2\" content=\"6 dakika\" \/>\n<script type=\"application\/ld+json\" class=\"yoast-schema-graph\">{\"@context\":\"https:\\\/\\\/schema.org\",\"@graph\":[{\"@type\":\"Article\",\"@id\":\"https:\\\/\\\/kuzeyinsesi.org\\\/index.php\\\/2024\\\/09\\\/24\\\/erdogansavunma-sanayiinde-ihracat-engelleri-kaldirilmali\\\/#article\",\"isPartOf\":{\"@id\":\"https:\\\/\\\/kuzeyinsesi.org\\\/index.php\\\/2024\\\/09\\\/24\\\/erdogansavunma-sanayiinde-ihracat-engelleri-kaldirilmali\\\/\"},\"author\":{\"name\":\"Kuzeyin Sesi\",\"@id\":\"https:\\\/\\\/kuzeyinsesi.org\\\/#\\\/schema\\\/person\\\/9f859689cdf01485597712386e37f5aa\"},\"headline\":\"Erdo\u011fan:Savunma sanayiinde ihracat engelleri kald\u0131r\u0131lmal\u0131\",\"datePublished\":\"2024-09-24T04:23:25+00:00\",\"mainEntityOfPage\":{\"@id\":\"https:\\\/\\\/kuzeyinsesi.org\\\/index.php\\\/2024\\\/09\\\/24\\\/erdogansavunma-sanayiinde-ihracat-engelleri-kaldirilmali\\\/\"},\"wordCount\":1293,\"commentCount\":0,\"image\":{\"@id\":\"https:\\\/\\\/kuzeyinsesi.org\\\/index.php\\\/2024\\\/09\\\/24\\\/erdogansavunma-sanayiinde-ihracat-engelleri-kaldirilmali\\\/#primaryimage\"},\"thumbnailUrl\":\"https:\\\/\\\/kuzeyinsesi.org\\\/wp-content\\\/uploads\\\/2024\\\/09\\\/recep-tayyip-erdogan-dha-2281797.jpg\",\"articleSection\":[\"T\u00fcrkiye\"],\"inLanguage\":\"tr\",\"potentialAction\":[{\"@type\":\"CommentAction\",\"name\":\"Comment\",\"target\":[\"https:\\\/\\\/kuzeyinsesi.org\\\/index.php\\\/2024\\\/09\\\/24\\\/erdogansavunma-sanayiinde-ihracat-engelleri-kaldirilmali\\\/#respond\"]}]},{\"@type\":\"WebPage\",\"@id\":\"https:\\\/\\\/kuzeyinsesi.org\\\/index.php\\\/2024\\\/09\\\/24\\\/erdogansavunma-sanayiinde-ihracat-engelleri-kaldirilmali\\\/\",\"url\":\"https:\\\/\\\/kuzeyinsesi.org\\\/index.php\\\/2024\\\/09\\\/24\\\/erdogansavunma-sanayiinde-ihracat-engelleri-kaldirilmali\\\/\",\"name\":\"Erdo\u011fan:Savunma sanayiinde ihracat engelleri kald\u0131r\u0131lmal\u0131 - Kuzeyin Sesi\",\"isPartOf\":{\"@id\":\"https:\\\/\\\/kuzeyinsesi.org\\\/#website\"},\"primaryImageOfPage\":{\"@id\":\"https:\\\/\\\/kuzeyinsesi.org\\\/index.php\\\/2024\\\/09\\\/24\\\/erdogansavunma-sanayiinde-ihracat-engelleri-kaldirilmali\\\/#primaryimage\"},\"image\":{\"@id\":\"https:\\\/\\\/kuzeyinsesi.org\\\/index.php\\\/2024\\\/09\\\/24\\\/erdogansavunma-sanayiinde-ihracat-engelleri-kaldirilmali\\\/#primaryimage\"},\"thumbnailUrl\":\"https:\\\/\\\/kuzeyinsesi.org\\\/wp-content\\\/uploads\\\/2024\\\/09\\\/recep-tayyip-erdogan-dha-2281797.jpg\",\"datePublished\":\"2024-09-24T04:23:25+00:00\",\"author\":{\"@id\":\"https:\\\/\\\/kuzeyinsesi.org\\\/#\\\/schema\\\/person\\\/9f859689cdf01485597712386e37f5aa\"},\"breadcrumb\":{\"@id\":\"https:\\\/\\\/kuzeyinsesi.org\\\/index.php\\\/2024\\\/09\\\/24\\\/erdogansavunma-sanayiinde-ihracat-engelleri-kaldirilmali\\\/#breadcrumb\"},\"inLanguage\":\"tr\",\"potentialAction\":[{\"@type\":\"ReadAction\",\"target\":[\"https:\\\/\\\/kuzeyinsesi.org\\\/index.php\\\/2024\\\/09\\\/24\\\/erdogansavunma-sanayiinde-ihracat-engelleri-kaldirilmali\\\/\"]}]},{\"@type\":\"ImageObject\",\"inLanguage\":\"tr\",\"@id\":\"https:\\\/\\\/kuzeyinsesi.org\\\/index.php\\\/2024\\\/09\\\/24\\\/erdogansavunma-sanayiinde-ihracat-engelleri-kaldirilmali\\\/#primaryimage\",\"url\":\"https:\\\/\\\/kuzeyinsesi.org\\\/wp-content\\\/uploads\\\/2024\\\/09\\\/recep-tayyip-erdogan-dha-2281797.jpg\",\"contentUrl\":\"https:\\\/\\\/kuzeyinsesi.org\\\/wp-content\\\/uploads\\\/2024\\\/09\\\/recep-tayyip-erdogan-dha-2281797.jpg\",\"width\":1280,\"height\":720},{\"@type\":\"BreadcrumbList\",\"@id\":\"https:\\\/\\\/kuzeyinsesi.org\\\/index.php\\\/2024\\\/09\\\/24\\\/erdogansavunma-sanayiinde-ihracat-engelleri-kaldirilmali\\\/#breadcrumb\",\"itemListElement\":[{\"@type\":\"ListItem\",\"position\":1,\"name\":\"Anasayfa\",\"item\":\"https:\\\/\\\/kuzeyinsesi.org\\\/\"},{\"@type\":\"ListItem\",\"position\":2,\"name\":\"Erdo\u011fan:Savunma sanayiinde ihracat engelleri kald\u0131r\u0131lmal\u0131\"}]},{\"@type\":\"WebSite\",\"@id\":\"https:\\\/\\\/kuzeyinsesi.org\\\/#website\",\"url\":\"https:\\\/\\\/kuzeyinsesi.org\\\/\",\"name\":\"Kuzeyin Sesi\",\"description\":\"Do\u011fru Haberin Adresi\",\"potentialAction\":[{\"@type\":\"SearchAction\",\"target\":{\"@type\":\"EntryPoint\",\"urlTemplate\":\"https:\\\/\\\/kuzeyinsesi.org\\\/?s={search_term_string}\"},\"query-input\":{\"@type\":\"PropertyValueSpecification\",\"valueRequired\":true,\"valueName\":\"search_term_string\"}}],\"inLanguage\":\"tr\"},{\"@type\":\"Person\",\"@id\":\"https:\\\/\\\/kuzeyinsesi.org\\\/#\\\/schema\\\/person\\\/9f859689cdf01485597712386e37f5aa\",\"name\":\"Kuzeyin Sesi\",\"image\":{\"@type\":\"ImageObject\",\"inLanguage\":\"tr\",\"@id\":\"https:\\\/\\\/secure.gravatar.com\\\/avatar\\\/bab33852abfd8b282518d6ed81826833d77c3c882d9ab608add591ccace47a44?s=96&d=mm&r=g\",\"url\":\"https:\\\/\\\/secure.gravatar.com\\\/avatar\\\/bab33852abfd8b282518d6ed81826833d77c3c882d9ab608add591ccace47a44?s=96&d=mm&r=g\",\"contentUrl\":\"https:\\\/\\\/secure.gravatar.com\\\/avatar\\\/bab33852abfd8b282518d6ed81826833d77c3c882d9ab608add591ccace47a44?s=96&d=mm&r=g\",\"caption\":\"Kuzeyin Sesi\"},\"sameAs\":[\"https:\\\/\\\/kuzeyinsesi.org\"],\"url\":\"https:\\\/\\\/kuzeyinsesi.org\\\/index.php\\\/author\\\/guven\\\/\"}]}<\/script>\n<!-- \/ Yoast SEO plugin. -->","yoast_head_json":{"title":"Erdo\u011fan:Savunma sanayiinde ihracat engelleri kald\u0131r\u0131lmal\u0131 - Kuzeyin Sesi","robots":{"index":"index","follow":"follow","max-snippet":"max-snippet:-1","max-image-preview":"max-image-preview:large","max-video-preview":"max-video-preview:-1"},"canonical":"https:\/\/kuzeyinsesi.org\/index.php\/2024\/09\/24\/erdogansavunma-sanayiinde-ihracat-engelleri-kaldirilmali\/","og_locale":"tr_TR","og_type":"article","og_title":"Erdo\u011fan:Savunma sanayiinde ihracat engelleri kald\u0131r\u0131lmal\u0131 - Kuzeyin Sesi","og_description":"TC Cumhurba\u015fkan\u0131 Recep Tayyip Erdo\u011fan, Amerikal\u0131 ve T\u00fcrk i\u015f insanlar\u0131yla bir araya geldi. Erdo\u011fan, F-16 modernizasyon projesinin, ABD ile savunma sanayi alan\u0131nda yeni bir sayfa a\u00e7mas\u0131n\u0131 temenni ettiklerini s\u00f6yledi. Amerikal\u0131 i\u015f insanlar\u0131na, T\u00fcrkiye\u2019nin savunma sanayisi yat\u0131r\u0131mlar\u0131na katk\u0131 sa\u011flayacak yeni ortakl\u0131klar kurma \u00e7a\u011fr\u0131s\u0131nda bulundu. T\u00fcrkiye-ABD \u0130\u015f Konseyi (TA\u0130K) taraf\u0131ndan d\u00fczenlenen 15. T\u00fcrkiye Yat\u0131r\u0131m Konferans\u0131 \u00e7er\u00e7evesinde Amerikal\u0131 [&hellip;]","og_url":"https:\/\/kuzeyinsesi.org\/index.php\/2024\/09\/24\/erdogansavunma-sanayiinde-ihracat-engelleri-kaldirilmali\/","og_site_name":"Kuzeyin Sesi","article_publisher":"https:\/\/www.facebook.com\/kuzeyinsesii","article_published_time":"2024-09-24T04:23:25+00:00","og_image":[{"url":"https:\/\/brtk.net\/wp-content\/uploads\/2024\/09\/24\/recep-tayyip-erdogan-dha-2281797.jpg?ver=94c87d8a1bb5f3b7ce45d7f115fc7d45","type":"","width":"","height":""}],"author":"Kuzeyin Sesi","twitter_card":"summary_large_image","twitter_creator":"@kuzeyinsesii","twitter_site":"@kuzeyinsesii","twitter_misc":{"Yazan:":"Kuzeyin Sesi","Tahmini okuma s\u00fcresi":"6 dakika"},"schema":{"@context":"https:\/\/schema.org","@graph":[{"@type":"Article","@id":"https:\/\/kuzeyinsesi.org\/index.php\/2024\/09\/24\/erdogansavunma-sanayiinde-ihracat-engelleri-kaldirilmali\/#article","isPartOf":{"@id":"https:\/\/kuzeyinsesi.org\/index.php\/2024\/09\/24\/erdogansavunma-sanayiinde-ihracat-engelleri-kaldirilmali\/"},"author":{"name":"Kuzeyin Sesi","@id":"https:\/\/kuzeyinsesi.org\/#\/schema\/person\/9f859689cdf01485597712386e37f5aa"},"headline":"Erdo\u011fan:Savunma sanayiinde ihracat engelleri kald\u0131r\u0131lmal\u0131","datePublished":"2024-09-24T04:23:25+00:00","mainEntityOfPage":{"@id":"https:\/\/kuzeyinsesi.org\/index.php\/2024\/09\/24\/erdogansavunma-sanayiinde-ihracat-engelleri-kaldirilmali\/"},"wordCount":1293,"commentCount":0,"image":{"@id":"https:\/\/kuzeyinsesi.org\/index.php\/2024\/09\/24\/erdogansavunma-sanayiinde-ihracat-engelleri-kaldirilmali\/#primaryimage"},"thumbnailUrl":"https:\/\/kuzeyinsesi.org\/wp-content\/uploads\/2024\/09\/recep-tayyip-erdogan-dha-2281797.jpg","articleSection":["T\u00fcrkiye"],"inLanguage":"tr","potentialAction":[{"@type":"CommentAction","name":"Comment","target":["https:\/\/kuzeyinsesi.org\/index.php\/2024\/09\/24\/erdogansavunma-sanayiinde-ihracat-engelleri-kaldirilmali\/#respond"]}]},{"@type":"WebPage","@id":"https:\/\/kuzeyinsesi.org\/index.php\/2024\/09\/24\/erdogansavunma-sanayiinde-ihracat-engelleri-kaldirilmali\/","url":"https:\/\/kuzeyinsesi.org\/index.php\/2024\/09\/24\/erdogansavunma-sanayiinde-ihracat-engelleri-kaldirilmali\/","name":"Erdo\u011fan:Savunma sanayiinde ihracat engelleri kald\u0131r\u0131lmal\u0131 - Kuzeyin Sesi","isPartOf":{"@id":"https:\/\/kuzeyinsesi.org\/#website"},"primaryImageOfPage":{"@id":"https:\/\/kuzeyinsesi.org\/index.php\/2024\/09\/24\/erdogansavunma-sanayiinde-ihracat-engelleri-kaldirilmali\/#primaryimage"},"image":{"@id":"https:\/\/kuzeyinsesi.org\/index.php\/2024\/09\/24\/erdogansavunma-sanayiinde-ihracat-engelleri-kaldirilmali\/#primaryimage"},"thumbnailUrl":"https:\/\/kuzeyinsesi.org\/wp-content\/uploads\/2024\/09\/recep-tayyip-erdogan-dha-2281797.jpg","datePublished":"2024-09-24T04:23:25+00:00","author":{"@id":"https:\/\/kuzeyinsesi.org\/#\/schema\/person\/9f859689cdf01485597712386e37f5aa"},"breadcrumb":{"@id":"https:\/\/kuzeyinsesi.org\/index.php\/2024\/09\/24\/erdogansavunma-sanayiinde-ihracat-engelleri-kaldirilmali\/#breadcrumb"},"inLanguage":"tr","potentialAction":[{"@type":"ReadAction","target":["https:\/\/kuzeyinsesi.org\/index.php\/2024\/09\/24\/erdogansavunma-sanayiinde-ihracat-engelleri-kaldirilmali\/"]}]},{"@type":"ImageObject","inLanguage":"tr","@id":"https:\/\/kuzeyinsesi.org\/index.php\/2024\/09\/24\/erdogansavunma-sanayiinde-ihracat-engelleri-kaldirilmali\/#primaryimage","url":"https:\/\/kuzeyinsesi.org\/wp-content\/uploads\/2024\/09\/recep-tayyip-erdogan-dha-2281797.jpg","contentUrl":"https:\/\/kuzeyinsesi.org\/wp-content\/uploads\/2024\/09\/recep-tayyip-erdogan-dha-2281797.jpg","width":1280,"height":720},{"@type":"BreadcrumbList","@id":"https:\/\/kuzeyinsesi.org\/index.php\/2024\/09\/24\/erdogansavunma-sanayiinde-ihracat-engelleri-kaldirilmali\/#breadcrumb","itemListElement":[{"@type":"ListItem","position":1,"name":"Anasayfa","item":"https:\/\/kuzeyinsesi.org\/"},{"@type":"ListItem","position":2,"name":"Erdo\u011fan:Savunma sanayiinde ihracat engelleri kald\u0131r\u0131lmal\u0131"}]},{"@type":"WebSite","@id":"https:\/\/kuzeyinsesi.org\/#website","url":"https:\/\/kuzeyinsesi.org\/","name":"Kuzeyin Sesi","description":"Do\u011fru Haberin Adresi","potentialAction":[{"@type":"SearchAction","target":{"@type":"EntryPoint","urlTemplate":"https:\/\/kuzeyinsesi.org\/?s={search_term_string}"},"query-input":{"@type":"PropertyValueSpecification","valueRequired":true,"valueName":"search_term_string"}}],"inLanguage":"tr"},{"@type":"Person","@id":"https:\/\/kuzeyinsesi.org\/#\/schema\/person\/9f859689cdf01485597712386e37f5aa","name":"Kuzeyin Sesi","image":{"@type":"ImageObject","inLanguage":"tr","@id":"https:\/\/secure.gravatar.com\/avatar\/bab33852abfd8b282518d6ed81826833d77c3c882d9ab608add591ccace47a44?s=96&d=mm&r=g","url":"https:\/\/secure.gravatar.com\/avatar\/bab33852abfd8b282518d6ed81826833d77c3c882d9ab608add591ccace47a44?s=96&d=mm&r=g","contentUrl":"https:\/\/secure.gravatar.com\/avatar\/bab33852abfd8b282518d6ed81826833d77c3c882d9ab608add591ccace47a44?s=96&d=mm&r=g","caption":"Kuzeyin Sesi"},"sameAs":["https:\/\/kuzeyinsesi.org"],"url":"https:\/\/kuzeyinsesi.org\/index.php\/author\/guven\/"}]}},"_links":{"self":[{"href":"https:\/\/kuzeyinsesi.org\/index.php\/wp-json\/wp\/v2\/posts\/10324","targetHints":{"allow":["GET"]}}],"collection":[{"href":"https:\/\/kuzeyinsesi.org\/index.php\/wp-json\/wp\/v2\/posts"}],"about":[{"href":"https:\/\/kuzeyinsesi.org\/index.php\/wp-json\/wp\/v2\/types\/post"}],"author":[{"embeddable":true,"href":"https:\/\/kuzeyinsesi.org\/index.php\/wp-json\/wp\/v2\/users\/1"}],"replies":[{"embeddable":true,"href":"https:\/\/kuzeyinsesi.org\/index.php\/wp-json\/wp\/v2\/comments?post=10324"}],"version-history":[{"count":0,"href":"https:\/\/kuzeyinsesi.org\/index.php\/wp-json\/wp\/v2\/posts\/10324\/revisions"}],"wp:featuredmedia":[{"embeddable":true,"href":"https:\/\/kuzeyinsesi.org\/index.php\/wp-json\/wp\/v2\/media\/10325"}],"wp:attachment":[{"href":"https:\/\/kuzeyinsesi.org\/index.php\/wp-json\/wp\/v2\/media?parent=10324"}],"wp:term":[{"taxonomy":"category","embeddable":true,"href":"https:\/\/kuzeyinsesi.org\/index.php\/wp-json\/wp\/v2\/categories?post=10324"},{"taxonomy":"post_tag","embeddable":true,"href":"https:\/\/kuzeyinsesi.org\/index.php\/wp-json\/wp\/v2\/tags?post=10324"}],"curies":[{"name":"wp","href":"https:\/\/api.w.org\/{rel}","templated":true}]}}