{"id":10294,"date":"2024-09-23T14:27:54","date_gmt":"2024-09-23T11:27:54","guid":{"rendered":"https:\/\/kuzeyinsesi.org\/index.php\/2024\/09\/23\/girne-kordonboyunda-yarin-aksam-iki-etkinlik-var\/"},"modified":"2024-09-23T14:27:54","modified_gmt":"2024-09-23T11:27:54","slug":"girne-kordonboyunda-yarin-aksam-iki-etkinlik-var","status":"publish","type":"post","link":"https:\/\/kuzeyinsesi.org\/index.php\/2024\/09\/23\/girne-kordonboyunda-yarin-aksam-iki-etkinlik-var\/","title":{"rendered":"Girne Kordonboyu\u2019nda yar\u0131n ak\u015fam iki etkinlik var"},"content":{"rendered":"<div>\n<div class=\"mariselle-image-container center\">\n                                            <\/div>\n<p>\u201cGirne Ark\u0131n Group Fest 24\u201d kapsam\u0131nda yar\u0131n ak\u015fam Kordonboyu\u2019nda iki etkinlik yap\u0131lacak.<\/p>\n<p>Girne Belediyesi\u2019nden yap\u0131lan a\u00e7\u0131klamaya g\u00f6re, saat 19.00\u2019da Kyrenia International Choir, saat 20.30\u2019da ise Serdar Kavaz ve orkestras\u0131 sahne alacak.<\/p>\n<p>Ankara Devlet Tiyatrosu Y\u00fczy\u0131ll\u0131k Destan \u201cAte\u015f\u201d oyununu \u00e7ar\u015famba ak\u015fam\u0131 saat 21.00\u2019de Girne Amfi Tiyatro\u2019da sahneleyecek.<\/p>\n<p>Per\u015fembe ak\u015fam\u0131 Latin m\u00fczi\u011finin efsanevi grubu \u201cGipsy Kings by Andre Reyes\u201d; cuma ak\u015fam\u0131 T\u00fcrk\u00e7e pop m\u00fczi\u011fin sevilen ismi Zeynep Bast\u0131k ve cumartesi ak\u015fam\u0131 K\u0131br\u0131s T\u00fcrk m\u00fczik grubu \u201cS\u0131la 4 ve Dostlar\u0131\u201d saat 21.00\u2019de Girne Amfi Tiyatro\u2019da sahne alacak.<\/p>\n<p>\u00d6te yandan Ramadan Cemil Meydan\u0131\u2019ndaki \u201cGirne Belediyesi M\u00dcZler Sanat Sempozyumu\u201d pazar g\u00fcn\u00fcne kadar 10.00 \u2013 21.00 saatleri aras\u0131nda ziyaret edilebilecek.<\/p>\n<\/p><\/div>\n<p><script async\n                    defer\n                    crossorigin=\"anonymous\"\n                    src=\"https:\/\/connect.facebook.net\/tr_TR\/sdk.js#xfbml=1&#038;version=v3.3\"\n            ><\/script><\/p>\n","protected":false},"excerpt":{"rendered":"<p>\u201cGirne Ark\u0131n Group Fest 24\u201d kapsam\u0131nda yar\u0131n ak\u015fam Kordonboyu\u2019nda iki etkinlik yap\u0131lacak. Girne Belediyesi\u2019nden yap\u0131lan a\u00e7\u0131klamaya g\u00f6re, saat 19.00\u2019da Kyrenia International Choir, saat 20.30\u2019da ise Serdar Kavaz ve orkestras\u0131 sahne alacak. Ankara Devlet Tiyatrosu Y\u00fczy\u0131ll\u0131k Destan \u201cAte\u015f\u201d oyununu \u00e7ar\u015famba ak\u015fam\u0131 saat 21.00\u2019de Girne Amfi Tiyatro\u2019da sahneleyecek. Per\u015fembe ak\u015fam\u0131 Latin m\u00fczi\u011finin efsanevi grubu \u201cGipsy Kings by [&hellip;]<\/p>\n","protected":false},"author":1,"featured_media":10295,"comment_status":"open","ping_status":"open","sticky":false,"template":"","format":"standard","meta":{"jnews-multi-image_gallery":[],"jnews_single_post":[],"jnews_primary_category":[],"jnews_social_meta":[],"jnews_override_counter":[],"footnotes":""},"categories":[6],"tags":[],"class_list":["post-10294","post","type-post","status-publish","format-standard","has-post-thumbnail","hentry","category-yasam"],"yoast_head":"<!-- This site is optimized with the Yoast SEO plugin v27.5 - https:\/\/yoast.com\/product\/yoast-seo-wordpress\/ -->\n<title>Girne Kordonboyu\u2019nda yar\u0131n ak\u015fam iki etkinlik var - Kuzeyin Sesi<\/title>\n<meta name=\"robots\" content=\"index, follow, max-snippet:-1, max-image-preview:large, max-video-preview:-1\" \/>\n<link rel=\"canonical\" href=\"https:\/\/kuzeyinsesi.org\/index.php\/2024\/09\/23\/girne-kordonboyunda-yarin-aksam-iki-etkinlik-var\/\" \/>\n<meta property=\"og:locale\" content=\"tr_TR\" \/>\n<meta property=\"og:type\" content=\"article\" \/>\n<meta property=\"og:title\" content=\"Girne Kordonboyu\u2019nda yar\u0131n ak\u015fam iki etkinlik var - Kuzeyin Sesi\" \/>\n<meta property=\"og:description\" content=\"\u201cGirne Ark\u0131n Group Fest 24\u201d kapsam\u0131nda yar\u0131n ak\u015fam Kordonboyu\u2019nda iki etkinlik yap\u0131lacak. Girne Belediyesi\u2019nden yap\u0131lan a\u00e7\u0131klamaya g\u00f6re, saat 19.00\u2019da Kyrenia International Choir, saat 20.30\u2019da ise Serdar Kavaz ve orkestras\u0131 sahne alacak. Ankara Devlet Tiyatrosu Y\u00fczy\u0131ll\u0131k Destan \u201cAte\u015f\u201d oyununu \u00e7ar\u015famba ak\u015fam\u0131 saat 21.00\u2019de Girne Amfi Tiyatro\u2019da sahneleyecek. Per\u015fembe ak\u015fam\u0131 Latin m\u00fczi\u011finin efsanevi grubu \u201cGipsy Kings by [&hellip;]\" \/>\n<meta property=\"og:url\" content=\"https:\/\/kuzeyinsesi.org\/index.php\/2024\/09\/23\/girne-kordonboyunda-yarin-aksam-iki-etkinlik-var\/\" \/>\n<meta property=\"og:site_name\" content=\"Kuzeyin Sesi\" \/>\n<meta property=\"article:publisher\" content=\"https:\/\/www.facebook.com\/kuzeyinsesii\" \/>\n<meta property=\"article:published_time\" content=\"2024-09-23T11:27:54+00:00\" \/>\n<meta property=\"og:image\" content=\"https:\/\/brtk.net\/wp-content\/uploads\/2024\/09\/23\/girne-belediyesi-festival-1-1.jpg?ver=99acd8bd7e9bf1155c8656b854e9014d\" \/>\n<meta name=\"author\" content=\"Kuzeyin Sesi\" \/>\n<meta name=\"twitter:card\" content=\"summary_large_image\" \/>\n<meta name=\"twitter:creator\" content=\"@kuzeyinsesii\" \/>\n<meta name=\"twitter:site\" content=\"@kuzeyinsesii\" \/>\n<meta name=\"twitter:label1\" content=\"Yazan:\" \/>\n\t<meta name=\"twitter:data1\" content=\"Kuzeyin Sesi\" \/>\n\t<meta name=\"twitter:label2\" content=\"Tahmini okuma s\u00fcresi\" \/>\n\t<meta name=\"twitter:data2\" content=\"1 dakika\" \/>\n<script type=\"application\/ld+json\" class=\"yoast-schema-graph\">{\"@context\":\"https:\\\/\\\/schema.org\",\"@graph\":[{\"@type\":\"Article\",\"@id\":\"https:\\\/\\\/kuzeyinsesi.org\\\/index.php\\\/2024\\\/09\\\/23\\\/girne-kordonboyunda-yarin-aksam-iki-etkinlik-var\\\/#article\",\"isPartOf\":{\"@id\":\"https:\\\/\\\/kuzeyinsesi.org\\\/index.php\\\/2024\\\/09\\\/23\\\/girne-kordonboyunda-yarin-aksam-iki-etkinlik-var\\\/\"},\"author\":{\"name\":\"Kuzeyin Sesi\",\"@id\":\"https:\\\/\\\/kuzeyinsesi.org\\\/#\\\/schema\\\/person\\\/9f859689cdf01485597712386e37f5aa\"},\"headline\":\"Girne Kordonboyu\u2019nda yar\u0131n ak\u015fam iki etkinlik var\",\"datePublished\":\"2024-09-23T11:27:54+00:00\",\"mainEntityOfPage\":{\"@id\":\"https:\\\/\\\/kuzeyinsesi.org\\\/index.php\\\/2024\\\/09\\\/23\\\/girne-kordonboyunda-yarin-aksam-iki-etkinlik-var\\\/\"},\"wordCount\":147,\"commentCount\":0,\"image\":{\"@id\":\"https:\\\/\\\/kuzeyinsesi.org\\\/index.php\\\/2024\\\/09\\\/23\\\/girne-kordonboyunda-yarin-aksam-iki-etkinlik-var\\\/#primaryimage\"},\"thumbnailUrl\":\"https:\\\/\\\/kuzeyinsesi.org\\\/wp-content\\\/uploads\\\/2024\\\/09\\\/girne-belediyesi-festival-1-1.jpg\",\"articleSection\":[\"Ya\u015fam\"],\"inLanguage\":\"tr\",\"potentialAction\":[{\"@type\":\"CommentAction\",\"name\":\"Comment\",\"target\":[\"https:\\\/\\\/kuzeyinsesi.org\\\/index.php\\\/2024\\\/09\\\/23\\\/girne-kordonboyunda-yarin-aksam-iki-etkinlik-var\\\/#respond\"]}]},{\"@type\":\"WebPage\",\"@id\":\"https:\\\/\\\/kuzeyinsesi.org\\\/index.php\\\/2024\\\/09\\\/23\\\/girne-kordonboyunda-yarin-aksam-iki-etkinlik-var\\\/\",\"url\":\"https:\\\/\\\/kuzeyinsesi.org\\\/index.php\\\/2024\\\/09\\\/23\\\/girne-kordonboyunda-yarin-aksam-iki-etkinlik-var\\\/\",\"name\":\"Girne Kordonboyu\u2019nda yar\u0131n ak\u015fam iki etkinlik var - Kuzeyin Sesi\",\"isPartOf\":{\"@id\":\"https:\\\/\\\/kuzeyinsesi.org\\\/#website\"},\"primaryImageOfPage\":{\"@id\":\"https:\\\/\\\/kuzeyinsesi.org\\\/index.php\\\/2024\\\/09\\\/23\\\/girne-kordonboyunda-yarin-aksam-iki-etkinlik-var\\\/#primaryimage\"},\"image\":{\"@id\":\"https:\\\/\\\/kuzeyinsesi.org\\\/index.php\\\/2024\\\/09\\\/23\\\/girne-kordonboyunda-yarin-aksam-iki-etkinlik-var\\\/#primaryimage\"},\"thumbnailUrl\":\"https:\\\/\\\/kuzeyinsesi.org\\\/wp-content\\\/uploads\\\/2024\\\/09\\\/girne-belediyesi-festival-1-1.jpg\",\"datePublished\":\"2024-09-23T11:27:54+00:00\",\"author\":{\"@id\":\"https:\\\/\\\/kuzeyinsesi.org\\\/#\\\/schema\\\/person\\\/9f859689cdf01485597712386e37f5aa\"},\"breadcrumb\":{\"@id\":\"https:\\\/\\\/kuzeyinsesi.org\\\/index.php\\\/2024\\\/09\\\/23\\\/girne-kordonboyunda-yarin-aksam-iki-etkinlik-var\\\/#breadcrumb\"},\"inLanguage\":\"tr\",\"potentialAction\":[{\"@type\":\"ReadAction\",\"target\":[\"https:\\\/\\\/kuzeyinsesi.org\\\/index.php\\\/2024\\\/09\\\/23\\\/girne-kordonboyunda-yarin-aksam-iki-etkinlik-var\\\/\"]}]},{\"@type\":\"ImageObject\",\"inLanguage\":\"tr\",\"@id\":\"https:\\\/\\\/kuzeyinsesi.org\\\/index.php\\\/2024\\\/09\\\/23\\\/girne-kordonboyunda-yarin-aksam-iki-etkinlik-var\\\/#primaryimage\",\"url\":\"https:\\\/\\\/kuzeyinsesi.org\\\/wp-content\\\/uploads\\\/2024\\\/09\\\/girne-belediyesi-festival-1-1.jpg\",\"contentUrl\":\"https:\\\/\\\/kuzeyinsesi.org\\\/wp-content\\\/uploads\\\/2024\\\/09\\\/girne-belediyesi-festival-1-1.jpg\",\"width\":1600,\"height\":1600},{\"@type\":\"BreadcrumbList\",\"@id\":\"https:\\\/\\\/kuzeyinsesi.org\\\/index.php\\\/2024\\\/09\\\/23\\\/girne-kordonboyunda-yarin-aksam-iki-etkinlik-var\\\/#breadcrumb\",\"itemListElement\":[{\"@type\":\"ListItem\",\"position\":1,\"name\":\"Anasayfa\",\"item\":\"https:\\\/\\\/kuzeyinsesi.org\\\/\"},{\"@type\":\"ListItem\",\"position\":2,\"name\":\"Girne Kordonboyu\u2019nda yar\u0131n ak\u015fam iki etkinlik var\"}]},{\"@type\":\"WebSite\",\"@id\":\"https:\\\/\\\/kuzeyinsesi.org\\\/#website\",\"url\":\"https:\\\/\\\/kuzeyinsesi.org\\\/\",\"name\":\"Kuzeyin Sesi\",\"description\":\"Do\u011fru Haberin Adresi\",\"potentialAction\":[{\"@type\":\"SearchAction\",\"target\":{\"@type\":\"EntryPoint\",\"urlTemplate\":\"https:\\\/\\\/kuzeyinsesi.org\\\/?s={search_term_string}\"},\"query-input\":{\"@type\":\"PropertyValueSpecification\",\"valueRequired\":true,\"valueName\":\"search_term_string\"}}],\"inLanguage\":\"tr\"},{\"@type\":\"Person\",\"@id\":\"https:\\\/\\\/kuzeyinsesi.org\\\/#\\\/schema\\\/person\\\/9f859689cdf01485597712386e37f5aa\",\"name\":\"Kuzeyin Sesi\",\"image\":{\"@type\":\"ImageObject\",\"inLanguage\":\"tr\",\"@id\":\"https:\\\/\\\/secure.gravatar.com\\\/avatar\\\/bab33852abfd8b282518d6ed81826833d77c3c882d9ab608add591ccace47a44?s=96&d=mm&r=g\",\"url\":\"https:\\\/\\\/secure.gravatar.com\\\/avatar\\\/bab33852abfd8b282518d6ed81826833d77c3c882d9ab608add591ccace47a44?s=96&d=mm&r=g\",\"contentUrl\":\"https:\\\/\\\/secure.gravatar.com\\\/avatar\\\/bab33852abfd8b282518d6ed81826833d77c3c882d9ab608add591ccace47a44?s=96&d=mm&r=g\",\"caption\":\"Kuzeyin Sesi\"},\"sameAs\":[\"https:\\\/\\\/kuzeyinsesi.org\"],\"url\":\"https:\\\/\\\/kuzeyinsesi.org\\\/index.php\\\/author\\\/guven\\\/\"}]}<\/script>\n<!-- \/ Yoast SEO plugin. -->","yoast_head_json":{"title":"Girne Kordonboyu\u2019nda yar\u0131n ak\u015fam iki etkinlik var - Kuzeyin Sesi","robots":{"index":"index","follow":"follow","max-snippet":"max-snippet:-1","max-image-preview":"max-image-preview:large","max-video-preview":"max-video-preview:-1"},"canonical":"https:\/\/kuzeyinsesi.org\/index.php\/2024\/09\/23\/girne-kordonboyunda-yarin-aksam-iki-etkinlik-var\/","og_locale":"tr_TR","og_type":"article","og_title":"Girne Kordonboyu\u2019nda yar\u0131n ak\u015fam iki etkinlik var - Kuzeyin Sesi","og_description":"\u201cGirne Ark\u0131n Group Fest 24\u201d kapsam\u0131nda yar\u0131n ak\u015fam Kordonboyu\u2019nda iki etkinlik yap\u0131lacak. Girne Belediyesi\u2019nden yap\u0131lan a\u00e7\u0131klamaya g\u00f6re, saat 19.00\u2019da Kyrenia International Choir, saat 20.30\u2019da ise Serdar Kavaz ve orkestras\u0131 sahne alacak. Ankara Devlet Tiyatrosu Y\u00fczy\u0131ll\u0131k Destan \u201cAte\u015f\u201d oyununu \u00e7ar\u015famba ak\u015fam\u0131 saat 21.00\u2019de Girne Amfi Tiyatro\u2019da sahneleyecek. Per\u015fembe ak\u015fam\u0131 Latin m\u00fczi\u011finin efsanevi grubu \u201cGipsy Kings by [&hellip;]","og_url":"https:\/\/kuzeyinsesi.org\/index.php\/2024\/09\/23\/girne-kordonboyunda-yarin-aksam-iki-etkinlik-var\/","og_site_name":"Kuzeyin Sesi","article_publisher":"https:\/\/www.facebook.com\/kuzeyinsesii","article_published_time":"2024-09-23T11:27:54+00:00","og_image":[{"url":"https:\/\/brtk.net\/wp-content\/uploads\/2024\/09\/23\/girne-belediyesi-festival-1-1.jpg?ver=99acd8bd7e9bf1155c8656b854e9014d","type":"","width":"","height":""}],"author":"Kuzeyin Sesi","twitter_card":"summary_large_image","twitter_creator":"@kuzeyinsesii","twitter_site":"@kuzeyinsesii","twitter_misc":{"Yazan:":"Kuzeyin Sesi","Tahmini okuma s\u00fcresi":"1 dakika"},"schema":{"@context":"https:\/\/schema.org","@graph":[{"@type":"Article","@id":"https:\/\/kuzeyinsesi.org\/index.php\/2024\/09\/23\/girne-kordonboyunda-yarin-aksam-iki-etkinlik-var\/#article","isPartOf":{"@id":"https:\/\/kuzeyinsesi.org\/index.php\/2024\/09\/23\/girne-kordonboyunda-yarin-aksam-iki-etkinlik-var\/"},"author":{"name":"Kuzeyin Sesi","@id":"https:\/\/kuzeyinsesi.org\/#\/schema\/person\/9f859689cdf01485597712386e37f5aa"},"headline":"Girne Kordonboyu\u2019nda yar\u0131n ak\u015fam iki etkinlik var","datePublished":"2024-09-23T11:27:54+00:00","mainEntityOfPage":{"@id":"https:\/\/kuzeyinsesi.org\/index.php\/2024\/09\/23\/girne-kordonboyunda-yarin-aksam-iki-etkinlik-var\/"},"wordCount":147,"commentCount":0,"image":{"@id":"https:\/\/kuzeyinsesi.org\/index.php\/2024\/09\/23\/girne-kordonboyunda-yarin-aksam-iki-etkinlik-var\/#primaryimage"},"thumbnailUrl":"https:\/\/kuzeyinsesi.org\/wp-content\/uploads\/2024\/09\/girne-belediyesi-festival-1-1.jpg","articleSection":["Ya\u015fam"],"inLanguage":"tr","potentialAction":[{"@type":"CommentAction","name":"Comment","target":["https:\/\/kuzeyinsesi.org\/index.php\/2024\/09\/23\/girne-kordonboyunda-yarin-aksam-iki-etkinlik-var\/#respond"]}]},{"@type":"WebPage","@id":"https:\/\/kuzeyinsesi.org\/index.php\/2024\/09\/23\/girne-kordonboyunda-yarin-aksam-iki-etkinlik-var\/","url":"https:\/\/kuzeyinsesi.org\/index.php\/2024\/09\/23\/girne-kordonboyunda-yarin-aksam-iki-etkinlik-var\/","name":"Girne Kordonboyu\u2019nda yar\u0131n ak\u015fam iki etkinlik var - Kuzeyin Sesi","isPartOf":{"@id":"https:\/\/kuzeyinsesi.org\/#website"},"primaryImageOfPage":{"@id":"https:\/\/kuzeyinsesi.org\/index.php\/2024\/09\/23\/girne-kordonboyunda-yarin-aksam-iki-etkinlik-var\/#primaryimage"},"image":{"@id":"https:\/\/kuzeyinsesi.org\/index.php\/2024\/09\/23\/girne-kordonboyunda-yarin-aksam-iki-etkinlik-var\/#primaryimage"},"thumbnailUrl":"https:\/\/kuzeyinsesi.org\/wp-content\/uploads\/2024\/09\/girne-belediyesi-festival-1-1.jpg","datePublished":"2024-09-23T11:27:54+00:00","author":{"@id":"https:\/\/kuzeyinsesi.org\/#\/schema\/person\/9f859689cdf01485597712386e37f5aa"},"breadcrumb":{"@id":"https:\/\/kuzeyinsesi.org\/index.php\/2024\/09\/23\/girne-kordonboyunda-yarin-aksam-iki-etkinlik-var\/#breadcrumb"},"inLanguage":"tr","potentialAction":[{"@type":"ReadAction","target":["https:\/\/kuzeyinsesi.org\/index.php\/2024\/09\/23\/girne-kordonboyunda-yarin-aksam-iki-etkinlik-var\/"]}]},{"@type":"ImageObject","inLanguage":"tr","@id":"https:\/\/kuzeyinsesi.org\/index.php\/2024\/09\/23\/girne-kordonboyunda-yarin-aksam-iki-etkinlik-var\/#primaryimage","url":"https:\/\/kuzeyinsesi.org\/wp-content\/uploads\/2024\/09\/girne-belediyesi-festival-1-1.jpg","contentUrl":"https:\/\/kuzeyinsesi.org\/wp-content\/uploads\/2024\/09\/girne-belediyesi-festival-1-1.jpg","width":1600,"height":1600},{"@type":"BreadcrumbList","@id":"https:\/\/kuzeyinsesi.org\/index.php\/2024\/09\/23\/girne-kordonboyunda-yarin-aksam-iki-etkinlik-var\/#breadcrumb","itemListElement":[{"@type":"ListItem","position":1,"name":"Anasayfa","item":"https:\/\/kuzeyinsesi.org\/"},{"@type":"ListItem","position":2,"name":"Girne Kordonboyu\u2019nda yar\u0131n ak\u015fam iki etkinlik var"}]},{"@type":"WebSite","@id":"https:\/\/kuzeyinsesi.org\/#website","url":"https:\/\/kuzeyinsesi.org\/","name":"Kuzeyin Sesi","description":"Do\u011fru Haberin Adresi","potentialAction":[{"@type":"SearchAction","target":{"@type":"EntryPoint","urlTemplate":"https:\/\/kuzeyinsesi.org\/?s={search_term_string}"},"query-input":{"@type":"PropertyValueSpecification","valueRequired":true,"valueName":"search_term_string"}}],"inLanguage":"tr"},{"@type":"Person","@id":"https:\/\/kuzeyinsesi.org\/#\/schema\/person\/9f859689cdf01485597712386e37f5aa","name":"Kuzeyin Sesi","image":{"@type":"ImageObject","inLanguage":"tr","@id":"https:\/\/secure.gravatar.com\/avatar\/bab33852abfd8b282518d6ed81826833d77c3c882d9ab608add591ccace47a44?s=96&d=mm&r=g","url":"https:\/\/secure.gravatar.com\/avatar\/bab33852abfd8b282518d6ed81826833d77c3c882d9ab608add591ccace47a44?s=96&d=mm&r=g","contentUrl":"https:\/\/secure.gravatar.com\/avatar\/bab33852abfd8b282518d6ed81826833d77c3c882d9ab608add591ccace47a44?s=96&d=mm&r=g","caption":"Kuzeyin Sesi"},"sameAs":["https:\/\/kuzeyinsesi.org"],"url":"https:\/\/kuzeyinsesi.org\/index.php\/author\/guven\/"}]}},"_links":{"self":[{"href":"https:\/\/kuzeyinsesi.org\/index.php\/wp-json\/wp\/v2\/posts\/10294","targetHints":{"allow":["GET"]}}],"collection":[{"href":"https:\/\/kuzeyinsesi.org\/index.php\/wp-json\/wp\/v2\/posts"}],"about":[{"href":"https:\/\/kuzeyinsesi.org\/index.php\/wp-json\/wp\/v2\/types\/post"}],"author":[{"embeddable":true,"href":"https:\/\/kuzeyinsesi.org\/index.php\/wp-json\/wp\/v2\/users\/1"}],"replies":[{"embeddable":true,"href":"https:\/\/kuzeyinsesi.org\/index.php\/wp-json\/wp\/v2\/comments?post=10294"}],"version-history":[{"count":0,"href":"https:\/\/kuzeyinsesi.org\/index.php\/wp-json\/wp\/v2\/posts\/10294\/revisions"}],"wp:featuredmedia":[{"embeddable":true,"href":"https:\/\/kuzeyinsesi.org\/index.php\/wp-json\/wp\/v2\/media\/10295"}],"wp:attachment":[{"href":"https:\/\/kuzeyinsesi.org\/index.php\/wp-json\/wp\/v2\/media?parent=10294"}],"wp:term":[{"taxonomy":"category","embeddable":true,"href":"https:\/\/kuzeyinsesi.org\/index.php\/wp-json\/wp\/v2\/categories?post=10294"},{"taxonomy":"post_tag","embeddable":true,"href":"https:\/\/kuzeyinsesi.org\/index.php\/wp-json\/wp\/v2\/tags?post=10294"}],"curies":[{"name":"wp","href":"https:\/\/api.w.org\/{rel}","templated":true}]}}