{"id":1026,"date":"2024-04-30T15:46:15","date_gmt":"2024-04-30T12:46:15","guid":{"rendered":"https:\/\/kuzeyinsesi.com\/index.php\/2024\/04\/30\/sahte-diploma-sorusturmasi-cavusoglu-ceza-almasi-gereken-alacak-isten-cikmasi-gereken-cikacak-terfisi-geri-donmesi-gereken-donecek\/"},"modified":"2024-04-30T15:46:15","modified_gmt":"2024-04-30T12:46:15","slug":"sahte-diploma-sorusturmasi-cavusoglu-ceza-almasi-gereken-alacak-isten-cikmasi-gereken-cikacak-terfisi-geri-donmesi-gereken-donecek","status":"publish","type":"post","link":"https:\/\/kuzeyinsesi.org\/index.php\/2024\/04\/30\/sahte-diploma-sorusturmasi-cavusoglu-ceza-almasi-gereken-alacak-isten-cikmasi-gereken-cikacak-terfisi-geri-donmesi-gereken-donecek\/","title":{"rendered":"Sahte diploma soru\u015fturmas\u0131\u2026 \u00c7avu\u015fo\u011flu: \u201cCeza almas\u0131 gereken alacak, i\u015ften \u00e7\u0131kmas\u0131 gereken \u00e7\u0131kacak, terfisi geri d\u00f6nmesi gereken d\u00f6necek\u201d"},"content":{"rendered":"<div>\n<div class=\"mariselle-image-container center\">\n                                            <\/div>\n<p>Cumhuriyet Meclisi Genel Kurulu\u2019nda milletvekilleri g\u00fcncel konu\u015fmalar yap\u0131yor. Muhalefet vekillerin ele\u015ftirilerine, h\u00fck\u00fcmet kanad\u0131 yan\u0131t verdi.<\/p>\n<p>Sahte diploma soru\u015fturmas\u0131 kapsam\u0131ndaki ele\u015ftirilere yan\u0131t veren Milli E\u011fitim Bakan\u0131 Naz\u0131m \u00c7avu\u015fo\u011flu, \u201cCeza almas\u0131 gereken alacak, i\u015ften \u00e7\u0131kmas\u0131 gereken varsa i\u015ften \u00e7\u0131kacak, terfisi geri d\u00f6nmesi gereken varsa d\u00f6necek\u201d dedi.<\/p>\n<p>Mesarya \u00dcniversitesi\u2019nin a\u00e7ma \u00f6n izni iptal yaz\u0131s\u0131n\u0131n g\u00f6nderildi\u011fini de a\u00e7\u0131klayan \u00c7avu\u015fo\u011flu, di\u011fer a\u00e7ma \u00f6n izni olan \u00fcniversitelerin dosyalar\u0131n\u0131n Savc\u0131l\u0131kta oldu\u011funu kaydetti.<\/p>\n<p>-Derya<\/p>\n<p>Cumhuriyet\u00e7i T\u00fcrk Partisi Lefko\u015fa Milletvekili Do\u011fu\u015f Derya, Genel Kurul\u2019da, \u201cKamu Kaynaklar\u0131, S\u00f6m\u00fcr\u00fc ve 1 May\u0131s\u201d konulu g\u00fcncel konu\u015fma yapt\u0131.<\/p>\n<p>Toprak ve m\u00fclkiyet yap\u0131s\u0131n\u0131n el de\u011fi\u015ftirmesine dair \u00e7ok uzun zamand\u0131r devam eden uyar\u0131lar\u0131 sonras\u0131nda konuyla ilgili yasan\u0131n Meclis Komitesi g\u00fcndemine geldi\u011fini ifade eden Derya, ada \u00fclkesi olundu\u011fu i\u00e7in kamu kaynaklar\u0131 konusunda iki defa d\u00fc\u015f\u00fcn\u00fclmesi gerekti\u011fini kaydetti. Gen\u00e7lerin ev alabilme imkanlar\u0131n\u0131n kalmad\u0131\u011f\u0131n\u0131 dile getiren Derya, d\u00fczenlemelerin sermaye \u00e7evrelerinin talebi olarak yasaya yans\u0131t\u0131ld\u0131\u011f\u0131n\u0131 belirtti.<\/p>\n<p>Belli bir grup insana ayr\u0131cal\u0131k, di\u011fer insanlara k\u0131s\u0131tlama ve yasak getirildi\u011fini kaydeden Derya, bir devleti, devlet yapan unsurlar\u0131n unutuldu\u011funu ifade etti. Devletin temel stratejik sekt\u00f6rlerde tam bir denetimi ve iradesi olmas\u0131 gerekti\u011fini belirten Derya, ancak \u00fclkede \u201ciradeyi devreden\u201d durumda olundu\u011funu dile getirdi.<\/p>\n<p>\u00dclkenin talan edildi\u011fini savunan Derya, plans\u0131z ve vah\u015fi bir yap\u0131la\u015fma i\u00e7in \u00fclkeye i\u015f\u00e7i getirildi\u011fini s\u00f6yledi. \u0130\u015f yasas\u0131na dikkat \u00e7eken Do\u011fu\u015f Derya, son 15 y\u0131ld\u0131r d\u00fczenli olarak KKTC\u2019ye i\u015f\u00e7i getiren arac\u0131lar\u0131n nas\u0131l ceza almad\u0131\u011f\u0131n\u0131 sordu.<\/p>\n<p>Sosyal devlet anlam\u0131nda hi\u00e7bir ad\u0131m at\u0131lmad\u0131\u011f\u0131n\u0131 belirten Derya, \u201cH\u00fck\u00fcmet, in\u015faatla ilgili bir s\u0131n\u0131rland\u0131rma yapacak m\u0131?\u201d sorusunu sordu. Kamu kaynaklar\u0131n\u0131n dar bir elit gruba aktar\u0131ld\u0131\u011f\u0131n\u0131 ifade eden Derya, \u201cHepimiz topluca yoksulla\u015f\u0131yoruz\u201d dedi. Derya, \u00f6zel sekt\u00f6rdeki \u00e7al\u0131\u015fanlar\u0131n yar\u0131s\u0131n\u0131n sigorta primlerinin asgari \u00fccret \u00fczerinden yat\u0131r\u0131ld\u0131\u011f\u0131n\u0131 kaydetti.<\/p>\n<p>Genel Kurul\u2019da \u00fczerinde 8-8-8 yaz\u0131l\u0131 bir ka\u011f\u0131t g\u00f6steren Derya, buna bakt\u0131\u011f\u0131nda bir insan \u00f6mr\u00fc g\u00f6rd\u00fc\u011f\u00fcn\u00fc ifade ederek, \u201c\u00dccret kar\u015f\u0131l\u0131\u011f\u0131 \u00f6mr\u00fcm\u00fcz\u00fcn 3\u2019te birini sat\u0131yoruz\u201d dedi. Derya, birilerinin hayat\u0131n\u0131n 3\u2019te birini ya\u015fayabilmek i\u00e7in satarken, baz\u0131lar\u0131n\u0131n emek s\u00f6m\u00fcrd\u00fc\u011f\u00fc i\u00e7in zengin oldu\u011funu belirtti.<\/p>\n<p>Sekt\u00f6rel toplu s\u00f6zle\u015fmeyle hak gasplar\u0131n\u0131n \u00f6n\u00fcne ge\u00e7ilebilece\u011fini ifade eden Derya, sesi duyulmayan, kendi hakk\u0131n\u0131 arayamayan her bir emek\u00e7inin haklar\u0131 i\u00e7in m\u00fccadele etmeye devam edeceklerini s\u00f6yledi.<\/p>\n<p>-K\u00fcr\u015fat<\/p>\n<p>Cumhuriyet\u00e7i T\u00fcrk Partisi \u0130skele Milletvekili Fide K\u00fcr\u015fat, \u201cYolsuzluk, Yokluk ve Yokolu\u015f Sarmal\u0131nda 1 May\u0131s\u201d konulu g\u00fcncel konu\u015fmas\u0131nda, yar\u0131n 1 May\u0131s oldu\u011funu hat\u0131rlatarak, hak m\u00fccadelesini selamlad\u0131.<\/p>\n<p>Uluslararas\u0131 \u015eeffafl\u0131k \u00d6rg\u00fct\u00fc\u2019n\u00fcn haz\u0131rlad\u0131\u011f\u0131 Kuzey K\u0131br\u0131s\u2019ta Yolsuzluk Alg\u0131s\u0131 2023 raporuna de\u011finen K\u00fcr\u015fat, raporun su\u00e7 duyurusu niteli\u011finde oldu\u011funu kaydetti. \u201cRapora g\u00f6re d\u00fcnyadaki yerimiz 140\u2019nc\u0131 s\u0131rada\u2026\u201d diyen K\u00fcr\u015fat, rapor haz\u0131rlan\u0131rken sahte diploma soru\u015fturmas\u0131n\u0131n ba\u015flamad\u0131\u011f\u0131na dikkat \u00e7ekti. K\u00fcr\u015fat, 1 May\u0131s\u2019\u0131n bunlar\u0131n g\u00f6lgesinde kutlanaca\u011f\u0131n\u0131 ifade etti.<\/p>\n<p>\u201cEmek ve emek\u00e7i toplumun dire\u011fidir\u2026 Emek\u00e7iler toplumun bel kemi\u011fidir\u201d diyen K\u00fcr\u015fat, emek\u00e7inin hakk\u0131n\u0131n g\u00f6z ard\u0131 edildi\u011fini ve sosyal adaletin zedelendi\u011fini belirtti.<\/p>\n<p>Varl\u0131\u011f\u0131 belirsiz bir hastal\u0131k nedeniyle narenciyenin ambargo alt\u0131nda oldu\u011funu kaydeden K\u00fcr\u015fat, devletin k\u0131t mali kaynaklar\u0131n\u0131n, imtiyazl\u0131 gruplara pe\u015fke\u015f \u00e7ekildi\u011fini s\u00f6yledi. Tar\u0131m arazilerinin niteli\u011fine bak\u0131lmaks\u0131z\u0131n betonla\u015ft\u0131\u011f\u0131n\u0131, yabanc\u0131lar\u0131n eline ge\u00e7ti\u011fini ifade eden K\u00fcr\u015fat, \u00f6zel sekt\u00f6rde sendikala\u015fman\u0131n \u00f6n\u00fcn\u00fcn a\u00e7\u0131lmas\u0131 gerekti\u011fini belirtti.<\/p>\n<p>Son y\u0131llarda insan ka\u00e7ak\u00e7\u0131l\u0131\u011f\u0131 boyutunda \u00fclkeye i\u015f\u00e7i getirildi\u011fini dile getiren K\u00fcr\u015fat, ka\u00e7ak i\u015f\u00e7i \u00e7al\u0131\u015ft\u0131ranlara cayd\u0131r\u0131c\u0131 cezalar verilmesi gerekti\u011fini s\u00f6yledi. \u00dclkedeki i\u015f kazalar\u0131na i\u015faret eden K\u00fcr\u015fat, \u201cHi\u00e7bir i\u015f, insan hayat\u0131ndan ve sa\u011fl\u0131\u011f\u0131ndan \u00f6nemli de\u011fildir\u201d dedi.<\/p>\n<p>Emek\u00e7inin hak etti\u011fi de\u011feri g\u00f6rmesi i\u00e7in elden gelenin yap\u0131lmas\u0131 gerekti\u011fini ifade eden K\u00fcr\u015fat, tam tersinin yap\u0131ld\u0131\u011f\u0131n\u0131 anlatarak, h\u00fck\u00fcmete ele\u015ftirilerde bulundu. H\u00fck\u00fcmetin adaletsiz politikalar\u0131n\u0131n, 1 May\u0131s\u2019\u0131n anlam\u0131n\u0131 g\u00f6lgeledi\u011fini dile getiren K\u00fcr\u015fat, gelir da\u011f\u0131l\u0131m\u0131nda adaletsizlik oldu\u011funu s\u00f6yledi.<\/p>\n<p>A\u00e7l\u0131k s\u0131n\u0131r\u0131n\u0131n Mart ay\u0131 itibar\u0131 ile 23 bin 644 TL, asgari \u00fccretin ise 24 bin TL oldu\u011funu kaydeden K\u00fcr\u015fat, halk\u0131n al\u0131m g\u00fcc\u00fcn\u00fc art\u0131r\u0131c\u0131 tedbirler al\u0131nmas\u0131 gerekti\u011fini belirtti. K\u00fcr\u015fat, t\u00fcm emek\u00e7ilerin, Emek ve Dayan\u0131\u015fma G\u00fcn\u00fc\u2019n\u00fc kutlayarak, emek\u00e7ilerin hak etti\u011fi de\u011feri bulmas\u0131 i\u00e7in m\u00fccadelelerine devam edeceklerini ifade etti.<\/p>\n<p>-\u0130ncirli<\/p>\n<p>Cumhuriyet\u00e7i T\u00fcrk Partisi Lefko\u015fa Milletvekili S\u0131la Usar \u0130ncirli, \u201cDiploma Soru\u015fturmas\u0131nda Son Durum Nedir?\u201d konulu g\u00fcncel konu\u015fmas\u0131nda, bu meselenin topyek\u00fbn h\u00fck\u00fcmetin meselesi oldu\u011funu ifade ederek, iki ay ge\u00e7mesine ra\u011fmen ciddi bir ad\u0131m at\u0131lmad\u0131\u011f\u0131n\u0131 s\u00f6yledi.<\/p>\n<p>Yeni atanan Y\u00d6DAK Ba\u015fkan\u0131\u2019n\u0131n komitede \u00e7ok \u00f6nemli bilgiler verdi\u011fini dile getiren \u0130ncirli, \u201cBizim ihtiyac\u0131m\u0131z olan \u015fey skandal\u0131n nedeninin ortaya \u00e7\u0131kar\u0131lmas\u0131\u201d dedi. Hedef \u015fa\u015f\u0131rt\u0131lmaya \u00e7al\u0131\u015f\u0131ld\u0131\u011f\u0131n\u0131 kaydeden \u0130ncirli, \u201cBiz \u015fu anda sizin samimiyetinize inanm\u0131yoruz\u201d dedi. \u0130ncirli, her bir bakanl\u0131\u011f\u0131n bu konuda ara\u015ft\u0131rma yap\u0131p, kamuoyunun \u00f6n\u00fcne koymas\u0131 gerekti\u011fini belirtti.<\/p>\n<p>Diplomalar iptal edilmedi\u011fi s\u00fcrece yaralar\u0131n \u00fczerine merhem s\u00fcr\u00fclemeyece\u011fini ifade eden \u0130ncirli, diploma skandal\u0131 meselesinin \u00fczerinin \u00f6rt\u00fcld\u00fc\u011f\u00fcn\u00fc her g\u00fcn g\u00f6rd\u00fcklerini belirtti. Diplomalar\u0131 tedav\u00fcle s\u00fcren kamu \u00e7al\u0131\u015fanlar\u0131n\u0131n ortaya \u00e7\u0131kar\u0131lmas\u0131 gerekti\u011fini kaydeden \u0130ncirli, K\u0131br\u0131s T\u00fcrk Hem\u015fireler ve Ebeler Birli\u011fi\u2019nin bir diploma hakk\u0131nda Y\u00d6DAK\u2019a ba\u015fvurdu\u011funa dikkat \u00e7ekerek, yap\u0131lmas\u0131 gerekenin bu oldu\u011funu vurgulad\u0131. S\u0131la Usar \u0130ncirli, Yatay Ge\u00e7i\u015f T\u00fcz\u00fc\u011f\u00fc\u2019n\u00fcn de bir an \u00f6nce hayata ge\u00e7mesi gerekti\u011fini kaydetti.<\/p>\n<p>\u0130ncirli, yar\u0131n 1 May\u0131s Emek ve Dayan\u0131\u015fma G\u00fcn\u00fc oldu\u011funa i\u015faret ederek, sava\u015fs\u0131z ve s\u00f6m\u00fcr\u00fcs\u00fcz bir d\u00fcnya dile\u011fiyle konu\u015fmas\u0131n\u0131 tamamlad\u0131.<\/p>\n<p>-\u00c7avu\u015fo\u011flu<\/p>\n<p>Milli E\u011fitim Bakan\u0131 Naz\u0131m \u00c7avu\u015fo\u011flu ise s\u00f6z alarak, konu\u015fma s\u0131ras\u0131na g\u00f6re muhalefet vekillerine yan\u0131t verdi. CTP Milletvekili Derya\u2019n\u0131n, \u201cd\u00fcnyan\u0131n en pahal\u0131 suyunu kullan\u0131yoruz\u201d s\u00f6z\u00fcn\u00fc garipsedi\u011fini ve \u00fcz\u00fcld\u00fc\u011f\u00fcn\u00fc dile getiren \u00c7avu\u015fo\u011flu, \u201cEn pahal\u0131 su olmayan sudur\u201d dedi.<\/p>\n<p>Adan\u0131n susuzluktan kurtulmas\u0131n\u0131n te\u015fekk\u00fcr\u00fc hak etti\u011fini belirten \u00c7avu\u015fo\u011flu, suyun belediyelere 7.5 TL\u2019ye verildi\u011fine dikkat \u00e7ekerek, iyi y\u00f6netilmeyen belediyelerin suyu gelir kap\u0131s\u0131 olarak g\u00f6rmesinin ele\u015ftirilmesi gerekti\u011fini kaydetti.<\/p>\n<p>-\u201cBelediyenin satt\u0131\u011f\u0131 sudur pahal\u0131 olan\u201d<\/p>\n<p>Suyun T\u00fcrkiye\u2019den KKTC\u2019ye gelmesinin maliyeti d\u00fc\u015f\u00fcn\u00fcld\u00fc\u011f\u00fcnde suyun \u00e7ok daha pahal\u0131 olmas\u0131 gerekti\u011fini ancak suyun son zamla 7.5 TL oldu\u011funu yineleyen Bakan \u00c7avu\u015fo\u011flu, \u201cBelediyenin satt\u0131\u011f\u0131 sudur pahal\u0131 olan\u2026 7.5 TL\u2019ye ald\u0131\u011f\u0131 suyu y\u00fczde 300-400 zamla satanlar\u0131 ele\u015ftirmek gerekir diye d\u00fc\u015f\u00fcn\u00fcyorum\u201d \u015feklinde konu\u015ftu. \u00c7avu\u015fo\u011flu, \u201cT\u00fcketiciye ula\u015ft\u0131\u011f\u0131 fiyat pahal\u0131 olabilir ama bunun sebebi T\u00fcrkiye\u2019den gelen maliyeti de\u011fildir\u201d dedi.<\/p>\n<p>E\u011fitim kurumlar\u0131yla ilgili 2021 y\u0131l\u0131ndan sonra \u00e7ok ciddi bir talep oldu\u011funu dile getiren \u00c7avu\u015fo\u011flu, \u201cE\u011fitim kurumlar\u0131n\u0131n amac\u0131 e\u011fitim vermektir. \u0130kamet pazarlamak de\u011fildir\u201d dedi ve bu istismar\u0131n \u00f6n\u00fcne h\u00fck\u00fcmet taraf\u0131ndan ge\u00e7ildi\u011fini kaydetti.<\/p>\n<p>Emek\u00e7ilerin 1 May\u0131s \u0130\u015f\u00e7i Bayram\u0131\u2019n\u0131 kutlayan Bakan \u00c7avu\u015fo\u011flu, h\u00fck\u00fcmetin her alanda oldu\u011fu gibi emek\u00e7i ve \u00fcreticinin sorunlar\u0131na \u00e7\u00f6z\u00fcm bulmaya \u00e7al\u0131\u015ft\u0131\u011f\u0131n\u0131 s\u00f6yledi. H\u00fck\u00fcmetin verdi\u011fi desteklere de\u011finen \u00c7avu\u015fo\u011flu, \u201ch\u00fck\u00fcmet hep yanl\u0131\u015f yap\u0131yor\u201d alg\u0131s\u0131n\u0131n do\u011fru olmad\u0131\u011f\u0131n\u0131 vurgulad\u0131. Bakan \u00c7avu\u015fo\u011flu, sorunlar\u0131n kal\u0131c\u0131 olarak \u00e7\u00f6z\u00fclmesi i\u00e7in icraatlar yap\u0131ld\u0131\u011f\u0131n\u0131n alt\u0131n\u0131 \u00e7izdi.<\/p>\n<p>Sahte diploma soru\u015fturmas\u0131 hakk\u0131nda da konu\u015fan \u00c7avu\u015fo\u011flu, \u201csuland\u0131rma ele\u015ftirisine\u201d kat\u0131lmad\u0131\u011f\u0131n\u0131 ifade ederek, s\u00fcrekli tutuklamalar\u0131n yap\u0131ld\u0131\u011f\u0131na dikkat \u00e7ekti. Soru\u015fturmalar\u0131 durdurma gibi bir tav\u0131rlar\u0131n\u0131n olmad\u0131\u011f\u0131n\u0131 vurgulayan \u00c7avu\u015fo\u011flu, soru\u015fturman\u0131n tamamlanarak, temiz bir sayfan\u0131n a\u00e7\u0131lmas\u0131n\u0131 istediklerini kaydetti.<\/p>\n<p>\u201cHerhangi bir ad\u0131m at\u0131lmad\u0131\u201d s\u00f6yleminin devam eden tutuklamalarla \u00e7eli\u015fti\u011fini ifade eden Bakan \u00c7avu\u015fo\u011flu, her bir bakanl\u0131\u011f\u0131n kendi i\u00e7erisinde bu ara\u015ft\u0131rmay\u0131 yapmas\u0131 gerekti\u011fine kat\u0131ld\u0131\u011f\u0131n\u0131 belirterek, Bakanl\u0131k nezdinde \u00f6\u011fretmenlerin ald\u0131\u011f\u0131 belgelerin tespiti ve nas\u0131l al\u0131nd\u0131\u011f\u0131yla ilgili \u00e7al\u0131\u015fmalar\u0131 oldu\u011funu vurgulad\u0131.<\/p>\n<p>S\u00f6z konusu \u00fcniversiteden mezun olan her bir bireyin sahte diploma ald\u0131\u011f\u0131 alg\u0131s\u0131n\u0131n da do\u011fru olmad\u0131\u011f\u0131n\u0131 belirten Milli Bakan\u0131 \u00c7avu\u015fo\u011flu, \u201cGenelleme do\u011fru de\u011fildir\u201d dedi. Kamu g\u00f6revlileriyle ilgili s\u00f6z konusu \u00fcniversiteden mezun olan insanlar\u0131n evraklar\u0131n\u0131n talep edilebilece\u011fini ifade eden \u00c7avu\u015fo\u011flu, \u201c\u00d6\u011fretmenlerle ilgili k\u0131sm\u0131 bizzat ben kendim ara\u015ft\u0131r\u0131yorum\u201d dedi.<\/p>\n<p>-\u201cCeza almas\u0131 gereken alacak, i\u015ften \u00e7\u0131kmas\u0131 gereken \u00e7\u0131kacak, terfisi geri d\u00f6nmesi gereken d\u00f6necek\u201d<\/p>\n<p>Kademe ilerlemesi, terfi alm\u0131\u015f olanlar varsa bu ki\u015filerin mahkeme nezdinde hak ettikleri cezay\u0131 almalar\u0131 konusunda mutab\u0131k olduklar\u0131n\u0131 kaydeden \u00c7avu\u015fo\u011flu, \u201cCeza almas\u0131 gereken alacak, i\u015ften \u00e7\u0131kmas\u0131 gereken varsa i\u015ften \u00e7\u0131kacak, terfisi geri d\u00f6nmesi gereken varsa d\u00f6necek\u201d dedi. Bakan \u00c7avu\u015fo\u011flu, hata yapmamak ad\u0131na dikkatli ve az konu\u015farak ilerlediklerini belirterek, ortaya \u00e7\u0131kt\u0131ktan sonra kamuoyunun bilgilendirilece\u011fini s\u00f6yledi.<\/p>\n<p>CTP Milletvekili Sami \u00d6zuslu\u2019nun \u00f6n a\u00e7ma izinleriyle ilgili yerinden sorusu \u00fczerine Bakan \u00c7avu\u015fo\u011flu, Mesarya \u00dcniversitesi\u2019nin Savc\u0131l\u0131k g\u00f6r\u00fc\u015f\u00fc geldi\u011fini ve iptal yaz\u0131s\u0131n\u0131 yazd\u0131klar\u0131n\u0131 belirterek, di\u011fer a\u00e7ma \u00f6n izni olan \u00fcniversitelerin dosyalar\u0131n\u0131n Savc\u0131l\u0131kta oldu\u011funu kaydetti.<\/p>\n<p>-\u0130ncirli<\/p>\n<p>CTP Milletvekili S\u0131la Usar \u0130ncirli ise yeniden s\u00f6z alarak, Milli E\u011fitim Bakanl\u0131\u011f\u0131 nezdinde sahtekarl\u0131k ihtimalinin ara\u015ft\u0131r\u0131lmas\u0131n\u0131n \u00e7ok \u00f6nemli oldu\u011funu ve di\u011fer bakanl\u0131klar\u0131n da bunu yapmas\u0131 gerekti\u011fini s\u00f6yledi.<\/p>\n<p>\u201cBiz CTP olarak ortal\u0131\u011f\u0131 yak\u0131p, y\u0131kmad\u0131k\u201d diyen \u0130ncirli, olaya ciddiyetle yakla\u015ft\u0131klar\u0131n\u0131 belirtti.<\/p>\n<p>-\u00d6zuslu<\/p>\n<p>Cumhuriyet\u00e7i T\u00fcrk Partisi Lefko\u015fa Milletvekili Sami \u00d6zuslu ise, Genel Kurul\u2019da \u201cSiyasi Geli\u015fmeler\u201d konulu g\u00fcncel konu\u015fma yapt\u0131.<\/p>\n<p>\u201cBaz\u0131 spor federasyonlar\u0131n\u0131n yazd\u0131\u011f\u0131 \u00e7ekler tefecilere mi d\u00fc\u015ft\u00fc?\u201d sorusunu sorarak konu\u015fmas\u0131na ba\u015flayan \u00d6zuslu, bir derne\u011fin \u00fc\u00e7 ay \u00f6nce Spor Dairesi M\u00fcd\u00fcrl\u00fc\u011f\u00fc\u2019ne bu konuda yaz\u0131 yazd\u0131\u011f\u0131n\u0131 belirterek, s\u00f6z konusu yaz\u0131y\u0131 okudu.<\/p>\n<p>Derne\u011fin o g\u00fcnden beri sorusuna cevap almad\u0131\u011f\u0131n\u0131 belirten \u00d6zuslu, bu konuyu ara\u015ft\u0131rmak ve cevap vermenin Ba\u015fbakanl\u0131\u011f\u0131n sorumlulu\u011funda oldu\u011funu s\u00f6yledi.<\/p>\n<p>Baz\u0131 spor federasyonlar\u0131 y\u00f6netimlerinin pe\u015f pe\u015fe g\u00f6revlerinden al\u0131nd\u0131\u011f\u0131n\u0131 dile getiren \u00d6zuslu, \u015fimdi de Atletizm Federasyonu i\u00e7in ayn\u0131 durumun s\u00f6z konusu oldu\u011funu kaydetti.<\/p>\n<p>\u015eu anda federasyonlarda Spor Dairesi \u00e7al\u0131\u015fan\u0131 olup, y\u00f6neticilik yapan ki\u015filer oldu\u011funu belirten \u00d6zuslu, Beden E\u011fitimi ve Spor Yasas\u0131\u2019na dikkat \u00e7ekti.<\/p>\n<p>Yurtd\u0131\u015f\u0131nda bireysel olarak ba\u015far\u0131 elde eden sporculara te\u015fvik verilmedi\u011fini belirten Sami \u00d6zuslu, Spor Dairesi\u2019nin yerel y\u00f6netimlerle protokol yapaca\u011f\u0131n\u0131 ifade ederek, \u201cNerede?\u201d diye sordu.<\/p>\n<p>Son olarak, \u201cFederasyon \u00e7ekleri market ve tefecilerde mi bozuluyor. \u00d6yleyse vay halimize\u2026\u201d diyen \u00d6zuslu, Say\u0131\u015ftayl\u0131k ve Ba\u015fbakanl\u0131k Denetleme Kurulu\u2019na \u00e7a\u011fr\u0131 yapt\u0131.<\/p>\n<p>Vekillerin yaz\u0131l\u0131 ve s\u00f6zl\u00fc sorular\u0131n\u0131n da yan\u0131tlanmad\u0131\u011f\u0131n\u0131 dile \u00d6zuslu, \u201cla\u00e7kal\u0131\u011fa\u201d yol a\u00e7anlar\u0131n t\u00fcm\u00fcn\u00fc protesto etti.<\/p>\n<p>-\u015eahali<\/p>\n<p>Cumhuriyet\u00e7i T\u00fcrk Partisi Gazima\u011fusa Milletvekili Erkut \u015eahali, \u201cTar\u0131m Bakanl\u0131\u011f\u0131 Seyir Teras\u0131 m\u0131?\u201d konulu g\u00fcncel konu\u015fmas\u0131nda, tar\u0131m\u0131n \u00fclkede sorunlar\u0131yla g\u00fcndemde yer buldu\u011funu s\u00f6yledi.<\/p>\n<p>Tar\u0131m Bakanl\u0131\u011f\u0131\u2019n\u0131n, tar\u0131m kesiminin seyircisi konumunda oldu\u011funu ifade eden \u015eahali, d\u00fcn Genel Kurul\u2019da et konusunu ele ald\u0131klar\u0131n\u0131 hat\u0131rlatt\u0131. \u201cY\u00fczde 35 karla \u00e7al\u0131\u015fan hayvanc\u0131 ben bulamad\u0131m. Neredeyse dayak yiyecektim\u201d diyen \u015eahali, hi\u00e7bir maliyet form\u00fcl\u00fcn\u00fcn 550 TL et satmay\u0131 m\u00fcmk\u00fcn k\u0131lmad\u0131\u011f\u0131n\u0131 kaydetti.<\/p>\n<p>Yurtta\u015f\u0131n kaderiyle ba\u015f ba\u015fa kald\u0131\u011f\u0131n\u0131 belirten Erkut \u015eahali, narenciye konusunda tarihin en b\u00fcy\u00fck kriziyle kar\u015f\u0131 kar\u015f\u0131ya olundu\u011funu kaydederek, \u201cSatt\u0131k satt\u0131k diye \u00f6v\u00fcnd\u00fc\u011f\u00fcn\u00fcz narenciye \u00fclkeye geri d\u00f6n\u00fcyor\u2026 70\u2019ten fazla t\u0131r gittikleri g\u00fcmr\u00fck kap\u0131lar\u0131ndan \u00fclkeye d\u00f6n\u00fcyor\u201d dedi. \u015eahali, bunun kabul edilebilir olmad\u0131\u011f\u0131n\u0131 ifade etti.<\/p>\n<p>Bu konuda hi\u00e7bir \u015fey yokmu\u015f gibi davran\u0131lmaya devam edildi\u011fini belirten \u015eahali, \u00fcreticinin feryad\u0131n\u0131 k\u00fc\u00e7\u00fck harflerle dile getirdi\u011fini s\u00f6yledi. \u00dclkede hayvanc\u0131l\u0131\u011f\u0131n en \u00f6nemli ihra\u00e7 kaleminin ham maddesini \u00fcretti\u011fini belirten \u015eahali, s\u00fct fiyat\u0131n\u0131n, en son Kas\u0131m ay\u0131nda g\u00fcncellendi\u011fine i\u015faret etti.<\/p>\n<p>Tar\u0131m ve Do\u011fal Kaynaklar Bakanl\u0131\u011f\u0131 b\u00fcnyesindeki Orman Dairesi\u2019nin \u201crant\u201d nedeniyle di\u011fer dairelere g\u00f6re \u00e7ok daha \u00f6nemli bir daire oldu\u011funu kaydeden \u015eahali, Bafra\u2019da orman arazilerinin tamam\u0131n\u0131n, kamu yarar\u0131 g\u00f6zetilerek, turizm yat\u0131r\u0131m alan\u0131 olarak ilan edildi\u011fini s\u00f6yledi.<\/p>\n<p>A\u011fa\u00e7land\u0131rma maksatl\u0131 alanda solar yat\u0131r\u0131m s\u00f6z konusu olabildi\u011fine bunun emsalleri oldu\u011funa i\u015faret eden \u015eahali, solar yat\u0131r\u0131m ba\u015f g\u00f6sterirse bunun nas\u0131l engellenece\u011fini sorarak, \u201cOrman arazilerinin talan\u0131 h\u00fck\u00fcmetin \u015fiar\u0131 haline geldi\u201d dedi.<\/p>\n<p>Kurakl\u0131k \u00e7al\u0131\u015fmas\u0131 tespitlerinin de h\u0131zla yap\u0131lmas\u0131 gerekti\u011fini s\u00f6yleyen \u015eahali, ciddi bir arpa ithal ihtiyac\u0131n\u0131n da ortaya \u00e7\u0131kaca\u011f\u0131n\u0131 ifade etti.<\/p>\n<\/p><\/div>\n<p><script async\n                    defer\n                    crossorigin=\"anonymous\"\n                    src=\"https:\/\/connect.facebook.net\/tr_TR\/sdk.js#xfbml=1&#038;version=v3.3\"\n            ><\/script><\/p>\n","protected":false},"excerpt":{"rendered":"<p>Cumhuriyet Meclisi Genel Kurulu\u2019nda milletvekilleri g\u00fcncel konu\u015fmalar yap\u0131yor. Muhalefet vekillerin ele\u015ftirilerine, h\u00fck\u00fcmet kanad\u0131 yan\u0131t verdi. Sahte diploma soru\u015fturmas\u0131 kapsam\u0131ndaki ele\u015ftirilere yan\u0131t veren Milli E\u011fitim Bakan\u0131 Naz\u0131m \u00c7avu\u015fo\u011flu, \u201cCeza almas\u0131 gereken alacak, i\u015ften \u00e7\u0131kmas\u0131 gereken varsa i\u015ften \u00e7\u0131kacak, terfisi geri d\u00f6nmesi gereken varsa d\u00f6necek\u201d dedi. Mesarya \u00dcniversitesi\u2019nin a\u00e7ma \u00f6n izni iptal yaz\u0131s\u0131n\u0131n g\u00f6nderildi\u011fini de a\u00e7\u0131klayan \u00c7avu\u015fo\u011flu, [&hellip;]<\/p>\n","protected":false},"author":1,"featured_media":1027,"comment_status":"open","ping_status":"open","sticky":false,"template":"","format":"standard","meta":{"jnews-multi-image_gallery":[],"jnews_single_post":[],"jnews_primary_category":[],"jnews_social_meta":[],"jnews_override_counter":[],"footnotes":""},"categories":[1],"tags":[],"class_list":["post-1026","post","type-post","status-publish","format-standard","has-post-thumbnail","hentry","category-kibris"],"yoast_head":"<!-- This site is optimized with the Yoast SEO plugin v27.5 - https:\/\/yoast.com\/product\/yoast-seo-wordpress\/ -->\n<title>Sahte diploma soru\u015fturmas\u0131\u2026 \u00c7avu\u015fo\u011flu: \u201cCeza almas\u0131 gereken alacak, i\u015ften \u00e7\u0131kmas\u0131 gereken \u00e7\u0131kacak, terfisi geri d\u00f6nmesi gereken d\u00f6necek\u201d - Kuzeyin Sesi<\/title>\n<meta name=\"robots\" content=\"index, follow, max-snippet:-1, max-image-preview:large, max-video-preview:-1\" \/>\n<link rel=\"canonical\" href=\"https:\/\/kuzeyinsesi.org\/index.php\/2024\/04\/30\/sahte-diploma-sorusturmasi-cavusoglu-ceza-almasi-gereken-alacak-isten-cikmasi-gereken-cikacak-terfisi-geri-donmesi-gereken-donecek\/\" \/>\n<meta property=\"og:locale\" content=\"tr_TR\" \/>\n<meta property=\"og:type\" content=\"article\" \/>\n<meta property=\"og:title\" content=\"Sahte diploma soru\u015fturmas\u0131\u2026 \u00c7avu\u015fo\u011flu: \u201cCeza almas\u0131 gereken alacak, i\u015ften \u00e7\u0131kmas\u0131 gereken \u00e7\u0131kacak, terfisi geri d\u00f6nmesi gereken d\u00f6necek\u201d - Kuzeyin Sesi\" \/>\n<meta property=\"og:description\" content=\"Cumhuriyet Meclisi Genel Kurulu\u2019nda milletvekilleri g\u00fcncel konu\u015fmalar yap\u0131yor. Muhalefet vekillerin ele\u015ftirilerine, h\u00fck\u00fcmet kanad\u0131 yan\u0131t verdi. Sahte diploma soru\u015fturmas\u0131 kapsam\u0131ndaki ele\u015ftirilere yan\u0131t veren Milli E\u011fitim Bakan\u0131 Naz\u0131m \u00c7avu\u015fo\u011flu, \u201cCeza almas\u0131 gereken alacak, i\u015ften \u00e7\u0131kmas\u0131 gereken varsa i\u015ften \u00e7\u0131kacak, terfisi geri d\u00f6nmesi gereken varsa d\u00f6necek\u201d dedi. Mesarya \u00dcniversitesi\u2019nin a\u00e7ma \u00f6n izni iptal yaz\u0131s\u0131n\u0131n g\u00f6nderildi\u011fini de a\u00e7\u0131klayan \u00c7avu\u015fo\u011flu, [&hellip;]\" \/>\n<meta property=\"og:url\" content=\"https:\/\/kuzeyinsesi.org\/index.php\/2024\/04\/30\/sahte-diploma-sorusturmasi-cavusoglu-ceza-almasi-gereken-alacak-isten-cikmasi-gereken-cikacak-terfisi-geri-donmesi-gereken-donecek\/\" \/>\n<meta property=\"og:site_name\" content=\"Kuzeyin Sesi\" \/>\n<meta property=\"article:publisher\" content=\"https:\/\/www.facebook.com\/kuzeyinsesii\" \/>\n<meta property=\"article:published_time\" content=\"2024-04-30T12:46:15+00:00\" \/>\n<meta property=\"og:image\" content=\"https:\/\/kuzeyinsesi.org\/wp-content\/uploads\/2024\/04\/nazim-cavusoglu-meclis.jpg\" \/>\n\t<meta property=\"og:image:width\" content=\"1600\" \/>\n\t<meta property=\"og:image:height\" content=\"1014\" \/>\n\t<meta property=\"og:image:type\" content=\"image\/jpeg\" \/>\n<meta name=\"author\" content=\"Kuzeyin Sesi\" \/>\n<meta name=\"twitter:card\" content=\"summary_large_image\" \/>\n<meta name=\"twitter:creator\" content=\"@kuzeyinsesii\" \/>\n<meta name=\"twitter:site\" content=\"@kuzeyinsesii\" \/>\n<meta name=\"twitter:label1\" content=\"Yazan:\" \/>\n\t<meta name=\"twitter:data1\" content=\"Kuzeyin Sesi\" \/>\n\t<meta name=\"twitter:label2\" content=\"Tahmini okuma s\u00fcresi\" \/>\n\t<meta name=\"twitter:data2\" content=\"12 dakika\" \/>\n<script type=\"application\/ld+json\" class=\"yoast-schema-graph\">{\"@context\":\"https:\\\/\\\/schema.org\",\"@graph\":[{\"@type\":\"Article\",\"@id\":\"https:\\\/\\\/kuzeyinsesi.org\\\/index.php\\\/2024\\\/04\\\/30\\\/sahte-diploma-sorusturmasi-cavusoglu-ceza-almasi-gereken-alacak-isten-cikmasi-gereken-cikacak-terfisi-geri-donmesi-gereken-donecek\\\/#article\",\"isPartOf\":{\"@id\":\"https:\\\/\\\/kuzeyinsesi.org\\\/index.php\\\/2024\\\/04\\\/30\\\/sahte-diploma-sorusturmasi-cavusoglu-ceza-almasi-gereken-alacak-isten-cikmasi-gereken-cikacak-terfisi-geri-donmesi-gereken-donecek\\\/\"},\"author\":{\"name\":\"Kuzeyin Sesi\",\"@id\":\"https:\\\/\\\/kuzeyinsesi.org\\\/#\\\/schema\\\/person\\\/9f859689cdf01485597712386e37f5aa\"},\"headline\":\"Sahte diploma soru\u015fturmas\u0131\u2026 \u00c7avu\u015fo\u011flu: \u201cCeza almas\u0131 gereken alacak, i\u015ften \u00e7\u0131kmas\u0131 gereken \u00e7\u0131kacak, terfisi geri d\u00f6nmesi gereken d\u00f6necek\u201d\",\"datePublished\":\"2024-04-30T12:46:15+00:00\",\"mainEntityOfPage\":{\"@id\":\"https:\\\/\\\/kuzeyinsesi.org\\\/index.php\\\/2024\\\/04\\\/30\\\/sahte-diploma-sorusturmasi-cavusoglu-ceza-almasi-gereken-alacak-isten-cikmasi-gereken-cikacak-terfisi-geri-donmesi-gereken-donecek\\\/\"},\"wordCount\":2443,\"commentCount\":0,\"image\":{\"@id\":\"https:\\\/\\\/kuzeyinsesi.org\\\/index.php\\\/2024\\\/04\\\/30\\\/sahte-diploma-sorusturmasi-cavusoglu-ceza-almasi-gereken-alacak-isten-cikmasi-gereken-cikacak-terfisi-geri-donmesi-gereken-donecek\\\/#primaryimage\"},\"thumbnailUrl\":\"https:\\\/\\\/kuzeyinsesi.org\\\/wp-content\\\/uploads\\\/2024\\\/04\\\/nazim-cavusoglu-meclis.jpg\",\"articleSection\":[\"K\u0131br\u0131s\"],\"inLanguage\":\"tr\",\"potentialAction\":[{\"@type\":\"CommentAction\",\"name\":\"Comment\",\"target\":[\"https:\\\/\\\/kuzeyinsesi.org\\\/index.php\\\/2024\\\/04\\\/30\\\/sahte-diploma-sorusturmasi-cavusoglu-ceza-almasi-gereken-alacak-isten-cikmasi-gereken-cikacak-terfisi-geri-donmesi-gereken-donecek\\\/#respond\"]}]},{\"@type\":\"WebPage\",\"@id\":\"https:\\\/\\\/kuzeyinsesi.org\\\/index.php\\\/2024\\\/04\\\/30\\\/sahte-diploma-sorusturmasi-cavusoglu-ceza-almasi-gereken-alacak-isten-cikmasi-gereken-cikacak-terfisi-geri-donmesi-gereken-donecek\\\/\",\"url\":\"https:\\\/\\\/kuzeyinsesi.org\\\/index.php\\\/2024\\\/04\\\/30\\\/sahte-diploma-sorusturmasi-cavusoglu-ceza-almasi-gereken-alacak-isten-cikmasi-gereken-cikacak-terfisi-geri-donmesi-gereken-donecek\\\/\",\"name\":\"Sahte diploma soru\u015fturmas\u0131\u2026 \u00c7avu\u015fo\u011flu: \u201cCeza almas\u0131 gereken alacak, i\u015ften \u00e7\u0131kmas\u0131 gereken \u00e7\u0131kacak, terfisi geri d\u00f6nmesi gereken d\u00f6necek\u201d - Kuzeyin Sesi\",\"isPartOf\":{\"@id\":\"https:\\\/\\\/kuzeyinsesi.org\\\/#website\"},\"primaryImageOfPage\":{\"@id\":\"https:\\\/\\\/kuzeyinsesi.org\\\/index.php\\\/2024\\\/04\\\/30\\\/sahte-diploma-sorusturmasi-cavusoglu-ceza-almasi-gereken-alacak-isten-cikmasi-gereken-cikacak-terfisi-geri-donmesi-gereken-donecek\\\/#primaryimage\"},\"image\":{\"@id\":\"https:\\\/\\\/kuzeyinsesi.org\\\/index.php\\\/2024\\\/04\\\/30\\\/sahte-diploma-sorusturmasi-cavusoglu-ceza-almasi-gereken-alacak-isten-cikmasi-gereken-cikacak-terfisi-geri-donmesi-gereken-donecek\\\/#primaryimage\"},\"thumbnailUrl\":\"https:\\\/\\\/kuzeyinsesi.org\\\/wp-content\\\/uploads\\\/2024\\\/04\\\/nazim-cavusoglu-meclis.jpg\",\"datePublished\":\"2024-04-30T12:46:15+00:00\",\"author\":{\"@id\":\"https:\\\/\\\/kuzeyinsesi.org\\\/#\\\/schema\\\/person\\\/9f859689cdf01485597712386e37f5aa\"},\"breadcrumb\":{\"@id\":\"https:\\\/\\\/kuzeyinsesi.org\\\/index.php\\\/2024\\\/04\\\/30\\\/sahte-diploma-sorusturmasi-cavusoglu-ceza-almasi-gereken-alacak-isten-cikmasi-gereken-cikacak-terfisi-geri-donmesi-gereken-donecek\\\/#breadcrumb\"},\"inLanguage\":\"tr\",\"potentialAction\":[{\"@type\":\"ReadAction\",\"target\":[\"https:\\\/\\\/kuzeyinsesi.org\\\/index.php\\\/2024\\\/04\\\/30\\\/sahte-diploma-sorusturmasi-cavusoglu-ceza-almasi-gereken-alacak-isten-cikmasi-gereken-cikacak-terfisi-geri-donmesi-gereken-donecek\\\/\"]}]},{\"@type\":\"ImageObject\",\"inLanguage\":\"tr\",\"@id\":\"https:\\\/\\\/kuzeyinsesi.org\\\/index.php\\\/2024\\\/04\\\/30\\\/sahte-diploma-sorusturmasi-cavusoglu-ceza-almasi-gereken-alacak-isten-cikmasi-gereken-cikacak-terfisi-geri-donmesi-gereken-donecek\\\/#primaryimage\",\"url\":\"https:\\\/\\\/kuzeyinsesi.org\\\/wp-content\\\/uploads\\\/2024\\\/04\\\/nazim-cavusoglu-meclis.jpg\",\"contentUrl\":\"https:\\\/\\\/kuzeyinsesi.org\\\/wp-content\\\/uploads\\\/2024\\\/04\\\/nazim-cavusoglu-meclis.jpg\",\"width\":1600,\"height\":1014},{\"@type\":\"BreadcrumbList\",\"@id\":\"https:\\\/\\\/kuzeyinsesi.org\\\/index.php\\\/2024\\\/04\\\/30\\\/sahte-diploma-sorusturmasi-cavusoglu-ceza-almasi-gereken-alacak-isten-cikmasi-gereken-cikacak-terfisi-geri-donmesi-gereken-donecek\\\/#breadcrumb\",\"itemListElement\":[{\"@type\":\"ListItem\",\"position\":1,\"name\":\"Anasayfa\",\"item\":\"https:\\\/\\\/kuzeyinsesi.org\\\/\"},{\"@type\":\"ListItem\",\"position\":2,\"name\":\"Sahte diploma soru\u015fturmas\u0131\u2026 \u00c7avu\u015fo\u011flu: \u201cCeza almas\u0131 gereken alacak, i\u015ften \u00e7\u0131kmas\u0131 gereken \u00e7\u0131kacak, terfisi geri d\u00f6nmesi gereken d\u00f6necek\u201d\"}]},{\"@type\":\"WebSite\",\"@id\":\"https:\\\/\\\/kuzeyinsesi.org\\\/#website\",\"url\":\"https:\\\/\\\/kuzeyinsesi.org\\\/\",\"name\":\"Kuzeyin Sesi\",\"description\":\"Do\u011fru Haberin Adresi\",\"potentialAction\":[{\"@type\":\"SearchAction\",\"target\":{\"@type\":\"EntryPoint\",\"urlTemplate\":\"https:\\\/\\\/kuzeyinsesi.org\\\/?s={search_term_string}\"},\"query-input\":{\"@type\":\"PropertyValueSpecification\",\"valueRequired\":true,\"valueName\":\"search_term_string\"}}],\"inLanguage\":\"tr\"},{\"@type\":\"Person\",\"@id\":\"https:\\\/\\\/kuzeyinsesi.org\\\/#\\\/schema\\\/person\\\/9f859689cdf01485597712386e37f5aa\",\"name\":\"Kuzeyin Sesi\",\"image\":{\"@type\":\"ImageObject\",\"inLanguage\":\"tr\",\"@id\":\"https:\\\/\\\/secure.gravatar.com\\\/avatar\\\/bab33852abfd8b282518d6ed81826833d77c3c882d9ab608add591ccace47a44?s=96&d=mm&r=g\",\"url\":\"https:\\\/\\\/secure.gravatar.com\\\/avatar\\\/bab33852abfd8b282518d6ed81826833d77c3c882d9ab608add591ccace47a44?s=96&d=mm&r=g\",\"contentUrl\":\"https:\\\/\\\/secure.gravatar.com\\\/avatar\\\/bab33852abfd8b282518d6ed81826833d77c3c882d9ab608add591ccace47a44?s=96&d=mm&r=g\",\"caption\":\"Kuzeyin Sesi\"},\"sameAs\":[\"https:\\\/\\\/kuzeyinsesi.org\"],\"url\":\"https:\\\/\\\/kuzeyinsesi.org\\\/index.php\\\/author\\\/guven\\\/\"}]}<\/script>\n<!-- \/ Yoast SEO plugin. -->","yoast_head_json":{"title":"Sahte diploma soru\u015fturmas\u0131\u2026 \u00c7avu\u015fo\u011flu: \u201cCeza almas\u0131 gereken alacak, i\u015ften \u00e7\u0131kmas\u0131 gereken \u00e7\u0131kacak, terfisi geri d\u00f6nmesi gereken d\u00f6necek\u201d - Kuzeyin Sesi","robots":{"index":"index","follow":"follow","max-snippet":"max-snippet:-1","max-image-preview":"max-image-preview:large","max-video-preview":"max-video-preview:-1"},"canonical":"https:\/\/kuzeyinsesi.org\/index.php\/2024\/04\/30\/sahte-diploma-sorusturmasi-cavusoglu-ceza-almasi-gereken-alacak-isten-cikmasi-gereken-cikacak-terfisi-geri-donmesi-gereken-donecek\/","og_locale":"tr_TR","og_type":"article","og_title":"Sahte diploma soru\u015fturmas\u0131\u2026 \u00c7avu\u015fo\u011flu: \u201cCeza almas\u0131 gereken alacak, i\u015ften \u00e7\u0131kmas\u0131 gereken \u00e7\u0131kacak, terfisi geri d\u00f6nmesi gereken d\u00f6necek\u201d - Kuzeyin Sesi","og_description":"Cumhuriyet Meclisi Genel Kurulu\u2019nda milletvekilleri g\u00fcncel konu\u015fmalar yap\u0131yor. Muhalefet vekillerin ele\u015ftirilerine, h\u00fck\u00fcmet kanad\u0131 yan\u0131t verdi. Sahte diploma soru\u015fturmas\u0131 kapsam\u0131ndaki ele\u015ftirilere yan\u0131t veren Milli E\u011fitim Bakan\u0131 Naz\u0131m \u00c7avu\u015fo\u011flu, \u201cCeza almas\u0131 gereken alacak, i\u015ften \u00e7\u0131kmas\u0131 gereken varsa i\u015ften \u00e7\u0131kacak, terfisi geri d\u00f6nmesi gereken varsa d\u00f6necek\u201d dedi. Mesarya \u00dcniversitesi\u2019nin a\u00e7ma \u00f6n izni iptal yaz\u0131s\u0131n\u0131n g\u00f6nderildi\u011fini de a\u00e7\u0131klayan \u00c7avu\u015fo\u011flu, [&hellip;]","og_url":"https:\/\/kuzeyinsesi.org\/index.php\/2024\/04\/30\/sahte-diploma-sorusturmasi-cavusoglu-ceza-almasi-gereken-alacak-isten-cikmasi-gereken-cikacak-terfisi-geri-donmesi-gereken-donecek\/","og_site_name":"Kuzeyin Sesi","article_publisher":"https:\/\/www.facebook.com\/kuzeyinsesii","article_published_time":"2024-04-30T12:46:15+00:00","og_image":[{"width":1600,"height":1014,"url":"https:\/\/kuzeyinsesi.org\/wp-content\/uploads\/2024\/04\/nazim-cavusoglu-meclis.jpg","type":"image\/jpeg"}],"author":"Kuzeyin Sesi","twitter_card":"summary_large_image","twitter_creator":"@kuzeyinsesii","twitter_site":"@kuzeyinsesii","twitter_misc":{"Yazan:":"Kuzeyin Sesi","Tahmini okuma s\u00fcresi":"12 dakika"},"schema":{"@context":"https:\/\/schema.org","@graph":[{"@type":"Article","@id":"https:\/\/kuzeyinsesi.org\/index.php\/2024\/04\/30\/sahte-diploma-sorusturmasi-cavusoglu-ceza-almasi-gereken-alacak-isten-cikmasi-gereken-cikacak-terfisi-geri-donmesi-gereken-donecek\/#article","isPartOf":{"@id":"https:\/\/kuzeyinsesi.org\/index.php\/2024\/04\/30\/sahte-diploma-sorusturmasi-cavusoglu-ceza-almasi-gereken-alacak-isten-cikmasi-gereken-cikacak-terfisi-geri-donmesi-gereken-donecek\/"},"author":{"name":"Kuzeyin Sesi","@id":"https:\/\/kuzeyinsesi.org\/#\/schema\/person\/9f859689cdf01485597712386e37f5aa"},"headline":"Sahte diploma soru\u015fturmas\u0131\u2026 \u00c7avu\u015fo\u011flu: \u201cCeza almas\u0131 gereken alacak, i\u015ften \u00e7\u0131kmas\u0131 gereken \u00e7\u0131kacak, terfisi geri d\u00f6nmesi gereken d\u00f6necek\u201d","datePublished":"2024-04-30T12:46:15+00:00","mainEntityOfPage":{"@id":"https:\/\/kuzeyinsesi.org\/index.php\/2024\/04\/30\/sahte-diploma-sorusturmasi-cavusoglu-ceza-almasi-gereken-alacak-isten-cikmasi-gereken-cikacak-terfisi-geri-donmesi-gereken-donecek\/"},"wordCount":2443,"commentCount":0,"image":{"@id":"https:\/\/kuzeyinsesi.org\/index.php\/2024\/04\/30\/sahte-diploma-sorusturmasi-cavusoglu-ceza-almasi-gereken-alacak-isten-cikmasi-gereken-cikacak-terfisi-geri-donmesi-gereken-donecek\/#primaryimage"},"thumbnailUrl":"https:\/\/kuzeyinsesi.org\/wp-content\/uploads\/2024\/04\/nazim-cavusoglu-meclis.jpg","articleSection":["K\u0131br\u0131s"],"inLanguage":"tr","potentialAction":[{"@type":"CommentAction","name":"Comment","target":["https:\/\/kuzeyinsesi.org\/index.php\/2024\/04\/30\/sahte-diploma-sorusturmasi-cavusoglu-ceza-almasi-gereken-alacak-isten-cikmasi-gereken-cikacak-terfisi-geri-donmesi-gereken-donecek\/#respond"]}]},{"@type":"WebPage","@id":"https:\/\/kuzeyinsesi.org\/index.php\/2024\/04\/30\/sahte-diploma-sorusturmasi-cavusoglu-ceza-almasi-gereken-alacak-isten-cikmasi-gereken-cikacak-terfisi-geri-donmesi-gereken-donecek\/","url":"https:\/\/kuzeyinsesi.org\/index.php\/2024\/04\/30\/sahte-diploma-sorusturmasi-cavusoglu-ceza-almasi-gereken-alacak-isten-cikmasi-gereken-cikacak-terfisi-geri-donmesi-gereken-donecek\/","name":"Sahte diploma soru\u015fturmas\u0131\u2026 \u00c7avu\u015fo\u011flu: \u201cCeza almas\u0131 gereken alacak, i\u015ften \u00e7\u0131kmas\u0131 gereken \u00e7\u0131kacak, terfisi geri d\u00f6nmesi gereken d\u00f6necek\u201d - Kuzeyin Sesi","isPartOf":{"@id":"https:\/\/kuzeyinsesi.org\/#website"},"primaryImageOfPage":{"@id":"https:\/\/kuzeyinsesi.org\/index.php\/2024\/04\/30\/sahte-diploma-sorusturmasi-cavusoglu-ceza-almasi-gereken-alacak-isten-cikmasi-gereken-cikacak-terfisi-geri-donmesi-gereken-donecek\/#primaryimage"},"image":{"@id":"https:\/\/kuzeyinsesi.org\/index.php\/2024\/04\/30\/sahte-diploma-sorusturmasi-cavusoglu-ceza-almasi-gereken-alacak-isten-cikmasi-gereken-cikacak-terfisi-geri-donmesi-gereken-donecek\/#primaryimage"},"thumbnailUrl":"https:\/\/kuzeyinsesi.org\/wp-content\/uploads\/2024\/04\/nazim-cavusoglu-meclis.jpg","datePublished":"2024-04-30T12:46:15+00:00","author":{"@id":"https:\/\/kuzeyinsesi.org\/#\/schema\/person\/9f859689cdf01485597712386e37f5aa"},"breadcrumb":{"@id":"https:\/\/kuzeyinsesi.org\/index.php\/2024\/04\/30\/sahte-diploma-sorusturmasi-cavusoglu-ceza-almasi-gereken-alacak-isten-cikmasi-gereken-cikacak-terfisi-geri-donmesi-gereken-donecek\/#breadcrumb"},"inLanguage":"tr","potentialAction":[{"@type":"ReadAction","target":["https:\/\/kuzeyinsesi.org\/index.php\/2024\/04\/30\/sahte-diploma-sorusturmasi-cavusoglu-ceza-almasi-gereken-alacak-isten-cikmasi-gereken-cikacak-terfisi-geri-donmesi-gereken-donecek\/"]}]},{"@type":"ImageObject","inLanguage":"tr","@id":"https:\/\/kuzeyinsesi.org\/index.php\/2024\/04\/30\/sahte-diploma-sorusturmasi-cavusoglu-ceza-almasi-gereken-alacak-isten-cikmasi-gereken-cikacak-terfisi-geri-donmesi-gereken-donecek\/#primaryimage","url":"https:\/\/kuzeyinsesi.org\/wp-content\/uploads\/2024\/04\/nazim-cavusoglu-meclis.jpg","contentUrl":"https:\/\/kuzeyinsesi.org\/wp-content\/uploads\/2024\/04\/nazim-cavusoglu-meclis.jpg","width":1600,"height":1014},{"@type":"BreadcrumbList","@id":"https:\/\/kuzeyinsesi.org\/index.php\/2024\/04\/30\/sahte-diploma-sorusturmasi-cavusoglu-ceza-almasi-gereken-alacak-isten-cikmasi-gereken-cikacak-terfisi-geri-donmesi-gereken-donecek\/#breadcrumb","itemListElement":[{"@type":"ListItem","position":1,"name":"Anasayfa","item":"https:\/\/kuzeyinsesi.org\/"},{"@type":"ListItem","position":2,"name":"Sahte diploma soru\u015fturmas\u0131\u2026 \u00c7avu\u015fo\u011flu: \u201cCeza almas\u0131 gereken alacak, i\u015ften \u00e7\u0131kmas\u0131 gereken \u00e7\u0131kacak, terfisi geri d\u00f6nmesi gereken d\u00f6necek\u201d"}]},{"@type":"WebSite","@id":"https:\/\/kuzeyinsesi.org\/#website","url":"https:\/\/kuzeyinsesi.org\/","name":"Kuzeyin Sesi","description":"Do\u011fru Haberin Adresi","potentialAction":[{"@type":"SearchAction","target":{"@type":"EntryPoint","urlTemplate":"https:\/\/kuzeyinsesi.org\/?s={search_term_string}"},"query-input":{"@type":"PropertyValueSpecification","valueRequired":true,"valueName":"search_term_string"}}],"inLanguage":"tr"},{"@type":"Person","@id":"https:\/\/kuzeyinsesi.org\/#\/schema\/person\/9f859689cdf01485597712386e37f5aa","name":"Kuzeyin Sesi","image":{"@type":"ImageObject","inLanguage":"tr","@id":"https:\/\/secure.gravatar.com\/avatar\/bab33852abfd8b282518d6ed81826833d77c3c882d9ab608add591ccace47a44?s=96&d=mm&r=g","url":"https:\/\/secure.gravatar.com\/avatar\/bab33852abfd8b282518d6ed81826833d77c3c882d9ab608add591ccace47a44?s=96&d=mm&r=g","contentUrl":"https:\/\/secure.gravatar.com\/avatar\/bab33852abfd8b282518d6ed81826833d77c3c882d9ab608add591ccace47a44?s=96&d=mm&r=g","caption":"Kuzeyin Sesi"},"sameAs":["https:\/\/kuzeyinsesi.org"],"url":"https:\/\/kuzeyinsesi.org\/index.php\/author\/guven\/"}]}},"_links":{"self":[{"href":"https:\/\/kuzeyinsesi.org\/index.php\/wp-json\/wp\/v2\/posts\/1026","targetHints":{"allow":["GET"]}}],"collection":[{"href":"https:\/\/kuzeyinsesi.org\/index.php\/wp-json\/wp\/v2\/posts"}],"about":[{"href":"https:\/\/kuzeyinsesi.org\/index.php\/wp-json\/wp\/v2\/types\/post"}],"author":[{"embeddable":true,"href":"https:\/\/kuzeyinsesi.org\/index.php\/wp-json\/wp\/v2\/users\/1"}],"replies":[{"embeddable":true,"href":"https:\/\/kuzeyinsesi.org\/index.php\/wp-json\/wp\/v2\/comments?post=1026"}],"version-history":[{"count":0,"href":"https:\/\/kuzeyinsesi.org\/index.php\/wp-json\/wp\/v2\/posts\/1026\/revisions"}],"wp:featuredmedia":[{"embeddable":true,"href":"https:\/\/kuzeyinsesi.org\/index.php\/wp-json\/wp\/v2\/media\/1027"}],"wp:attachment":[{"href":"https:\/\/kuzeyinsesi.org\/index.php\/wp-json\/wp\/v2\/media?parent=1026"}],"wp:term":[{"taxonomy":"category","embeddable":true,"href":"https:\/\/kuzeyinsesi.org\/index.php\/wp-json\/wp\/v2\/categories?post=1026"},{"taxonomy":"post_tag","embeddable":true,"href":"https:\/\/kuzeyinsesi.org\/index.php\/wp-json\/wp\/v2\/tags?post=1026"}],"curies":[{"name":"wp","href":"https:\/\/api.w.org\/{rel}","templated":true}]}}