{"id":10258,"date":"2024-09-23T07:37:44","date_gmt":"2024-09-23T04:37:44","guid":{"rendered":"https:\/\/kuzeyinsesi.org\/index.php\/2024\/09\/23\/erdogan-israil-bolge-barisini-tehdit-ediyor\/"},"modified":"2024-09-23T07:37:44","modified_gmt":"2024-09-23T04:37:44","slug":"erdogan-israil-bolge-barisini-tehdit-ediyor","status":"publish","type":"post","link":"https:\/\/kuzeyinsesi.org\/index.php\/2024\/09\/23\/erdogan-israil-bolge-barisini-tehdit-ediyor\/","title":{"rendered":"Erdo\u011fan: \u0130srail, b\u00f6lge bar\u0131\u015f\u0131n\u0131 tehdit ediyor"},"content":{"rendered":"<div>\n<div class=\"mariselle-image-container center\">\n                                            <\/div>\n<p>TC Cumhurba\u015fkan\u0131 Recep Tayyip Erdo\u011fan, \u201cL\u00fcbnan\u2019a kar\u015f\u0131 ger\u00e7ekle\u015ftiren son sald\u0131r\u0131lar ve \u0130srail taraf\u0131ndan yap\u0131lan son a\u00e7\u0131klamalar, sava\u015f\u0131 b\u00f6lgeye yayma \u00e7abalar\u0131n\u0131n a\u00e7\u0131k tezah\u00fcr\u00fcd\u00fcr\u201d dedi.<\/p>\n<p> Erdo\u011fan, T\u00fcrk-Amerikan Ulusal Y\u00f6nlendirme Komitesi Yeme\u011fi\u2019nde konu\u015ftu.<\/p>\n<p>Erdo\u011fan\u2019\u0131n konu\u015fmas\u0131ndan \u00f6ne \u00e7\u0131kan ba\u015fl\u0131klar \u015f\u00f6yle:<\/p>\n<p>\u0130\u015f insanlar\u0131m\u0131z ve giri\u015fimcilerimizi y\u00fcrekten kutluyorum. Biz entegrasyona sonuna kadar var\u0131z, asimilasyona ise ayn\u0131 derecede kar\u015f\u0131y\u0131z.<\/p>\n<p><strong>\u201cTer\u00f6rle m\u00fccadelemizi s\u00fcrd\u00fcr\u00fcyoruz\u201d<\/strong><\/p>\n<p>T\u00fcrkiye, ter\u00f6r belas\u0131yla hem sahada hem masada en b\u00fcy\u00fck m\u00fccadeleyi veren \u00fclkelerin ba\u015f\u0131nda geliyor. Amerika\u2019daki T\u00fcrk toplumunun FET\u00d6 ve PKK ile m\u00fccadeleye deste\u011fi \u00e7ok \u00f6nemli. Ter\u00f6r \u00f6rg\u00fct\u00fc mensuplar\u0131, sadece \u00fclkemizin menfaatlerini de\u011fil, yurt d\u0131\u015f\u0131ndaki vatanda\u015flar\u0131m\u0131z\u0131n ticari te\u015febb\u00fcslerini ve sivil toplum kurulu\u015flar\u0131n\u0131 da do\u011frudan ya da dolayl\u0131 \u015fekilde hedef al\u0131yor. Amerikal\u0131 karar al\u0131c\u0131lar\u0131 ve ticari \u00e7evreleri yalana bo\u011farak menfaat sa\u011flamaya \u00e7al\u0131\u015fan \u00f6rg\u00fct \u00fcyeleri T\u00fcrk toplumu i\u00e7erisinde de b\u00f6l\u00fcnme ve ayr\u0131\u015fmalar\u0131 k\u00f6r\u00fcklemeye \u00e7al\u0131\u015f\u0131yor. T\u00fcrkiye kar\u015f\u0131t\u0131 her operasyona g\u00f6n\u00fcll\u00fc fig\u00fcranl\u0131k yapan \u00f6rg\u00fct mensuplar\u0131na kar\u015f\u0131 sizlerden teyakkuz halinde olman\u0131z\u0131 bekliyorum. Milletin iradesine darbe yapmaya kalkan, ellerinde vatanda\u015flar\u0131m\u0131z\u0131n kan\u0131 olan, demokrasimize, huzurumuza, birlik ve beraberli\u011fimize kasteden, tek gayesi T\u00fcrkiye\u2019ye ve T\u00fcrk milletine zarar vermek olan bu hainlerle m\u00fccadelemizi hukuk zemininde sonuna kadar s\u00fcrd\u00fcrece\u011fiz.<\/p>\n<p><strong>\u201c\u0130slam d\u00fc\u015fmanl\u0131\u011f\u0131 b\u00fcy\u00fck bir salg\u0131na d\u00f6n\u00fc\u015ft\u00fc\u201d<\/strong><br \/>Burada \u015fu hususa \u00f6zellikle  dikkat \u00e7ekmek istiyorum. Son y\u0131llarda Bat\u0131\u2019l\u0131 \u00fclkelerde, bilhassa Avrupa\u2019da \u0130slam ve yabanc\u0131 d\u00fc\u015fmanl\u0131\u011f\u0131, vatanda\u015flar\u0131m\u0131z\u0131n da huzurunu tehdit eden b\u00fcy\u00fck bir salg\u0131na d\u00f6n\u00fc\u015ft\u00fc. Hemen her g\u00fcn mescidlerimize, camilerimize, M\u00fcsl\u00fcmanlara ait i\u015f yerlerine bir kundaklama olay\u0131 ger\u00e7ekle\u015fiyor. A\u015f\u0131r\u0131 sa\u011fc\u0131 ak\u0131mlar\u0131n hedefinde de g\u00f6\u00e7menler ve M\u00fcsl\u00fcmanlar var. Sosyal medya ve kimi siyaset\u00e7iler ise \u0131rk\u00e7\u0131 nefretin yay\u0131lmas\u0131n\u0131 adeta te\u015fvik etmekte,  yang\u0131na k\u00f6r\u00fckle gitmektedir. T\u00fcrkiye olarak vatanda\u015flar\u0131m\u0131z\u0131n ya\u015fad\u0131\u011f\u0131 \u00fclkelerdeki a\u015f\u0131r\u0131 sa\u011fc\u0131 ak\u0131mlar\u0131 ve nefret s\u00f6ylemlerini yak\u0131ndan takip ediyoruz. Irk\u00e7\u0131l\u0131\u011f\u0131n oldu\u011fu gibi \u0130slam d\u00fc\u015fmanl\u0131\u011f\u0131n\u0131n da bir su\u00e7 olarak tasnif edilmesi ve yasal yapt\u0131r\u0131ma tabi tutulmas\u0131 gerekti\u011fini savunuyoruz. M\u00fcsl\u00fcman d\u00fc\u015fmanl\u0131\u011f\u0131na kar\u015f\u0131 m\u00fccadeleye \u00f6nc\u00fcl\u00fck etmeyi s\u00fcrd\u00fcrece\u011fiz.<\/p>\n<p><strong>\u201cK\u00fcresel sistem t\u00fcm inand\u0131r\u0131c\u0131l\u0131\u011f\u0131n\u0131 kaybetmeye ba\u015flad\u0131\u201d<\/strong><br \/>K\u00fcresel sistem, art\u0131k t\u00fcm etkinli\u011fini, t\u00fcm inand\u0131r\u0131c\u0131l\u0131\u011f\u0131n\u0131 kaybetmeye ba\u015flad\u0131. G\u00f6revi bar\u0131\u015f ve g\u00fcvenli\u011fi sa\u011flamak olan kurumlar, \u00e7ok a\u00e7\u0131k bir ahlaki \u00e7\u00f6k\u00fc\u015f i\u00e7erisindedir. Gazze\u2019de 352 g\u00fcnd\u00fcr devam eden katliam bunu bir kez daha g\u00f6stermi\u015ftir. Gazze\u2019de son derece vah\u015fi bir soyk\u0131r\u0131m ya\u015fan\u0131yor. K\u00fcresel kurum ve kurulu\u015flar, Gazze\u2019deki zulm\u00fc durduracak, \u0130srail\u2019in katliam\u0131n\u0131 engelleyecek hi\u00e7bir etkili ad\u0131m atmad\u0131. <\/p>\n<p>Mescid-i Aksa\u2019n\u0131n kutsiyetine y\u00f6nelik hi\u00e7bir sald\u0131r\u0131ya sessiz kalmad\u0131k, kalmayaca\u011f\u0131z. Liderlerle ger\u00e7ekle\u015ftirece\u011fim temaslarda kal\u0131c\u0131 ate\u015fkesin tesisi i\u00e7in siyonist \u0130srail\u2019e her mecrada bask\u0131y\u0131 art\u0131rmam\u0131z gerekti\u011fine dikkat \u00e7ekece\u011fim. Rabbim Filistinli mazlumlar\u0131n sesi olan herkesten raz\u0131 olsun diyorum. <\/p>\n<p><strong>\u201c\u0130srail, sava\u015f\u0131 b\u00f6lgeye yaymaya \u00e7al\u0131\u015f\u0131yor\u201d<\/strong><br \/>\u0130srail\u2019in Gazze ba\u015fta olmak \u00fczere, Filistin topraklar\u0131nda yapt\u0131\u011f\u0131 soyk\u0131r\u0131m, b\u00f6lge bar\u0131\u015f\u0131n\u0131 tehdit etmektedir. L\u00fcbnan\u2019a kar\u015f\u0131 ger\u00e7ekle\u015ftiren son sald\u0131r\u0131lar ve \u0130srail taraf\u0131ndan yap\u0131lan son a\u00e7\u0131klamalar, sava\u015f\u0131 b\u00f6lgeye yayma \u00e7abalar\u0131n\u0131n a\u00e7\u0131k tezah\u00fcr\u00fcd\u00fcr.<\/p>\n<p>T\u00fcrkiye olarak bu i\u015fgal, istila ve katliam politikas\u0131n\u0131n bir an \u00f6nce durmas\u0131 i\u00e7in elimizden geleni yap\u0131yoruz ve yapmaya devam edece\u011fiz. <\/p>\n<p><strong>\u201cBa\u015fkan kim olursa olsun Amerika\u2019ya bak\u0131\u015f\u0131m\u0131z ve diyalo\u011fumuz de\u011fi\u015fmeyecek\u201d<\/strong><br \/>T\u00fcrkiye-Amerika ili\u015fkilerinde son d\u00f6nemde ya\u015fanan olumlu havadan memnuniyet duyuyoruz. Ge\u00e7ti\u011fimiz y\u0131l ticaret hacmimiz 30 milyar dolar\u0131 ge\u00e7se de biz bu rakam\u0131 100 milyar dolar seviyesine \u00e7\u0131karabilece\u011fimiz kanaatindeyiz.<\/p>\n<p>Milli g\u00fcvenli\u011fimizi ilgilendiren baz\u0131 konularda Amerikan y\u00f6netimiyle g\u00f6r\u00fc\u015f ayr\u0131l\u0131klar\u0131m\u0131z halen devam ediyor. Se\u00e7imler sonucunda ba\u015fkan kim olursa olsun Amerika\u2019ya bak\u0131\u015f\u0131m\u0131z ve ili\u015fkilerimizdeki \u00fcst d\u00fczeyli diyalo\u011fumuz de\u011fi\u015fmeyecektir.<\/p>\n<\/p><\/div>\n<p><script async\n                    defer\n                    crossorigin=\"anonymous\"\n                    src=\"https:\/\/connect.facebook.net\/tr_TR\/sdk.js#xfbml=1&#038;version=v3.3\"\n            ><\/script><\/p>\n","protected":false},"excerpt":{"rendered":"<p>TC Cumhurba\u015fkan\u0131 Recep Tayyip Erdo\u011fan, \u201cL\u00fcbnan\u2019a kar\u015f\u0131 ger\u00e7ekle\u015ftiren son sald\u0131r\u0131lar ve \u0130srail taraf\u0131ndan yap\u0131lan son a\u00e7\u0131klamalar, sava\u015f\u0131 b\u00f6lgeye yayma \u00e7abalar\u0131n\u0131n a\u00e7\u0131k tezah\u00fcr\u00fcd\u00fcr\u201d dedi. Erdo\u011fan, T\u00fcrk-Amerikan Ulusal Y\u00f6nlendirme Komitesi Yeme\u011fi\u2019nde konu\u015ftu. Erdo\u011fan\u2019\u0131n konu\u015fmas\u0131ndan \u00f6ne \u00e7\u0131kan ba\u015fl\u0131klar \u015f\u00f6yle: \u0130\u015f insanlar\u0131m\u0131z ve giri\u015fimcilerimizi y\u00fcrekten kutluyorum. Biz entegrasyona sonuna kadar var\u0131z, asimilasyona ise ayn\u0131 derecede kar\u015f\u0131y\u0131z. \u201cTer\u00f6rle m\u00fccadelemizi s\u00fcrd\u00fcr\u00fcyoruz\u201d [&hellip;]<\/p>\n","protected":false},"author":1,"featured_media":10259,"comment_status":"open","ping_status":"open","sticky":false,"template":"","format":"standard","meta":{"jnews-multi-image_gallery":[],"jnews_single_post":[],"jnews_primary_category":[],"jnews_social_meta":[],"jnews_override_counter":[],"footnotes":""},"categories":[5],"tags":[],"class_list":["post-10258","post","type-post","status-publish","format-standard","has-post-thumbnail","hentry","category-turkiye"],"yoast_head":"<!-- This site is optimized with the Yoast SEO plugin v27.4 - https:\/\/yoast.com\/product\/yoast-seo-wordpress\/ -->\n<title>Erdo\u011fan: \u0130srail, b\u00f6lge bar\u0131\u015f\u0131n\u0131 tehdit ediyor - Kuzeyin Sesi<\/title>\n<meta name=\"robots\" content=\"index, follow, max-snippet:-1, max-image-preview:large, max-video-preview:-1\" \/>\n<link rel=\"canonical\" href=\"https:\/\/kuzeyinsesi.org\/index.php\/2024\/09\/23\/erdogan-israil-bolge-barisini-tehdit-ediyor\/\" \/>\n<meta property=\"og:locale\" content=\"tr_TR\" \/>\n<meta property=\"og:type\" content=\"article\" \/>\n<meta property=\"og:title\" content=\"Erdo\u011fan: \u0130srail, b\u00f6lge bar\u0131\u015f\u0131n\u0131 tehdit ediyor - Kuzeyin Sesi\" \/>\n<meta property=\"og:description\" content=\"TC Cumhurba\u015fkan\u0131 Recep Tayyip Erdo\u011fan, \u201cL\u00fcbnan\u2019a kar\u015f\u0131 ger\u00e7ekle\u015ftiren son sald\u0131r\u0131lar ve \u0130srail taraf\u0131ndan yap\u0131lan son a\u00e7\u0131klamalar, sava\u015f\u0131 b\u00f6lgeye yayma \u00e7abalar\u0131n\u0131n a\u00e7\u0131k tezah\u00fcr\u00fcd\u00fcr\u201d dedi. Erdo\u011fan, T\u00fcrk-Amerikan Ulusal Y\u00f6nlendirme Komitesi Yeme\u011fi\u2019nde konu\u015ftu. Erdo\u011fan\u2019\u0131n konu\u015fmas\u0131ndan \u00f6ne \u00e7\u0131kan ba\u015fl\u0131klar \u015f\u00f6yle: \u0130\u015f insanlar\u0131m\u0131z ve giri\u015fimcilerimizi y\u00fcrekten kutluyorum. Biz entegrasyona sonuna kadar var\u0131z, asimilasyona ise ayn\u0131 derecede kar\u015f\u0131y\u0131z. \u201cTer\u00f6rle m\u00fccadelemizi s\u00fcrd\u00fcr\u00fcyoruz\u201d [&hellip;]\" \/>\n<meta property=\"og:url\" content=\"https:\/\/kuzeyinsesi.org\/index.php\/2024\/09\/23\/erdogan-israil-bolge-barisini-tehdit-ediyor\/\" \/>\n<meta property=\"og:site_name\" content=\"Kuzeyin Sesi\" \/>\n<meta property=\"article:publisher\" content=\"https:\/\/www.facebook.com\/kuzeyinsesii\" \/>\n<meta property=\"article:published_time\" content=\"2024-09-23T04:37:44+00:00\" \/>\n<meta property=\"og:image\" content=\"https:\/\/brtk.net\/wp-content\/uploads\/2024\/09\/23\/qorfkpfka.jpg?ver=c3bca0689dc92de291b23fe6f25e12e4\" \/>\n<meta name=\"author\" content=\"Kuzeyin Sesi\" \/>\n<meta name=\"twitter:card\" content=\"summary_large_image\" \/>\n<meta name=\"twitter:creator\" content=\"@kuzeyinsesii\" \/>\n<meta name=\"twitter:site\" content=\"@kuzeyinsesii\" \/>\n<meta name=\"twitter:label1\" content=\"Yazan:\" \/>\n\t<meta name=\"twitter:data1\" content=\"Kuzeyin Sesi\" \/>\n\t<meta name=\"twitter:label2\" content=\"Tahmini okuma s\u00fcresi\" \/>\n\t<meta name=\"twitter:data2\" content=\"4 dakika\" \/>\n<script type=\"application\/ld+json\" class=\"yoast-schema-graph\">{\"@context\":\"https:\\\/\\\/schema.org\",\"@graph\":[{\"@type\":\"Article\",\"@id\":\"https:\\\/\\\/kuzeyinsesi.org\\\/index.php\\\/2024\\\/09\\\/23\\\/erdogan-israil-bolge-barisini-tehdit-ediyor\\\/#article\",\"isPartOf\":{\"@id\":\"https:\\\/\\\/kuzeyinsesi.org\\\/index.php\\\/2024\\\/09\\\/23\\\/erdogan-israil-bolge-barisini-tehdit-ediyor\\\/\"},\"author\":{\"name\":\"Kuzeyin Sesi\",\"@id\":\"https:\\\/\\\/kuzeyinsesi.org\\\/#\\\/schema\\\/person\\\/9f859689cdf01485597712386e37f5aa\"},\"headline\":\"Erdo\u011fan: \u0130srail, b\u00f6lge bar\u0131\u015f\u0131n\u0131 tehdit ediyor\",\"datePublished\":\"2024-09-23T04:37:44+00:00\",\"mainEntityOfPage\":{\"@id\":\"https:\\\/\\\/kuzeyinsesi.org\\\/index.php\\\/2024\\\/09\\\/23\\\/erdogan-israil-bolge-barisini-tehdit-ediyor\\\/\"},\"wordCount\":795,\"commentCount\":0,\"image\":{\"@id\":\"https:\\\/\\\/kuzeyinsesi.org\\\/index.php\\\/2024\\\/09\\\/23\\\/erdogan-israil-bolge-barisini-tehdit-ediyor\\\/#primaryimage\"},\"thumbnailUrl\":\"https:\\\/\\\/kuzeyinsesi.org\\\/wp-content\\\/uploads\\\/2024\\\/09\\\/qorfkpfka.jpg\",\"articleSection\":[\"T\u00fcrkiye\"],\"inLanguage\":\"tr\",\"potentialAction\":[{\"@type\":\"CommentAction\",\"name\":\"Comment\",\"target\":[\"https:\\\/\\\/kuzeyinsesi.org\\\/index.php\\\/2024\\\/09\\\/23\\\/erdogan-israil-bolge-barisini-tehdit-ediyor\\\/#respond\"]}]},{\"@type\":\"WebPage\",\"@id\":\"https:\\\/\\\/kuzeyinsesi.org\\\/index.php\\\/2024\\\/09\\\/23\\\/erdogan-israil-bolge-barisini-tehdit-ediyor\\\/\",\"url\":\"https:\\\/\\\/kuzeyinsesi.org\\\/index.php\\\/2024\\\/09\\\/23\\\/erdogan-israil-bolge-barisini-tehdit-ediyor\\\/\",\"name\":\"Erdo\u011fan: \u0130srail, b\u00f6lge bar\u0131\u015f\u0131n\u0131 tehdit ediyor - Kuzeyin Sesi\",\"isPartOf\":{\"@id\":\"https:\\\/\\\/kuzeyinsesi.org\\\/#website\"},\"primaryImageOfPage\":{\"@id\":\"https:\\\/\\\/kuzeyinsesi.org\\\/index.php\\\/2024\\\/09\\\/23\\\/erdogan-israil-bolge-barisini-tehdit-ediyor\\\/#primaryimage\"},\"image\":{\"@id\":\"https:\\\/\\\/kuzeyinsesi.org\\\/index.php\\\/2024\\\/09\\\/23\\\/erdogan-israil-bolge-barisini-tehdit-ediyor\\\/#primaryimage\"},\"thumbnailUrl\":\"https:\\\/\\\/kuzeyinsesi.org\\\/wp-content\\\/uploads\\\/2024\\\/09\\\/qorfkpfka.jpg\",\"datePublished\":\"2024-09-23T04:37:44+00:00\",\"author\":{\"@id\":\"https:\\\/\\\/kuzeyinsesi.org\\\/#\\\/schema\\\/person\\\/9f859689cdf01485597712386e37f5aa\"},\"breadcrumb\":{\"@id\":\"https:\\\/\\\/kuzeyinsesi.org\\\/index.php\\\/2024\\\/09\\\/23\\\/erdogan-israil-bolge-barisini-tehdit-ediyor\\\/#breadcrumb\"},\"inLanguage\":\"tr\",\"potentialAction\":[{\"@type\":\"ReadAction\",\"target\":[\"https:\\\/\\\/kuzeyinsesi.org\\\/index.php\\\/2024\\\/09\\\/23\\\/erdogan-israil-bolge-barisini-tehdit-ediyor\\\/\"]}]},{\"@type\":\"ImageObject\",\"inLanguage\":\"tr\",\"@id\":\"https:\\\/\\\/kuzeyinsesi.org\\\/index.php\\\/2024\\\/09\\\/23\\\/erdogan-israil-bolge-barisini-tehdit-ediyor\\\/#primaryimage\",\"url\":\"https:\\\/\\\/kuzeyinsesi.org\\\/wp-content\\\/uploads\\\/2024\\\/09\\\/qorfkpfka.jpg\",\"contentUrl\":\"https:\\\/\\\/kuzeyinsesi.org\\\/wp-content\\\/uploads\\\/2024\\\/09\\\/qorfkpfka.jpg\",\"width\":1280,\"height\":720},{\"@type\":\"BreadcrumbList\",\"@id\":\"https:\\\/\\\/kuzeyinsesi.org\\\/index.php\\\/2024\\\/09\\\/23\\\/erdogan-israil-bolge-barisini-tehdit-ediyor\\\/#breadcrumb\",\"itemListElement\":[{\"@type\":\"ListItem\",\"position\":1,\"name\":\"Anasayfa\",\"item\":\"https:\\\/\\\/kuzeyinsesi.org\\\/\"},{\"@type\":\"ListItem\",\"position\":2,\"name\":\"Erdo\u011fan: \u0130srail, b\u00f6lge bar\u0131\u015f\u0131n\u0131 tehdit ediyor\"}]},{\"@type\":\"WebSite\",\"@id\":\"https:\\\/\\\/kuzeyinsesi.org\\\/#website\",\"url\":\"https:\\\/\\\/kuzeyinsesi.org\\\/\",\"name\":\"Kuzeyin Sesi\",\"description\":\"Do\u011fru Haberin Adresi\",\"potentialAction\":[{\"@type\":\"SearchAction\",\"target\":{\"@type\":\"EntryPoint\",\"urlTemplate\":\"https:\\\/\\\/kuzeyinsesi.org\\\/?s={search_term_string}\"},\"query-input\":{\"@type\":\"PropertyValueSpecification\",\"valueRequired\":true,\"valueName\":\"search_term_string\"}}],\"inLanguage\":\"tr\"},{\"@type\":\"Person\",\"@id\":\"https:\\\/\\\/kuzeyinsesi.org\\\/#\\\/schema\\\/person\\\/9f859689cdf01485597712386e37f5aa\",\"name\":\"Kuzeyin Sesi\",\"image\":{\"@type\":\"ImageObject\",\"inLanguage\":\"tr\",\"@id\":\"https:\\\/\\\/secure.gravatar.com\\\/avatar\\\/bab33852abfd8b282518d6ed81826833d77c3c882d9ab608add591ccace47a44?s=96&d=mm&r=g\",\"url\":\"https:\\\/\\\/secure.gravatar.com\\\/avatar\\\/bab33852abfd8b282518d6ed81826833d77c3c882d9ab608add591ccace47a44?s=96&d=mm&r=g\",\"contentUrl\":\"https:\\\/\\\/secure.gravatar.com\\\/avatar\\\/bab33852abfd8b282518d6ed81826833d77c3c882d9ab608add591ccace47a44?s=96&d=mm&r=g\",\"caption\":\"Kuzeyin Sesi\"},\"sameAs\":[\"https:\\\/\\\/kuzeyinsesi.org\"],\"url\":\"https:\\\/\\\/kuzeyinsesi.org\\\/index.php\\\/author\\\/guven\\\/\"}]}<\/script>\n<!-- \/ Yoast SEO plugin. -->","yoast_head_json":{"title":"Erdo\u011fan: \u0130srail, b\u00f6lge bar\u0131\u015f\u0131n\u0131 tehdit ediyor - Kuzeyin Sesi","robots":{"index":"index","follow":"follow","max-snippet":"max-snippet:-1","max-image-preview":"max-image-preview:large","max-video-preview":"max-video-preview:-1"},"canonical":"https:\/\/kuzeyinsesi.org\/index.php\/2024\/09\/23\/erdogan-israil-bolge-barisini-tehdit-ediyor\/","og_locale":"tr_TR","og_type":"article","og_title":"Erdo\u011fan: \u0130srail, b\u00f6lge bar\u0131\u015f\u0131n\u0131 tehdit ediyor - Kuzeyin Sesi","og_description":"TC Cumhurba\u015fkan\u0131 Recep Tayyip Erdo\u011fan, \u201cL\u00fcbnan\u2019a kar\u015f\u0131 ger\u00e7ekle\u015ftiren son sald\u0131r\u0131lar ve \u0130srail taraf\u0131ndan yap\u0131lan son a\u00e7\u0131klamalar, sava\u015f\u0131 b\u00f6lgeye yayma \u00e7abalar\u0131n\u0131n a\u00e7\u0131k tezah\u00fcr\u00fcd\u00fcr\u201d dedi. Erdo\u011fan, T\u00fcrk-Amerikan Ulusal Y\u00f6nlendirme Komitesi Yeme\u011fi\u2019nde konu\u015ftu. Erdo\u011fan\u2019\u0131n konu\u015fmas\u0131ndan \u00f6ne \u00e7\u0131kan ba\u015fl\u0131klar \u015f\u00f6yle: \u0130\u015f insanlar\u0131m\u0131z ve giri\u015fimcilerimizi y\u00fcrekten kutluyorum. Biz entegrasyona sonuna kadar var\u0131z, asimilasyona ise ayn\u0131 derecede kar\u015f\u0131y\u0131z. \u201cTer\u00f6rle m\u00fccadelemizi s\u00fcrd\u00fcr\u00fcyoruz\u201d [&hellip;]","og_url":"https:\/\/kuzeyinsesi.org\/index.php\/2024\/09\/23\/erdogan-israil-bolge-barisini-tehdit-ediyor\/","og_site_name":"Kuzeyin Sesi","article_publisher":"https:\/\/www.facebook.com\/kuzeyinsesii","article_published_time":"2024-09-23T04:37:44+00:00","og_image":[{"url":"https:\/\/brtk.net\/wp-content\/uploads\/2024\/09\/23\/qorfkpfka.jpg?ver=c3bca0689dc92de291b23fe6f25e12e4","type":"","width":"","height":""}],"author":"Kuzeyin Sesi","twitter_card":"summary_large_image","twitter_creator":"@kuzeyinsesii","twitter_site":"@kuzeyinsesii","twitter_misc":{"Yazan:":"Kuzeyin Sesi","Tahmini okuma s\u00fcresi":"4 dakika"},"schema":{"@context":"https:\/\/schema.org","@graph":[{"@type":"Article","@id":"https:\/\/kuzeyinsesi.org\/index.php\/2024\/09\/23\/erdogan-israil-bolge-barisini-tehdit-ediyor\/#article","isPartOf":{"@id":"https:\/\/kuzeyinsesi.org\/index.php\/2024\/09\/23\/erdogan-israil-bolge-barisini-tehdit-ediyor\/"},"author":{"name":"Kuzeyin Sesi","@id":"https:\/\/kuzeyinsesi.org\/#\/schema\/person\/9f859689cdf01485597712386e37f5aa"},"headline":"Erdo\u011fan: \u0130srail, b\u00f6lge bar\u0131\u015f\u0131n\u0131 tehdit ediyor","datePublished":"2024-09-23T04:37:44+00:00","mainEntityOfPage":{"@id":"https:\/\/kuzeyinsesi.org\/index.php\/2024\/09\/23\/erdogan-israil-bolge-barisini-tehdit-ediyor\/"},"wordCount":795,"commentCount":0,"image":{"@id":"https:\/\/kuzeyinsesi.org\/index.php\/2024\/09\/23\/erdogan-israil-bolge-barisini-tehdit-ediyor\/#primaryimage"},"thumbnailUrl":"https:\/\/kuzeyinsesi.org\/wp-content\/uploads\/2024\/09\/qorfkpfka.jpg","articleSection":["T\u00fcrkiye"],"inLanguage":"tr","potentialAction":[{"@type":"CommentAction","name":"Comment","target":["https:\/\/kuzeyinsesi.org\/index.php\/2024\/09\/23\/erdogan-israil-bolge-barisini-tehdit-ediyor\/#respond"]}]},{"@type":"WebPage","@id":"https:\/\/kuzeyinsesi.org\/index.php\/2024\/09\/23\/erdogan-israil-bolge-barisini-tehdit-ediyor\/","url":"https:\/\/kuzeyinsesi.org\/index.php\/2024\/09\/23\/erdogan-israil-bolge-barisini-tehdit-ediyor\/","name":"Erdo\u011fan: \u0130srail, b\u00f6lge bar\u0131\u015f\u0131n\u0131 tehdit ediyor - Kuzeyin Sesi","isPartOf":{"@id":"https:\/\/kuzeyinsesi.org\/#website"},"primaryImageOfPage":{"@id":"https:\/\/kuzeyinsesi.org\/index.php\/2024\/09\/23\/erdogan-israil-bolge-barisini-tehdit-ediyor\/#primaryimage"},"image":{"@id":"https:\/\/kuzeyinsesi.org\/index.php\/2024\/09\/23\/erdogan-israil-bolge-barisini-tehdit-ediyor\/#primaryimage"},"thumbnailUrl":"https:\/\/kuzeyinsesi.org\/wp-content\/uploads\/2024\/09\/qorfkpfka.jpg","datePublished":"2024-09-23T04:37:44+00:00","author":{"@id":"https:\/\/kuzeyinsesi.org\/#\/schema\/person\/9f859689cdf01485597712386e37f5aa"},"breadcrumb":{"@id":"https:\/\/kuzeyinsesi.org\/index.php\/2024\/09\/23\/erdogan-israil-bolge-barisini-tehdit-ediyor\/#breadcrumb"},"inLanguage":"tr","potentialAction":[{"@type":"ReadAction","target":["https:\/\/kuzeyinsesi.org\/index.php\/2024\/09\/23\/erdogan-israil-bolge-barisini-tehdit-ediyor\/"]}]},{"@type":"ImageObject","inLanguage":"tr","@id":"https:\/\/kuzeyinsesi.org\/index.php\/2024\/09\/23\/erdogan-israil-bolge-barisini-tehdit-ediyor\/#primaryimage","url":"https:\/\/kuzeyinsesi.org\/wp-content\/uploads\/2024\/09\/qorfkpfka.jpg","contentUrl":"https:\/\/kuzeyinsesi.org\/wp-content\/uploads\/2024\/09\/qorfkpfka.jpg","width":1280,"height":720},{"@type":"BreadcrumbList","@id":"https:\/\/kuzeyinsesi.org\/index.php\/2024\/09\/23\/erdogan-israil-bolge-barisini-tehdit-ediyor\/#breadcrumb","itemListElement":[{"@type":"ListItem","position":1,"name":"Anasayfa","item":"https:\/\/kuzeyinsesi.org\/"},{"@type":"ListItem","position":2,"name":"Erdo\u011fan: \u0130srail, b\u00f6lge bar\u0131\u015f\u0131n\u0131 tehdit ediyor"}]},{"@type":"WebSite","@id":"https:\/\/kuzeyinsesi.org\/#website","url":"https:\/\/kuzeyinsesi.org\/","name":"Kuzeyin Sesi","description":"Do\u011fru Haberin Adresi","potentialAction":[{"@type":"SearchAction","target":{"@type":"EntryPoint","urlTemplate":"https:\/\/kuzeyinsesi.org\/?s={search_term_string}"},"query-input":{"@type":"PropertyValueSpecification","valueRequired":true,"valueName":"search_term_string"}}],"inLanguage":"tr"},{"@type":"Person","@id":"https:\/\/kuzeyinsesi.org\/#\/schema\/person\/9f859689cdf01485597712386e37f5aa","name":"Kuzeyin Sesi","image":{"@type":"ImageObject","inLanguage":"tr","@id":"https:\/\/secure.gravatar.com\/avatar\/bab33852abfd8b282518d6ed81826833d77c3c882d9ab608add591ccace47a44?s=96&d=mm&r=g","url":"https:\/\/secure.gravatar.com\/avatar\/bab33852abfd8b282518d6ed81826833d77c3c882d9ab608add591ccace47a44?s=96&d=mm&r=g","contentUrl":"https:\/\/secure.gravatar.com\/avatar\/bab33852abfd8b282518d6ed81826833d77c3c882d9ab608add591ccace47a44?s=96&d=mm&r=g","caption":"Kuzeyin Sesi"},"sameAs":["https:\/\/kuzeyinsesi.org"],"url":"https:\/\/kuzeyinsesi.org\/index.php\/author\/guven\/"}]}},"_links":{"self":[{"href":"https:\/\/kuzeyinsesi.org\/index.php\/wp-json\/wp\/v2\/posts\/10258","targetHints":{"allow":["GET"]}}],"collection":[{"href":"https:\/\/kuzeyinsesi.org\/index.php\/wp-json\/wp\/v2\/posts"}],"about":[{"href":"https:\/\/kuzeyinsesi.org\/index.php\/wp-json\/wp\/v2\/types\/post"}],"author":[{"embeddable":true,"href":"https:\/\/kuzeyinsesi.org\/index.php\/wp-json\/wp\/v2\/users\/1"}],"replies":[{"embeddable":true,"href":"https:\/\/kuzeyinsesi.org\/index.php\/wp-json\/wp\/v2\/comments?post=10258"}],"version-history":[{"count":0,"href":"https:\/\/kuzeyinsesi.org\/index.php\/wp-json\/wp\/v2\/posts\/10258\/revisions"}],"wp:featuredmedia":[{"embeddable":true,"href":"https:\/\/kuzeyinsesi.org\/index.php\/wp-json\/wp\/v2\/media\/10259"}],"wp:attachment":[{"href":"https:\/\/kuzeyinsesi.org\/index.php\/wp-json\/wp\/v2\/media?parent=10258"}],"wp:term":[{"taxonomy":"category","embeddable":true,"href":"https:\/\/kuzeyinsesi.org\/index.php\/wp-json\/wp\/v2\/categories?post=10258"},{"taxonomy":"post_tag","embeddable":true,"href":"https:\/\/kuzeyinsesi.org\/index.php\/wp-json\/wp\/v2\/tags?post=10258"}],"curies":[{"name":"wp","href":"https:\/\/api.w.org\/{rel}","templated":true}]}}