{"id":10249,"date":"2024-09-22T18:53:38","date_gmt":"2024-09-22T15:53:38","guid":{"rendered":"https:\/\/kuzeyinsesi.org\/index.php\/2024\/09\/22\/alevkayasi-yayla-senligi-yapildi\/"},"modified":"2024-09-22T18:53:38","modified_gmt":"2024-09-22T15:53:38","slug":"alevkayasi-yayla-senligi-yapildi","status":"publish","type":"post","link":"https:\/\/kuzeyinsesi.org\/index.php\/2024\/09\/22\/alevkayasi-yayla-senligi-yapildi\/","title":{"rendered":"Alevkayas\u0131 Yayla \u015eenli\u011fi yap\u0131ld\u0131"},"content":{"rendered":"<div>\n<div class=\"mariselle-image-container center\">\n                                            <\/div>\n<p> Karadeniz K\u00fclt\u00fcr Derne\u011fi\u2019nin geleneksel Alevkayas\u0131 Yayla \u015eenli\u011fi bug\u00fcn yap\u0131ld\u0131.<br \/>Etkinli\u011fe Cumhurba\u015fkan\u0131 Vekili, Cumhuriyet Meclisi Ba\u015fkan\u0131 Zorlu T\u00f6re de kat\u0131ld\u0131.<\/p>\n<p>Meclis\u2019ten yap\u0131lan a\u00e7\u0131klamaya g\u00f6re, \u015fenlikte konu\u015fma yapan T\u00f6re, \u0130stiklal Mar\u015f\u0131\u2019ndan bir d\u00f6rtl\u00fck okuyarak, K\u0131br\u0131s T\u00fcrk halk\u0131n\u0131n b\u00fcy\u00fck T\u00fcrk milletinin bir par\u00e7as\u0131 oldu\u011funu s\u00f6yledi.<\/p>\n<p>T\u00f6re, \u201cB\u00fcy\u00fck T\u00fcrk milletinin mensubu olman\u0131n verdi\u011fi gururla sahip oldu\u011fumuz topraklara sahip \u00e7\u0131kaca\u011f\u0131z, T\u00fcrk milletine hizmet yolunda emin ad\u0131mlarla \u00e7al\u0131\u015fmaya devam edece\u011fiz\u201d dedi.<br \/>T\u00f6re, \u201cNe Mutlu T\u00fcrk\u2019\u00fcm diyen\u201d herkesin ayn\u0131 \u00fclk\u00fc etraf\u0131nda birle\u015fti\u011fini ve T\u00fcrk milletinin \u015ferefli evlatlar\u0131 oldu\u011funu kaydetti.<\/p>\n<p>Birlik ve beraberlik yolunda mesajlar da veren T\u00f6re, T\u00fcrk milleti i\u00e7in b\u00fcy\u00fck d\u00fc\u015f\u00fcnmek gerekti\u011fini s\u00f6yledi.<br \/>Konu\u015fmalar\u0131n ard\u0131ndan Kuzey K\u0131br\u0131s ve Trabzon\u2019dan gelen sanat\u00e7\u0131lar\u0131n \u015fark\u0131lar\u0131yla horon oynayan Karadenizliler g\u00fczel bir g\u00fcn ge\u00e7irdi.<\/p>\n<\/p><\/div>\n<p><script async\n                    defer\n                    crossorigin=\"anonymous\"\n                    src=\"https:\/\/connect.facebook.net\/tr_TR\/sdk.js#xfbml=1&#038;version=v3.3\"\n            ><\/script><\/p>\n","protected":false},"excerpt":{"rendered":"<p>Karadeniz K\u00fclt\u00fcr Derne\u011fi\u2019nin geleneksel Alevkayas\u0131 Yayla \u015eenli\u011fi bug\u00fcn yap\u0131ld\u0131.Etkinli\u011fe Cumhurba\u015fkan\u0131 Vekili, Cumhuriyet Meclisi Ba\u015fkan\u0131 Zorlu T\u00f6re de kat\u0131ld\u0131. Meclis\u2019ten yap\u0131lan a\u00e7\u0131klamaya g\u00f6re, \u015fenlikte konu\u015fma yapan T\u00f6re, \u0130stiklal Mar\u015f\u0131\u2019ndan bir d\u00f6rtl\u00fck okuyarak, K\u0131br\u0131s T\u00fcrk halk\u0131n\u0131n b\u00fcy\u00fck T\u00fcrk milletinin bir par\u00e7as\u0131 oldu\u011funu s\u00f6yledi. T\u00f6re, \u201cB\u00fcy\u00fck T\u00fcrk milletinin mensubu olman\u0131n verdi\u011fi gururla sahip oldu\u011fumuz topraklara sahip \u00e7\u0131kaca\u011f\u0131z, T\u00fcrk [&hellip;]<\/p>\n","protected":false},"author":1,"featured_media":10250,"comment_status":"open","ping_status":"open","sticky":false,"template":"","format":"standard","meta":{"jnews-multi-image_gallery":[],"jnews_single_post":[],"jnews_primary_category":[],"jnews_social_meta":[],"jnews_override_counter":[],"footnotes":""},"categories":[6],"tags":[],"class_list":["post-10249","post","type-post","status-publish","format-standard","has-post-thumbnail","hentry","category-yasam"],"yoast_head":"<!-- This site is optimized with the Yoast SEO plugin v27.5 - https:\/\/yoast.com\/product\/yoast-seo-wordpress\/ -->\n<title>Alevkayas\u0131 Yayla \u015eenli\u011fi yap\u0131ld\u0131 - Kuzeyin Sesi<\/title>\n<meta name=\"robots\" content=\"index, follow, max-snippet:-1, max-image-preview:large, max-video-preview:-1\" \/>\n<link rel=\"canonical\" href=\"https:\/\/kuzeyinsesi.org\/index.php\/2024\/09\/22\/alevkayasi-yayla-senligi-yapildi\/\" \/>\n<meta property=\"og:locale\" content=\"tr_TR\" \/>\n<meta property=\"og:type\" content=\"article\" \/>\n<meta property=\"og:title\" content=\"Alevkayas\u0131 Yayla \u015eenli\u011fi yap\u0131ld\u0131 - Kuzeyin Sesi\" \/>\n<meta property=\"og:description\" content=\"Karadeniz K\u00fclt\u00fcr Derne\u011fi\u2019nin geleneksel Alevkayas\u0131 Yayla \u015eenli\u011fi bug\u00fcn yap\u0131ld\u0131.Etkinli\u011fe Cumhurba\u015fkan\u0131 Vekili, Cumhuriyet Meclisi Ba\u015fkan\u0131 Zorlu T\u00f6re de kat\u0131ld\u0131. Meclis\u2019ten yap\u0131lan a\u00e7\u0131klamaya g\u00f6re, \u015fenlikte konu\u015fma yapan T\u00f6re, \u0130stiklal Mar\u015f\u0131\u2019ndan bir d\u00f6rtl\u00fck okuyarak, K\u0131br\u0131s T\u00fcrk halk\u0131n\u0131n b\u00fcy\u00fck T\u00fcrk milletinin bir par\u00e7as\u0131 oldu\u011funu s\u00f6yledi. T\u00f6re, \u201cB\u00fcy\u00fck T\u00fcrk milletinin mensubu olman\u0131n verdi\u011fi gururla sahip oldu\u011fumuz topraklara sahip \u00e7\u0131kaca\u011f\u0131z, T\u00fcrk [&hellip;]\" \/>\n<meta property=\"og:url\" content=\"https:\/\/kuzeyinsesi.org\/index.php\/2024\/09\/22\/alevkayasi-yayla-senligi-yapildi\/\" \/>\n<meta property=\"og:site_name\" content=\"Kuzeyin Sesi\" \/>\n<meta property=\"article:publisher\" content=\"https:\/\/www.facebook.com\/kuzeyinsesii\" \/>\n<meta property=\"article:published_time\" content=\"2024-09-22T15:53:38+00:00\" \/>\n<meta property=\"og:image\" content=\"https:\/\/brtk.net\/wp-content\/uploads\/2024\/09\/22\/ialdial-scaled.jpeg?ver=cad83af12dbe018df9e4358fe3c1cfcb\" \/>\n<meta name=\"author\" content=\"Kuzeyin Sesi\" \/>\n<meta name=\"twitter:card\" content=\"summary_large_image\" \/>\n<meta name=\"twitter:creator\" content=\"@kuzeyinsesii\" \/>\n<meta name=\"twitter:site\" content=\"@kuzeyinsesii\" \/>\n<meta name=\"twitter:label1\" content=\"Yazan:\" \/>\n\t<meta name=\"twitter:data1\" content=\"Kuzeyin Sesi\" \/>\n\t<meta name=\"twitter:label2\" content=\"Tahmini okuma s\u00fcresi\" \/>\n\t<meta name=\"twitter:data2\" content=\"1 dakika\" \/>\n<script type=\"application\/ld+json\" class=\"yoast-schema-graph\">{\"@context\":\"https:\\\/\\\/schema.org\",\"@graph\":[{\"@type\":\"Article\",\"@id\":\"https:\\\/\\\/kuzeyinsesi.org\\\/index.php\\\/2024\\\/09\\\/22\\\/alevkayasi-yayla-senligi-yapildi\\\/#article\",\"isPartOf\":{\"@id\":\"https:\\\/\\\/kuzeyinsesi.org\\\/index.php\\\/2024\\\/09\\\/22\\\/alevkayasi-yayla-senligi-yapildi\\\/\"},\"author\":{\"name\":\"Kuzeyin Sesi\",\"@id\":\"https:\\\/\\\/kuzeyinsesi.org\\\/#\\\/schema\\\/person\\\/9f859689cdf01485597712386e37f5aa\"},\"headline\":\"Alevkayas\u0131 Yayla \u015eenli\u011fi yap\u0131ld\u0131\",\"datePublished\":\"2024-09-22T15:53:38+00:00\",\"mainEntityOfPage\":{\"@id\":\"https:\\\/\\\/kuzeyinsesi.org\\\/index.php\\\/2024\\\/09\\\/22\\\/alevkayasi-yayla-senligi-yapildi\\\/\"},\"wordCount\":192,\"commentCount\":0,\"image\":{\"@id\":\"https:\\\/\\\/kuzeyinsesi.org\\\/index.php\\\/2024\\\/09\\\/22\\\/alevkayasi-yayla-senligi-yapildi\\\/#primaryimage\"},\"thumbnailUrl\":\"https:\\\/\\\/kuzeyinsesi.org\\\/wp-content\\\/uploads\\\/2024\\\/09\\\/ialdial-scaled.jpeg\",\"articleSection\":[\"Ya\u015fam\"],\"inLanguage\":\"tr\",\"potentialAction\":[{\"@type\":\"CommentAction\",\"name\":\"Comment\",\"target\":[\"https:\\\/\\\/kuzeyinsesi.org\\\/index.php\\\/2024\\\/09\\\/22\\\/alevkayasi-yayla-senligi-yapildi\\\/#respond\"]}]},{\"@type\":\"WebPage\",\"@id\":\"https:\\\/\\\/kuzeyinsesi.org\\\/index.php\\\/2024\\\/09\\\/22\\\/alevkayasi-yayla-senligi-yapildi\\\/\",\"url\":\"https:\\\/\\\/kuzeyinsesi.org\\\/index.php\\\/2024\\\/09\\\/22\\\/alevkayasi-yayla-senligi-yapildi\\\/\",\"name\":\"Alevkayas\u0131 Yayla \u015eenli\u011fi yap\u0131ld\u0131 - Kuzeyin Sesi\",\"isPartOf\":{\"@id\":\"https:\\\/\\\/kuzeyinsesi.org\\\/#website\"},\"primaryImageOfPage\":{\"@id\":\"https:\\\/\\\/kuzeyinsesi.org\\\/index.php\\\/2024\\\/09\\\/22\\\/alevkayasi-yayla-senligi-yapildi\\\/#primaryimage\"},\"image\":{\"@id\":\"https:\\\/\\\/kuzeyinsesi.org\\\/index.php\\\/2024\\\/09\\\/22\\\/alevkayasi-yayla-senligi-yapildi\\\/#primaryimage\"},\"thumbnailUrl\":\"https:\\\/\\\/kuzeyinsesi.org\\\/wp-content\\\/uploads\\\/2024\\\/09\\\/ialdial-scaled.jpeg\",\"datePublished\":\"2024-09-22T15:53:38+00:00\",\"author\":{\"@id\":\"https:\\\/\\\/kuzeyinsesi.org\\\/#\\\/schema\\\/person\\\/9f859689cdf01485597712386e37f5aa\"},\"breadcrumb\":{\"@id\":\"https:\\\/\\\/kuzeyinsesi.org\\\/index.php\\\/2024\\\/09\\\/22\\\/alevkayasi-yayla-senligi-yapildi\\\/#breadcrumb\"},\"inLanguage\":\"tr\",\"potentialAction\":[{\"@type\":\"ReadAction\",\"target\":[\"https:\\\/\\\/kuzeyinsesi.org\\\/index.php\\\/2024\\\/09\\\/22\\\/alevkayasi-yayla-senligi-yapildi\\\/\"]}]},{\"@type\":\"ImageObject\",\"inLanguage\":\"tr\",\"@id\":\"https:\\\/\\\/kuzeyinsesi.org\\\/index.php\\\/2024\\\/09\\\/22\\\/alevkayasi-yayla-senligi-yapildi\\\/#primaryimage\",\"url\":\"https:\\\/\\\/kuzeyinsesi.org\\\/wp-content\\\/uploads\\\/2024\\\/09\\\/ialdial-scaled.jpeg\",\"contentUrl\":\"https:\\\/\\\/kuzeyinsesi.org\\\/wp-content\\\/uploads\\\/2024\\\/09\\\/ialdial-scaled.jpeg\",\"width\":2560,\"height\":1408},{\"@type\":\"BreadcrumbList\",\"@id\":\"https:\\\/\\\/kuzeyinsesi.org\\\/index.php\\\/2024\\\/09\\\/22\\\/alevkayasi-yayla-senligi-yapildi\\\/#breadcrumb\",\"itemListElement\":[{\"@type\":\"ListItem\",\"position\":1,\"name\":\"Anasayfa\",\"item\":\"https:\\\/\\\/kuzeyinsesi.org\\\/\"},{\"@type\":\"ListItem\",\"position\":2,\"name\":\"Alevkayas\u0131 Yayla \u015eenli\u011fi yap\u0131ld\u0131\"}]},{\"@type\":\"WebSite\",\"@id\":\"https:\\\/\\\/kuzeyinsesi.org\\\/#website\",\"url\":\"https:\\\/\\\/kuzeyinsesi.org\\\/\",\"name\":\"Kuzeyin Sesi\",\"description\":\"Do\u011fru Haberin Adresi\",\"potentialAction\":[{\"@type\":\"SearchAction\",\"target\":{\"@type\":\"EntryPoint\",\"urlTemplate\":\"https:\\\/\\\/kuzeyinsesi.org\\\/?s={search_term_string}\"},\"query-input\":{\"@type\":\"PropertyValueSpecification\",\"valueRequired\":true,\"valueName\":\"search_term_string\"}}],\"inLanguage\":\"tr\"},{\"@type\":\"Person\",\"@id\":\"https:\\\/\\\/kuzeyinsesi.org\\\/#\\\/schema\\\/person\\\/9f859689cdf01485597712386e37f5aa\",\"name\":\"Kuzeyin Sesi\",\"image\":{\"@type\":\"ImageObject\",\"inLanguage\":\"tr\",\"@id\":\"https:\\\/\\\/secure.gravatar.com\\\/avatar\\\/bab33852abfd8b282518d6ed81826833d77c3c882d9ab608add591ccace47a44?s=96&d=mm&r=g\",\"url\":\"https:\\\/\\\/secure.gravatar.com\\\/avatar\\\/bab33852abfd8b282518d6ed81826833d77c3c882d9ab608add591ccace47a44?s=96&d=mm&r=g\",\"contentUrl\":\"https:\\\/\\\/secure.gravatar.com\\\/avatar\\\/bab33852abfd8b282518d6ed81826833d77c3c882d9ab608add591ccace47a44?s=96&d=mm&r=g\",\"caption\":\"Kuzeyin Sesi\"},\"sameAs\":[\"https:\\\/\\\/kuzeyinsesi.org\"],\"url\":\"https:\\\/\\\/kuzeyinsesi.org\\\/index.php\\\/author\\\/guven\\\/\"}]}<\/script>\n<!-- \/ Yoast SEO plugin. -->","yoast_head_json":{"title":"Alevkayas\u0131 Yayla \u015eenli\u011fi yap\u0131ld\u0131 - Kuzeyin Sesi","robots":{"index":"index","follow":"follow","max-snippet":"max-snippet:-1","max-image-preview":"max-image-preview:large","max-video-preview":"max-video-preview:-1"},"canonical":"https:\/\/kuzeyinsesi.org\/index.php\/2024\/09\/22\/alevkayasi-yayla-senligi-yapildi\/","og_locale":"tr_TR","og_type":"article","og_title":"Alevkayas\u0131 Yayla \u015eenli\u011fi yap\u0131ld\u0131 - Kuzeyin Sesi","og_description":"Karadeniz K\u00fclt\u00fcr Derne\u011fi\u2019nin geleneksel Alevkayas\u0131 Yayla \u015eenli\u011fi bug\u00fcn yap\u0131ld\u0131.Etkinli\u011fe Cumhurba\u015fkan\u0131 Vekili, Cumhuriyet Meclisi Ba\u015fkan\u0131 Zorlu T\u00f6re de kat\u0131ld\u0131. Meclis\u2019ten yap\u0131lan a\u00e7\u0131klamaya g\u00f6re, \u015fenlikte konu\u015fma yapan T\u00f6re, \u0130stiklal Mar\u015f\u0131\u2019ndan bir d\u00f6rtl\u00fck okuyarak, K\u0131br\u0131s T\u00fcrk halk\u0131n\u0131n b\u00fcy\u00fck T\u00fcrk milletinin bir par\u00e7as\u0131 oldu\u011funu s\u00f6yledi. T\u00f6re, \u201cB\u00fcy\u00fck T\u00fcrk milletinin mensubu olman\u0131n verdi\u011fi gururla sahip oldu\u011fumuz topraklara sahip \u00e7\u0131kaca\u011f\u0131z, T\u00fcrk [&hellip;]","og_url":"https:\/\/kuzeyinsesi.org\/index.php\/2024\/09\/22\/alevkayasi-yayla-senligi-yapildi\/","og_site_name":"Kuzeyin Sesi","article_publisher":"https:\/\/www.facebook.com\/kuzeyinsesii","article_published_time":"2024-09-22T15:53:38+00:00","og_image":[{"url":"https:\/\/brtk.net\/wp-content\/uploads\/2024\/09\/22\/ialdial-scaled.jpeg?ver=cad83af12dbe018df9e4358fe3c1cfcb","type":"","width":"","height":""}],"author":"Kuzeyin Sesi","twitter_card":"summary_large_image","twitter_creator":"@kuzeyinsesii","twitter_site":"@kuzeyinsesii","twitter_misc":{"Yazan:":"Kuzeyin Sesi","Tahmini okuma s\u00fcresi":"1 dakika"},"schema":{"@context":"https:\/\/schema.org","@graph":[{"@type":"Article","@id":"https:\/\/kuzeyinsesi.org\/index.php\/2024\/09\/22\/alevkayasi-yayla-senligi-yapildi\/#article","isPartOf":{"@id":"https:\/\/kuzeyinsesi.org\/index.php\/2024\/09\/22\/alevkayasi-yayla-senligi-yapildi\/"},"author":{"name":"Kuzeyin Sesi","@id":"https:\/\/kuzeyinsesi.org\/#\/schema\/person\/9f859689cdf01485597712386e37f5aa"},"headline":"Alevkayas\u0131 Yayla \u015eenli\u011fi yap\u0131ld\u0131","datePublished":"2024-09-22T15:53:38+00:00","mainEntityOfPage":{"@id":"https:\/\/kuzeyinsesi.org\/index.php\/2024\/09\/22\/alevkayasi-yayla-senligi-yapildi\/"},"wordCount":192,"commentCount":0,"image":{"@id":"https:\/\/kuzeyinsesi.org\/index.php\/2024\/09\/22\/alevkayasi-yayla-senligi-yapildi\/#primaryimage"},"thumbnailUrl":"https:\/\/kuzeyinsesi.org\/wp-content\/uploads\/2024\/09\/ialdial-scaled.jpeg","articleSection":["Ya\u015fam"],"inLanguage":"tr","potentialAction":[{"@type":"CommentAction","name":"Comment","target":["https:\/\/kuzeyinsesi.org\/index.php\/2024\/09\/22\/alevkayasi-yayla-senligi-yapildi\/#respond"]}]},{"@type":"WebPage","@id":"https:\/\/kuzeyinsesi.org\/index.php\/2024\/09\/22\/alevkayasi-yayla-senligi-yapildi\/","url":"https:\/\/kuzeyinsesi.org\/index.php\/2024\/09\/22\/alevkayasi-yayla-senligi-yapildi\/","name":"Alevkayas\u0131 Yayla \u015eenli\u011fi yap\u0131ld\u0131 - Kuzeyin Sesi","isPartOf":{"@id":"https:\/\/kuzeyinsesi.org\/#website"},"primaryImageOfPage":{"@id":"https:\/\/kuzeyinsesi.org\/index.php\/2024\/09\/22\/alevkayasi-yayla-senligi-yapildi\/#primaryimage"},"image":{"@id":"https:\/\/kuzeyinsesi.org\/index.php\/2024\/09\/22\/alevkayasi-yayla-senligi-yapildi\/#primaryimage"},"thumbnailUrl":"https:\/\/kuzeyinsesi.org\/wp-content\/uploads\/2024\/09\/ialdial-scaled.jpeg","datePublished":"2024-09-22T15:53:38+00:00","author":{"@id":"https:\/\/kuzeyinsesi.org\/#\/schema\/person\/9f859689cdf01485597712386e37f5aa"},"breadcrumb":{"@id":"https:\/\/kuzeyinsesi.org\/index.php\/2024\/09\/22\/alevkayasi-yayla-senligi-yapildi\/#breadcrumb"},"inLanguage":"tr","potentialAction":[{"@type":"ReadAction","target":["https:\/\/kuzeyinsesi.org\/index.php\/2024\/09\/22\/alevkayasi-yayla-senligi-yapildi\/"]}]},{"@type":"ImageObject","inLanguage":"tr","@id":"https:\/\/kuzeyinsesi.org\/index.php\/2024\/09\/22\/alevkayasi-yayla-senligi-yapildi\/#primaryimage","url":"https:\/\/kuzeyinsesi.org\/wp-content\/uploads\/2024\/09\/ialdial-scaled.jpeg","contentUrl":"https:\/\/kuzeyinsesi.org\/wp-content\/uploads\/2024\/09\/ialdial-scaled.jpeg","width":2560,"height":1408},{"@type":"BreadcrumbList","@id":"https:\/\/kuzeyinsesi.org\/index.php\/2024\/09\/22\/alevkayasi-yayla-senligi-yapildi\/#breadcrumb","itemListElement":[{"@type":"ListItem","position":1,"name":"Anasayfa","item":"https:\/\/kuzeyinsesi.org\/"},{"@type":"ListItem","position":2,"name":"Alevkayas\u0131 Yayla \u015eenli\u011fi yap\u0131ld\u0131"}]},{"@type":"WebSite","@id":"https:\/\/kuzeyinsesi.org\/#website","url":"https:\/\/kuzeyinsesi.org\/","name":"Kuzeyin Sesi","description":"Do\u011fru Haberin Adresi","potentialAction":[{"@type":"SearchAction","target":{"@type":"EntryPoint","urlTemplate":"https:\/\/kuzeyinsesi.org\/?s={search_term_string}"},"query-input":{"@type":"PropertyValueSpecification","valueRequired":true,"valueName":"search_term_string"}}],"inLanguage":"tr"},{"@type":"Person","@id":"https:\/\/kuzeyinsesi.org\/#\/schema\/person\/9f859689cdf01485597712386e37f5aa","name":"Kuzeyin Sesi","image":{"@type":"ImageObject","inLanguage":"tr","@id":"https:\/\/secure.gravatar.com\/avatar\/bab33852abfd8b282518d6ed81826833d77c3c882d9ab608add591ccace47a44?s=96&d=mm&r=g","url":"https:\/\/secure.gravatar.com\/avatar\/bab33852abfd8b282518d6ed81826833d77c3c882d9ab608add591ccace47a44?s=96&d=mm&r=g","contentUrl":"https:\/\/secure.gravatar.com\/avatar\/bab33852abfd8b282518d6ed81826833d77c3c882d9ab608add591ccace47a44?s=96&d=mm&r=g","caption":"Kuzeyin Sesi"},"sameAs":["https:\/\/kuzeyinsesi.org"],"url":"https:\/\/kuzeyinsesi.org\/index.php\/author\/guven\/"}]}},"_links":{"self":[{"href":"https:\/\/kuzeyinsesi.org\/index.php\/wp-json\/wp\/v2\/posts\/10249","targetHints":{"allow":["GET"]}}],"collection":[{"href":"https:\/\/kuzeyinsesi.org\/index.php\/wp-json\/wp\/v2\/posts"}],"about":[{"href":"https:\/\/kuzeyinsesi.org\/index.php\/wp-json\/wp\/v2\/types\/post"}],"author":[{"embeddable":true,"href":"https:\/\/kuzeyinsesi.org\/index.php\/wp-json\/wp\/v2\/users\/1"}],"replies":[{"embeddable":true,"href":"https:\/\/kuzeyinsesi.org\/index.php\/wp-json\/wp\/v2\/comments?post=10249"}],"version-history":[{"count":0,"href":"https:\/\/kuzeyinsesi.org\/index.php\/wp-json\/wp\/v2\/posts\/10249\/revisions"}],"wp:featuredmedia":[{"embeddable":true,"href":"https:\/\/kuzeyinsesi.org\/index.php\/wp-json\/wp\/v2\/media\/10250"}],"wp:attachment":[{"href":"https:\/\/kuzeyinsesi.org\/index.php\/wp-json\/wp\/v2\/media?parent=10249"}],"wp:term":[{"taxonomy":"category","embeddable":true,"href":"https:\/\/kuzeyinsesi.org\/index.php\/wp-json\/wp\/v2\/categories?post=10249"},{"taxonomy":"post_tag","embeddable":true,"href":"https:\/\/kuzeyinsesi.org\/index.php\/wp-json\/wp\/v2\/tags?post=10249"}],"curies":[{"name":"wp","href":"https:\/\/api.w.org\/{rel}","templated":true}]}}