{"id":10243,"date":"2024-09-22T18:33:24","date_gmt":"2024-09-22T15:33:24","guid":{"rendered":"https:\/\/kuzeyinsesi.org\/index.php\/2024\/09\/22\/ege-denizinde-42-buyuklugunde-deprem\/"},"modified":"2024-09-22T18:33:24","modified_gmt":"2024-09-22T15:33:24","slug":"ege-denizinde-42-buyuklugunde-deprem","status":"publish","type":"post","link":"https:\/\/kuzeyinsesi.org\/index.php\/2024\/09\/22\/ege-denizinde-42-buyuklugunde-deprem\/","title":{"rendered":"Ege Denizi\u2019nde 4,2 b\u00fcy\u00fckl\u00fc\u011f\u00fcnde deprem"},"content":{"rendered":"<div>\n<div class=\"mariselle-image-container none\">\n                                            <\/div>\n<p>Ege Denizi\u2019nde, saat 12.57\u2019de 4,2 b\u00fcy\u00fckl\u00fc\u011f\u00fcnde deprem meydana geldi.<\/p>\n<p>Afet ve Acil Durum Y\u00f6netimi Ba\u015fkanl\u0131\u011f\u0131n\u0131n (AFAD) internet sitesinde yer alan bilgiye g\u00f6re, merkez \u00fcss\u00fc Ege Denizi\u2019nin a\u00e7\u0131klar\u0131 olan 4,2 b\u00fcy\u00fckl\u00fc\u011f\u00fcnde sars\u0131nt\u0131 kaydedildi.<\/p>\n<p>\u00c7anakkale\u2019nin G\u00f6k\u00e7eada il\u00e7esine yakla\u015f\u0131k 150 kilometre mesafede meydana gelen depremin, 16,83 kilometre derinlikte oldu\u011fu belirlendi.<\/p>\n<\/p><\/div>\n<p><script async\n                    defer\n                    crossorigin=\"anonymous\"\n                    src=\"https:\/\/connect.facebook.net\/tr_TR\/sdk.js#xfbml=1&#038;version=v3.3\"\n            ><\/script><\/p>\n","protected":false},"excerpt":{"rendered":"<p>Ege Denizi\u2019nde, saat 12.57\u2019de 4,2 b\u00fcy\u00fckl\u00fc\u011f\u00fcnde deprem meydana geldi. Afet ve Acil Durum Y\u00f6netimi Ba\u015fkanl\u0131\u011f\u0131n\u0131n (AFAD) internet sitesinde yer alan bilgiye g\u00f6re, merkez \u00fcss\u00fc Ege Denizi\u2019nin a\u00e7\u0131klar\u0131 olan 4,2 b\u00fcy\u00fckl\u00fc\u011f\u00fcnde sars\u0131nt\u0131 kaydedildi. \u00c7anakkale\u2019nin G\u00f6k\u00e7eada il\u00e7esine yakla\u015f\u0131k 150 kilometre mesafede meydana gelen depremin, 16,83 kilometre derinlikte oldu\u011fu belirlendi.<\/p>\n","protected":false},"author":1,"featured_media":10244,"comment_status":"open","ping_status":"open","sticky":false,"template":"","format":"standard","meta":{"jnews-multi-image_gallery":[],"jnews_single_post":[],"jnews_primary_category":[],"jnews_social_meta":[],"jnews_override_counter":[],"footnotes":""},"categories":[5],"tags":[],"class_list":["post-10243","post","type-post","status-publish","format-standard","has-post-thumbnail","hentry","category-turkiye"],"yoast_head":"<!-- This site is optimized with the Yoast SEO plugin v27.4 - https:\/\/yoast.com\/product\/yoast-seo-wordpress\/ -->\n<title>Ege Denizi\u2019nde 4,2 b\u00fcy\u00fckl\u00fc\u011f\u00fcnde deprem - Kuzeyin Sesi<\/title>\n<meta name=\"robots\" content=\"index, follow, max-snippet:-1, max-image-preview:large, max-video-preview:-1\" \/>\n<link rel=\"canonical\" href=\"https:\/\/kuzeyinsesi.org\/index.php\/2024\/09\/22\/ege-denizinde-42-buyuklugunde-deprem\/\" \/>\n<meta property=\"og:locale\" content=\"tr_TR\" \/>\n<meta property=\"og:type\" content=\"article\" \/>\n<meta property=\"og:title\" content=\"Ege Denizi\u2019nde 4,2 b\u00fcy\u00fckl\u00fc\u011f\u00fcnde deprem - Kuzeyin Sesi\" \/>\n<meta property=\"og:description\" content=\"Ege Denizi\u2019nde, saat 12.57\u2019de 4,2 b\u00fcy\u00fckl\u00fc\u011f\u00fcnde deprem meydana geldi. Afet ve Acil Durum Y\u00f6netimi Ba\u015fkanl\u0131\u011f\u0131n\u0131n (AFAD) internet sitesinde yer alan bilgiye g\u00f6re, merkez \u00fcss\u00fc Ege Denizi\u2019nin a\u00e7\u0131klar\u0131 olan 4,2 b\u00fcy\u00fckl\u00fc\u011f\u00fcnde sars\u0131nt\u0131 kaydedildi. \u00c7anakkale\u2019nin G\u00f6k\u00e7eada il\u00e7esine yakla\u015f\u0131k 150 kilometre mesafede meydana gelen depremin, 16,83 kilometre derinlikte oldu\u011fu belirlendi.\" \/>\n<meta property=\"og:url\" content=\"https:\/\/kuzeyinsesi.org\/index.php\/2024\/09\/22\/ege-denizinde-42-buyuklugunde-deprem\/\" \/>\n<meta property=\"og:site_name\" content=\"Kuzeyin Sesi\" \/>\n<meta property=\"article:publisher\" content=\"https:\/\/www.facebook.com\/kuzeyinsesii\" \/>\n<meta property=\"article:published_time\" content=\"2024-09-22T15:33:24+00:00\" \/>\n<meta property=\"og:image\" content=\"https:\/\/brtk.net\/wp-content\/uploads\/2024\/09\/22\/deprem-son1-scaled.jpg?ver=b19997f49108ceed7896f5763bb41fa0\" \/>\n<meta name=\"author\" content=\"Kuzeyin Sesi\" \/>\n<meta name=\"twitter:card\" content=\"summary_large_image\" \/>\n<meta name=\"twitter:creator\" content=\"@kuzeyinsesii\" \/>\n<meta name=\"twitter:site\" content=\"@kuzeyinsesii\" \/>\n<meta name=\"twitter:label1\" content=\"Yazan:\" \/>\n\t<meta name=\"twitter:data1\" content=\"Kuzeyin Sesi\" \/>\n<script type=\"application\/ld+json\" class=\"yoast-schema-graph\">{\"@context\":\"https:\\\/\\\/schema.org\",\"@graph\":[{\"@type\":\"Article\",\"@id\":\"https:\\\/\\\/kuzeyinsesi.org\\\/index.php\\\/2024\\\/09\\\/22\\\/ege-denizinde-42-buyuklugunde-deprem\\\/#article\",\"isPartOf\":{\"@id\":\"https:\\\/\\\/kuzeyinsesi.org\\\/index.php\\\/2024\\\/09\\\/22\\\/ege-denizinde-42-buyuklugunde-deprem\\\/\"},\"author\":{\"name\":\"Kuzeyin Sesi\",\"@id\":\"https:\\\/\\\/kuzeyinsesi.org\\\/#\\\/schema\\\/person\\\/9f859689cdf01485597712386e37f5aa\"},\"headline\":\"Ege Denizi\u2019nde 4,2 b\u00fcy\u00fckl\u00fc\u011f\u00fcnde deprem\",\"datePublished\":\"2024-09-22T15:33:24+00:00\",\"mainEntityOfPage\":{\"@id\":\"https:\\\/\\\/kuzeyinsesi.org\\\/index.php\\\/2024\\\/09\\\/22\\\/ege-denizinde-42-buyuklugunde-deprem\\\/\"},\"wordCount\":72,\"commentCount\":0,\"image\":{\"@id\":\"https:\\\/\\\/kuzeyinsesi.org\\\/index.php\\\/2024\\\/09\\\/22\\\/ege-denizinde-42-buyuklugunde-deprem\\\/#primaryimage\"},\"thumbnailUrl\":\"https:\\\/\\\/kuzeyinsesi.org\\\/wp-content\\\/uploads\\\/2024\\\/09\\\/deprem-son1-scaled.jpg\",\"articleSection\":[\"T\u00fcrkiye\"],\"inLanguage\":\"tr\",\"potentialAction\":[{\"@type\":\"CommentAction\",\"name\":\"Comment\",\"target\":[\"https:\\\/\\\/kuzeyinsesi.org\\\/index.php\\\/2024\\\/09\\\/22\\\/ege-denizinde-42-buyuklugunde-deprem\\\/#respond\"]}]},{\"@type\":\"WebPage\",\"@id\":\"https:\\\/\\\/kuzeyinsesi.org\\\/index.php\\\/2024\\\/09\\\/22\\\/ege-denizinde-42-buyuklugunde-deprem\\\/\",\"url\":\"https:\\\/\\\/kuzeyinsesi.org\\\/index.php\\\/2024\\\/09\\\/22\\\/ege-denizinde-42-buyuklugunde-deprem\\\/\",\"name\":\"Ege Denizi\u2019nde 4,2 b\u00fcy\u00fckl\u00fc\u011f\u00fcnde deprem - Kuzeyin Sesi\",\"isPartOf\":{\"@id\":\"https:\\\/\\\/kuzeyinsesi.org\\\/#website\"},\"primaryImageOfPage\":{\"@id\":\"https:\\\/\\\/kuzeyinsesi.org\\\/index.php\\\/2024\\\/09\\\/22\\\/ege-denizinde-42-buyuklugunde-deprem\\\/#primaryimage\"},\"image\":{\"@id\":\"https:\\\/\\\/kuzeyinsesi.org\\\/index.php\\\/2024\\\/09\\\/22\\\/ege-denizinde-42-buyuklugunde-deprem\\\/#primaryimage\"},\"thumbnailUrl\":\"https:\\\/\\\/kuzeyinsesi.org\\\/wp-content\\\/uploads\\\/2024\\\/09\\\/deprem-son1-scaled.jpg\",\"datePublished\":\"2024-09-22T15:33:24+00:00\",\"author\":{\"@id\":\"https:\\\/\\\/kuzeyinsesi.org\\\/#\\\/schema\\\/person\\\/9f859689cdf01485597712386e37f5aa\"},\"breadcrumb\":{\"@id\":\"https:\\\/\\\/kuzeyinsesi.org\\\/index.php\\\/2024\\\/09\\\/22\\\/ege-denizinde-42-buyuklugunde-deprem\\\/#breadcrumb\"},\"inLanguage\":\"tr\",\"potentialAction\":[{\"@type\":\"ReadAction\",\"target\":[\"https:\\\/\\\/kuzeyinsesi.org\\\/index.php\\\/2024\\\/09\\\/22\\\/ege-denizinde-42-buyuklugunde-deprem\\\/\"]}]},{\"@type\":\"ImageObject\",\"inLanguage\":\"tr\",\"@id\":\"https:\\\/\\\/kuzeyinsesi.org\\\/index.php\\\/2024\\\/09\\\/22\\\/ege-denizinde-42-buyuklugunde-deprem\\\/#primaryimage\",\"url\":\"https:\\\/\\\/kuzeyinsesi.org\\\/wp-content\\\/uploads\\\/2024\\\/09\\\/deprem-son1-scaled.jpg\",\"contentUrl\":\"https:\\\/\\\/kuzeyinsesi.org\\\/wp-content\\\/uploads\\\/2024\\\/09\\\/deprem-son1-scaled.jpg\",\"width\":2560,\"height\":1434},{\"@type\":\"BreadcrumbList\",\"@id\":\"https:\\\/\\\/kuzeyinsesi.org\\\/index.php\\\/2024\\\/09\\\/22\\\/ege-denizinde-42-buyuklugunde-deprem\\\/#breadcrumb\",\"itemListElement\":[{\"@type\":\"ListItem\",\"position\":1,\"name\":\"Anasayfa\",\"item\":\"https:\\\/\\\/kuzeyinsesi.org\\\/\"},{\"@type\":\"ListItem\",\"position\":2,\"name\":\"Ege Denizi\u2019nde 4,2 b\u00fcy\u00fckl\u00fc\u011f\u00fcnde deprem\"}]},{\"@type\":\"WebSite\",\"@id\":\"https:\\\/\\\/kuzeyinsesi.org\\\/#website\",\"url\":\"https:\\\/\\\/kuzeyinsesi.org\\\/\",\"name\":\"Kuzeyin Sesi\",\"description\":\"Do\u011fru Haberin Adresi\",\"potentialAction\":[{\"@type\":\"SearchAction\",\"target\":{\"@type\":\"EntryPoint\",\"urlTemplate\":\"https:\\\/\\\/kuzeyinsesi.org\\\/?s={search_term_string}\"},\"query-input\":{\"@type\":\"PropertyValueSpecification\",\"valueRequired\":true,\"valueName\":\"search_term_string\"}}],\"inLanguage\":\"tr\"},{\"@type\":\"Person\",\"@id\":\"https:\\\/\\\/kuzeyinsesi.org\\\/#\\\/schema\\\/person\\\/9f859689cdf01485597712386e37f5aa\",\"name\":\"Kuzeyin Sesi\",\"image\":{\"@type\":\"ImageObject\",\"inLanguage\":\"tr\",\"@id\":\"https:\\\/\\\/secure.gravatar.com\\\/avatar\\\/bab33852abfd8b282518d6ed81826833d77c3c882d9ab608add591ccace47a44?s=96&d=mm&r=g\",\"url\":\"https:\\\/\\\/secure.gravatar.com\\\/avatar\\\/bab33852abfd8b282518d6ed81826833d77c3c882d9ab608add591ccace47a44?s=96&d=mm&r=g\",\"contentUrl\":\"https:\\\/\\\/secure.gravatar.com\\\/avatar\\\/bab33852abfd8b282518d6ed81826833d77c3c882d9ab608add591ccace47a44?s=96&d=mm&r=g\",\"caption\":\"Kuzeyin Sesi\"},\"sameAs\":[\"https:\\\/\\\/kuzeyinsesi.org\"],\"url\":\"https:\\\/\\\/kuzeyinsesi.org\\\/index.php\\\/author\\\/guven\\\/\"}]}<\/script>\n<!-- \/ Yoast SEO plugin. -->","yoast_head_json":{"title":"Ege Denizi\u2019nde 4,2 b\u00fcy\u00fckl\u00fc\u011f\u00fcnde deprem - Kuzeyin Sesi","robots":{"index":"index","follow":"follow","max-snippet":"max-snippet:-1","max-image-preview":"max-image-preview:large","max-video-preview":"max-video-preview:-1"},"canonical":"https:\/\/kuzeyinsesi.org\/index.php\/2024\/09\/22\/ege-denizinde-42-buyuklugunde-deprem\/","og_locale":"tr_TR","og_type":"article","og_title":"Ege Denizi\u2019nde 4,2 b\u00fcy\u00fckl\u00fc\u011f\u00fcnde deprem - Kuzeyin Sesi","og_description":"Ege Denizi\u2019nde, saat 12.57\u2019de 4,2 b\u00fcy\u00fckl\u00fc\u011f\u00fcnde deprem meydana geldi. Afet ve Acil Durum Y\u00f6netimi Ba\u015fkanl\u0131\u011f\u0131n\u0131n (AFAD) internet sitesinde yer alan bilgiye g\u00f6re, merkez \u00fcss\u00fc Ege Denizi\u2019nin a\u00e7\u0131klar\u0131 olan 4,2 b\u00fcy\u00fckl\u00fc\u011f\u00fcnde sars\u0131nt\u0131 kaydedildi. \u00c7anakkale\u2019nin G\u00f6k\u00e7eada il\u00e7esine yakla\u015f\u0131k 150 kilometre mesafede meydana gelen depremin, 16,83 kilometre derinlikte oldu\u011fu belirlendi.","og_url":"https:\/\/kuzeyinsesi.org\/index.php\/2024\/09\/22\/ege-denizinde-42-buyuklugunde-deprem\/","og_site_name":"Kuzeyin Sesi","article_publisher":"https:\/\/www.facebook.com\/kuzeyinsesii","article_published_time":"2024-09-22T15:33:24+00:00","og_image":[{"url":"https:\/\/brtk.net\/wp-content\/uploads\/2024\/09\/22\/deprem-son1-scaled.jpg?ver=b19997f49108ceed7896f5763bb41fa0","type":"","width":"","height":""}],"author":"Kuzeyin Sesi","twitter_card":"summary_large_image","twitter_creator":"@kuzeyinsesii","twitter_site":"@kuzeyinsesii","twitter_misc":{"Yazan:":"Kuzeyin Sesi"},"schema":{"@context":"https:\/\/schema.org","@graph":[{"@type":"Article","@id":"https:\/\/kuzeyinsesi.org\/index.php\/2024\/09\/22\/ege-denizinde-42-buyuklugunde-deprem\/#article","isPartOf":{"@id":"https:\/\/kuzeyinsesi.org\/index.php\/2024\/09\/22\/ege-denizinde-42-buyuklugunde-deprem\/"},"author":{"name":"Kuzeyin Sesi","@id":"https:\/\/kuzeyinsesi.org\/#\/schema\/person\/9f859689cdf01485597712386e37f5aa"},"headline":"Ege Denizi\u2019nde 4,2 b\u00fcy\u00fckl\u00fc\u011f\u00fcnde deprem","datePublished":"2024-09-22T15:33:24+00:00","mainEntityOfPage":{"@id":"https:\/\/kuzeyinsesi.org\/index.php\/2024\/09\/22\/ege-denizinde-42-buyuklugunde-deprem\/"},"wordCount":72,"commentCount":0,"image":{"@id":"https:\/\/kuzeyinsesi.org\/index.php\/2024\/09\/22\/ege-denizinde-42-buyuklugunde-deprem\/#primaryimage"},"thumbnailUrl":"https:\/\/kuzeyinsesi.org\/wp-content\/uploads\/2024\/09\/deprem-son1-scaled.jpg","articleSection":["T\u00fcrkiye"],"inLanguage":"tr","potentialAction":[{"@type":"CommentAction","name":"Comment","target":["https:\/\/kuzeyinsesi.org\/index.php\/2024\/09\/22\/ege-denizinde-42-buyuklugunde-deprem\/#respond"]}]},{"@type":"WebPage","@id":"https:\/\/kuzeyinsesi.org\/index.php\/2024\/09\/22\/ege-denizinde-42-buyuklugunde-deprem\/","url":"https:\/\/kuzeyinsesi.org\/index.php\/2024\/09\/22\/ege-denizinde-42-buyuklugunde-deprem\/","name":"Ege Denizi\u2019nde 4,2 b\u00fcy\u00fckl\u00fc\u011f\u00fcnde deprem - Kuzeyin Sesi","isPartOf":{"@id":"https:\/\/kuzeyinsesi.org\/#website"},"primaryImageOfPage":{"@id":"https:\/\/kuzeyinsesi.org\/index.php\/2024\/09\/22\/ege-denizinde-42-buyuklugunde-deprem\/#primaryimage"},"image":{"@id":"https:\/\/kuzeyinsesi.org\/index.php\/2024\/09\/22\/ege-denizinde-42-buyuklugunde-deprem\/#primaryimage"},"thumbnailUrl":"https:\/\/kuzeyinsesi.org\/wp-content\/uploads\/2024\/09\/deprem-son1-scaled.jpg","datePublished":"2024-09-22T15:33:24+00:00","author":{"@id":"https:\/\/kuzeyinsesi.org\/#\/schema\/person\/9f859689cdf01485597712386e37f5aa"},"breadcrumb":{"@id":"https:\/\/kuzeyinsesi.org\/index.php\/2024\/09\/22\/ege-denizinde-42-buyuklugunde-deprem\/#breadcrumb"},"inLanguage":"tr","potentialAction":[{"@type":"ReadAction","target":["https:\/\/kuzeyinsesi.org\/index.php\/2024\/09\/22\/ege-denizinde-42-buyuklugunde-deprem\/"]}]},{"@type":"ImageObject","inLanguage":"tr","@id":"https:\/\/kuzeyinsesi.org\/index.php\/2024\/09\/22\/ege-denizinde-42-buyuklugunde-deprem\/#primaryimage","url":"https:\/\/kuzeyinsesi.org\/wp-content\/uploads\/2024\/09\/deprem-son1-scaled.jpg","contentUrl":"https:\/\/kuzeyinsesi.org\/wp-content\/uploads\/2024\/09\/deprem-son1-scaled.jpg","width":2560,"height":1434},{"@type":"BreadcrumbList","@id":"https:\/\/kuzeyinsesi.org\/index.php\/2024\/09\/22\/ege-denizinde-42-buyuklugunde-deprem\/#breadcrumb","itemListElement":[{"@type":"ListItem","position":1,"name":"Anasayfa","item":"https:\/\/kuzeyinsesi.org\/"},{"@type":"ListItem","position":2,"name":"Ege Denizi\u2019nde 4,2 b\u00fcy\u00fckl\u00fc\u011f\u00fcnde deprem"}]},{"@type":"WebSite","@id":"https:\/\/kuzeyinsesi.org\/#website","url":"https:\/\/kuzeyinsesi.org\/","name":"Kuzeyin Sesi","description":"Do\u011fru Haberin Adresi","potentialAction":[{"@type":"SearchAction","target":{"@type":"EntryPoint","urlTemplate":"https:\/\/kuzeyinsesi.org\/?s={search_term_string}"},"query-input":{"@type":"PropertyValueSpecification","valueRequired":true,"valueName":"search_term_string"}}],"inLanguage":"tr"},{"@type":"Person","@id":"https:\/\/kuzeyinsesi.org\/#\/schema\/person\/9f859689cdf01485597712386e37f5aa","name":"Kuzeyin Sesi","image":{"@type":"ImageObject","inLanguage":"tr","@id":"https:\/\/secure.gravatar.com\/avatar\/bab33852abfd8b282518d6ed81826833d77c3c882d9ab608add591ccace47a44?s=96&d=mm&r=g","url":"https:\/\/secure.gravatar.com\/avatar\/bab33852abfd8b282518d6ed81826833d77c3c882d9ab608add591ccace47a44?s=96&d=mm&r=g","contentUrl":"https:\/\/secure.gravatar.com\/avatar\/bab33852abfd8b282518d6ed81826833d77c3c882d9ab608add591ccace47a44?s=96&d=mm&r=g","caption":"Kuzeyin Sesi"},"sameAs":["https:\/\/kuzeyinsesi.org"],"url":"https:\/\/kuzeyinsesi.org\/index.php\/author\/guven\/"}]}},"_links":{"self":[{"href":"https:\/\/kuzeyinsesi.org\/index.php\/wp-json\/wp\/v2\/posts\/10243","targetHints":{"allow":["GET"]}}],"collection":[{"href":"https:\/\/kuzeyinsesi.org\/index.php\/wp-json\/wp\/v2\/posts"}],"about":[{"href":"https:\/\/kuzeyinsesi.org\/index.php\/wp-json\/wp\/v2\/types\/post"}],"author":[{"embeddable":true,"href":"https:\/\/kuzeyinsesi.org\/index.php\/wp-json\/wp\/v2\/users\/1"}],"replies":[{"embeddable":true,"href":"https:\/\/kuzeyinsesi.org\/index.php\/wp-json\/wp\/v2\/comments?post=10243"}],"version-history":[{"count":0,"href":"https:\/\/kuzeyinsesi.org\/index.php\/wp-json\/wp\/v2\/posts\/10243\/revisions"}],"wp:featuredmedia":[{"embeddable":true,"href":"https:\/\/kuzeyinsesi.org\/index.php\/wp-json\/wp\/v2\/media\/10244"}],"wp:attachment":[{"href":"https:\/\/kuzeyinsesi.org\/index.php\/wp-json\/wp\/v2\/media?parent=10243"}],"wp:term":[{"taxonomy":"category","embeddable":true,"href":"https:\/\/kuzeyinsesi.org\/index.php\/wp-json\/wp\/v2\/categories?post=10243"},{"taxonomy":"post_tag","embeddable":true,"href":"https:\/\/kuzeyinsesi.org\/index.php\/wp-json\/wp\/v2\/tags?post=10243"}],"curies":[{"name":"wp","href":"https:\/\/api.w.org\/{rel}","templated":true}]}}