{"id":10239,"date":"2024-09-22T18:22:13","date_gmt":"2024-09-22T15:22:13","guid":{"rendered":"https:\/\/kuzeyinsesi.org\/index.php\/2024\/09\/22\/tatar-tc-kktc-parlamentolararasi-dostluk-grubu-baskani-ak-parti-konya-milletvekili-erdemin-kizinin-dugunune-katildi\/"},"modified":"2024-09-22T18:22:13","modified_gmt":"2024-09-22T15:22:13","slug":"tatar-tc-kktc-parlamentolararasi-dostluk-grubu-baskani-ak-parti-konya-milletvekili-erdemin-kizinin-dugunune-katildi","status":"publish","type":"post","link":"https:\/\/kuzeyinsesi.org\/index.php\/2024\/09\/22\/tatar-tc-kktc-parlamentolararasi-dostluk-grubu-baskani-ak-parti-konya-milletvekili-erdemin-kizinin-dugunune-katildi\/","title":{"rendered":"Tatar, TC KKTC Parlamentolararas\u0131 Dostluk Grubu Ba\u015fkan\u0131 Ak Parti Konya Milletvekili Erdem\u2019in k\u0131z\u0131n\u0131n d\u00fc\u011f\u00fcn\u00fcne kat\u0131ld\u0131"},"content":{"rendered":"<div>\n<div class=\"mariselle-image-container center\">\n                                            <\/div>\n<p>Cumhurba\u015fkan\u0131 Ersin Tatar, T\u00fcrkiye Kuzey K\u0131br\u0131s T\u00fcrk Cumhuriyeti Parlamentolararas\u0131 Dostluk Grubu Ba\u015fkan\u0131 Ak Parti Konya Milletvekili Orhan Erdem\u2019in k\u0131z\u0131n\u0131n d\u00fc\u011f\u00fcn\u00fcne kat\u0131ld\u0131.<\/p>\n<p>\u00c7ok say\u0131da se\u00e7kin davetlinin yer ald\u0131\u011f\u0131 d\u00fc\u011f\u00fcnde T\u00fcrkiye Cumhurba\u015fkan\u0131 Yard\u0131mc\u0131s\u0131 Cevdet Y\u0131lmaz ile birlikte gelin ve damad\u0131n \u015fahitli\u011fini de yapan Tatar, gen\u00e7 \u00e7ifte evlilik c\u00fczdanlar\u0131n\u0131 da verdi.<\/p>\n<p>D\u00fc\u011f\u00fcnde Aysima Erdem ve Bu\u011fra G\u00fcven \u00e7iftine hitaben konu\u015fan Tatar, Orhan Erdem\u2019le \u00e7ok uzun y\u0131llard\u0131r m\u00fcnasebetleri oldu\u011funa de\u011findi.<\/p>\n<p>Aysima Erdem\u2019in babas\u0131 Ak Parti Konya Milletvekili Orhan Erdem de Tatar\u2018\u0131n d\u00fc\u011f\u00fcnlerine kat\u0131l\u0131mlar\u0131ndan dolay\u0131 onurland\u0131klar\u0131n\u0131 s\u00f6yledi.<\/p>\n<\/p><\/div>\n<p><script async\n                    defer\n                    crossorigin=\"anonymous\"\n                    src=\"https:\/\/connect.facebook.net\/tr_TR\/sdk.js#xfbml=1&#038;version=v3.3\"\n            ><\/script><\/p>\n","protected":false},"excerpt":{"rendered":"<p>Cumhurba\u015fkan\u0131 Ersin Tatar, T\u00fcrkiye Kuzey K\u0131br\u0131s T\u00fcrk Cumhuriyeti Parlamentolararas\u0131 Dostluk Grubu Ba\u015fkan\u0131 Ak Parti Konya Milletvekili Orhan Erdem\u2019in k\u0131z\u0131n\u0131n d\u00fc\u011f\u00fcn\u00fcne kat\u0131ld\u0131. \u00c7ok say\u0131da se\u00e7kin davetlinin yer ald\u0131\u011f\u0131 d\u00fc\u011f\u00fcnde T\u00fcrkiye Cumhurba\u015fkan\u0131 Yard\u0131mc\u0131s\u0131 Cevdet Y\u0131lmaz ile birlikte gelin ve damad\u0131n \u015fahitli\u011fini de yapan Tatar, gen\u00e7 \u00e7ifte evlilik c\u00fczdanlar\u0131n\u0131 da verdi. D\u00fc\u011f\u00fcnde Aysima Erdem ve Bu\u011fra G\u00fcven \u00e7iftine [&hellip;]<\/p>\n","protected":false},"author":1,"featured_media":10240,"comment_status":"open","ping_status":"open","sticky":false,"template":"","format":"standard","meta":{"jnews-multi-image_gallery":[],"jnews_single_post":[],"jnews_primary_category":[],"jnews_social_meta":[],"jnews_override_counter":[],"footnotes":""},"categories":[5],"tags":[],"class_list":["post-10239","post","type-post","status-publish","format-standard","has-post-thumbnail","hentry","category-turkiye"],"yoast_head":"<!-- This site is optimized with the Yoast SEO plugin v27.4 - https:\/\/yoast.com\/product\/yoast-seo-wordpress\/ -->\n<title>Tatar, TC KKTC Parlamentolararas\u0131 Dostluk Grubu Ba\u015fkan\u0131 Ak Parti Konya Milletvekili Erdem\u2019in k\u0131z\u0131n\u0131n d\u00fc\u011f\u00fcn\u00fcne kat\u0131ld\u0131 - Kuzeyin Sesi<\/title>\n<meta name=\"robots\" content=\"index, follow, max-snippet:-1, max-image-preview:large, max-video-preview:-1\" \/>\n<link rel=\"canonical\" href=\"https:\/\/kuzeyinsesi.org\/index.php\/2024\/09\/22\/tatar-tc-kktc-parlamentolararasi-dostluk-grubu-baskani-ak-parti-konya-milletvekili-erdemin-kizinin-dugunune-katildi\/\" \/>\n<meta property=\"og:locale\" content=\"tr_TR\" \/>\n<meta property=\"og:type\" content=\"article\" \/>\n<meta property=\"og:title\" content=\"Tatar, TC KKTC Parlamentolararas\u0131 Dostluk Grubu Ba\u015fkan\u0131 Ak Parti Konya Milletvekili Erdem\u2019in k\u0131z\u0131n\u0131n d\u00fc\u011f\u00fcn\u00fcne kat\u0131ld\u0131 - Kuzeyin Sesi\" \/>\n<meta property=\"og:description\" content=\"Cumhurba\u015fkan\u0131 Ersin Tatar, T\u00fcrkiye Kuzey K\u0131br\u0131s T\u00fcrk Cumhuriyeti Parlamentolararas\u0131 Dostluk Grubu Ba\u015fkan\u0131 Ak Parti Konya Milletvekili Orhan Erdem\u2019in k\u0131z\u0131n\u0131n d\u00fc\u011f\u00fcn\u00fcne kat\u0131ld\u0131. \u00c7ok say\u0131da se\u00e7kin davetlinin yer ald\u0131\u011f\u0131 d\u00fc\u011f\u00fcnde T\u00fcrkiye Cumhurba\u015fkan\u0131 Yard\u0131mc\u0131s\u0131 Cevdet Y\u0131lmaz ile birlikte gelin ve damad\u0131n \u015fahitli\u011fini de yapan Tatar, gen\u00e7 \u00e7ifte evlilik c\u00fczdanlar\u0131n\u0131 da verdi. D\u00fc\u011f\u00fcnde Aysima Erdem ve Bu\u011fra G\u00fcven \u00e7iftine [&hellip;]\" \/>\n<meta property=\"og:url\" content=\"https:\/\/kuzeyinsesi.org\/index.php\/2024\/09\/22\/tatar-tc-kktc-parlamentolararasi-dostluk-grubu-baskani-ak-parti-konya-milletvekili-erdemin-kizinin-dugunune-katildi\/\" \/>\n<meta property=\"og:site_name\" content=\"Kuzeyin Sesi\" \/>\n<meta property=\"article:publisher\" content=\"https:\/\/www.facebook.com\/kuzeyinsesii\" \/>\n<meta property=\"article:published_time\" content=\"2024-09-22T15:22:13+00:00\" \/>\n<meta property=\"og:image\" content=\"https:\/\/brtk.net\/wp-content\/uploads\/2024\/09\/22\/Untitled.png?ver=145218e91624f3b4237d303570d4c300\" \/>\n<meta name=\"author\" content=\"Kuzeyin Sesi\" \/>\n<meta name=\"twitter:card\" content=\"summary_large_image\" \/>\n<meta name=\"twitter:creator\" content=\"@kuzeyinsesii\" \/>\n<meta name=\"twitter:site\" content=\"@kuzeyinsesii\" \/>\n<meta name=\"twitter:label1\" content=\"Yazan:\" \/>\n\t<meta name=\"twitter:data1\" content=\"Kuzeyin Sesi\" \/>\n\t<meta name=\"twitter:label2\" content=\"Tahmini okuma s\u00fcresi\" \/>\n\t<meta name=\"twitter:data2\" content=\"1 dakika\" \/>\n<script type=\"application\/ld+json\" class=\"yoast-schema-graph\">{\"@context\":\"https:\\\/\\\/schema.org\",\"@graph\":[{\"@type\":\"Article\",\"@id\":\"https:\\\/\\\/kuzeyinsesi.org\\\/index.php\\\/2024\\\/09\\\/22\\\/tatar-tc-kktc-parlamentolararasi-dostluk-grubu-baskani-ak-parti-konya-milletvekili-erdemin-kizinin-dugunune-katildi\\\/#article\",\"isPartOf\":{\"@id\":\"https:\\\/\\\/kuzeyinsesi.org\\\/index.php\\\/2024\\\/09\\\/22\\\/tatar-tc-kktc-parlamentolararasi-dostluk-grubu-baskani-ak-parti-konya-milletvekili-erdemin-kizinin-dugunune-katildi\\\/\"},\"author\":{\"name\":\"Kuzeyin Sesi\",\"@id\":\"https:\\\/\\\/kuzeyinsesi.org\\\/#\\\/schema\\\/person\\\/9f859689cdf01485597712386e37f5aa\"},\"headline\":\"Tatar, TC KKTC Parlamentolararas\u0131 Dostluk Grubu Ba\u015fkan\u0131 Ak Parti Konya Milletvekili Erdem\u2019in k\u0131z\u0131n\u0131n d\u00fc\u011f\u00fcn\u00fcne kat\u0131ld\u0131\",\"datePublished\":\"2024-09-22T15:22:13+00:00\",\"mainEntityOfPage\":{\"@id\":\"https:\\\/\\\/kuzeyinsesi.org\\\/index.php\\\/2024\\\/09\\\/22\\\/tatar-tc-kktc-parlamentolararasi-dostluk-grubu-baskani-ak-parti-konya-milletvekili-erdemin-kizinin-dugunune-katildi\\\/\"},\"wordCount\":149,\"commentCount\":0,\"image\":{\"@id\":\"https:\\\/\\\/kuzeyinsesi.org\\\/index.php\\\/2024\\\/09\\\/22\\\/tatar-tc-kktc-parlamentolararasi-dostluk-grubu-baskani-ak-parti-konya-milletvekili-erdemin-kizinin-dugunune-katildi\\\/#primaryimage\"},\"thumbnailUrl\":\"https:\\\/\\\/kuzeyinsesi.org\\\/wp-content\\\/uploads\\\/2024\\\/09\\\/Untitled.png\",\"articleSection\":[\"T\u00fcrkiye\"],\"inLanguage\":\"tr\",\"potentialAction\":[{\"@type\":\"CommentAction\",\"name\":\"Comment\",\"target\":[\"https:\\\/\\\/kuzeyinsesi.org\\\/index.php\\\/2024\\\/09\\\/22\\\/tatar-tc-kktc-parlamentolararasi-dostluk-grubu-baskani-ak-parti-konya-milletvekili-erdemin-kizinin-dugunune-katildi\\\/#respond\"]}]},{\"@type\":\"WebPage\",\"@id\":\"https:\\\/\\\/kuzeyinsesi.org\\\/index.php\\\/2024\\\/09\\\/22\\\/tatar-tc-kktc-parlamentolararasi-dostluk-grubu-baskani-ak-parti-konya-milletvekili-erdemin-kizinin-dugunune-katildi\\\/\",\"url\":\"https:\\\/\\\/kuzeyinsesi.org\\\/index.php\\\/2024\\\/09\\\/22\\\/tatar-tc-kktc-parlamentolararasi-dostluk-grubu-baskani-ak-parti-konya-milletvekili-erdemin-kizinin-dugunune-katildi\\\/\",\"name\":\"Tatar, TC KKTC Parlamentolararas\u0131 Dostluk Grubu Ba\u015fkan\u0131 Ak Parti Konya Milletvekili Erdem\u2019in k\u0131z\u0131n\u0131n d\u00fc\u011f\u00fcn\u00fcne kat\u0131ld\u0131 - Kuzeyin Sesi\",\"isPartOf\":{\"@id\":\"https:\\\/\\\/kuzeyinsesi.org\\\/#website\"},\"primaryImageOfPage\":{\"@id\":\"https:\\\/\\\/kuzeyinsesi.org\\\/index.php\\\/2024\\\/09\\\/22\\\/tatar-tc-kktc-parlamentolararasi-dostluk-grubu-baskani-ak-parti-konya-milletvekili-erdemin-kizinin-dugunune-katildi\\\/#primaryimage\"},\"image\":{\"@id\":\"https:\\\/\\\/kuzeyinsesi.org\\\/index.php\\\/2024\\\/09\\\/22\\\/tatar-tc-kktc-parlamentolararasi-dostluk-grubu-baskani-ak-parti-konya-milletvekili-erdemin-kizinin-dugunune-katildi\\\/#primaryimage\"},\"thumbnailUrl\":\"https:\\\/\\\/kuzeyinsesi.org\\\/wp-content\\\/uploads\\\/2024\\\/09\\\/Untitled.png\",\"datePublished\":\"2024-09-22T15:22:13+00:00\",\"author\":{\"@id\":\"https:\\\/\\\/kuzeyinsesi.org\\\/#\\\/schema\\\/person\\\/9f859689cdf01485597712386e37f5aa\"},\"breadcrumb\":{\"@id\":\"https:\\\/\\\/kuzeyinsesi.org\\\/index.php\\\/2024\\\/09\\\/22\\\/tatar-tc-kktc-parlamentolararasi-dostluk-grubu-baskani-ak-parti-konya-milletvekili-erdemin-kizinin-dugunune-katildi\\\/#breadcrumb\"},\"inLanguage\":\"tr\",\"potentialAction\":[{\"@type\":\"ReadAction\",\"target\":[\"https:\\\/\\\/kuzeyinsesi.org\\\/index.php\\\/2024\\\/09\\\/22\\\/tatar-tc-kktc-parlamentolararasi-dostluk-grubu-baskani-ak-parti-konya-milletvekili-erdemin-kizinin-dugunune-katildi\\\/\"]}]},{\"@type\":\"ImageObject\",\"inLanguage\":\"tr\",\"@id\":\"https:\\\/\\\/kuzeyinsesi.org\\\/index.php\\\/2024\\\/09\\\/22\\\/tatar-tc-kktc-parlamentolararasi-dostluk-grubu-baskani-ak-parti-konya-milletvekili-erdemin-kizinin-dugunune-katildi\\\/#primaryimage\",\"url\":\"https:\\\/\\\/kuzeyinsesi.org\\\/wp-content\\\/uploads\\\/2024\\\/09\\\/Untitled.png\",\"contentUrl\":\"https:\\\/\\\/kuzeyinsesi.org\\\/wp-content\\\/uploads\\\/2024\\\/09\\\/Untitled.png\",\"width\":1023,\"height\":515},{\"@type\":\"BreadcrumbList\",\"@id\":\"https:\\\/\\\/kuzeyinsesi.org\\\/index.php\\\/2024\\\/09\\\/22\\\/tatar-tc-kktc-parlamentolararasi-dostluk-grubu-baskani-ak-parti-konya-milletvekili-erdemin-kizinin-dugunune-katildi\\\/#breadcrumb\",\"itemListElement\":[{\"@type\":\"ListItem\",\"position\":1,\"name\":\"Anasayfa\",\"item\":\"https:\\\/\\\/kuzeyinsesi.org\\\/\"},{\"@type\":\"ListItem\",\"position\":2,\"name\":\"Tatar, TC KKTC Parlamentolararas\u0131 Dostluk Grubu Ba\u015fkan\u0131 Ak Parti Konya Milletvekili Erdem\u2019in k\u0131z\u0131n\u0131n d\u00fc\u011f\u00fcn\u00fcne kat\u0131ld\u0131\"}]},{\"@type\":\"WebSite\",\"@id\":\"https:\\\/\\\/kuzeyinsesi.org\\\/#website\",\"url\":\"https:\\\/\\\/kuzeyinsesi.org\\\/\",\"name\":\"Kuzeyin Sesi\",\"description\":\"Do\u011fru Haberin Adresi\",\"potentialAction\":[{\"@type\":\"SearchAction\",\"target\":{\"@type\":\"EntryPoint\",\"urlTemplate\":\"https:\\\/\\\/kuzeyinsesi.org\\\/?s={search_term_string}\"},\"query-input\":{\"@type\":\"PropertyValueSpecification\",\"valueRequired\":true,\"valueName\":\"search_term_string\"}}],\"inLanguage\":\"tr\"},{\"@type\":\"Person\",\"@id\":\"https:\\\/\\\/kuzeyinsesi.org\\\/#\\\/schema\\\/person\\\/9f859689cdf01485597712386e37f5aa\",\"name\":\"Kuzeyin Sesi\",\"image\":{\"@type\":\"ImageObject\",\"inLanguage\":\"tr\",\"@id\":\"https:\\\/\\\/secure.gravatar.com\\\/avatar\\\/bab33852abfd8b282518d6ed81826833d77c3c882d9ab608add591ccace47a44?s=96&d=mm&r=g\",\"url\":\"https:\\\/\\\/secure.gravatar.com\\\/avatar\\\/bab33852abfd8b282518d6ed81826833d77c3c882d9ab608add591ccace47a44?s=96&d=mm&r=g\",\"contentUrl\":\"https:\\\/\\\/secure.gravatar.com\\\/avatar\\\/bab33852abfd8b282518d6ed81826833d77c3c882d9ab608add591ccace47a44?s=96&d=mm&r=g\",\"caption\":\"Kuzeyin Sesi\"},\"sameAs\":[\"https:\\\/\\\/kuzeyinsesi.org\"],\"url\":\"https:\\\/\\\/kuzeyinsesi.org\\\/index.php\\\/author\\\/guven\\\/\"}]}<\/script>\n<!-- \/ Yoast SEO plugin. -->","yoast_head_json":{"title":"Tatar, TC KKTC Parlamentolararas\u0131 Dostluk Grubu Ba\u015fkan\u0131 Ak Parti Konya Milletvekili Erdem\u2019in k\u0131z\u0131n\u0131n d\u00fc\u011f\u00fcn\u00fcne kat\u0131ld\u0131 - Kuzeyin Sesi","robots":{"index":"index","follow":"follow","max-snippet":"max-snippet:-1","max-image-preview":"max-image-preview:large","max-video-preview":"max-video-preview:-1"},"canonical":"https:\/\/kuzeyinsesi.org\/index.php\/2024\/09\/22\/tatar-tc-kktc-parlamentolararasi-dostluk-grubu-baskani-ak-parti-konya-milletvekili-erdemin-kizinin-dugunune-katildi\/","og_locale":"tr_TR","og_type":"article","og_title":"Tatar, TC KKTC Parlamentolararas\u0131 Dostluk Grubu Ba\u015fkan\u0131 Ak Parti Konya Milletvekili Erdem\u2019in k\u0131z\u0131n\u0131n d\u00fc\u011f\u00fcn\u00fcne kat\u0131ld\u0131 - Kuzeyin Sesi","og_description":"Cumhurba\u015fkan\u0131 Ersin Tatar, T\u00fcrkiye Kuzey K\u0131br\u0131s T\u00fcrk Cumhuriyeti Parlamentolararas\u0131 Dostluk Grubu Ba\u015fkan\u0131 Ak Parti Konya Milletvekili Orhan Erdem\u2019in k\u0131z\u0131n\u0131n d\u00fc\u011f\u00fcn\u00fcne kat\u0131ld\u0131. \u00c7ok say\u0131da se\u00e7kin davetlinin yer ald\u0131\u011f\u0131 d\u00fc\u011f\u00fcnde T\u00fcrkiye Cumhurba\u015fkan\u0131 Yard\u0131mc\u0131s\u0131 Cevdet Y\u0131lmaz ile birlikte gelin ve damad\u0131n \u015fahitli\u011fini de yapan Tatar, gen\u00e7 \u00e7ifte evlilik c\u00fczdanlar\u0131n\u0131 da verdi. D\u00fc\u011f\u00fcnde Aysima Erdem ve Bu\u011fra G\u00fcven \u00e7iftine [&hellip;]","og_url":"https:\/\/kuzeyinsesi.org\/index.php\/2024\/09\/22\/tatar-tc-kktc-parlamentolararasi-dostluk-grubu-baskani-ak-parti-konya-milletvekili-erdemin-kizinin-dugunune-katildi\/","og_site_name":"Kuzeyin Sesi","article_publisher":"https:\/\/www.facebook.com\/kuzeyinsesii","article_published_time":"2024-09-22T15:22:13+00:00","og_image":[{"url":"https:\/\/brtk.net\/wp-content\/uploads\/2024\/09\/22\/Untitled.png?ver=145218e91624f3b4237d303570d4c300","type":"","width":"","height":""}],"author":"Kuzeyin Sesi","twitter_card":"summary_large_image","twitter_creator":"@kuzeyinsesii","twitter_site":"@kuzeyinsesii","twitter_misc":{"Yazan:":"Kuzeyin Sesi","Tahmini okuma s\u00fcresi":"1 dakika"},"schema":{"@context":"https:\/\/schema.org","@graph":[{"@type":"Article","@id":"https:\/\/kuzeyinsesi.org\/index.php\/2024\/09\/22\/tatar-tc-kktc-parlamentolararasi-dostluk-grubu-baskani-ak-parti-konya-milletvekili-erdemin-kizinin-dugunune-katildi\/#article","isPartOf":{"@id":"https:\/\/kuzeyinsesi.org\/index.php\/2024\/09\/22\/tatar-tc-kktc-parlamentolararasi-dostluk-grubu-baskani-ak-parti-konya-milletvekili-erdemin-kizinin-dugunune-katildi\/"},"author":{"name":"Kuzeyin Sesi","@id":"https:\/\/kuzeyinsesi.org\/#\/schema\/person\/9f859689cdf01485597712386e37f5aa"},"headline":"Tatar, TC KKTC Parlamentolararas\u0131 Dostluk Grubu Ba\u015fkan\u0131 Ak Parti Konya Milletvekili Erdem\u2019in k\u0131z\u0131n\u0131n d\u00fc\u011f\u00fcn\u00fcne kat\u0131ld\u0131","datePublished":"2024-09-22T15:22:13+00:00","mainEntityOfPage":{"@id":"https:\/\/kuzeyinsesi.org\/index.php\/2024\/09\/22\/tatar-tc-kktc-parlamentolararasi-dostluk-grubu-baskani-ak-parti-konya-milletvekili-erdemin-kizinin-dugunune-katildi\/"},"wordCount":149,"commentCount":0,"image":{"@id":"https:\/\/kuzeyinsesi.org\/index.php\/2024\/09\/22\/tatar-tc-kktc-parlamentolararasi-dostluk-grubu-baskani-ak-parti-konya-milletvekili-erdemin-kizinin-dugunune-katildi\/#primaryimage"},"thumbnailUrl":"https:\/\/kuzeyinsesi.org\/wp-content\/uploads\/2024\/09\/Untitled.png","articleSection":["T\u00fcrkiye"],"inLanguage":"tr","potentialAction":[{"@type":"CommentAction","name":"Comment","target":["https:\/\/kuzeyinsesi.org\/index.php\/2024\/09\/22\/tatar-tc-kktc-parlamentolararasi-dostluk-grubu-baskani-ak-parti-konya-milletvekili-erdemin-kizinin-dugunune-katildi\/#respond"]}]},{"@type":"WebPage","@id":"https:\/\/kuzeyinsesi.org\/index.php\/2024\/09\/22\/tatar-tc-kktc-parlamentolararasi-dostluk-grubu-baskani-ak-parti-konya-milletvekili-erdemin-kizinin-dugunune-katildi\/","url":"https:\/\/kuzeyinsesi.org\/index.php\/2024\/09\/22\/tatar-tc-kktc-parlamentolararasi-dostluk-grubu-baskani-ak-parti-konya-milletvekili-erdemin-kizinin-dugunune-katildi\/","name":"Tatar, TC KKTC Parlamentolararas\u0131 Dostluk Grubu Ba\u015fkan\u0131 Ak Parti Konya Milletvekili Erdem\u2019in k\u0131z\u0131n\u0131n d\u00fc\u011f\u00fcn\u00fcne kat\u0131ld\u0131 - Kuzeyin Sesi","isPartOf":{"@id":"https:\/\/kuzeyinsesi.org\/#website"},"primaryImageOfPage":{"@id":"https:\/\/kuzeyinsesi.org\/index.php\/2024\/09\/22\/tatar-tc-kktc-parlamentolararasi-dostluk-grubu-baskani-ak-parti-konya-milletvekili-erdemin-kizinin-dugunune-katildi\/#primaryimage"},"image":{"@id":"https:\/\/kuzeyinsesi.org\/index.php\/2024\/09\/22\/tatar-tc-kktc-parlamentolararasi-dostluk-grubu-baskani-ak-parti-konya-milletvekili-erdemin-kizinin-dugunune-katildi\/#primaryimage"},"thumbnailUrl":"https:\/\/kuzeyinsesi.org\/wp-content\/uploads\/2024\/09\/Untitled.png","datePublished":"2024-09-22T15:22:13+00:00","author":{"@id":"https:\/\/kuzeyinsesi.org\/#\/schema\/person\/9f859689cdf01485597712386e37f5aa"},"breadcrumb":{"@id":"https:\/\/kuzeyinsesi.org\/index.php\/2024\/09\/22\/tatar-tc-kktc-parlamentolararasi-dostluk-grubu-baskani-ak-parti-konya-milletvekili-erdemin-kizinin-dugunune-katildi\/#breadcrumb"},"inLanguage":"tr","potentialAction":[{"@type":"ReadAction","target":["https:\/\/kuzeyinsesi.org\/index.php\/2024\/09\/22\/tatar-tc-kktc-parlamentolararasi-dostluk-grubu-baskani-ak-parti-konya-milletvekili-erdemin-kizinin-dugunune-katildi\/"]}]},{"@type":"ImageObject","inLanguage":"tr","@id":"https:\/\/kuzeyinsesi.org\/index.php\/2024\/09\/22\/tatar-tc-kktc-parlamentolararasi-dostluk-grubu-baskani-ak-parti-konya-milletvekili-erdemin-kizinin-dugunune-katildi\/#primaryimage","url":"https:\/\/kuzeyinsesi.org\/wp-content\/uploads\/2024\/09\/Untitled.png","contentUrl":"https:\/\/kuzeyinsesi.org\/wp-content\/uploads\/2024\/09\/Untitled.png","width":1023,"height":515},{"@type":"BreadcrumbList","@id":"https:\/\/kuzeyinsesi.org\/index.php\/2024\/09\/22\/tatar-tc-kktc-parlamentolararasi-dostluk-grubu-baskani-ak-parti-konya-milletvekili-erdemin-kizinin-dugunune-katildi\/#breadcrumb","itemListElement":[{"@type":"ListItem","position":1,"name":"Anasayfa","item":"https:\/\/kuzeyinsesi.org\/"},{"@type":"ListItem","position":2,"name":"Tatar, TC KKTC Parlamentolararas\u0131 Dostluk Grubu Ba\u015fkan\u0131 Ak Parti Konya Milletvekili Erdem\u2019in k\u0131z\u0131n\u0131n d\u00fc\u011f\u00fcn\u00fcne kat\u0131ld\u0131"}]},{"@type":"WebSite","@id":"https:\/\/kuzeyinsesi.org\/#website","url":"https:\/\/kuzeyinsesi.org\/","name":"Kuzeyin Sesi","description":"Do\u011fru Haberin Adresi","potentialAction":[{"@type":"SearchAction","target":{"@type":"EntryPoint","urlTemplate":"https:\/\/kuzeyinsesi.org\/?s={search_term_string}"},"query-input":{"@type":"PropertyValueSpecification","valueRequired":true,"valueName":"search_term_string"}}],"inLanguage":"tr"},{"@type":"Person","@id":"https:\/\/kuzeyinsesi.org\/#\/schema\/person\/9f859689cdf01485597712386e37f5aa","name":"Kuzeyin Sesi","image":{"@type":"ImageObject","inLanguage":"tr","@id":"https:\/\/secure.gravatar.com\/avatar\/bab33852abfd8b282518d6ed81826833d77c3c882d9ab608add591ccace47a44?s=96&d=mm&r=g","url":"https:\/\/secure.gravatar.com\/avatar\/bab33852abfd8b282518d6ed81826833d77c3c882d9ab608add591ccace47a44?s=96&d=mm&r=g","contentUrl":"https:\/\/secure.gravatar.com\/avatar\/bab33852abfd8b282518d6ed81826833d77c3c882d9ab608add591ccace47a44?s=96&d=mm&r=g","caption":"Kuzeyin Sesi"},"sameAs":["https:\/\/kuzeyinsesi.org"],"url":"https:\/\/kuzeyinsesi.org\/index.php\/author\/guven\/"}]}},"_links":{"self":[{"href":"https:\/\/kuzeyinsesi.org\/index.php\/wp-json\/wp\/v2\/posts\/10239","targetHints":{"allow":["GET"]}}],"collection":[{"href":"https:\/\/kuzeyinsesi.org\/index.php\/wp-json\/wp\/v2\/posts"}],"about":[{"href":"https:\/\/kuzeyinsesi.org\/index.php\/wp-json\/wp\/v2\/types\/post"}],"author":[{"embeddable":true,"href":"https:\/\/kuzeyinsesi.org\/index.php\/wp-json\/wp\/v2\/users\/1"}],"replies":[{"embeddable":true,"href":"https:\/\/kuzeyinsesi.org\/index.php\/wp-json\/wp\/v2\/comments?post=10239"}],"version-history":[{"count":0,"href":"https:\/\/kuzeyinsesi.org\/index.php\/wp-json\/wp\/v2\/posts\/10239\/revisions"}],"wp:featuredmedia":[{"embeddable":true,"href":"https:\/\/kuzeyinsesi.org\/index.php\/wp-json\/wp\/v2\/media\/10240"}],"wp:attachment":[{"href":"https:\/\/kuzeyinsesi.org\/index.php\/wp-json\/wp\/v2\/media?parent=10239"}],"wp:term":[{"taxonomy":"category","embeddable":true,"href":"https:\/\/kuzeyinsesi.org\/index.php\/wp-json\/wp\/v2\/categories?post=10239"},{"taxonomy":"post_tag","embeddable":true,"href":"https:\/\/kuzeyinsesi.org\/index.php\/wp-json\/wp\/v2\/tags?post=10239"}],"curies":[{"name":"wp","href":"https:\/\/api.w.org\/{rel}","templated":true}]}}