{"id":10237,"date":"2024-09-22T16:50:46","date_gmt":"2024-09-22T13:50:46","guid":{"rendered":"https:\/\/kuzeyinsesi.org\/index.php\/2024\/09\/22\/emegimle-uretiyorum-gulumseyin-cekiyorum-fotograf-yarismasi-odulleri-sahiplerini-buldu\/"},"modified":"2024-09-22T16:50:46","modified_gmt":"2024-09-22T13:50:46","slug":"emegimle-uretiyorum-gulumseyin-cekiyorum-fotograf-yarismasi-odulleri-sahiplerini-buldu","status":"publish","type":"post","link":"https:\/\/kuzeyinsesi.org\/index.php\/2024\/09\/22\/emegimle-uretiyorum-gulumseyin-cekiyorum-fotograf-yarismasi-odulleri-sahiplerini-buldu\/","title":{"rendered":"\u201cEme\u011fimle \u00dcretiyorum G\u00fcl\u00fcmseyin \u00c7ekiyorum\u201d foto\u011fraf yar\u0131\u015fmas\u0131 \u00f6d\u00fclleri sahiplerini buldu"},"content":{"rendered":"<div>\n<div class=\"mariselle-image-container center\">\n                                            <\/div>\n<p>K\u0131br\u0131s T\u00fcrk \u00c7ift\u00e7iler Birli\u011fi ve Creditwest Bank i\u015f birli\u011finde bu y\u0131l ikincisi yap\u0131lan \u201cEme\u011fimle \u00dcretiyorum G\u00fcl\u00fcmseyin \u00c7ekiyorum\u201d adl\u0131 foto\u011fraf yar\u0131\u015fmas\u0131 \u00f6d\u00fclleri sahiplerini buldu.<\/p>\n<p>Bankadan yap\u0131lan a\u00e7\u0131klamaya g\u00f6re, foto\u011fraf yar\u0131\u015fmas\u0131n\u0131n sonu\u00e7lar\u0131 Creditwest Bank Genel M\u00fcd\u00fcrl\u00fc\u011f\u00fc\u2019nde d\u00fczenlenen t\u00f6renle a\u00e7\u0131kland\u0131. J\u00fcri taraf\u0131ndan kat\u0131l\u0131mc\u0131lar\u0131n foto\u011fraflar\u0131n\u0131n de\u011ferlendi\u011fi yar\u0131\u015fmada, ilk 12\u2019ye kalan finalistlerden; birincilik \u00f6d\u00fcl\u00fc (25 bin TL) \u015eerif \u00d6zege\u2019ye, ikincilik \u00f6d\u00fcl\u00fc (15 bin TL)  \u015eaziye Kofal\u0131 T\u00fcrk\u2019e, \u00fc\u00e7\u00fcnc\u00fcl\u00fck \u00f6d\u00fcl\u00fc (10 bin TL) Osman Konya\u2019ya; mansiyon \u00f6d\u00fclleri (7 bin 500 TL ve 5 bin TL) Cem Cengiz ve Nejla \u015eahan\u2019a verildi.  \u00dcreticilerin 165 foto\u011frafla kat\u0131ld\u0131\u011f\u0131 yar\u0131\u015fmada, ilk 12\u2019ye kalan \u00fcreticilere te\u015fekk\u00fcr plaketi ve \u00e7ektikleri foto\u011fraflar \u00e7er\u00e7eveletip hediye olarak takdim edildi. A\u00e7\u0131klamada, finalistlerin foto\u011fraflar\u0131n\u0131n Creditwest Bank\u2019\u0131n 2025 takviminde yer alaca\u011f\u0131 da belirtildi.<\/p>\n<p>K\u0131br\u0131s T\u00fcrk \u00c7ift\u00e7iler Birli\u011fi Ba\u015fkan\u0131 Mehmet Nizam, \u201c\u00fcreticili\u011fin bir varolu\u015f bi\u00e7imi\u201d oldu\u011funu ifade ederek, yar\u0131\u015fmaya kat\u0131lan t\u00fcm kat\u0131l\u0131mc\u0131lara te\u015fekk\u00fcr etti.<\/p>\n<p>Foto\u011fraf Sanat\u00e7\u0131s\u0131 Y\u0131ltan Ta\u015f\u00e7\u0131 ise bu t\u00fcr etkinliklerin, sanat\u0131n ve \u00fcretimin \u00f6nemini ortaya koydu\u011funu belirterek, bu t\u00fcr yar\u0131\u015fmalar\u0131n devam etmesi temennisini dile getirdi.<\/p>\n<p>Creditwest Bank Genel M\u00fcd\u00fcr\u00fc Mazher Zaheer, projenin \u00fcretim ve sanat\u0131 ba\u015far\u0131yla bir araya getirdi\u011fini ifade ederek t\u00fcm kat\u0131l\u0131mc\u0131lara te\u015fekk\u00fcrlerini iletti.<\/p>\n<\/p><\/div>\n<p><script async\n                    defer\n                    crossorigin=\"anonymous\"\n                    src=\"https:\/\/connect.facebook.net\/tr_TR\/sdk.js#xfbml=1&#038;version=v3.3\"\n            ><\/script><\/p>\n","protected":false},"excerpt":{"rendered":"<p>K\u0131br\u0131s T\u00fcrk \u00c7ift\u00e7iler Birli\u011fi ve Creditwest Bank i\u015f birli\u011finde bu y\u0131l ikincisi yap\u0131lan \u201cEme\u011fimle \u00dcretiyorum G\u00fcl\u00fcmseyin \u00c7ekiyorum\u201d adl\u0131 foto\u011fraf yar\u0131\u015fmas\u0131 \u00f6d\u00fclleri sahiplerini buldu. Bankadan yap\u0131lan a\u00e7\u0131klamaya g\u00f6re, foto\u011fraf yar\u0131\u015fmas\u0131n\u0131n sonu\u00e7lar\u0131 Creditwest Bank Genel M\u00fcd\u00fcrl\u00fc\u011f\u00fc\u2019nde d\u00fczenlenen t\u00f6renle a\u00e7\u0131kland\u0131. J\u00fcri taraf\u0131ndan kat\u0131l\u0131mc\u0131lar\u0131n foto\u011fraflar\u0131n\u0131n de\u011ferlendi\u011fi yar\u0131\u015fmada, ilk 12\u2019ye kalan finalistlerden; birincilik \u00f6d\u00fcl\u00fc (25 bin TL) \u015eerif \u00d6zege\u2019ye, ikincilik [&hellip;]<\/p>\n","protected":false},"author":1,"featured_media":10238,"comment_status":"open","ping_status":"open","sticky":false,"template":"","format":"standard","meta":{"jnews-multi-image_gallery":[],"jnews_single_post":[],"jnews_primary_category":[],"jnews_social_meta":[],"jnews_override_counter":[],"footnotes":""},"categories":[6],"tags":[],"class_list":["post-10237","post","type-post","status-publish","format-standard","has-post-thumbnail","hentry","category-yasam"],"yoast_head":"<!-- This site is optimized with the Yoast SEO plugin v27.5 - https:\/\/yoast.com\/product\/yoast-seo-wordpress\/ -->\n<title>\u201cEme\u011fimle \u00dcretiyorum G\u00fcl\u00fcmseyin \u00c7ekiyorum\u201d foto\u011fraf yar\u0131\u015fmas\u0131 \u00f6d\u00fclleri sahiplerini buldu - Kuzeyin Sesi<\/title>\n<meta name=\"robots\" content=\"index, follow, max-snippet:-1, max-image-preview:large, max-video-preview:-1\" \/>\n<link rel=\"canonical\" href=\"https:\/\/kuzeyinsesi.org\/index.php\/2024\/09\/22\/emegimle-uretiyorum-gulumseyin-cekiyorum-fotograf-yarismasi-odulleri-sahiplerini-buldu\/\" \/>\n<meta property=\"og:locale\" content=\"tr_TR\" \/>\n<meta property=\"og:type\" content=\"article\" \/>\n<meta property=\"og:title\" content=\"\u201cEme\u011fimle \u00dcretiyorum G\u00fcl\u00fcmseyin \u00c7ekiyorum\u201d foto\u011fraf yar\u0131\u015fmas\u0131 \u00f6d\u00fclleri sahiplerini buldu - Kuzeyin Sesi\" \/>\n<meta property=\"og:description\" content=\"K\u0131br\u0131s T\u00fcrk \u00c7ift\u00e7iler Birli\u011fi ve Creditwest Bank i\u015f birli\u011finde bu y\u0131l ikincisi yap\u0131lan \u201cEme\u011fimle \u00dcretiyorum G\u00fcl\u00fcmseyin \u00c7ekiyorum\u201d adl\u0131 foto\u011fraf yar\u0131\u015fmas\u0131 \u00f6d\u00fclleri sahiplerini buldu. Bankadan yap\u0131lan a\u00e7\u0131klamaya g\u00f6re, foto\u011fraf yar\u0131\u015fmas\u0131n\u0131n sonu\u00e7lar\u0131 Creditwest Bank Genel M\u00fcd\u00fcrl\u00fc\u011f\u00fc\u2019nde d\u00fczenlenen t\u00f6renle a\u00e7\u0131kland\u0131. J\u00fcri taraf\u0131ndan kat\u0131l\u0131mc\u0131lar\u0131n foto\u011fraflar\u0131n\u0131n de\u011ferlendi\u011fi yar\u0131\u015fmada, ilk 12\u2019ye kalan finalistlerden; birincilik \u00f6d\u00fcl\u00fc (25 bin TL) \u015eerif \u00d6zege\u2019ye, ikincilik [&hellip;]\" \/>\n<meta property=\"og:url\" content=\"https:\/\/kuzeyinsesi.org\/index.php\/2024\/09\/22\/emegimle-uretiyorum-gulumseyin-cekiyorum-fotograf-yarismasi-odulleri-sahiplerini-buldu\/\" \/>\n<meta property=\"og:site_name\" content=\"Kuzeyin Sesi\" \/>\n<meta property=\"article:publisher\" content=\"https:\/\/www.facebook.com\/kuzeyinsesii\" \/>\n<meta property=\"article:published_time\" content=\"2024-09-22T13:50:46+00:00\" \/>\n<meta property=\"og:image\" content=\"https:\/\/brtk.net\/wp-content\/uploads\/2024\/09\/22\/birincilik-odulu-serif-ozege.jpg?ver=4b0c891bde9178e63724ce763ac50cce\" \/>\n<meta name=\"author\" content=\"Kuzeyin Sesi\" \/>\n<meta name=\"twitter:card\" content=\"summary_large_image\" \/>\n<meta name=\"twitter:creator\" content=\"@kuzeyinsesii\" \/>\n<meta name=\"twitter:site\" content=\"@kuzeyinsesii\" \/>\n<meta name=\"twitter:label1\" content=\"Yazan:\" \/>\n\t<meta name=\"twitter:data1\" content=\"Kuzeyin Sesi\" \/>\n\t<meta name=\"twitter:label2\" content=\"Tahmini okuma s\u00fcresi\" \/>\n\t<meta name=\"twitter:data2\" content=\"1 dakika\" \/>\n<script type=\"application\/ld+json\" class=\"yoast-schema-graph\">{\"@context\":\"https:\\\/\\\/schema.org\",\"@graph\":[{\"@type\":\"Article\",\"@id\":\"https:\\\/\\\/kuzeyinsesi.org\\\/index.php\\\/2024\\\/09\\\/22\\\/emegimle-uretiyorum-gulumseyin-cekiyorum-fotograf-yarismasi-odulleri-sahiplerini-buldu\\\/#article\",\"isPartOf\":{\"@id\":\"https:\\\/\\\/kuzeyinsesi.org\\\/index.php\\\/2024\\\/09\\\/22\\\/emegimle-uretiyorum-gulumseyin-cekiyorum-fotograf-yarismasi-odulleri-sahiplerini-buldu\\\/\"},\"author\":{\"name\":\"Kuzeyin Sesi\",\"@id\":\"https:\\\/\\\/kuzeyinsesi.org\\\/#\\\/schema\\\/person\\\/9f859689cdf01485597712386e37f5aa\"},\"headline\":\"\u201cEme\u011fimle \u00dcretiyorum G\u00fcl\u00fcmseyin \u00c7ekiyorum\u201d foto\u011fraf yar\u0131\u015fmas\u0131 \u00f6d\u00fclleri sahiplerini buldu\",\"datePublished\":\"2024-09-22T13:50:46+00:00\",\"mainEntityOfPage\":{\"@id\":\"https:\\\/\\\/kuzeyinsesi.org\\\/index.php\\\/2024\\\/09\\\/22\\\/emegimle-uretiyorum-gulumseyin-cekiyorum-fotograf-yarismasi-odulleri-sahiplerini-buldu\\\/\"},\"wordCount\":285,\"commentCount\":0,\"image\":{\"@id\":\"https:\\\/\\\/kuzeyinsesi.org\\\/index.php\\\/2024\\\/09\\\/22\\\/emegimle-uretiyorum-gulumseyin-cekiyorum-fotograf-yarismasi-odulleri-sahiplerini-buldu\\\/#primaryimage\"},\"thumbnailUrl\":\"https:\\\/\\\/kuzeyinsesi.org\\\/wp-content\\\/uploads\\\/2024\\\/09\\\/birincilik-odulu-serif-ozege.jpg\",\"articleSection\":[\"Ya\u015fam\"],\"inLanguage\":\"tr\",\"potentialAction\":[{\"@type\":\"CommentAction\",\"name\":\"Comment\",\"target\":[\"https:\\\/\\\/kuzeyinsesi.org\\\/index.php\\\/2024\\\/09\\\/22\\\/emegimle-uretiyorum-gulumseyin-cekiyorum-fotograf-yarismasi-odulleri-sahiplerini-buldu\\\/#respond\"]}]},{\"@type\":\"WebPage\",\"@id\":\"https:\\\/\\\/kuzeyinsesi.org\\\/index.php\\\/2024\\\/09\\\/22\\\/emegimle-uretiyorum-gulumseyin-cekiyorum-fotograf-yarismasi-odulleri-sahiplerini-buldu\\\/\",\"url\":\"https:\\\/\\\/kuzeyinsesi.org\\\/index.php\\\/2024\\\/09\\\/22\\\/emegimle-uretiyorum-gulumseyin-cekiyorum-fotograf-yarismasi-odulleri-sahiplerini-buldu\\\/\",\"name\":\"\u201cEme\u011fimle \u00dcretiyorum G\u00fcl\u00fcmseyin \u00c7ekiyorum\u201d foto\u011fraf yar\u0131\u015fmas\u0131 \u00f6d\u00fclleri sahiplerini buldu - Kuzeyin Sesi\",\"isPartOf\":{\"@id\":\"https:\\\/\\\/kuzeyinsesi.org\\\/#website\"},\"primaryImageOfPage\":{\"@id\":\"https:\\\/\\\/kuzeyinsesi.org\\\/index.php\\\/2024\\\/09\\\/22\\\/emegimle-uretiyorum-gulumseyin-cekiyorum-fotograf-yarismasi-odulleri-sahiplerini-buldu\\\/#primaryimage\"},\"image\":{\"@id\":\"https:\\\/\\\/kuzeyinsesi.org\\\/index.php\\\/2024\\\/09\\\/22\\\/emegimle-uretiyorum-gulumseyin-cekiyorum-fotograf-yarismasi-odulleri-sahiplerini-buldu\\\/#primaryimage\"},\"thumbnailUrl\":\"https:\\\/\\\/kuzeyinsesi.org\\\/wp-content\\\/uploads\\\/2024\\\/09\\\/birincilik-odulu-serif-ozege.jpg\",\"datePublished\":\"2024-09-22T13:50:46+00:00\",\"author\":{\"@id\":\"https:\\\/\\\/kuzeyinsesi.org\\\/#\\\/schema\\\/person\\\/9f859689cdf01485597712386e37f5aa\"},\"breadcrumb\":{\"@id\":\"https:\\\/\\\/kuzeyinsesi.org\\\/index.php\\\/2024\\\/09\\\/22\\\/emegimle-uretiyorum-gulumseyin-cekiyorum-fotograf-yarismasi-odulleri-sahiplerini-buldu\\\/#breadcrumb\"},\"inLanguage\":\"tr\",\"potentialAction\":[{\"@type\":\"ReadAction\",\"target\":[\"https:\\\/\\\/kuzeyinsesi.org\\\/index.php\\\/2024\\\/09\\\/22\\\/emegimle-uretiyorum-gulumseyin-cekiyorum-fotograf-yarismasi-odulleri-sahiplerini-buldu\\\/\"]}]},{\"@type\":\"ImageObject\",\"inLanguage\":\"tr\",\"@id\":\"https:\\\/\\\/kuzeyinsesi.org\\\/index.php\\\/2024\\\/09\\\/22\\\/emegimle-uretiyorum-gulumseyin-cekiyorum-fotograf-yarismasi-odulleri-sahiplerini-buldu\\\/#primaryimage\",\"url\":\"https:\\\/\\\/kuzeyinsesi.org\\\/wp-content\\\/uploads\\\/2024\\\/09\\\/birincilik-odulu-serif-ozege.jpg\",\"contentUrl\":\"https:\\\/\\\/kuzeyinsesi.org\\\/wp-content\\\/uploads\\\/2024\\\/09\\\/birincilik-odulu-serif-ozege.jpg\",\"width\":2359,\"height\":1922},{\"@type\":\"BreadcrumbList\",\"@id\":\"https:\\\/\\\/kuzeyinsesi.org\\\/index.php\\\/2024\\\/09\\\/22\\\/emegimle-uretiyorum-gulumseyin-cekiyorum-fotograf-yarismasi-odulleri-sahiplerini-buldu\\\/#breadcrumb\",\"itemListElement\":[{\"@type\":\"ListItem\",\"position\":1,\"name\":\"Anasayfa\",\"item\":\"https:\\\/\\\/kuzeyinsesi.org\\\/\"},{\"@type\":\"ListItem\",\"position\":2,\"name\":\"\u201cEme\u011fimle \u00dcretiyorum G\u00fcl\u00fcmseyin \u00c7ekiyorum\u201d foto\u011fraf yar\u0131\u015fmas\u0131 \u00f6d\u00fclleri sahiplerini buldu\"}]},{\"@type\":\"WebSite\",\"@id\":\"https:\\\/\\\/kuzeyinsesi.org\\\/#website\",\"url\":\"https:\\\/\\\/kuzeyinsesi.org\\\/\",\"name\":\"Kuzeyin Sesi\",\"description\":\"Do\u011fru Haberin Adresi\",\"potentialAction\":[{\"@type\":\"SearchAction\",\"target\":{\"@type\":\"EntryPoint\",\"urlTemplate\":\"https:\\\/\\\/kuzeyinsesi.org\\\/?s={search_term_string}\"},\"query-input\":{\"@type\":\"PropertyValueSpecification\",\"valueRequired\":true,\"valueName\":\"search_term_string\"}}],\"inLanguage\":\"tr\"},{\"@type\":\"Person\",\"@id\":\"https:\\\/\\\/kuzeyinsesi.org\\\/#\\\/schema\\\/person\\\/9f859689cdf01485597712386e37f5aa\",\"name\":\"Kuzeyin Sesi\",\"image\":{\"@type\":\"ImageObject\",\"inLanguage\":\"tr\",\"@id\":\"https:\\\/\\\/secure.gravatar.com\\\/avatar\\\/bab33852abfd8b282518d6ed81826833d77c3c882d9ab608add591ccace47a44?s=96&d=mm&r=g\",\"url\":\"https:\\\/\\\/secure.gravatar.com\\\/avatar\\\/bab33852abfd8b282518d6ed81826833d77c3c882d9ab608add591ccace47a44?s=96&d=mm&r=g\",\"contentUrl\":\"https:\\\/\\\/secure.gravatar.com\\\/avatar\\\/bab33852abfd8b282518d6ed81826833d77c3c882d9ab608add591ccace47a44?s=96&d=mm&r=g\",\"caption\":\"Kuzeyin Sesi\"},\"sameAs\":[\"https:\\\/\\\/kuzeyinsesi.org\"],\"url\":\"https:\\\/\\\/kuzeyinsesi.org\\\/index.php\\\/author\\\/guven\\\/\"}]}<\/script>\n<!-- \/ Yoast SEO plugin. -->","yoast_head_json":{"title":"\u201cEme\u011fimle \u00dcretiyorum G\u00fcl\u00fcmseyin \u00c7ekiyorum\u201d foto\u011fraf yar\u0131\u015fmas\u0131 \u00f6d\u00fclleri sahiplerini buldu - Kuzeyin Sesi","robots":{"index":"index","follow":"follow","max-snippet":"max-snippet:-1","max-image-preview":"max-image-preview:large","max-video-preview":"max-video-preview:-1"},"canonical":"https:\/\/kuzeyinsesi.org\/index.php\/2024\/09\/22\/emegimle-uretiyorum-gulumseyin-cekiyorum-fotograf-yarismasi-odulleri-sahiplerini-buldu\/","og_locale":"tr_TR","og_type":"article","og_title":"\u201cEme\u011fimle \u00dcretiyorum G\u00fcl\u00fcmseyin \u00c7ekiyorum\u201d foto\u011fraf yar\u0131\u015fmas\u0131 \u00f6d\u00fclleri sahiplerini buldu - Kuzeyin Sesi","og_description":"K\u0131br\u0131s T\u00fcrk \u00c7ift\u00e7iler Birli\u011fi ve Creditwest Bank i\u015f birli\u011finde bu y\u0131l ikincisi yap\u0131lan \u201cEme\u011fimle \u00dcretiyorum G\u00fcl\u00fcmseyin \u00c7ekiyorum\u201d adl\u0131 foto\u011fraf yar\u0131\u015fmas\u0131 \u00f6d\u00fclleri sahiplerini buldu. Bankadan yap\u0131lan a\u00e7\u0131klamaya g\u00f6re, foto\u011fraf yar\u0131\u015fmas\u0131n\u0131n sonu\u00e7lar\u0131 Creditwest Bank Genel M\u00fcd\u00fcrl\u00fc\u011f\u00fc\u2019nde d\u00fczenlenen t\u00f6renle a\u00e7\u0131kland\u0131. J\u00fcri taraf\u0131ndan kat\u0131l\u0131mc\u0131lar\u0131n foto\u011fraflar\u0131n\u0131n de\u011ferlendi\u011fi yar\u0131\u015fmada, ilk 12\u2019ye kalan finalistlerden; birincilik \u00f6d\u00fcl\u00fc (25 bin TL) \u015eerif \u00d6zege\u2019ye, ikincilik [&hellip;]","og_url":"https:\/\/kuzeyinsesi.org\/index.php\/2024\/09\/22\/emegimle-uretiyorum-gulumseyin-cekiyorum-fotograf-yarismasi-odulleri-sahiplerini-buldu\/","og_site_name":"Kuzeyin Sesi","article_publisher":"https:\/\/www.facebook.com\/kuzeyinsesii","article_published_time":"2024-09-22T13:50:46+00:00","og_image":[{"url":"https:\/\/brtk.net\/wp-content\/uploads\/2024\/09\/22\/birincilik-odulu-serif-ozege.jpg?ver=4b0c891bde9178e63724ce763ac50cce","type":"","width":"","height":""}],"author":"Kuzeyin Sesi","twitter_card":"summary_large_image","twitter_creator":"@kuzeyinsesii","twitter_site":"@kuzeyinsesii","twitter_misc":{"Yazan:":"Kuzeyin Sesi","Tahmini okuma s\u00fcresi":"1 dakika"},"schema":{"@context":"https:\/\/schema.org","@graph":[{"@type":"Article","@id":"https:\/\/kuzeyinsesi.org\/index.php\/2024\/09\/22\/emegimle-uretiyorum-gulumseyin-cekiyorum-fotograf-yarismasi-odulleri-sahiplerini-buldu\/#article","isPartOf":{"@id":"https:\/\/kuzeyinsesi.org\/index.php\/2024\/09\/22\/emegimle-uretiyorum-gulumseyin-cekiyorum-fotograf-yarismasi-odulleri-sahiplerini-buldu\/"},"author":{"name":"Kuzeyin Sesi","@id":"https:\/\/kuzeyinsesi.org\/#\/schema\/person\/9f859689cdf01485597712386e37f5aa"},"headline":"\u201cEme\u011fimle \u00dcretiyorum G\u00fcl\u00fcmseyin \u00c7ekiyorum\u201d foto\u011fraf yar\u0131\u015fmas\u0131 \u00f6d\u00fclleri sahiplerini buldu","datePublished":"2024-09-22T13:50:46+00:00","mainEntityOfPage":{"@id":"https:\/\/kuzeyinsesi.org\/index.php\/2024\/09\/22\/emegimle-uretiyorum-gulumseyin-cekiyorum-fotograf-yarismasi-odulleri-sahiplerini-buldu\/"},"wordCount":285,"commentCount":0,"image":{"@id":"https:\/\/kuzeyinsesi.org\/index.php\/2024\/09\/22\/emegimle-uretiyorum-gulumseyin-cekiyorum-fotograf-yarismasi-odulleri-sahiplerini-buldu\/#primaryimage"},"thumbnailUrl":"https:\/\/kuzeyinsesi.org\/wp-content\/uploads\/2024\/09\/birincilik-odulu-serif-ozege.jpg","articleSection":["Ya\u015fam"],"inLanguage":"tr","potentialAction":[{"@type":"CommentAction","name":"Comment","target":["https:\/\/kuzeyinsesi.org\/index.php\/2024\/09\/22\/emegimle-uretiyorum-gulumseyin-cekiyorum-fotograf-yarismasi-odulleri-sahiplerini-buldu\/#respond"]}]},{"@type":"WebPage","@id":"https:\/\/kuzeyinsesi.org\/index.php\/2024\/09\/22\/emegimle-uretiyorum-gulumseyin-cekiyorum-fotograf-yarismasi-odulleri-sahiplerini-buldu\/","url":"https:\/\/kuzeyinsesi.org\/index.php\/2024\/09\/22\/emegimle-uretiyorum-gulumseyin-cekiyorum-fotograf-yarismasi-odulleri-sahiplerini-buldu\/","name":"\u201cEme\u011fimle \u00dcretiyorum G\u00fcl\u00fcmseyin \u00c7ekiyorum\u201d foto\u011fraf yar\u0131\u015fmas\u0131 \u00f6d\u00fclleri sahiplerini buldu - Kuzeyin Sesi","isPartOf":{"@id":"https:\/\/kuzeyinsesi.org\/#website"},"primaryImageOfPage":{"@id":"https:\/\/kuzeyinsesi.org\/index.php\/2024\/09\/22\/emegimle-uretiyorum-gulumseyin-cekiyorum-fotograf-yarismasi-odulleri-sahiplerini-buldu\/#primaryimage"},"image":{"@id":"https:\/\/kuzeyinsesi.org\/index.php\/2024\/09\/22\/emegimle-uretiyorum-gulumseyin-cekiyorum-fotograf-yarismasi-odulleri-sahiplerini-buldu\/#primaryimage"},"thumbnailUrl":"https:\/\/kuzeyinsesi.org\/wp-content\/uploads\/2024\/09\/birincilik-odulu-serif-ozege.jpg","datePublished":"2024-09-22T13:50:46+00:00","author":{"@id":"https:\/\/kuzeyinsesi.org\/#\/schema\/person\/9f859689cdf01485597712386e37f5aa"},"breadcrumb":{"@id":"https:\/\/kuzeyinsesi.org\/index.php\/2024\/09\/22\/emegimle-uretiyorum-gulumseyin-cekiyorum-fotograf-yarismasi-odulleri-sahiplerini-buldu\/#breadcrumb"},"inLanguage":"tr","potentialAction":[{"@type":"ReadAction","target":["https:\/\/kuzeyinsesi.org\/index.php\/2024\/09\/22\/emegimle-uretiyorum-gulumseyin-cekiyorum-fotograf-yarismasi-odulleri-sahiplerini-buldu\/"]}]},{"@type":"ImageObject","inLanguage":"tr","@id":"https:\/\/kuzeyinsesi.org\/index.php\/2024\/09\/22\/emegimle-uretiyorum-gulumseyin-cekiyorum-fotograf-yarismasi-odulleri-sahiplerini-buldu\/#primaryimage","url":"https:\/\/kuzeyinsesi.org\/wp-content\/uploads\/2024\/09\/birincilik-odulu-serif-ozege.jpg","contentUrl":"https:\/\/kuzeyinsesi.org\/wp-content\/uploads\/2024\/09\/birincilik-odulu-serif-ozege.jpg","width":2359,"height":1922},{"@type":"BreadcrumbList","@id":"https:\/\/kuzeyinsesi.org\/index.php\/2024\/09\/22\/emegimle-uretiyorum-gulumseyin-cekiyorum-fotograf-yarismasi-odulleri-sahiplerini-buldu\/#breadcrumb","itemListElement":[{"@type":"ListItem","position":1,"name":"Anasayfa","item":"https:\/\/kuzeyinsesi.org\/"},{"@type":"ListItem","position":2,"name":"\u201cEme\u011fimle \u00dcretiyorum G\u00fcl\u00fcmseyin \u00c7ekiyorum\u201d foto\u011fraf yar\u0131\u015fmas\u0131 \u00f6d\u00fclleri sahiplerini buldu"}]},{"@type":"WebSite","@id":"https:\/\/kuzeyinsesi.org\/#website","url":"https:\/\/kuzeyinsesi.org\/","name":"Kuzeyin Sesi","description":"Do\u011fru Haberin Adresi","potentialAction":[{"@type":"SearchAction","target":{"@type":"EntryPoint","urlTemplate":"https:\/\/kuzeyinsesi.org\/?s={search_term_string}"},"query-input":{"@type":"PropertyValueSpecification","valueRequired":true,"valueName":"search_term_string"}}],"inLanguage":"tr"},{"@type":"Person","@id":"https:\/\/kuzeyinsesi.org\/#\/schema\/person\/9f859689cdf01485597712386e37f5aa","name":"Kuzeyin Sesi","image":{"@type":"ImageObject","inLanguage":"tr","@id":"https:\/\/secure.gravatar.com\/avatar\/bab33852abfd8b282518d6ed81826833d77c3c882d9ab608add591ccace47a44?s=96&d=mm&r=g","url":"https:\/\/secure.gravatar.com\/avatar\/bab33852abfd8b282518d6ed81826833d77c3c882d9ab608add591ccace47a44?s=96&d=mm&r=g","contentUrl":"https:\/\/secure.gravatar.com\/avatar\/bab33852abfd8b282518d6ed81826833d77c3c882d9ab608add591ccace47a44?s=96&d=mm&r=g","caption":"Kuzeyin Sesi"},"sameAs":["https:\/\/kuzeyinsesi.org"],"url":"https:\/\/kuzeyinsesi.org\/index.php\/author\/guven\/"}]}},"_links":{"self":[{"href":"https:\/\/kuzeyinsesi.org\/index.php\/wp-json\/wp\/v2\/posts\/10237","targetHints":{"allow":["GET"]}}],"collection":[{"href":"https:\/\/kuzeyinsesi.org\/index.php\/wp-json\/wp\/v2\/posts"}],"about":[{"href":"https:\/\/kuzeyinsesi.org\/index.php\/wp-json\/wp\/v2\/types\/post"}],"author":[{"embeddable":true,"href":"https:\/\/kuzeyinsesi.org\/index.php\/wp-json\/wp\/v2\/users\/1"}],"replies":[{"embeddable":true,"href":"https:\/\/kuzeyinsesi.org\/index.php\/wp-json\/wp\/v2\/comments?post=10237"}],"version-history":[{"count":0,"href":"https:\/\/kuzeyinsesi.org\/index.php\/wp-json\/wp\/v2\/posts\/10237\/revisions"}],"wp:featuredmedia":[{"embeddable":true,"href":"https:\/\/kuzeyinsesi.org\/index.php\/wp-json\/wp\/v2\/media\/10238"}],"wp:attachment":[{"href":"https:\/\/kuzeyinsesi.org\/index.php\/wp-json\/wp\/v2\/media?parent=10237"}],"wp:term":[{"taxonomy":"category","embeddable":true,"href":"https:\/\/kuzeyinsesi.org\/index.php\/wp-json\/wp\/v2\/categories?post=10237"},{"taxonomy":"post_tag","embeddable":true,"href":"https:\/\/kuzeyinsesi.org\/index.php\/wp-json\/wp\/v2\/tags?post=10237"}],"curies":[{"name":"wp","href":"https:\/\/api.w.org\/{rel}","templated":true}]}}