{"id":1018,"date":"2024-04-30T15:16:34","date_gmt":"2024-04-30T12:16:34","guid":{"rendered":"https:\/\/kuzeyinsesi.com\/index.php\/2024\/04\/30\/8-haziranda-yapilacak-polis-halk-kosusu-icin-kayitlar-basladi\/"},"modified":"2024-04-30T15:16:34","modified_gmt":"2024-04-30T12:16:34","slug":"8-haziranda-yapilacak-polis-halk-kosusu-icin-kayitlar-basladi","status":"publish","type":"post","link":"https:\/\/kuzeyinsesi.org\/index.php\/2024\/04\/30\/8-haziranda-yapilacak-polis-halk-kosusu-icin-kayitlar-basladi\/","title":{"rendered":"8 Haziran\u2019da yap\u0131lacak Polis Halk Ko\u015fusu i\u00e7in kay\u0131tlar ba\u015flad\u0131"},"content":{"rendered":"<div>\n<div class=\"mariselle-image-container center\">\n                                            <\/div>\n<p>Polis \u00d6rg\u00fct\u00fc\u2019n\u00fcn 60\u2019\u0131nc\u0131 kurulu\u015f y\u0131l d\u00f6n\u00fcm\u00fc nedeniyle d\u00fczenlenecek Polis Halk Ko\u015fusu\u2019na kay\u0131tlar bug\u00fcn ba\u015flad\u0131.<\/p>\n<p>Polis Bas\u0131n Subayl\u0131\u011f\u0131ndan verilen bilgiye g\u00f6re, Lefko\u015fa \u015fehir i\u00e7i g\u00fczergah\u0131nda 8 Haziran Cumartesi g\u00fcn\u00fc yap\u0131lacak 10 kilometrelik ko\u015fu, saat 18.30\u2019da Polis Genel M\u00fcd\u00fcrl\u00fc\u011f\u00fc protokol giri\u015finde ba\u015flayacak ve yine burada tamamlanacak.<\/p>\n<p>Halk ko\u015fusu i\u00e7in belirlenen mesafe 10 kilometre, k\u0131s\u0131tlama s\u00fcresi 1 saat olacak. Yar\u0131\u015fa kat\u0131l\u0131m \u00fccret \u00f6denmeyecek.<\/p>\n<p>Polis Halk Ko\u015fusu\u2019nun genel klasmandaki ya\u015f kategorileri erkeklerde ve kad\u0131nlarda \u201c19-24, 25-29, 30-34, 35-39, 40-44, 45-49, 50-54, 55-59, 60-64 ve 65 ya\u015f \u00fcst\u00fc\u201d olacak. 18 ya\u015f\u0131n alt\u0131ndaki sporcular 10 kilometrelik halk ko\u015fusuna kat\u0131lamayacak.  Ko\u015fu g\u00fczergah\u0131 \u00fczerine 3 ayr\u0131 noktaya su istasyonu kurulacak.<\/p>\n<p>-\u00c7ocuklar i\u00e7in de ko\u015fu d\u00fczenlenecek<\/p>\n<p>\u00d6te yandan 10 kilometrelik yar\u0131\u015ftan sonra saat 19.00\u2019da 3 kilometrelik Halk Ko\u015fusu\/Y\u00fcr\u00fcy\u00fc\u015f d\u00fczenlenecek. Saat 19.30\u2019da ise bir kilometrelik \u00e7ocuk ko\u015fu yap\u0131lacak.<\/p>\n<p>Ko\u015fuda kullan\u0131lacak g\u00f6\u011f\u00fcs numaralar\u0131 7 Haziran Cuma g\u00fcn\u00fc, 14:00 \u2013 18:00 saatleri aras\u0131nda, Lefko\u015fa Atat\u00fcrk Stadyumu\u2019ndaki Atletizm Federasyonu\u2019ndan teslim al\u0131nacak. \u00d6d\u00fcl t\u00f6reni yar\u0131\u015f\u0131n yap\u0131laca\u011f\u0131 8 Haziran g\u00fcn\u00fc saat 20.00\u2019de Polis Genel M\u00fcd\u00fcrl\u00fc\u011f\u00fc\u2019nde olacak.<\/p>\n<p>Ko\u015fu sonunda t\u00fcm sporculara kat\u0131l\u0131m madalyas\u0131 verilecek. Genel klasmanda ilk \u00fc\u00e7e girenlere madalyan\u0131n yan\u0131 s\u0131ra kupa da takdim edilecek.<\/p>\n<p>Kay\u0131t formuna ve ko\u015fu g\u00fczergah\u0131yla ilgili video bilgisine Polis Genel M\u00fcd\u00fcrl\u00fc\u011f\u00fc\u2019n\u00fcn facebook adresi \u00fczerinden de ula\u015f\u0131labilecek.<\/p>\n<\/p><\/div>\n<p><script async\n                    defer\n                    crossorigin=\"anonymous\"\n                    src=\"https:\/\/connect.facebook.net\/tr_TR\/sdk.js#xfbml=1&#038;version=v3.3\"\n            ><\/script><\/p>\n","protected":false},"excerpt":{"rendered":"<p>Polis \u00d6rg\u00fct\u00fc\u2019n\u00fcn 60\u2019\u0131nc\u0131 kurulu\u015f y\u0131l d\u00f6n\u00fcm\u00fc nedeniyle d\u00fczenlenecek Polis Halk Ko\u015fusu\u2019na kay\u0131tlar bug\u00fcn ba\u015flad\u0131. Polis Bas\u0131n Subayl\u0131\u011f\u0131ndan verilen bilgiye g\u00f6re, Lefko\u015fa \u015fehir i\u00e7i g\u00fczergah\u0131nda 8 Haziran Cumartesi g\u00fcn\u00fc yap\u0131lacak 10 kilometrelik ko\u015fu, saat 18.30\u2019da Polis Genel M\u00fcd\u00fcrl\u00fc\u011f\u00fc protokol giri\u015finde ba\u015flayacak ve yine burada tamamlanacak. Halk ko\u015fusu i\u00e7in belirlenen mesafe 10 kilometre, k\u0131s\u0131tlama s\u00fcresi 1 saat [&hellip;]<\/p>\n","protected":false},"author":1,"featured_media":1019,"comment_status":"open","ping_status":"open","sticky":false,"template":"","format":"standard","meta":{"jnews-multi-image_gallery":[],"jnews_single_post":[],"jnews_primary_category":[],"jnews_social_meta":[],"jnews_override_counter":[],"footnotes":""},"categories":[1],"tags":[],"class_list":["post-1018","post","type-post","status-publish","format-standard","has-post-thumbnail","hentry","category-kibris"],"yoast_head":"<!-- This site is optimized with the Yoast SEO plugin v27.5 - https:\/\/yoast.com\/product\/yoast-seo-wordpress\/ -->\n<title>8 Haziran\u2019da yap\u0131lacak Polis Halk Ko\u015fusu i\u00e7in kay\u0131tlar ba\u015flad\u0131 - Kuzeyin Sesi<\/title>\n<meta name=\"robots\" content=\"index, follow, max-snippet:-1, max-image-preview:large, max-video-preview:-1\" \/>\n<link rel=\"canonical\" href=\"https:\/\/kuzeyinsesi.org\/index.php\/2024\/04\/30\/8-haziranda-yapilacak-polis-halk-kosusu-icin-kayitlar-basladi\/\" \/>\n<meta property=\"og:locale\" content=\"tr_TR\" \/>\n<meta property=\"og:type\" content=\"article\" \/>\n<meta property=\"og:title\" content=\"8 Haziran\u2019da yap\u0131lacak Polis Halk Ko\u015fusu i\u00e7in kay\u0131tlar ba\u015flad\u0131 - Kuzeyin Sesi\" \/>\n<meta property=\"og:description\" content=\"Polis \u00d6rg\u00fct\u00fc\u2019n\u00fcn 60\u2019\u0131nc\u0131 kurulu\u015f y\u0131l d\u00f6n\u00fcm\u00fc nedeniyle d\u00fczenlenecek Polis Halk Ko\u015fusu\u2019na kay\u0131tlar bug\u00fcn ba\u015flad\u0131. Polis Bas\u0131n Subayl\u0131\u011f\u0131ndan verilen bilgiye g\u00f6re, Lefko\u015fa \u015fehir i\u00e7i g\u00fczergah\u0131nda 8 Haziran Cumartesi g\u00fcn\u00fc yap\u0131lacak 10 kilometrelik ko\u015fu, saat 18.30\u2019da Polis Genel M\u00fcd\u00fcrl\u00fc\u011f\u00fc protokol giri\u015finde ba\u015flayacak ve yine burada tamamlanacak. Halk ko\u015fusu i\u00e7in belirlenen mesafe 10 kilometre, k\u0131s\u0131tlama s\u00fcresi 1 saat [&hellip;]\" \/>\n<meta property=\"og:url\" content=\"https:\/\/kuzeyinsesi.org\/index.php\/2024\/04\/30\/8-haziranda-yapilacak-polis-halk-kosusu-icin-kayitlar-basladi\/\" \/>\n<meta property=\"og:site_name\" content=\"Kuzeyin Sesi\" \/>\n<meta property=\"article:publisher\" content=\"https:\/\/www.facebook.com\/kuzeyinsesii\" \/>\n<meta property=\"article:published_time\" content=\"2024-04-30T12:16:34+00:00\" \/>\n<meta property=\"og:image\" content=\"https:\/\/kuzeyinsesi.org\/wp-content\/uploads\/2024\/04\/polis-halk-kosusu1.jpg\" \/>\n\t<meta property=\"og:image:width\" content=\"960\" \/>\n\t<meta property=\"og:image:height\" content=\"679\" \/>\n\t<meta property=\"og:image:type\" content=\"image\/jpeg\" \/>\n<meta name=\"author\" content=\"Kuzeyin Sesi\" \/>\n<meta name=\"twitter:card\" content=\"summary_large_image\" \/>\n<meta name=\"twitter:creator\" content=\"@kuzeyinsesii\" \/>\n<meta name=\"twitter:site\" content=\"@kuzeyinsesii\" \/>\n<meta name=\"twitter:label1\" content=\"Yazan:\" \/>\n\t<meta name=\"twitter:data1\" content=\"Kuzeyin Sesi\" \/>\n\t<meta name=\"twitter:label2\" content=\"Tahmini okuma s\u00fcresi\" \/>\n\t<meta name=\"twitter:data2\" content=\"1 dakika\" \/>\n<script type=\"application\/ld+json\" class=\"yoast-schema-graph\">{\"@context\":\"https:\\\/\\\/schema.org\",\"@graph\":[{\"@type\":\"Article\",\"@id\":\"https:\\\/\\\/kuzeyinsesi.org\\\/index.php\\\/2024\\\/04\\\/30\\\/8-haziranda-yapilacak-polis-halk-kosusu-icin-kayitlar-basladi\\\/#article\",\"isPartOf\":{\"@id\":\"https:\\\/\\\/kuzeyinsesi.org\\\/index.php\\\/2024\\\/04\\\/30\\\/8-haziranda-yapilacak-polis-halk-kosusu-icin-kayitlar-basladi\\\/\"},\"author\":{\"name\":\"Kuzeyin Sesi\",\"@id\":\"https:\\\/\\\/kuzeyinsesi.org\\\/#\\\/schema\\\/person\\\/9f859689cdf01485597712386e37f5aa\"},\"headline\":\"8 Haziran\u2019da yap\u0131lacak Polis Halk Ko\u015fusu i\u00e7in kay\u0131tlar ba\u015flad\u0131\",\"datePublished\":\"2024-04-30T12:16:34+00:00\",\"mainEntityOfPage\":{\"@id\":\"https:\\\/\\\/kuzeyinsesi.org\\\/index.php\\\/2024\\\/04\\\/30\\\/8-haziranda-yapilacak-polis-halk-kosusu-icin-kayitlar-basladi\\\/\"},\"wordCount\":283,\"commentCount\":0,\"image\":{\"@id\":\"https:\\\/\\\/kuzeyinsesi.org\\\/index.php\\\/2024\\\/04\\\/30\\\/8-haziranda-yapilacak-polis-halk-kosusu-icin-kayitlar-basladi\\\/#primaryimage\"},\"thumbnailUrl\":\"https:\\\/\\\/kuzeyinsesi.org\\\/wp-content\\\/uploads\\\/2024\\\/04\\\/polis-halk-kosusu1.jpg\",\"articleSection\":[\"K\u0131br\u0131s\"],\"inLanguage\":\"tr\",\"potentialAction\":[{\"@type\":\"CommentAction\",\"name\":\"Comment\",\"target\":[\"https:\\\/\\\/kuzeyinsesi.org\\\/index.php\\\/2024\\\/04\\\/30\\\/8-haziranda-yapilacak-polis-halk-kosusu-icin-kayitlar-basladi\\\/#respond\"]}]},{\"@type\":\"WebPage\",\"@id\":\"https:\\\/\\\/kuzeyinsesi.org\\\/index.php\\\/2024\\\/04\\\/30\\\/8-haziranda-yapilacak-polis-halk-kosusu-icin-kayitlar-basladi\\\/\",\"url\":\"https:\\\/\\\/kuzeyinsesi.org\\\/index.php\\\/2024\\\/04\\\/30\\\/8-haziranda-yapilacak-polis-halk-kosusu-icin-kayitlar-basladi\\\/\",\"name\":\"8 Haziran\u2019da yap\u0131lacak Polis Halk Ko\u015fusu i\u00e7in kay\u0131tlar ba\u015flad\u0131 - Kuzeyin Sesi\",\"isPartOf\":{\"@id\":\"https:\\\/\\\/kuzeyinsesi.org\\\/#website\"},\"primaryImageOfPage\":{\"@id\":\"https:\\\/\\\/kuzeyinsesi.org\\\/index.php\\\/2024\\\/04\\\/30\\\/8-haziranda-yapilacak-polis-halk-kosusu-icin-kayitlar-basladi\\\/#primaryimage\"},\"image\":{\"@id\":\"https:\\\/\\\/kuzeyinsesi.org\\\/index.php\\\/2024\\\/04\\\/30\\\/8-haziranda-yapilacak-polis-halk-kosusu-icin-kayitlar-basladi\\\/#primaryimage\"},\"thumbnailUrl\":\"https:\\\/\\\/kuzeyinsesi.org\\\/wp-content\\\/uploads\\\/2024\\\/04\\\/polis-halk-kosusu1.jpg\",\"datePublished\":\"2024-04-30T12:16:34+00:00\",\"author\":{\"@id\":\"https:\\\/\\\/kuzeyinsesi.org\\\/#\\\/schema\\\/person\\\/9f859689cdf01485597712386e37f5aa\"},\"breadcrumb\":{\"@id\":\"https:\\\/\\\/kuzeyinsesi.org\\\/index.php\\\/2024\\\/04\\\/30\\\/8-haziranda-yapilacak-polis-halk-kosusu-icin-kayitlar-basladi\\\/#breadcrumb\"},\"inLanguage\":\"tr\",\"potentialAction\":[{\"@type\":\"ReadAction\",\"target\":[\"https:\\\/\\\/kuzeyinsesi.org\\\/index.php\\\/2024\\\/04\\\/30\\\/8-haziranda-yapilacak-polis-halk-kosusu-icin-kayitlar-basladi\\\/\"]}]},{\"@type\":\"ImageObject\",\"inLanguage\":\"tr\",\"@id\":\"https:\\\/\\\/kuzeyinsesi.org\\\/index.php\\\/2024\\\/04\\\/30\\\/8-haziranda-yapilacak-polis-halk-kosusu-icin-kayitlar-basladi\\\/#primaryimage\",\"url\":\"https:\\\/\\\/kuzeyinsesi.org\\\/wp-content\\\/uploads\\\/2024\\\/04\\\/polis-halk-kosusu1.jpg\",\"contentUrl\":\"https:\\\/\\\/kuzeyinsesi.org\\\/wp-content\\\/uploads\\\/2024\\\/04\\\/polis-halk-kosusu1.jpg\",\"width\":960,\"height\":679},{\"@type\":\"BreadcrumbList\",\"@id\":\"https:\\\/\\\/kuzeyinsesi.org\\\/index.php\\\/2024\\\/04\\\/30\\\/8-haziranda-yapilacak-polis-halk-kosusu-icin-kayitlar-basladi\\\/#breadcrumb\",\"itemListElement\":[{\"@type\":\"ListItem\",\"position\":1,\"name\":\"Anasayfa\",\"item\":\"https:\\\/\\\/kuzeyinsesi.org\\\/\"},{\"@type\":\"ListItem\",\"position\":2,\"name\":\"8 Haziran\u2019da yap\u0131lacak Polis Halk Ko\u015fusu i\u00e7in kay\u0131tlar ba\u015flad\u0131\"}]},{\"@type\":\"WebSite\",\"@id\":\"https:\\\/\\\/kuzeyinsesi.org\\\/#website\",\"url\":\"https:\\\/\\\/kuzeyinsesi.org\\\/\",\"name\":\"Kuzeyin Sesi\",\"description\":\"Do\u011fru Haberin Adresi\",\"potentialAction\":[{\"@type\":\"SearchAction\",\"target\":{\"@type\":\"EntryPoint\",\"urlTemplate\":\"https:\\\/\\\/kuzeyinsesi.org\\\/?s={search_term_string}\"},\"query-input\":{\"@type\":\"PropertyValueSpecification\",\"valueRequired\":true,\"valueName\":\"search_term_string\"}}],\"inLanguage\":\"tr\"},{\"@type\":\"Person\",\"@id\":\"https:\\\/\\\/kuzeyinsesi.org\\\/#\\\/schema\\\/person\\\/9f859689cdf01485597712386e37f5aa\",\"name\":\"Kuzeyin Sesi\",\"image\":{\"@type\":\"ImageObject\",\"inLanguage\":\"tr\",\"@id\":\"https:\\\/\\\/secure.gravatar.com\\\/avatar\\\/bab33852abfd8b282518d6ed81826833d77c3c882d9ab608add591ccace47a44?s=96&d=mm&r=g\",\"url\":\"https:\\\/\\\/secure.gravatar.com\\\/avatar\\\/bab33852abfd8b282518d6ed81826833d77c3c882d9ab608add591ccace47a44?s=96&d=mm&r=g\",\"contentUrl\":\"https:\\\/\\\/secure.gravatar.com\\\/avatar\\\/bab33852abfd8b282518d6ed81826833d77c3c882d9ab608add591ccace47a44?s=96&d=mm&r=g\",\"caption\":\"Kuzeyin Sesi\"},\"sameAs\":[\"https:\\\/\\\/kuzeyinsesi.org\"],\"url\":\"https:\\\/\\\/kuzeyinsesi.org\\\/index.php\\\/author\\\/guven\\\/\"}]}<\/script>\n<!-- \/ Yoast SEO plugin. -->","yoast_head_json":{"title":"8 Haziran\u2019da yap\u0131lacak Polis Halk Ko\u015fusu i\u00e7in kay\u0131tlar ba\u015flad\u0131 - Kuzeyin Sesi","robots":{"index":"index","follow":"follow","max-snippet":"max-snippet:-1","max-image-preview":"max-image-preview:large","max-video-preview":"max-video-preview:-1"},"canonical":"https:\/\/kuzeyinsesi.org\/index.php\/2024\/04\/30\/8-haziranda-yapilacak-polis-halk-kosusu-icin-kayitlar-basladi\/","og_locale":"tr_TR","og_type":"article","og_title":"8 Haziran\u2019da yap\u0131lacak Polis Halk Ko\u015fusu i\u00e7in kay\u0131tlar ba\u015flad\u0131 - Kuzeyin Sesi","og_description":"Polis \u00d6rg\u00fct\u00fc\u2019n\u00fcn 60\u2019\u0131nc\u0131 kurulu\u015f y\u0131l d\u00f6n\u00fcm\u00fc nedeniyle d\u00fczenlenecek Polis Halk Ko\u015fusu\u2019na kay\u0131tlar bug\u00fcn ba\u015flad\u0131. Polis Bas\u0131n Subayl\u0131\u011f\u0131ndan verilen bilgiye g\u00f6re, Lefko\u015fa \u015fehir i\u00e7i g\u00fczergah\u0131nda 8 Haziran Cumartesi g\u00fcn\u00fc yap\u0131lacak 10 kilometrelik ko\u015fu, saat 18.30\u2019da Polis Genel M\u00fcd\u00fcrl\u00fc\u011f\u00fc protokol giri\u015finde ba\u015flayacak ve yine burada tamamlanacak. Halk ko\u015fusu i\u00e7in belirlenen mesafe 10 kilometre, k\u0131s\u0131tlama s\u00fcresi 1 saat [&hellip;]","og_url":"https:\/\/kuzeyinsesi.org\/index.php\/2024\/04\/30\/8-haziranda-yapilacak-polis-halk-kosusu-icin-kayitlar-basladi\/","og_site_name":"Kuzeyin Sesi","article_publisher":"https:\/\/www.facebook.com\/kuzeyinsesii","article_published_time":"2024-04-30T12:16:34+00:00","og_image":[{"width":960,"height":679,"url":"https:\/\/kuzeyinsesi.org\/wp-content\/uploads\/2024\/04\/polis-halk-kosusu1.jpg","type":"image\/jpeg"}],"author":"Kuzeyin Sesi","twitter_card":"summary_large_image","twitter_creator":"@kuzeyinsesii","twitter_site":"@kuzeyinsesii","twitter_misc":{"Yazan:":"Kuzeyin Sesi","Tahmini okuma s\u00fcresi":"1 dakika"},"schema":{"@context":"https:\/\/schema.org","@graph":[{"@type":"Article","@id":"https:\/\/kuzeyinsesi.org\/index.php\/2024\/04\/30\/8-haziranda-yapilacak-polis-halk-kosusu-icin-kayitlar-basladi\/#article","isPartOf":{"@id":"https:\/\/kuzeyinsesi.org\/index.php\/2024\/04\/30\/8-haziranda-yapilacak-polis-halk-kosusu-icin-kayitlar-basladi\/"},"author":{"name":"Kuzeyin Sesi","@id":"https:\/\/kuzeyinsesi.org\/#\/schema\/person\/9f859689cdf01485597712386e37f5aa"},"headline":"8 Haziran\u2019da yap\u0131lacak Polis Halk Ko\u015fusu i\u00e7in kay\u0131tlar ba\u015flad\u0131","datePublished":"2024-04-30T12:16:34+00:00","mainEntityOfPage":{"@id":"https:\/\/kuzeyinsesi.org\/index.php\/2024\/04\/30\/8-haziranda-yapilacak-polis-halk-kosusu-icin-kayitlar-basladi\/"},"wordCount":283,"commentCount":0,"image":{"@id":"https:\/\/kuzeyinsesi.org\/index.php\/2024\/04\/30\/8-haziranda-yapilacak-polis-halk-kosusu-icin-kayitlar-basladi\/#primaryimage"},"thumbnailUrl":"https:\/\/kuzeyinsesi.org\/wp-content\/uploads\/2024\/04\/polis-halk-kosusu1.jpg","articleSection":["K\u0131br\u0131s"],"inLanguage":"tr","potentialAction":[{"@type":"CommentAction","name":"Comment","target":["https:\/\/kuzeyinsesi.org\/index.php\/2024\/04\/30\/8-haziranda-yapilacak-polis-halk-kosusu-icin-kayitlar-basladi\/#respond"]}]},{"@type":"WebPage","@id":"https:\/\/kuzeyinsesi.org\/index.php\/2024\/04\/30\/8-haziranda-yapilacak-polis-halk-kosusu-icin-kayitlar-basladi\/","url":"https:\/\/kuzeyinsesi.org\/index.php\/2024\/04\/30\/8-haziranda-yapilacak-polis-halk-kosusu-icin-kayitlar-basladi\/","name":"8 Haziran\u2019da yap\u0131lacak Polis Halk Ko\u015fusu i\u00e7in kay\u0131tlar ba\u015flad\u0131 - Kuzeyin Sesi","isPartOf":{"@id":"https:\/\/kuzeyinsesi.org\/#website"},"primaryImageOfPage":{"@id":"https:\/\/kuzeyinsesi.org\/index.php\/2024\/04\/30\/8-haziranda-yapilacak-polis-halk-kosusu-icin-kayitlar-basladi\/#primaryimage"},"image":{"@id":"https:\/\/kuzeyinsesi.org\/index.php\/2024\/04\/30\/8-haziranda-yapilacak-polis-halk-kosusu-icin-kayitlar-basladi\/#primaryimage"},"thumbnailUrl":"https:\/\/kuzeyinsesi.org\/wp-content\/uploads\/2024\/04\/polis-halk-kosusu1.jpg","datePublished":"2024-04-30T12:16:34+00:00","author":{"@id":"https:\/\/kuzeyinsesi.org\/#\/schema\/person\/9f859689cdf01485597712386e37f5aa"},"breadcrumb":{"@id":"https:\/\/kuzeyinsesi.org\/index.php\/2024\/04\/30\/8-haziranda-yapilacak-polis-halk-kosusu-icin-kayitlar-basladi\/#breadcrumb"},"inLanguage":"tr","potentialAction":[{"@type":"ReadAction","target":["https:\/\/kuzeyinsesi.org\/index.php\/2024\/04\/30\/8-haziranda-yapilacak-polis-halk-kosusu-icin-kayitlar-basladi\/"]}]},{"@type":"ImageObject","inLanguage":"tr","@id":"https:\/\/kuzeyinsesi.org\/index.php\/2024\/04\/30\/8-haziranda-yapilacak-polis-halk-kosusu-icin-kayitlar-basladi\/#primaryimage","url":"https:\/\/kuzeyinsesi.org\/wp-content\/uploads\/2024\/04\/polis-halk-kosusu1.jpg","contentUrl":"https:\/\/kuzeyinsesi.org\/wp-content\/uploads\/2024\/04\/polis-halk-kosusu1.jpg","width":960,"height":679},{"@type":"BreadcrumbList","@id":"https:\/\/kuzeyinsesi.org\/index.php\/2024\/04\/30\/8-haziranda-yapilacak-polis-halk-kosusu-icin-kayitlar-basladi\/#breadcrumb","itemListElement":[{"@type":"ListItem","position":1,"name":"Anasayfa","item":"https:\/\/kuzeyinsesi.org\/"},{"@type":"ListItem","position":2,"name":"8 Haziran\u2019da yap\u0131lacak Polis Halk Ko\u015fusu i\u00e7in kay\u0131tlar ba\u015flad\u0131"}]},{"@type":"WebSite","@id":"https:\/\/kuzeyinsesi.org\/#website","url":"https:\/\/kuzeyinsesi.org\/","name":"Kuzeyin Sesi","description":"Do\u011fru Haberin Adresi","potentialAction":[{"@type":"SearchAction","target":{"@type":"EntryPoint","urlTemplate":"https:\/\/kuzeyinsesi.org\/?s={search_term_string}"},"query-input":{"@type":"PropertyValueSpecification","valueRequired":true,"valueName":"search_term_string"}}],"inLanguage":"tr"},{"@type":"Person","@id":"https:\/\/kuzeyinsesi.org\/#\/schema\/person\/9f859689cdf01485597712386e37f5aa","name":"Kuzeyin Sesi","image":{"@type":"ImageObject","inLanguage":"tr","@id":"https:\/\/secure.gravatar.com\/avatar\/bab33852abfd8b282518d6ed81826833d77c3c882d9ab608add591ccace47a44?s=96&d=mm&r=g","url":"https:\/\/secure.gravatar.com\/avatar\/bab33852abfd8b282518d6ed81826833d77c3c882d9ab608add591ccace47a44?s=96&d=mm&r=g","contentUrl":"https:\/\/secure.gravatar.com\/avatar\/bab33852abfd8b282518d6ed81826833d77c3c882d9ab608add591ccace47a44?s=96&d=mm&r=g","caption":"Kuzeyin Sesi"},"sameAs":["https:\/\/kuzeyinsesi.org"],"url":"https:\/\/kuzeyinsesi.org\/index.php\/author\/guven\/"}]}},"_links":{"self":[{"href":"https:\/\/kuzeyinsesi.org\/index.php\/wp-json\/wp\/v2\/posts\/1018","targetHints":{"allow":["GET"]}}],"collection":[{"href":"https:\/\/kuzeyinsesi.org\/index.php\/wp-json\/wp\/v2\/posts"}],"about":[{"href":"https:\/\/kuzeyinsesi.org\/index.php\/wp-json\/wp\/v2\/types\/post"}],"author":[{"embeddable":true,"href":"https:\/\/kuzeyinsesi.org\/index.php\/wp-json\/wp\/v2\/users\/1"}],"replies":[{"embeddable":true,"href":"https:\/\/kuzeyinsesi.org\/index.php\/wp-json\/wp\/v2\/comments?post=1018"}],"version-history":[{"count":0,"href":"https:\/\/kuzeyinsesi.org\/index.php\/wp-json\/wp\/v2\/posts\/1018\/revisions"}],"wp:featuredmedia":[{"embeddable":true,"href":"https:\/\/kuzeyinsesi.org\/index.php\/wp-json\/wp\/v2\/media\/1019"}],"wp:attachment":[{"href":"https:\/\/kuzeyinsesi.org\/index.php\/wp-json\/wp\/v2\/media?parent=1018"}],"wp:term":[{"taxonomy":"category","embeddable":true,"href":"https:\/\/kuzeyinsesi.org\/index.php\/wp-json\/wp\/v2\/categories?post=1018"},{"taxonomy":"post_tag","embeddable":true,"href":"https:\/\/kuzeyinsesi.org\/index.php\/wp-json\/wp\/v2\/tags?post=1018"}],"curies":[{"name":"wp","href":"https:\/\/api.w.org\/{rel}","templated":true}]}}