{"id":10157,"date":"2024-09-21T14:06:55","date_gmt":"2024-09-21T11:06:55","guid":{"rendered":"https:\/\/kuzeyinsesi.org\/index.php\/2024\/09\/21\/25-turksoy-opera-gunlerinin-kktc-konserleri-tamamlandi\/"},"modified":"2024-09-21T14:06:55","modified_gmt":"2024-09-21T11:06:55","slug":"25-turksoy-opera-gunlerinin-kktc-konserleri-tamamlandi","status":"publish","type":"post","link":"https:\/\/kuzeyinsesi.org\/index.php\/2024\/09\/21\/25-turksoy-opera-gunlerinin-kktc-konserleri-tamamlandi\/","title":{"rendered":"25. T\u00dcRKSOY Opera G\u00fcnleri\u2019nin KKTC konserleri tamamland\u0131"},"content":{"rendered":"<div>\n<div class=\"mariselle-image-container center\">\n                                            <\/div>\n<p>25. T\u00dcRKSOY Opera G\u00fcnleri\u2019nin KKTC konserleri d\u00fcn ak\u015fam Othello Kalesi\u2019ndeki konserle tamamland\u0131.<\/p>\n<p>K\u00fclt\u00fcr Dairesi\u2019nden verilen bilgiye g\u00f6re, Azerbaycan Sanat\u00e7\u0131s\u0131 Anton Ferstandt\u2019\u0131n okudu\u011fu Giuseppe Verdi\u2019nin Othello Operas\u0131\u2019ndan Iago\u2019nun aryas\u0131 ile ba\u015flayan konserde ikinci sanat\u00e7\u0131 olarak sahne alan Kuzey K\u0131br\u0131sl\u0131 Opera Sanat\u00e7\u0131s\u0131 Nejla Egemen de Kamran Aziz\u2019in Ali Hoca\u2019n\u0131n d\u00fczenlemesiyle \u201cAl Yemeni Mor Yemeni\u201d isimli \u015fark\u0131s\u0131n\u0131 seslendirdi.<\/p>\n<p>Kuzey K\u0131br\u0131s\u2019\u0131n Yeti\u015ftirdi\u011fi \u0130lk Kad\u0131n Besteci Kamran Aziz\u2019e ithaf edilen 25. T\u00dcRKSOY Opera G\u00fcnleri\u2019nin ikinci konserinde KKTC\u2019den Nejla Egemen\u2019in yan\u0131 s\u0131ra T\u00fcrk d\u00fcnyas\u0131 sanat\u00e7\u0131lar\u0131ndan Azerbaycan\u2019dan Anton Fershtandt ile Nina Makarova, Kazakistan\u2019dan Yerlan Zhandarbay, T\u00fcrkiye\u2019den Kamil Kaplan ve Irak T\u00fcrkmenlerinden \u00d6mer T\u00fcrkmeno\u011flu, K\u0131rg\u0131zistan\u2019dan Piyanist Iuliia Babich e\u015fli\u011finde sahne ald\u0131.<\/p>\n<p>-T\u00dcRKSOY Opera G\u00fcnleri Ankara\u2019ya ta\u015f\u0131n\u0131yor<\/p>\n<p>25. T\u00dcRKSOY Opera G\u00fcnleri Bellapais Manast\u0131r\u0131 ve Othello Kalesi\u2019ndeki KKTC konserlerinin ard\u0131ndan Ankara\u2019ya Ankara Devlet Opera ve Bale Sahnesi\u2019ne ta\u015f\u0131naca\u011f\u0131 bildirildi.<\/p>\n<p>KKTC Ba\u015fbakan Yard\u0131mc\u0131l\u0131\u011f\u0131 Turizm K\u00fclt\u00fcr Gen\u00e7lik ve \u00c7evre Bakanl\u0131\u011f\u0131 himayelerinde T\u00fcrkiye Cumhuriyeti K\u00fclt\u00fcr ve Turizm Bakanl\u0131\u011f\u0131, T\u00dcRKSOY ve T.C Devlet Opera ve Balesi Genel M\u00fcd\u00fcrl\u00fc\u011f\u00fc\u2019n\u00fcn i\u015f birli\u011finde, K\u00fclt\u00fcr Dairesi\u2019nin organizasyonu ile d\u00fczenlenen T\u00dcRKSOY Opera G\u00fcnleri 25 Eyl\u00fcl \u00c7ar\u015famba ak\u015fam\u0131 Ankara\u2019da d\u00fczenlenecek kapan\u0131\u015f konseri ile tamamlanacak.<\/p>\n<\/p><\/div>\n<p><script async\n                    defer\n                    crossorigin=\"anonymous\"\n                    src=\"https:\/\/connect.facebook.net\/tr_TR\/sdk.js#xfbml=1&#038;version=v3.3\"\n            ><\/script><\/p>\n","protected":false},"excerpt":{"rendered":"<p>25. T\u00dcRKSOY Opera G\u00fcnleri\u2019nin KKTC konserleri d\u00fcn ak\u015fam Othello Kalesi\u2019ndeki konserle tamamland\u0131. K\u00fclt\u00fcr Dairesi\u2019nden verilen bilgiye g\u00f6re, Azerbaycan Sanat\u00e7\u0131s\u0131 Anton Ferstandt\u2019\u0131n okudu\u011fu Giuseppe Verdi\u2019nin Othello Operas\u0131\u2019ndan Iago\u2019nun aryas\u0131 ile ba\u015flayan konserde ikinci sanat\u00e7\u0131 olarak sahne alan Kuzey K\u0131br\u0131sl\u0131 Opera Sanat\u00e7\u0131s\u0131 Nejla Egemen de Kamran Aziz\u2019in Ali Hoca\u2019n\u0131n d\u00fczenlemesiyle \u201cAl Yemeni Mor Yemeni\u201d isimli \u015fark\u0131s\u0131n\u0131 seslendirdi. [&hellip;]<\/p>\n","protected":false},"author":1,"featured_media":10158,"comment_status":"open","ping_status":"open","sticky":false,"template":"","format":"standard","meta":{"jnews-multi-image_gallery":[],"jnews_single_post":[],"jnews_primary_category":[],"jnews_social_meta":[],"jnews_override_counter":[],"footnotes":""},"categories":[6],"tags":[],"class_list":["post-10157","post","type-post","status-publish","format-standard","has-post-thumbnail","hentry","category-yasam"],"yoast_head":"<!-- This site is optimized with the Yoast SEO plugin v27.5 - https:\/\/yoast.com\/product\/yoast-seo-wordpress\/ -->\n<title>25. T\u00dcRKSOY Opera G\u00fcnleri\u2019nin KKTC konserleri tamamland\u0131 - Kuzeyin Sesi<\/title>\n<meta name=\"robots\" content=\"index, follow, max-snippet:-1, max-image-preview:large, max-video-preview:-1\" \/>\n<link rel=\"canonical\" href=\"https:\/\/kuzeyinsesi.org\/index.php\/2024\/09\/21\/25-turksoy-opera-gunlerinin-kktc-konserleri-tamamlandi\/\" \/>\n<meta property=\"og:locale\" content=\"tr_TR\" \/>\n<meta property=\"og:type\" content=\"article\" \/>\n<meta property=\"og:title\" content=\"25. T\u00dcRKSOY Opera G\u00fcnleri\u2019nin KKTC konserleri tamamland\u0131 - Kuzeyin Sesi\" \/>\n<meta property=\"og:description\" content=\"25. T\u00dcRKSOY Opera G\u00fcnleri\u2019nin KKTC konserleri d\u00fcn ak\u015fam Othello Kalesi\u2019ndeki konserle tamamland\u0131. K\u00fclt\u00fcr Dairesi\u2019nden verilen bilgiye g\u00f6re, Azerbaycan Sanat\u00e7\u0131s\u0131 Anton Ferstandt\u2019\u0131n okudu\u011fu Giuseppe Verdi\u2019nin Othello Operas\u0131\u2019ndan Iago\u2019nun aryas\u0131 ile ba\u015flayan konserde ikinci sanat\u00e7\u0131 olarak sahne alan Kuzey K\u0131br\u0131sl\u0131 Opera Sanat\u00e7\u0131s\u0131 Nejla Egemen de Kamran Aziz\u2019in Ali Hoca\u2019n\u0131n d\u00fczenlemesiyle \u201cAl Yemeni Mor Yemeni\u201d isimli \u015fark\u0131s\u0131n\u0131 seslendirdi. [&hellip;]\" \/>\n<meta property=\"og:url\" content=\"https:\/\/kuzeyinsesi.org\/index.php\/2024\/09\/21\/25-turksoy-opera-gunlerinin-kktc-konserleri-tamamlandi\/\" \/>\n<meta property=\"og:site_name\" content=\"Kuzeyin Sesi\" \/>\n<meta property=\"article:publisher\" content=\"https:\/\/www.facebook.com\/kuzeyinsesii\" \/>\n<meta property=\"article:published_time\" content=\"2024-09-21T11:06:55+00:00\" \/>\n<meta property=\"og:image\" content=\"https:\/\/brtk.net\/wp-content\/uploads\/2024\/09\/21\/turksoy-opera-anton-azerbaycan-1.jpeg?ver=5f36ff7a4c8074ffe5995bb32d8df601\" \/>\n<meta name=\"author\" content=\"Kuzeyin Sesi\" \/>\n<meta name=\"twitter:card\" content=\"summary_large_image\" \/>\n<meta name=\"twitter:creator\" content=\"@kuzeyinsesii\" \/>\n<meta name=\"twitter:site\" content=\"@kuzeyinsesii\" \/>\n<meta name=\"twitter:label1\" content=\"Yazan:\" \/>\n\t<meta name=\"twitter:data1\" content=\"Kuzeyin Sesi\" \/>\n\t<meta name=\"twitter:label2\" content=\"Tahmini okuma s\u00fcresi\" \/>\n\t<meta name=\"twitter:data2\" content=\"1 dakika\" \/>\n<script type=\"application\/ld+json\" class=\"yoast-schema-graph\">{\"@context\":\"https:\\\/\\\/schema.org\",\"@graph\":[{\"@type\":\"Article\",\"@id\":\"https:\\\/\\\/kuzeyinsesi.org\\\/index.php\\\/2024\\\/09\\\/21\\\/25-turksoy-opera-gunlerinin-kktc-konserleri-tamamlandi\\\/#article\",\"isPartOf\":{\"@id\":\"https:\\\/\\\/kuzeyinsesi.org\\\/index.php\\\/2024\\\/09\\\/21\\\/25-turksoy-opera-gunlerinin-kktc-konserleri-tamamlandi\\\/\"},\"author\":{\"name\":\"Kuzeyin Sesi\",\"@id\":\"https:\\\/\\\/kuzeyinsesi.org\\\/#\\\/schema\\\/person\\\/9f859689cdf01485597712386e37f5aa\"},\"headline\":\"25. T\u00dcRKSOY Opera G\u00fcnleri\u2019nin KKTC konserleri tamamland\u0131\",\"datePublished\":\"2024-09-21T11:06:55+00:00\",\"mainEntityOfPage\":{\"@id\":\"https:\\\/\\\/kuzeyinsesi.org\\\/index.php\\\/2024\\\/09\\\/21\\\/25-turksoy-opera-gunlerinin-kktc-konserleri-tamamlandi\\\/\"},\"wordCount\":274,\"commentCount\":0,\"image\":{\"@id\":\"https:\\\/\\\/kuzeyinsesi.org\\\/index.php\\\/2024\\\/09\\\/21\\\/25-turksoy-opera-gunlerinin-kktc-konserleri-tamamlandi\\\/#primaryimage\"},\"thumbnailUrl\":\"https:\\\/\\\/kuzeyinsesi.org\\\/wp-content\\\/uploads\\\/2024\\\/09\\\/1726916822_turksoy-opera-anton-azerbaycan-1.jpeg\",\"articleSection\":[\"Ya\u015fam\"],\"inLanguage\":\"tr\",\"potentialAction\":[{\"@type\":\"CommentAction\",\"name\":\"Comment\",\"target\":[\"https:\\\/\\\/kuzeyinsesi.org\\\/index.php\\\/2024\\\/09\\\/21\\\/25-turksoy-opera-gunlerinin-kktc-konserleri-tamamlandi\\\/#respond\"]}]},{\"@type\":\"WebPage\",\"@id\":\"https:\\\/\\\/kuzeyinsesi.org\\\/index.php\\\/2024\\\/09\\\/21\\\/25-turksoy-opera-gunlerinin-kktc-konserleri-tamamlandi\\\/\",\"url\":\"https:\\\/\\\/kuzeyinsesi.org\\\/index.php\\\/2024\\\/09\\\/21\\\/25-turksoy-opera-gunlerinin-kktc-konserleri-tamamlandi\\\/\",\"name\":\"25. T\u00dcRKSOY Opera G\u00fcnleri\u2019nin KKTC konserleri tamamland\u0131 - Kuzeyin Sesi\",\"isPartOf\":{\"@id\":\"https:\\\/\\\/kuzeyinsesi.org\\\/#website\"},\"primaryImageOfPage\":{\"@id\":\"https:\\\/\\\/kuzeyinsesi.org\\\/index.php\\\/2024\\\/09\\\/21\\\/25-turksoy-opera-gunlerinin-kktc-konserleri-tamamlandi\\\/#primaryimage\"},\"image\":{\"@id\":\"https:\\\/\\\/kuzeyinsesi.org\\\/index.php\\\/2024\\\/09\\\/21\\\/25-turksoy-opera-gunlerinin-kktc-konserleri-tamamlandi\\\/#primaryimage\"},\"thumbnailUrl\":\"https:\\\/\\\/kuzeyinsesi.org\\\/wp-content\\\/uploads\\\/2024\\\/09\\\/1726916822_turksoy-opera-anton-azerbaycan-1.jpeg\",\"datePublished\":\"2024-09-21T11:06:55+00:00\",\"author\":{\"@id\":\"https:\\\/\\\/kuzeyinsesi.org\\\/#\\\/schema\\\/person\\\/9f859689cdf01485597712386e37f5aa\"},\"breadcrumb\":{\"@id\":\"https:\\\/\\\/kuzeyinsesi.org\\\/index.php\\\/2024\\\/09\\\/21\\\/25-turksoy-opera-gunlerinin-kktc-konserleri-tamamlandi\\\/#breadcrumb\"},\"inLanguage\":\"tr\",\"potentialAction\":[{\"@type\":\"ReadAction\",\"target\":[\"https:\\\/\\\/kuzeyinsesi.org\\\/index.php\\\/2024\\\/09\\\/21\\\/25-turksoy-opera-gunlerinin-kktc-konserleri-tamamlandi\\\/\"]}]},{\"@type\":\"ImageObject\",\"inLanguage\":\"tr\",\"@id\":\"https:\\\/\\\/kuzeyinsesi.org\\\/index.php\\\/2024\\\/09\\\/21\\\/25-turksoy-opera-gunlerinin-kktc-konserleri-tamamlandi\\\/#primaryimage\",\"url\":\"https:\\\/\\\/kuzeyinsesi.org\\\/wp-content\\\/uploads\\\/2024\\\/09\\\/1726916822_turksoy-opera-anton-azerbaycan-1.jpeg\",\"contentUrl\":\"https:\\\/\\\/kuzeyinsesi.org\\\/wp-content\\\/uploads\\\/2024\\\/09\\\/1726916822_turksoy-opera-anton-azerbaycan-1.jpeg\",\"width\":1408,\"height\":933},{\"@type\":\"BreadcrumbList\",\"@id\":\"https:\\\/\\\/kuzeyinsesi.org\\\/index.php\\\/2024\\\/09\\\/21\\\/25-turksoy-opera-gunlerinin-kktc-konserleri-tamamlandi\\\/#breadcrumb\",\"itemListElement\":[{\"@type\":\"ListItem\",\"position\":1,\"name\":\"Anasayfa\",\"item\":\"https:\\\/\\\/kuzeyinsesi.org\\\/\"},{\"@type\":\"ListItem\",\"position\":2,\"name\":\"25. T\u00dcRKSOY Opera G\u00fcnleri\u2019nin KKTC konserleri tamamland\u0131\"}]},{\"@type\":\"WebSite\",\"@id\":\"https:\\\/\\\/kuzeyinsesi.org\\\/#website\",\"url\":\"https:\\\/\\\/kuzeyinsesi.org\\\/\",\"name\":\"Kuzeyin Sesi\",\"description\":\"Do\u011fru Haberin Adresi\",\"potentialAction\":[{\"@type\":\"SearchAction\",\"target\":{\"@type\":\"EntryPoint\",\"urlTemplate\":\"https:\\\/\\\/kuzeyinsesi.org\\\/?s={search_term_string}\"},\"query-input\":{\"@type\":\"PropertyValueSpecification\",\"valueRequired\":true,\"valueName\":\"search_term_string\"}}],\"inLanguage\":\"tr\"},{\"@type\":\"Person\",\"@id\":\"https:\\\/\\\/kuzeyinsesi.org\\\/#\\\/schema\\\/person\\\/9f859689cdf01485597712386e37f5aa\",\"name\":\"Kuzeyin Sesi\",\"image\":{\"@type\":\"ImageObject\",\"inLanguage\":\"tr\",\"@id\":\"https:\\\/\\\/secure.gravatar.com\\\/avatar\\\/bab33852abfd8b282518d6ed81826833d77c3c882d9ab608add591ccace47a44?s=96&d=mm&r=g\",\"url\":\"https:\\\/\\\/secure.gravatar.com\\\/avatar\\\/bab33852abfd8b282518d6ed81826833d77c3c882d9ab608add591ccace47a44?s=96&d=mm&r=g\",\"contentUrl\":\"https:\\\/\\\/secure.gravatar.com\\\/avatar\\\/bab33852abfd8b282518d6ed81826833d77c3c882d9ab608add591ccace47a44?s=96&d=mm&r=g\",\"caption\":\"Kuzeyin Sesi\"},\"sameAs\":[\"https:\\\/\\\/kuzeyinsesi.org\"],\"url\":\"https:\\\/\\\/kuzeyinsesi.org\\\/index.php\\\/author\\\/guven\\\/\"}]}<\/script>\n<!-- \/ Yoast SEO plugin. -->","yoast_head_json":{"title":"25. T\u00dcRKSOY Opera G\u00fcnleri\u2019nin KKTC konserleri tamamland\u0131 - Kuzeyin Sesi","robots":{"index":"index","follow":"follow","max-snippet":"max-snippet:-1","max-image-preview":"max-image-preview:large","max-video-preview":"max-video-preview:-1"},"canonical":"https:\/\/kuzeyinsesi.org\/index.php\/2024\/09\/21\/25-turksoy-opera-gunlerinin-kktc-konserleri-tamamlandi\/","og_locale":"tr_TR","og_type":"article","og_title":"25. T\u00dcRKSOY Opera G\u00fcnleri\u2019nin KKTC konserleri tamamland\u0131 - Kuzeyin Sesi","og_description":"25. T\u00dcRKSOY Opera G\u00fcnleri\u2019nin KKTC konserleri d\u00fcn ak\u015fam Othello Kalesi\u2019ndeki konserle tamamland\u0131. K\u00fclt\u00fcr Dairesi\u2019nden verilen bilgiye g\u00f6re, Azerbaycan Sanat\u00e7\u0131s\u0131 Anton Ferstandt\u2019\u0131n okudu\u011fu Giuseppe Verdi\u2019nin Othello Operas\u0131\u2019ndan Iago\u2019nun aryas\u0131 ile ba\u015flayan konserde ikinci sanat\u00e7\u0131 olarak sahne alan Kuzey K\u0131br\u0131sl\u0131 Opera Sanat\u00e7\u0131s\u0131 Nejla Egemen de Kamran Aziz\u2019in Ali Hoca\u2019n\u0131n d\u00fczenlemesiyle \u201cAl Yemeni Mor Yemeni\u201d isimli \u015fark\u0131s\u0131n\u0131 seslendirdi. [&hellip;]","og_url":"https:\/\/kuzeyinsesi.org\/index.php\/2024\/09\/21\/25-turksoy-opera-gunlerinin-kktc-konserleri-tamamlandi\/","og_site_name":"Kuzeyin Sesi","article_publisher":"https:\/\/www.facebook.com\/kuzeyinsesii","article_published_time":"2024-09-21T11:06:55+00:00","og_image":[{"url":"https:\/\/brtk.net\/wp-content\/uploads\/2024\/09\/21\/turksoy-opera-anton-azerbaycan-1.jpeg?ver=5f36ff7a4c8074ffe5995bb32d8df601","type":"","width":"","height":""}],"author":"Kuzeyin Sesi","twitter_card":"summary_large_image","twitter_creator":"@kuzeyinsesii","twitter_site":"@kuzeyinsesii","twitter_misc":{"Yazan:":"Kuzeyin Sesi","Tahmini okuma s\u00fcresi":"1 dakika"},"schema":{"@context":"https:\/\/schema.org","@graph":[{"@type":"Article","@id":"https:\/\/kuzeyinsesi.org\/index.php\/2024\/09\/21\/25-turksoy-opera-gunlerinin-kktc-konserleri-tamamlandi\/#article","isPartOf":{"@id":"https:\/\/kuzeyinsesi.org\/index.php\/2024\/09\/21\/25-turksoy-opera-gunlerinin-kktc-konserleri-tamamlandi\/"},"author":{"name":"Kuzeyin Sesi","@id":"https:\/\/kuzeyinsesi.org\/#\/schema\/person\/9f859689cdf01485597712386e37f5aa"},"headline":"25. T\u00dcRKSOY Opera G\u00fcnleri\u2019nin KKTC konserleri tamamland\u0131","datePublished":"2024-09-21T11:06:55+00:00","mainEntityOfPage":{"@id":"https:\/\/kuzeyinsesi.org\/index.php\/2024\/09\/21\/25-turksoy-opera-gunlerinin-kktc-konserleri-tamamlandi\/"},"wordCount":274,"commentCount":0,"image":{"@id":"https:\/\/kuzeyinsesi.org\/index.php\/2024\/09\/21\/25-turksoy-opera-gunlerinin-kktc-konserleri-tamamlandi\/#primaryimage"},"thumbnailUrl":"https:\/\/kuzeyinsesi.org\/wp-content\/uploads\/2024\/09\/1726916822_turksoy-opera-anton-azerbaycan-1.jpeg","articleSection":["Ya\u015fam"],"inLanguage":"tr","potentialAction":[{"@type":"CommentAction","name":"Comment","target":["https:\/\/kuzeyinsesi.org\/index.php\/2024\/09\/21\/25-turksoy-opera-gunlerinin-kktc-konserleri-tamamlandi\/#respond"]}]},{"@type":"WebPage","@id":"https:\/\/kuzeyinsesi.org\/index.php\/2024\/09\/21\/25-turksoy-opera-gunlerinin-kktc-konserleri-tamamlandi\/","url":"https:\/\/kuzeyinsesi.org\/index.php\/2024\/09\/21\/25-turksoy-opera-gunlerinin-kktc-konserleri-tamamlandi\/","name":"25. T\u00dcRKSOY Opera G\u00fcnleri\u2019nin KKTC konserleri tamamland\u0131 - Kuzeyin Sesi","isPartOf":{"@id":"https:\/\/kuzeyinsesi.org\/#website"},"primaryImageOfPage":{"@id":"https:\/\/kuzeyinsesi.org\/index.php\/2024\/09\/21\/25-turksoy-opera-gunlerinin-kktc-konserleri-tamamlandi\/#primaryimage"},"image":{"@id":"https:\/\/kuzeyinsesi.org\/index.php\/2024\/09\/21\/25-turksoy-opera-gunlerinin-kktc-konserleri-tamamlandi\/#primaryimage"},"thumbnailUrl":"https:\/\/kuzeyinsesi.org\/wp-content\/uploads\/2024\/09\/1726916822_turksoy-opera-anton-azerbaycan-1.jpeg","datePublished":"2024-09-21T11:06:55+00:00","author":{"@id":"https:\/\/kuzeyinsesi.org\/#\/schema\/person\/9f859689cdf01485597712386e37f5aa"},"breadcrumb":{"@id":"https:\/\/kuzeyinsesi.org\/index.php\/2024\/09\/21\/25-turksoy-opera-gunlerinin-kktc-konserleri-tamamlandi\/#breadcrumb"},"inLanguage":"tr","potentialAction":[{"@type":"ReadAction","target":["https:\/\/kuzeyinsesi.org\/index.php\/2024\/09\/21\/25-turksoy-opera-gunlerinin-kktc-konserleri-tamamlandi\/"]}]},{"@type":"ImageObject","inLanguage":"tr","@id":"https:\/\/kuzeyinsesi.org\/index.php\/2024\/09\/21\/25-turksoy-opera-gunlerinin-kktc-konserleri-tamamlandi\/#primaryimage","url":"https:\/\/kuzeyinsesi.org\/wp-content\/uploads\/2024\/09\/1726916822_turksoy-opera-anton-azerbaycan-1.jpeg","contentUrl":"https:\/\/kuzeyinsesi.org\/wp-content\/uploads\/2024\/09\/1726916822_turksoy-opera-anton-azerbaycan-1.jpeg","width":1408,"height":933},{"@type":"BreadcrumbList","@id":"https:\/\/kuzeyinsesi.org\/index.php\/2024\/09\/21\/25-turksoy-opera-gunlerinin-kktc-konserleri-tamamlandi\/#breadcrumb","itemListElement":[{"@type":"ListItem","position":1,"name":"Anasayfa","item":"https:\/\/kuzeyinsesi.org\/"},{"@type":"ListItem","position":2,"name":"25. T\u00dcRKSOY Opera G\u00fcnleri\u2019nin KKTC konserleri tamamland\u0131"}]},{"@type":"WebSite","@id":"https:\/\/kuzeyinsesi.org\/#website","url":"https:\/\/kuzeyinsesi.org\/","name":"Kuzeyin Sesi","description":"Do\u011fru Haberin Adresi","potentialAction":[{"@type":"SearchAction","target":{"@type":"EntryPoint","urlTemplate":"https:\/\/kuzeyinsesi.org\/?s={search_term_string}"},"query-input":{"@type":"PropertyValueSpecification","valueRequired":true,"valueName":"search_term_string"}}],"inLanguage":"tr"},{"@type":"Person","@id":"https:\/\/kuzeyinsesi.org\/#\/schema\/person\/9f859689cdf01485597712386e37f5aa","name":"Kuzeyin Sesi","image":{"@type":"ImageObject","inLanguage":"tr","@id":"https:\/\/secure.gravatar.com\/avatar\/bab33852abfd8b282518d6ed81826833d77c3c882d9ab608add591ccace47a44?s=96&d=mm&r=g","url":"https:\/\/secure.gravatar.com\/avatar\/bab33852abfd8b282518d6ed81826833d77c3c882d9ab608add591ccace47a44?s=96&d=mm&r=g","contentUrl":"https:\/\/secure.gravatar.com\/avatar\/bab33852abfd8b282518d6ed81826833d77c3c882d9ab608add591ccace47a44?s=96&d=mm&r=g","caption":"Kuzeyin Sesi"},"sameAs":["https:\/\/kuzeyinsesi.org"],"url":"https:\/\/kuzeyinsesi.org\/index.php\/author\/guven\/"}]}},"_links":{"self":[{"href":"https:\/\/kuzeyinsesi.org\/index.php\/wp-json\/wp\/v2\/posts\/10157","targetHints":{"allow":["GET"]}}],"collection":[{"href":"https:\/\/kuzeyinsesi.org\/index.php\/wp-json\/wp\/v2\/posts"}],"about":[{"href":"https:\/\/kuzeyinsesi.org\/index.php\/wp-json\/wp\/v2\/types\/post"}],"author":[{"embeddable":true,"href":"https:\/\/kuzeyinsesi.org\/index.php\/wp-json\/wp\/v2\/users\/1"}],"replies":[{"embeddable":true,"href":"https:\/\/kuzeyinsesi.org\/index.php\/wp-json\/wp\/v2\/comments?post=10157"}],"version-history":[{"count":0,"href":"https:\/\/kuzeyinsesi.org\/index.php\/wp-json\/wp\/v2\/posts\/10157\/revisions"}],"wp:featuredmedia":[{"embeddable":true,"href":"https:\/\/kuzeyinsesi.org\/index.php\/wp-json\/wp\/v2\/media\/10158"}],"wp:attachment":[{"href":"https:\/\/kuzeyinsesi.org\/index.php\/wp-json\/wp\/v2\/media?parent=10157"}],"wp:term":[{"taxonomy":"category","embeddable":true,"href":"https:\/\/kuzeyinsesi.org\/index.php\/wp-json\/wp\/v2\/categories?post=10157"},{"taxonomy":"post_tag","embeddable":true,"href":"https:\/\/kuzeyinsesi.org\/index.php\/wp-json\/wp\/v2\/tags?post=10157"}],"curies":[{"name":"wp","href":"https:\/\/api.w.org\/{rel}","templated":true}]}}