{"id":10149,"date":"2024-09-21T13:05:36","date_gmt":"2024-09-21T10:05:36","guid":{"rendered":"https:\/\/kuzeyinsesi.org\/index.php\/2024\/09\/21\/cumhurbaskani-ersin-tatar-ve-esi-sibel-tatar-mor-ve-otesi-konserini-izledi\/"},"modified":"2024-09-21T13:05:36","modified_gmt":"2024-09-21T10:05:36","slug":"cumhurbaskani-ersin-tatar-ve-esi-sibel-tatar-mor-ve-otesi-konserini-izledi","status":"publish","type":"post","link":"https:\/\/kuzeyinsesi.org\/index.php\/2024\/09\/21\/cumhurbaskani-ersin-tatar-ve-esi-sibel-tatar-mor-ve-otesi-konserini-izledi\/","title":{"rendered":"Cumhurba\u015fkan\u0131 Ersin Tatar ve e\u015fi Sibel Tatar, Mor ve \u00d6tesi konserini izledi"},"content":{"rendered":"<div>\n<div class=\"mariselle-image-container center\">\n                                            <\/div>\n<p>Cumhurba\u015fkan\u0131 Ersin Tatar ve e\u015fi Sibel Tatar, Girne Belediyesi taraf\u0131ndan d\u00fczenlenen Girne Ark\u0131n Group Fest\u2019e kat\u0131ld\u0131.<\/p>\n<p>Cumhurba\u015fkan\u0131 Ersin Tatar ve e\u015fi Sibel Tatar, Girne Amfi Tiyatro\u2019da festival kapsam\u0131nda ger\u00e7ekle\u015fen Mor ve \u00d6tesi konserini izledi.<\/p>\n<\/p><\/div>\n<p><script async\n                    defer\n                    crossorigin=\"anonymous\"\n                    src=\"https:\/\/connect.facebook.net\/tr_TR\/sdk.js#xfbml=1&#038;version=v3.3\"\n            ><\/script><\/p>\n","protected":false},"excerpt":{"rendered":"<p>Cumhurba\u015fkan\u0131 Ersin Tatar ve e\u015fi Sibel Tatar, Girne Belediyesi taraf\u0131ndan d\u00fczenlenen Girne Ark\u0131n Group Fest\u2019e kat\u0131ld\u0131. Cumhurba\u015fkan\u0131 Ersin Tatar ve e\u015fi Sibel Tatar, Girne Amfi Tiyatro\u2019da festival kapsam\u0131nda ger\u00e7ekle\u015fen Mor ve \u00d6tesi konserini izledi.<\/p>\n","protected":false},"author":1,"featured_media":10150,"comment_status":"open","ping_status":"open","sticky":false,"template":"","format":"standard","meta":{"jnews-multi-image_gallery":[],"jnews_single_post":[],"jnews_primary_category":[],"jnews_social_meta":[],"jnews_override_counter":[],"footnotes":""},"categories":[6],"tags":[],"class_list":["post-10149","post","type-post","status-publish","format-standard","has-post-thumbnail","hentry","category-yasam"],"yoast_head":"<!-- This site is optimized with the Yoast SEO plugin v27.5 - https:\/\/yoast.com\/product\/yoast-seo-wordpress\/ -->\n<title>Cumhurba\u015fkan\u0131 Ersin Tatar ve e\u015fi Sibel Tatar, Mor ve \u00d6tesi konserini izledi - Kuzeyin Sesi<\/title>\n<meta name=\"robots\" content=\"index, follow, max-snippet:-1, max-image-preview:large, max-video-preview:-1\" \/>\n<link rel=\"canonical\" href=\"https:\/\/kuzeyinsesi.org\/index.php\/2024\/09\/21\/cumhurbaskani-ersin-tatar-ve-esi-sibel-tatar-mor-ve-otesi-konserini-izledi\/\" \/>\n<meta property=\"og:locale\" content=\"tr_TR\" \/>\n<meta property=\"og:type\" content=\"article\" \/>\n<meta property=\"og:title\" content=\"Cumhurba\u015fkan\u0131 Ersin Tatar ve e\u015fi Sibel Tatar, Mor ve \u00d6tesi konserini izledi - Kuzeyin Sesi\" \/>\n<meta property=\"og:description\" content=\"Cumhurba\u015fkan\u0131 Ersin Tatar ve e\u015fi Sibel Tatar, Girne Belediyesi taraf\u0131ndan d\u00fczenlenen Girne Ark\u0131n Group Fest\u2019e kat\u0131ld\u0131. Cumhurba\u015fkan\u0131 Ersin Tatar ve e\u015fi Sibel Tatar, Girne Amfi Tiyatro\u2019da festival kapsam\u0131nda ger\u00e7ekle\u015fen Mor ve \u00d6tesi konserini izledi.\" \/>\n<meta property=\"og:url\" content=\"https:\/\/kuzeyinsesi.org\/index.php\/2024\/09\/21\/cumhurbaskani-ersin-tatar-ve-esi-sibel-tatar-mor-ve-otesi-konserini-izledi\/\" \/>\n<meta property=\"og:site_name\" content=\"Kuzeyin Sesi\" \/>\n<meta property=\"article:publisher\" content=\"https:\/\/www.facebook.com\/kuzeyinsesii\" \/>\n<meta property=\"article:published_time\" content=\"2024-09-21T10:05:36+00:00\" \/>\n<meta property=\"og:image\" content=\"https:\/\/brtk.net\/wp-content\/uploads\/2024\/09\/21\/20240921_124447.jpg?ver=351694010f180bad8e27681dfb5a488e\" \/>\n<meta name=\"author\" content=\"Kuzeyin Sesi\" \/>\n<meta name=\"twitter:card\" content=\"summary_large_image\" \/>\n<meta name=\"twitter:creator\" content=\"@kuzeyinsesii\" \/>\n<meta name=\"twitter:site\" content=\"@kuzeyinsesii\" \/>\n<meta name=\"twitter:label1\" content=\"Yazan:\" \/>\n\t<meta name=\"twitter:data1\" content=\"Kuzeyin Sesi\" \/>\n<script type=\"application\/ld+json\" class=\"yoast-schema-graph\">{\"@context\":\"https:\\\/\\\/schema.org\",\"@graph\":[{\"@type\":\"Article\",\"@id\":\"https:\\\/\\\/kuzeyinsesi.org\\\/index.php\\\/2024\\\/09\\\/21\\\/cumhurbaskani-ersin-tatar-ve-esi-sibel-tatar-mor-ve-otesi-konserini-izledi\\\/#article\",\"isPartOf\":{\"@id\":\"https:\\\/\\\/kuzeyinsesi.org\\\/index.php\\\/2024\\\/09\\\/21\\\/cumhurbaskani-ersin-tatar-ve-esi-sibel-tatar-mor-ve-otesi-konserini-izledi\\\/\"},\"author\":{\"name\":\"Kuzeyin Sesi\",\"@id\":\"https:\\\/\\\/kuzeyinsesi.org\\\/#\\\/schema\\\/person\\\/9f859689cdf01485597712386e37f5aa\"},\"headline\":\"Cumhurba\u015fkan\u0131 Ersin Tatar ve e\u015fi Sibel Tatar, Mor ve \u00d6tesi konserini izledi\",\"datePublished\":\"2024-09-21T10:05:36+00:00\",\"mainEntityOfPage\":{\"@id\":\"https:\\\/\\\/kuzeyinsesi.org\\\/index.php\\\/2024\\\/09\\\/21\\\/cumhurbaskani-ersin-tatar-ve-esi-sibel-tatar-mor-ve-otesi-konserini-izledi\\\/\"},\"wordCount\":61,\"commentCount\":0,\"image\":{\"@id\":\"https:\\\/\\\/kuzeyinsesi.org\\\/index.php\\\/2024\\\/09\\\/21\\\/cumhurbaskani-ersin-tatar-ve-esi-sibel-tatar-mor-ve-otesi-konserini-izledi\\\/#primaryimage\"},\"thumbnailUrl\":\"https:\\\/\\\/kuzeyinsesi.org\\\/wp-content\\\/uploads\\\/2024\\\/09\\\/20240921_124447.jpg\",\"articleSection\":[\"Ya\u015fam\"],\"inLanguage\":\"tr\",\"potentialAction\":[{\"@type\":\"CommentAction\",\"name\":\"Comment\",\"target\":[\"https:\\\/\\\/kuzeyinsesi.org\\\/index.php\\\/2024\\\/09\\\/21\\\/cumhurbaskani-ersin-tatar-ve-esi-sibel-tatar-mor-ve-otesi-konserini-izledi\\\/#respond\"]}]},{\"@type\":\"WebPage\",\"@id\":\"https:\\\/\\\/kuzeyinsesi.org\\\/index.php\\\/2024\\\/09\\\/21\\\/cumhurbaskani-ersin-tatar-ve-esi-sibel-tatar-mor-ve-otesi-konserini-izledi\\\/\",\"url\":\"https:\\\/\\\/kuzeyinsesi.org\\\/index.php\\\/2024\\\/09\\\/21\\\/cumhurbaskani-ersin-tatar-ve-esi-sibel-tatar-mor-ve-otesi-konserini-izledi\\\/\",\"name\":\"Cumhurba\u015fkan\u0131 Ersin Tatar ve e\u015fi Sibel Tatar, Mor ve \u00d6tesi konserini izledi - Kuzeyin Sesi\",\"isPartOf\":{\"@id\":\"https:\\\/\\\/kuzeyinsesi.org\\\/#website\"},\"primaryImageOfPage\":{\"@id\":\"https:\\\/\\\/kuzeyinsesi.org\\\/index.php\\\/2024\\\/09\\\/21\\\/cumhurbaskani-ersin-tatar-ve-esi-sibel-tatar-mor-ve-otesi-konserini-izledi\\\/#primaryimage\"},\"image\":{\"@id\":\"https:\\\/\\\/kuzeyinsesi.org\\\/index.php\\\/2024\\\/09\\\/21\\\/cumhurbaskani-ersin-tatar-ve-esi-sibel-tatar-mor-ve-otesi-konserini-izledi\\\/#primaryimage\"},\"thumbnailUrl\":\"https:\\\/\\\/kuzeyinsesi.org\\\/wp-content\\\/uploads\\\/2024\\\/09\\\/20240921_124447.jpg\",\"datePublished\":\"2024-09-21T10:05:36+00:00\",\"author\":{\"@id\":\"https:\\\/\\\/kuzeyinsesi.org\\\/#\\\/schema\\\/person\\\/9f859689cdf01485597712386e37f5aa\"},\"breadcrumb\":{\"@id\":\"https:\\\/\\\/kuzeyinsesi.org\\\/index.php\\\/2024\\\/09\\\/21\\\/cumhurbaskani-ersin-tatar-ve-esi-sibel-tatar-mor-ve-otesi-konserini-izledi\\\/#breadcrumb\"},\"inLanguage\":\"tr\",\"potentialAction\":[{\"@type\":\"ReadAction\",\"target\":[\"https:\\\/\\\/kuzeyinsesi.org\\\/index.php\\\/2024\\\/09\\\/21\\\/cumhurbaskani-ersin-tatar-ve-esi-sibel-tatar-mor-ve-otesi-konserini-izledi\\\/\"]}]},{\"@type\":\"ImageObject\",\"inLanguage\":\"tr\",\"@id\":\"https:\\\/\\\/kuzeyinsesi.org\\\/index.php\\\/2024\\\/09\\\/21\\\/cumhurbaskani-ersin-tatar-ve-esi-sibel-tatar-mor-ve-otesi-konserini-izledi\\\/#primaryimage\",\"url\":\"https:\\\/\\\/kuzeyinsesi.org\\\/wp-content\\\/uploads\\\/2024\\\/09\\\/20240921_124447.jpg\",\"contentUrl\":\"https:\\\/\\\/kuzeyinsesi.org\\\/wp-content\\\/uploads\\\/2024\\\/09\\\/20240921_124447.jpg\",\"width\":1374,\"height\":1065},{\"@type\":\"BreadcrumbList\",\"@id\":\"https:\\\/\\\/kuzeyinsesi.org\\\/index.php\\\/2024\\\/09\\\/21\\\/cumhurbaskani-ersin-tatar-ve-esi-sibel-tatar-mor-ve-otesi-konserini-izledi\\\/#breadcrumb\",\"itemListElement\":[{\"@type\":\"ListItem\",\"position\":1,\"name\":\"Anasayfa\",\"item\":\"https:\\\/\\\/kuzeyinsesi.org\\\/\"},{\"@type\":\"ListItem\",\"position\":2,\"name\":\"Cumhurba\u015fkan\u0131 Ersin Tatar ve e\u015fi Sibel Tatar, Mor ve \u00d6tesi konserini izledi\"}]},{\"@type\":\"WebSite\",\"@id\":\"https:\\\/\\\/kuzeyinsesi.org\\\/#website\",\"url\":\"https:\\\/\\\/kuzeyinsesi.org\\\/\",\"name\":\"Kuzeyin Sesi\",\"description\":\"Do\u011fru Haberin Adresi\",\"potentialAction\":[{\"@type\":\"SearchAction\",\"target\":{\"@type\":\"EntryPoint\",\"urlTemplate\":\"https:\\\/\\\/kuzeyinsesi.org\\\/?s={search_term_string}\"},\"query-input\":{\"@type\":\"PropertyValueSpecification\",\"valueRequired\":true,\"valueName\":\"search_term_string\"}}],\"inLanguage\":\"tr\"},{\"@type\":\"Person\",\"@id\":\"https:\\\/\\\/kuzeyinsesi.org\\\/#\\\/schema\\\/person\\\/9f859689cdf01485597712386e37f5aa\",\"name\":\"Kuzeyin Sesi\",\"image\":{\"@type\":\"ImageObject\",\"inLanguage\":\"tr\",\"@id\":\"https:\\\/\\\/secure.gravatar.com\\\/avatar\\\/bab33852abfd8b282518d6ed81826833d77c3c882d9ab608add591ccace47a44?s=96&d=mm&r=g\",\"url\":\"https:\\\/\\\/secure.gravatar.com\\\/avatar\\\/bab33852abfd8b282518d6ed81826833d77c3c882d9ab608add591ccace47a44?s=96&d=mm&r=g\",\"contentUrl\":\"https:\\\/\\\/secure.gravatar.com\\\/avatar\\\/bab33852abfd8b282518d6ed81826833d77c3c882d9ab608add591ccace47a44?s=96&d=mm&r=g\",\"caption\":\"Kuzeyin Sesi\"},\"sameAs\":[\"https:\\\/\\\/kuzeyinsesi.org\"],\"url\":\"https:\\\/\\\/kuzeyinsesi.org\\\/index.php\\\/author\\\/guven\\\/\"}]}<\/script>\n<!-- \/ Yoast SEO plugin. -->","yoast_head_json":{"title":"Cumhurba\u015fkan\u0131 Ersin Tatar ve e\u015fi Sibel Tatar, Mor ve \u00d6tesi konserini izledi - Kuzeyin Sesi","robots":{"index":"index","follow":"follow","max-snippet":"max-snippet:-1","max-image-preview":"max-image-preview:large","max-video-preview":"max-video-preview:-1"},"canonical":"https:\/\/kuzeyinsesi.org\/index.php\/2024\/09\/21\/cumhurbaskani-ersin-tatar-ve-esi-sibel-tatar-mor-ve-otesi-konserini-izledi\/","og_locale":"tr_TR","og_type":"article","og_title":"Cumhurba\u015fkan\u0131 Ersin Tatar ve e\u015fi Sibel Tatar, Mor ve \u00d6tesi konserini izledi - Kuzeyin Sesi","og_description":"Cumhurba\u015fkan\u0131 Ersin Tatar ve e\u015fi Sibel Tatar, Girne Belediyesi taraf\u0131ndan d\u00fczenlenen Girne Ark\u0131n Group Fest\u2019e kat\u0131ld\u0131. Cumhurba\u015fkan\u0131 Ersin Tatar ve e\u015fi Sibel Tatar, Girne Amfi Tiyatro\u2019da festival kapsam\u0131nda ger\u00e7ekle\u015fen Mor ve \u00d6tesi konserini izledi.","og_url":"https:\/\/kuzeyinsesi.org\/index.php\/2024\/09\/21\/cumhurbaskani-ersin-tatar-ve-esi-sibel-tatar-mor-ve-otesi-konserini-izledi\/","og_site_name":"Kuzeyin Sesi","article_publisher":"https:\/\/www.facebook.com\/kuzeyinsesii","article_published_time":"2024-09-21T10:05:36+00:00","og_image":[{"url":"https:\/\/brtk.net\/wp-content\/uploads\/2024\/09\/21\/20240921_124447.jpg?ver=351694010f180bad8e27681dfb5a488e","type":"","width":"","height":""}],"author":"Kuzeyin Sesi","twitter_card":"summary_large_image","twitter_creator":"@kuzeyinsesii","twitter_site":"@kuzeyinsesii","twitter_misc":{"Yazan:":"Kuzeyin Sesi"},"schema":{"@context":"https:\/\/schema.org","@graph":[{"@type":"Article","@id":"https:\/\/kuzeyinsesi.org\/index.php\/2024\/09\/21\/cumhurbaskani-ersin-tatar-ve-esi-sibel-tatar-mor-ve-otesi-konserini-izledi\/#article","isPartOf":{"@id":"https:\/\/kuzeyinsesi.org\/index.php\/2024\/09\/21\/cumhurbaskani-ersin-tatar-ve-esi-sibel-tatar-mor-ve-otesi-konserini-izledi\/"},"author":{"name":"Kuzeyin Sesi","@id":"https:\/\/kuzeyinsesi.org\/#\/schema\/person\/9f859689cdf01485597712386e37f5aa"},"headline":"Cumhurba\u015fkan\u0131 Ersin Tatar ve e\u015fi Sibel Tatar, Mor ve \u00d6tesi konserini izledi","datePublished":"2024-09-21T10:05:36+00:00","mainEntityOfPage":{"@id":"https:\/\/kuzeyinsesi.org\/index.php\/2024\/09\/21\/cumhurbaskani-ersin-tatar-ve-esi-sibel-tatar-mor-ve-otesi-konserini-izledi\/"},"wordCount":61,"commentCount":0,"image":{"@id":"https:\/\/kuzeyinsesi.org\/index.php\/2024\/09\/21\/cumhurbaskani-ersin-tatar-ve-esi-sibel-tatar-mor-ve-otesi-konserini-izledi\/#primaryimage"},"thumbnailUrl":"https:\/\/kuzeyinsesi.org\/wp-content\/uploads\/2024\/09\/20240921_124447.jpg","articleSection":["Ya\u015fam"],"inLanguage":"tr","potentialAction":[{"@type":"CommentAction","name":"Comment","target":["https:\/\/kuzeyinsesi.org\/index.php\/2024\/09\/21\/cumhurbaskani-ersin-tatar-ve-esi-sibel-tatar-mor-ve-otesi-konserini-izledi\/#respond"]}]},{"@type":"WebPage","@id":"https:\/\/kuzeyinsesi.org\/index.php\/2024\/09\/21\/cumhurbaskani-ersin-tatar-ve-esi-sibel-tatar-mor-ve-otesi-konserini-izledi\/","url":"https:\/\/kuzeyinsesi.org\/index.php\/2024\/09\/21\/cumhurbaskani-ersin-tatar-ve-esi-sibel-tatar-mor-ve-otesi-konserini-izledi\/","name":"Cumhurba\u015fkan\u0131 Ersin Tatar ve e\u015fi Sibel Tatar, Mor ve \u00d6tesi konserini izledi - Kuzeyin Sesi","isPartOf":{"@id":"https:\/\/kuzeyinsesi.org\/#website"},"primaryImageOfPage":{"@id":"https:\/\/kuzeyinsesi.org\/index.php\/2024\/09\/21\/cumhurbaskani-ersin-tatar-ve-esi-sibel-tatar-mor-ve-otesi-konserini-izledi\/#primaryimage"},"image":{"@id":"https:\/\/kuzeyinsesi.org\/index.php\/2024\/09\/21\/cumhurbaskani-ersin-tatar-ve-esi-sibel-tatar-mor-ve-otesi-konserini-izledi\/#primaryimage"},"thumbnailUrl":"https:\/\/kuzeyinsesi.org\/wp-content\/uploads\/2024\/09\/20240921_124447.jpg","datePublished":"2024-09-21T10:05:36+00:00","author":{"@id":"https:\/\/kuzeyinsesi.org\/#\/schema\/person\/9f859689cdf01485597712386e37f5aa"},"breadcrumb":{"@id":"https:\/\/kuzeyinsesi.org\/index.php\/2024\/09\/21\/cumhurbaskani-ersin-tatar-ve-esi-sibel-tatar-mor-ve-otesi-konserini-izledi\/#breadcrumb"},"inLanguage":"tr","potentialAction":[{"@type":"ReadAction","target":["https:\/\/kuzeyinsesi.org\/index.php\/2024\/09\/21\/cumhurbaskani-ersin-tatar-ve-esi-sibel-tatar-mor-ve-otesi-konserini-izledi\/"]}]},{"@type":"ImageObject","inLanguage":"tr","@id":"https:\/\/kuzeyinsesi.org\/index.php\/2024\/09\/21\/cumhurbaskani-ersin-tatar-ve-esi-sibel-tatar-mor-ve-otesi-konserini-izledi\/#primaryimage","url":"https:\/\/kuzeyinsesi.org\/wp-content\/uploads\/2024\/09\/20240921_124447.jpg","contentUrl":"https:\/\/kuzeyinsesi.org\/wp-content\/uploads\/2024\/09\/20240921_124447.jpg","width":1374,"height":1065},{"@type":"BreadcrumbList","@id":"https:\/\/kuzeyinsesi.org\/index.php\/2024\/09\/21\/cumhurbaskani-ersin-tatar-ve-esi-sibel-tatar-mor-ve-otesi-konserini-izledi\/#breadcrumb","itemListElement":[{"@type":"ListItem","position":1,"name":"Anasayfa","item":"https:\/\/kuzeyinsesi.org\/"},{"@type":"ListItem","position":2,"name":"Cumhurba\u015fkan\u0131 Ersin Tatar ve e\u015fi Sibel Tatar, Mor ve \u00d6tesi konserini izledi"}]},{"@type":"WebSite","@id":"https:\/\/kuzeyinsesi.org\/#website","url":"https:\/\/kuzeyinsesi.org\/","name":"Kuzeyin Sesi","description":"Do\u011fru Haberin Adresi","potentialAction":[{"@type":"SearchAction","target":{"@type":"EntryPoint","urlTemplate":"https:\/\/kuzeyinsesi.org\/?s={search_term_string}"},"query-input":{"@type":"PropertyValueSpecification","valueRequired":true,"valueName":"search_term_string"}}],"inLanguage":"tr"},{"@type":"Person","@id":"https:\/\/kuzeyinsesi.org\/#\/schema\/person\/9f859689cdf01485597712386e37f5aa","name":"Kuzeyin Sesi","image":{"@type":"ImageObject","inLanguage":"tr","@id":"https:\/\/secure.gravatar.com\/avatar\/bab33852abfd8b282518d6ed81826833d77c3c882d9ab608add591ccace47a44?s=96&d=mm&r=g","url":"https:\/\/secure.gravatar.com\/avatar\/bab33852abfd8b282518d6ed81826833d77c3c882d9ab608add591ccace47a44?s=96&d=mm&r=g","contentUrl":"https:\/\/secure.gravatar.com\/avatar\/bab33852abfd8b282518d6ed81826833d77c3c882d9ab608add591ccace47a44?s=96&d=mm&r=g","caption":"Kuzeyin Sesi"},"sameAs":["https:\/\/kuzeyinsesi.org"],"url":"https:\/\/kuzeyinsesi.org\/index.php\/author\/guven\/"}]}},"_links":{"self":[{"href":"https:\/\/kuzeyinsesi.org\/index.php\/wp-json\/wp\/v2\/posts\/10149","targetHints":{"allow":["GET"]}}],"collection":[{"href":"https:\/\/kuzeyinsesi.org\/index.php\/wp-json\/wp\/v2\/posts"}],"about":[{"href":"https:\/\/kuzeyinsesi.org\/index.php\/wp-json\/wp\/v2\/types\/post"}],"author":[{"embeddable":true,"href":"https:\/\/kuzeyinsesi.org\/index.php\/wp-json\/wp\/v2\/users\/1"}],"replies":[{"embeddable":true,"href":"https:\/\/kuzeyinsesi.org\/index.php\/wp-json\/wp\/v2\/comments?post=10149"}],"version-history":[{"count":0,"href":"https:\/\/kuzeyinsesi.org\/index.php\/wp-json\/wp\/v2\/posts\/10149\/revisions"}],"wp:featuredmedia":[{"embeddable":true,"href":"https:\/\/kuzeyinsesi.org\/index.php\/wp-json\/wp\/v2\/media\/10150"}],"wp:attachment":[{"href":"https:\/\/kuzeyinsesi.org\/index.php\/wp-json\/wp\/v2\/media?parent=10149"}],"wp:term":[{"taxonomy":"category","embeddable":true,"href":"https:\/\/kuzeyinsesi.org\/index.php\/wp-json\/wp\/v2\/categories?post=10149"},{"taxonomy":"post_tag","embeddable":true,"href":"https:\/\/kuzeyinsesi.org\/index.php\/wp-json\/wp\/v2\/tags?post=10149"}],"curies":[{"name":"wp","href":"https:\/\/api.w.org\/{rel}","templated":true}]}}