{"id":10141,"date":"2024-09-21T11:49:00","date_gmt":"2024-09-21T08:49:00","guid":{"rendered":"https:\/\/kuzeyinsesi.org\/index.php\/2024\/09\/21\/mor-ve-otesi-dun-aksam-girnede-konser-verdi\/"},"modified":"2024-09-21T11:49:00","modified_gmt":"2024-09-21T08:49:00","slug":"mor-ve-otesi-dun-aksam-girnede-konser-verdi","status":"publish","type":"post","link":"https:\/\/kuzeyinsesi.org\/index.php\/2024\/09\/21\/mor-ve-otesi-dun-aksam-girnede-konser-verdi\/","title":{"rendered":"Mor ve \u00d6tesi d\u00fcn ak\u015fam Girne\u2019de konser verdi"},"content":{"rendered":"<div>\n<div class=\"mariselle-image-container center\">\n                                            <\/div>\n<p>T\u00fcrkiye\u2019nin sevilen gruplar\u0131ndan Mor ve \u00d6tesi d\u00fcn ak\u015fam Girne\u2019de verdi\u011fi konserde kalabal\u0131k bir izleyici grubuyla bulu\u015ftu.<\/p>\n<p>Girne Belediyesi\u2019nden verilen bilgiye g\u00f6re, \u2018Girne Ark\u0131n Group Fest 24\u2019 kapsam\u0131nda Amfi Tiyatro\u2019da ger\u00e7ekle\u015fen Mor ve \u00d6tesi konserine, yakla\u015f\u0131k 4 bin 500 ki\u015finin kat\u0131ld\u0131.<\/p>\n<p>Saat 21:00\u2019de sahneye \u00e7\u0131kan Mor ve \u00d6tesi birbirinden g\u00fczel par\u00e7alar\u0131 ile dinleyenlere adeta bir m\u00fczik \u015f\u00f6leni ya\u015fatt\u0131. Yo\u011fun ilgi ya\u015fanan konserde, oturma alanlar\u0131n\u0131n dolmas\u0131 ile seyirciler, merdiven ve balkonlar\u0131 doldurdu. Yakla\u015f\u0131k 1,5 saat s\u00fcren konser boyunca seyirci de \u015fark\u0131lara e\u015flik etti; performans\u0131n yan\u0131 s\u0131ra g\u00f6rsel sunumlar ile de ayr\u0131 bir atmosfer ya\u015fand\u0131.<\/p>\n<\/p><\/div>\n<p><script async\n                    defer\n                    crossorigin=\"anonymous\"\n                    src=\"https:\/\/connect.facebook.net\/tr_TR\/sdk.js#xfbml=1&#038;version=v3.3\"\n            ><\/script><\/p>\n","protected":false},"excerpt":{"rendered":"<p>T\u00fcrkiye\u2019nin sevilen gruplar\u0131ndan Mor ve \u00d6tesi d\u00fcn ak\u015fam Girne\u2019de verdi\u011fi konserde kalabal\u0131k bir izleyici grubuyla bulu\u015ftu. Girne Belediyesi\u2019nden verilen bilgiye g\u00f6re, \u2018Girne Ark\u0131n Group Fest 24\u2019 kapsam\u0131nda Amfi Tiyatro\u2019da ger\u00e7ekle\u015fen Mor ve \u00d6tesi konserine, yakla\u015f\u0131k 4 bin 500 ki\u015finin kat\u0131ld\u0131. Saat 21:00\u2019de sahneye \u00e7\u0131kan Mor ve \u00d6tesi birbirinden g\u00fczel par\u00e7alar\u0131 ile dinleyenlere adeta bir m\u00fczik [&hellip;]<\/p>\n","protected":false},"author":1,"featured_media":10142,"comment_status":"open","ping_status":"open","sticky":false,"template":"","format":"standard","meta":{"jnews-multi-image_gallery":[],"jnews_single_post":[],"jnews_primary_category":[],"jnews_social_meta":[],"jnews_override_counter":[],"footnotes":""},"categories":[6],"tags":[],"class_list":["post-10141","post","type-post","status-publish","format-standard","has-post-thumbnail","hentry","category-yasam"],"yoast_head":"<!-- This site is optimized with the Yoast SEO plugin v27.5 - https:\/\/yoast.com\/product\/yoast-seo-wordpress\/ -->\n<title>Mor ve \u00d6tesi d\u00fcn ak\u015fam Girne\u2019de konser verdi - Kuzeyin Sesi<\/title>\n<meta name=\"robots\" content=\"index, follow, max-snippet:-1, max-image-preview:large, max-video-preview:-1\" \/>\n<link rel=\"canonical\" href=\"https:\/\/kuzeyinsesi.org\/index.php\/2024\/09\/21\/mor-ve-otesi-dun-aksam-girnede-konser-verdi\/\" \/>\n<meta property=\"og:locale\" content=\"tr_TR\" \/>\n<meta property=\"og:type\" content=\"article\" \/>\n<meta property=\"og:title\" content=\"Mor ve \u00d6tesi d\u00fcn ak\u015fam Girne\u2019de konser verdi - Kuzeyin Sesi\" \/>\n<meta property=\"og:description\" content=\"T\u00fcrkiye\u2019nin sevilen gruplar\u0131ndan Mor ve \u00d6tesi d\u00fcn ak\u015fam Girne\u2019de verdi\u011fi konserde kalabal\u0131k bir izleyici grubuyla bulu\u015ftu. Girne Belediyesi\u2019nden verilen bilgiye g\u00f6re, \u2018Girne Ark\u0131n Group Fest 24\u2019 kapsam\u0131nda Amfi Tiyatro\u2019da ger\u00e7ekle\u015fen Mor ve \u00d6tesi konserine, yakla\u015f\u0131k 4 bin 500 ki\u015finin kat\u0131ld\u0131. Saat 21:00\u2019de sahneye \u00e7\u0131kan Mor ve \u00d6tesi birbirinden g\u00fczel par\u00e7alar\u0131 ile dinleyenlere adeta bir m\u00fczik [&hellip;]\" \/>\n<meta property=\"og:url\" content=\"https:\/\/kuzeyinsesi.org\/index.php\/2024\/09\/21\/mor-ve-otesi-dun-aksam-girnede-konser-verdi\/\" \/>\n<meta property=\"og:site_name\" content=\"Kuzeyin Sesi\" \/>\n<meta property=\"article:publisher\" content=\"https:\/\/www.facebook.com\/kuzeyinsesii\" \/>\n<meta property=\"article:published_time\" content=\"2024-09-21T08:49:00+00:00\" \/>\n<meta property=\"og:image\" content=\"https:\/\/brtk.net\/wp-content\/uploads\/2024\/09\/21\/mor-ve-otesi-4--scaled.jpg?ver=36d6d82fa916276161d7d0a2a0916a39\" \/>\n<meta name=\"author\" content=\"Kuzeyin Sesi\" \/>\n<meta name=\"twitter:card\" content=\"summary_large_image\" \/>\n<meta name=\"twitter:creator\" content=\"@kuzeyinsesii\" \/>\n<meta name=\"twitter:site\" content=\"@kuzeyinsesii\" \/>\n<meta name=\"twitter:label1\" content=\"Yazan:\" \/>\n\t<meta name=\"twitter:data1\" content=\"Kuzeyin Sesi\" \/>\n\t<meta name=\"twitter:label2\" content=\"Tahmini okuma s\u00fcresi\" \/>\n\t<meta name=\"twitter:data2\" content=\"1 dakika\" \/>\n<script type=\"application\/ld+json\" class=\"yoast-schema-graph\">{\"@context\":\"https:\\\/\\\/schema.org\",\"@graph\":[{\"@type\":\"Article\",\"@id\":\"https:\\\/\\\/kuzeyinsesi.org\\\/index.php\\\/2024\\\/09\\\/21\\\/mor-ve-otesi-dun-aksam-girnede-konser-verdi\\\/#article\",\"isPartOf\":{\"@id\":\"https:\\\/\\\/kuzeyinsesi.org\\\/index.php\\\/2024\\\/09\\\/21\\\/mor-ve-otesi-dun-aksam-girnede-konser-verdi\\\/\"},\"author\":{\"name\":\"Kuzeyin Sesi\",\"@id\":\"https:\\\/\\\/kuzeyinsesi.org\\\/#\\\/schema\\\/person\\\/9f859689cdf01485597712386e37f5aa\"},\"headline\":\"Mor ve \u00d6tesi d\u00fcn ak\u015fam Girne\u2019de konser verdi\",\"datePublished\":\"2024-09-21T08:49:00+00:00\",\"mainEntityOfPage\":{\"@id\":\"https:\\\/\\\/kuzeyinsesi.org\\\/index.php\\\/2024\\\/09\\\/21\\\/mor-ve-otesi-dun-aksam-girnede-konser-verdi\\\/\"},\"wordCount\":134,\"commentCount\":0,\"image\":{\"@id\":\"https:\\\/\\\/kuzeyinsesi.org\\\/index.php\\\/2024\\\/09\\\/21\\\/mor-ve-otesi-dun-aksam-girnede-konser-verdi\\\/#primaryimage\"},\"thumbnailUrl\":\"https:\\\/\\\/kuzeyinsesi.org\\\/wp-content\\\/uploads\\\/2024\\\/09\\\/mor-ve-otesi-4-scaled.jpg\",\"articleSection\":[\"Ya\u015fam\"],\"inLanguage\":\"tr\",\"potentialAction\":[{\"@type\":\"CommentAction\",\"name\":\"Comment\",\"target\":[\"https:\\\/\\\/kuzeyinsesi.org\\\/index.php\\\/2024\\\/09\\\/21\\\/mor-ve-otesi-dun-aksam-girnede-konser-verdi\\\/#respond\"]}]},{\"@type\":\"WebPage\",\"@id\":\"https:\\\/\\\/kuzeyinsesi.org\\\/index.php\\\/2024\\\/09\\\/21\\\/mor-ve-otesi-dun-aksam-girnede-konser-verdi\\\/\",\"url\":\"https:\\\/\\\/kuzeyinsesi.org\\\/index.php\\\/2024\\\/09\\\/21\\\/mor-ve-otesi-dun-aksam-girnede-konser-verdi\\\/\",\"name\":\"Mor ve \u00d6tesi d\u00fcn ak\u015fam Girne\u2019de konser verdi - Kuzeyin Sesi\",\"isPartOf\":{\"@id\":\"https:\\\/\\\/kuzeyinsesi.org\\\/#website\"},\"primaryImageOfPage\":{\"@id\":\"https:\\\/\\\/kuzeyinsesi.org\\\/index.php\\\/2024\\\/09\\\/21\\\/mor-ve-otesi-dun-aksam-girnede-konser-verdi\\\/#primaryimage\"},\"image\":{\"@id\":\"https:\\\/\\\/kuzeyinsesi.org\\\/index.php\\\/2024\\\/09\\\/21\\\/mor-ve-otesi-dun-aksam-girnede-konser-verdi\\\/#primaryimage\"},\"thumbnailUrl\":\"https:\\\/\\\/kuzeyinsesi.org\\\/wp-content\\\/uploads\\\/2024\\\/09\\\/mor-ve-otesi-4-scaled.jpg\",\"datePublished\":\"2024-09-21T08:49:00+00:00\",\"author\":{\"@id\":\"https:\\\/\\\/kuzeyinsesi.org\\\/#\\\/schema\\\/person\\\/9f859689cdf01485597712386e37f5aa\"},\"breadcrumb\":{\"@id\":\"https:\\\/\\\/kuzeyinsesi.org\\\/index.php\\\/2024\\\/09\\\/21\\\/mor-ve-otesi-dun-aksam-girnede-konser-verdi\\\/#breadcrumb\"},\"inLanguage\":\"tr\",\"potentialAction\":[{\"@type\":\"ReadAction\",\"target\":[\"https:\\\/\\\/kuzeyinsesi.org\\\/index.php\\\/2024\\\/09\\\/21\\\/mor-ve-otesi-dun-aksam-girnede-konser-verdi\\\/\"]}]},{\"@type\":\"ImageObject\",\"inLanguage\":\"tr\",\"@id\":\"https:\\\/\\\/kuzeyinsesi.org\\\/index.php\\\/2024\\\/09\\\/21\\\/mor-ve-otesi-dun-aksam-girnede-konser-verdi\\\/#primaryimage\",\"url\":\"https:\\\/\\\/kuzeyinsesi.org\\\/wp-content\\\/uploads\\\/2024\\\/09\\\/mor-ve-otesi-4-scaled.jpg\",\"contentUrl\":\"https:\\\/\\\/kuzeyinsesi.org\\\/wp-content\\\/uploads\\\/2024\\\/09\\\/mor-ve-otesi-4-scaled.jpg\",\"width\":2560,\"height\":1707},{\"@type\":\"BreadcrumbList\",\"@id\":\"https:\\\/\\\/kuzeyinsesi.org\\\/index.php\\\/2024\\\/09\\\/21\\\/mor-ve-otesi-dun-aksam-girnede-konser-verdi\\\/#breadcrumb\",\"itemListElement\":[{\"@type\":\"ListItem\",\"position\":1,\"name\":\"Anasayfa\",\"item\":\"https:\\\/\\\/kuzeyinsesi.org\\\/\"},{\"@type\":\"ListItem\",\"position\":2,\"name\":\"Mor ve \u00d6tesi d\u00fcn ak\u015fam Girne\u2019de konser verdi\"}]},{\"@type\":\"WebSite\",\"@id\":\"https:\\\/\\\/kuzeyinsesi.org\\\/#website\",\"url\":\"https:\\\/\\\/kuzeyinsesi.org\\\/\",\"name\":\"Kuzeyin Sesi\",\"description\":\"Do\u011fru Haberin Adresi\",\"potentialAction\":[{\"@type\":\"SearchAction\",\"target\":{\"@type\":\"EntryPoint\",\"urlTemplate\":\"https:\\\/\\\/kuzeyinsesi.org\\\/?s={search_term_string}\"},\"query-input\":{\"@type\":\"PropertyValueSpecification\",\"valueRequired\":true,\"valueName\":\"search_term_string\"}}],\"inLanguage\":\"tr\"},{\"@type\":\"Person\",\"@id\":\"https:\\\/\\\/kuzeyinsesi.org\\\/#\\\/schema\\\/person\\\/9f859689cdf01485597712386e37f5aa\",\"name\":\"Kuzeyin Sesi\",\"image\":{\"@type\":\"ImageObject\",\"inLanguage\":\"tr\",\"@id\":\"https:\\\/\\\/secure.gravatar.com\\\/avatar\\\/bab33852abfd8b282518d6ed81826833d77c3c882d9ab608add591ccace47a44?s=96&d=mm&r=g\",\"url\":\"https:\\\/\\\/secure.gravatar.com\\\/avatar\\\/bab33852abfd8b282518d6ed81826833d77c3c882d9ab608add591ccace47a44?s=96&d=mm&r=g\",\"contentUrl\":\"https:\\\/\\\/secure.gravatar.com\\\/avatar\\\/bab33852abfd8b282518d6ed81826833d77c3c882d9ab608add591ccace47a44?s=96&d=mm&r=g\",\"caption\":\"Kuzeyin Sesi\"},\"sameAs\":[\"https:\\\/\\\/kuzeyinsesi.org\"],\"url\":\"https:\\\/\\\/kuzeyinsesi.org\\\/index.php\\\/author\\\/guven\\\/\"}]}<\/script>\n<!-- \/ Yoast SEO plugin. -->","yoast_head_json":{"title":"Mor ve \u00d6tesi d\u00fcn ak\u015fam Girne\u2019de konser verdi - Kuzeyin Sesi","robots":{"index":"index","follow":"follow","max-snippet":"max-snippet:-1","max-image-preview":"max-image-preview:large","max-video-preview":"max-video-preview:-1"},"canonical":"https:\/\/kuzeyinsesi.org\/index.php\/2024\/09\/21\/mor-ve-otesi-dun-aksam-girnede-konser-verdi\/","og_locale":"tr_TR","og_type":"article","og_title":"Mor ve \u00d6tesi d\u00fcn ak\u015fam Girne\u2019de konser verdi - Kuzeyin Sesi","og_description":"T\u00fcrkiye\u2019nin sevilen gruplar\u0131ndan Mor ve \u00d6tesi d\u00fcn ak\u015fam Girne\u2019de verdi\u011fi konserde kalabal\u0131k bir izleyici grubuyla bulu\u015ftu. Girne Belediyesi\u2019nden verilen bilgiye g\u00f6re, \u2018Girne Ark\u0131n Group Fest 24\u2019 kapsam\u0131nda Amfi Tiyatro\u2019da ger\u00e7ekle\u015fen Mor ve \u00d6tesi konserine, yakla\u015f\u0131k 4 bin 500 ki\u015finin kat\u0131ld\u0131. Saat 21:00\u2019de sahneye \u00e7\u0131kan Mor ve \u00d6tesi birbirinden g\u00fczel par\u00e7alar\u0131 ile dinleyenlere adeta bir m\u00fczik [&hellip;]","og_url":"https:\/\/kuzeyinsesi.org\/index.php\/2024\/09\/21\/mor-ve-otesi-dun-aksam-girnede-konser-verdi\/","og_site_name":"Kuzeyin Sesi","article_publisher":"https:\/\/www.facebook.com\/kuzeyinsesii","article_published_time":"2024-09-21T08:49:00+00:00","og_image":[{"url":"https:\/\/brtk.net\/wp-content\/uploads\/2024\/09\/21\/mor-ve-otesi-4--scaled.jpg?ver=36d6d82fa916276161d7d0a2a0916a39","type":"","width":"","height":""}],"author":"Kuzeyin Sesi","twitter_card":"summary_large_image","twitter_creator":"@kuzeyinsesii","twitter_site":"@kuzeyinsesii","twitter_misc":{"Yazan:":"Kuzeyin Sesi","Tahmini okuma s\u00fcresi":"1 dakika"},"schema":{"@context":"https:\/\/schema.org","@graph":[{"@type":"Article","@id":"https:\/\/kuzeyinsesi.org\/index.php\/2024\/09\/21\/mor-ve-otesi-dun-aksam-girnede-konser-verdi\/#article","isPartOf":{"@id":"https:\/\/kuzeyinsesi.org\/index.php\/2024\/09\/21\/mor-ve-otesi-dun-aksam-girnede-konser-verdi\/"},"author":{"name":"Kuzeyin Sesi","@id":"https:\/\/kuzeyinsesi.org\/#\/schema\/person\/9f859689cdf01485597712386e37f5aa"},"headline":"Mor ve \u00d6tesi d\u00fcn ak\u015fam Girne\u2019de konser verdi","datePublished":"2024-09-21T08:49:00+00:00","mainEntityOfPage":{"@id":"https:\/\/kuzeyinsesi.org\/index.php\/2024\/09\/21\/mor-ve-otesi-dun-aksam-girnede-konser-verdi\/"},"wordCount":134,"commentCount":0,"image":{"@id":"https:\/\/kuzeyinsesi.org\/index.php\/2024\/09\/21\/mor-ve-otesi-dun-aksam-girnede-konser-verdi\/#primaryimage"},"thumbnailUrl":"https:\/\/kuzeyinsesi.org\/wp-content\/uploads\/2024\/09\/mor-ve-otesi-4-scaled.jpg","articleSection":["Ya\u015fam"],"inLanguage":"tr","potentialAction":[{"@type":"CommentAction","name":"Comment","target":["https:\/\/kuzeyinsesi.org\/index.php\/2024\/09\/21\/mor-ve-otesi-dun-aksam-girnede-konser-verdi\/#respond"]}]},{"@type":"WebPage","@id":"https:\/\/kuzeyinsesi.org\/index.php\/2024\/09\/21\/mor-ve-otesi-dun-aksam-girnede-konser-verdi\/","url":"https:\/\/kuzeyinsesi.org\/index.php\/2024\/09\/21\/mor-ve-otesi-dun-aksam-girnede-konser-verdi\/","name":"Mor ve \u00d6tesi d\u00fcn ak\u015fam Girne\u2019de konser verdi - Kuzeyin Sesi","isPartOf":{"@id":"https:\/\/kuzeyinsesi.org\/#website"},"primaryImageOfPage":{"@id":"https:\/\/kuzeyinsesi.org\/index.php\/2024\/09\/21\/mor-ve-otesi-dun-aksam-girnede-konser-verdi\/#primaryimage"},"image":{"@id":"https:\/\/kuzeyinsesi.org\/index.php\/2024\/09\/21\/mor-ve-otesi-dun-aksam-girnede-konser-verdi\/#primaryimage"},"thumbnailUrl":"https:\/\/kuzeyinsesi.org\/wp-content\/uploads\/2024\/09\/mor-ve-otesi-4-scaled.jpg","datePublished":"2024-09-21T08:49:00+00:00","author":{"@id":"https:\/\/kuzeyinsesi.org\/#\/schema\/person\/9f859689cdf01485597712386e37f5aa"},"breadcrumb":{"@id":"https:\/\/kuzeyinsesi.org\/index.php\/2024\/09\/21\/mor-ve-otesi-dun-aksam-girnede-konser-verdi\/#breadcrumb"},"inLanguage":"tr","potentialAction":[{"@type":"ReadAction","target":["https:\/\/kuzeyinsesi.org\/index.php\/2024\/09\/21\/mor-ve-otesi-dun-aksam-girnede-konser-verdi\/"]}]},{"@type":"ImageObject","inLanguage":"tr","@id":"https:\/\/kuzeyinsesi.org\/index.php\/2024\/09\/21\/mor-ve-otesi-dun-aksam-girnede-konser-verdi\/#primaryimage","url":"https:\/\/kuzeyinsesi.org\/wp-content\/uploads\/2024\/09\/mor-ve-otesi-4-scaled.jpg","contentUrl":"https:\/\/kuzeyinsesi.org\/wp-content\/uploads\/2024\/09\/mor-ve-otesi-4-scaled.jpg","width":2560,"height":1707},{"@type":"BreadcrumbList","@id":"https:\/\/kuzeyinsesi.org\/index.php\/2024\/09\/21\/mor-ve-otesi-dun-aksam-girnede-konser-verdi\/#breadcrumb","itemListElement":[{"@type":"ListItem","position":1,"name":"Anasayfa","item":"https:\/\/kuzeyinsesi.org\/"},{"@type":"ListItem","position":2,"name":"Mor ve \u00d6tesi d\u00fcn ak\u015fam Girne\u2019de konser verdi"}]},{"@type":"WebSite","@id":"https:\/\/kuzeyinsesi.org\/#website","url":"https:\/\/kuzeyinsesi.org\/","name":"Kuzeyin Sesi","description":"Do\u011fru Haberin Adresi","potentialAction":[{"@type":"SearchAction","target":{"@type":"EntryPoint","urlTemplate":"https:\/\/kuzeyinsesi.org\/?s={search_term_string}"},"query-input":{"@type":"PropertyValueSpecification","valueRequired":true,"valueName":"search_term_string"}}],"inLanguage":"tr"},{"@type":"Person","@id":"https:\/\/kuzeyinsesi.org\/#\/schema\/person\/9f859689cdf01485597712386e37f5aa","name":"Kuzeyin Sesi","image":{"@type":"ImageObject","inLanguage":"tr","@id":"https:\/\/secure.gravatar.com\/avatar\/bab33852abfd8b282518d6ed81826833d77c3c882d9ab608add591ccace47a44?s=96&d=mm&r=g","url":"https:\/\/secure.gravatar.com\/avatar\/bab33852abfd8b282518d6ed81826833d77c3c882d9ab608add591ccace47a44?s=96&d=mm&r=g","contentUrl":"https:\/\/secure.gravatar.com\/avatar\/bab33852abfd8b282518d6ed81826833d77c3c882d9ab608add591ccace47a44?s=96&d=mm&r=g","caption":"Kuzeyin Sesi"},"sameAs":["https:\/\/kuzeyinsesi.org"],"url":"https:\/\/kuzeyinsesi.org\/index.php\/author\/guven\/"}]}},"_links":{"self":[{"href":"https:\/\/kuzeyinsesi.org\/index.php\/wp-json\/wp\/v2\/posts\/10141","targetHints":{"allow":["GET"]}}],"collection":[{"href":"https:\/\/kuzeyinsesi.org\/index.php\/wp-json\/wp\/v2\/posts"}],"about":[{"href":"https:\/\/kuzeyinsesi.org\/index.php\/wp-json\/wp\/v2\/types\/post"}],"author":[{"embeddable":true,"href":"https:\/\/kuzeyinsesi.org\/index.php\/wp-json\/wp\/v2\/users\/1"}],"replies":[{"embeddable":true,"href":"https:\/\/kuzeyinsesi.org\/index.php\/wp-json\/wp\/v2\/comments?post=10141"}],"version-history":[{"count":0,"href":"https:\/\/kuzeyinsesi.org\/index.php\/wp-json\/wp\/v2\/posts\/10141\/revisions"}],"wp:featuredmedia":[{"embeddable":true,"href":"https:\/\/kuzeyinsesi.org\/index.php\/wp-json\/wp\/v2\/media\/10142"}],"wp:attachment":[{"href":"https:\/\/kuzeyinsesi.org\/index.php\/wp-json\/wp\/v2\/media?parent=10141"}],"wp:term":[{"taxonomy":"category","embeddable":true,"href":"https:\/\/kuzeyinsesi.org\/index.php\/wp-json\/wp\/v2\/categories?post=10141"},{"taxonomy":"post_tag","embeddable":true,"href":"https:\/\/kuzeyinsesi.org\/index.php\/wp-json\/wp\/v2\/tags?post=10141"}],"curies":[{"name":"wp","href":"https:\/\/api.w.org\/{rel}","templated":true}]}}