{"id":10113,"date":"2024-09-20T21:01:05","date_gmt":"2024-09-20T18:01:05","guid":{"rendered":"https:\/\/kuzeyinsesi.org\/index.php\/2024\/09\/20\/fidanbrics-uyeligi-ab-ile-bizim-ekonomik-entegrasyonumuz-uyelikle-taclansaydi-bu-turden-bir-arayista-olmayacaktik\/"},"modified":"2024-09-20T21:01:05","modified_gmt":"2024-09-20T18:01:05","slug":"fidanbrics-uyeligi-ab-ile-bizim-ekonomik-entegrasyonumuz-uyelikle-taclansaydi-bu-turden-bir-arayista-olmayacaktik","status":"publish","type":"post","link":"https:\/\/kuzeyinsesi.org\/index.php\/2024\/09\/20\/fidanbrics-uyeligi-ab-ile-bizim-ekonomik-entegrasyonumuz-uyelikle-taclansaydi-bu-turden-bir-arayista-olmayacaktik\/","title":{"rendered":"Fidan:\u201d(BRICS \u00fcyeli\u011fi) AB ile bizim ekonomik entegrasyonumuz \u00fcyelikle ta\u00e7lansayd\u0131 bu t\u00fcrden bir aray\u0131\u015fta olmayacakt\u0131k\u201d"},"content":{"rendered":"<div>\n<div class=\"mariselle-image-container center\">\n                                            <\/div>\n<p>T\u00fcrkiye D\u0131\u015fi\u015fleri Bakan\u0131 Hakan Fidan, k\u00fcresel ittifaklar konusunda alternatifleri de\u011ferlendirdiklerini belirterek, \u201c(BRICS \u00fcyeli\u011fi) AB ile bizim ekonomik entegrasyonumuz \u00fcyelikle ta\u00e7lansayd\u0131 belki biz bir\u00e7ok konuda bu t\u00fcrden bir aray\u0131\u015fta olmayacakt\u0131k\u201d dedi.<\/p>\n<p>AAt\u00f6lye\u2019de Anadolu Ajans\u0131 (AA) Edit\u00f6r Masas\u0131\u2019na konuk olan Fidan, Avrupa Birli\u011fi (AB) ile ili\u015fkiler, k\u00fcresel ittifaklar ve olas\u0131 BRICS \u00fcyeli\u011fi konusunda da a\u00e7\u0131klamalarda bulundu.<\/p>\n<p>Fidan, Avrupa Birli\u011fi (AB) D\u0131\u015fi\u015fleri Bakanlar\u0131n\u0131n gayriresmi toplant\u0131s\u0131n\u0131n, T\u00fcrkiye\u2019nin uzun aradan sonra kat\u0131ld\u0131\u011f\u0131 \u00f6nemli bir toplant\u0131 oldu\u011funu s\u00f6yledi.<\/p>\n<p>AB D\u0131\u015f \u0130li\u015fkiler ve G\u00fcvenlik Politikas\u0131 Y\u00fcksek Temsilcisi Josep Borrell ve AB Komisyonunun Kom\u015fuluk ve Geni\u015flemeden Sorumlu \u00dcyesi Oliver Varhelyi ile s\u00fcrekli g\u00f6r\u00fc\u015f\u00fcld\u00fc\u011f\u00fcn\u00fc kaydeden Fidan, \u201cBirbirimizi ikili d\u00fczeyde tan\u0131d\u0131\u011f\u0131m\u0131z b\u00fct\u00fcn akt\u00f6rler, art\u0131k hepsi AB T\u00fcrkiye konulu bir toplant\u0131da bir araya geldik. T\u00fcrkiye ile bir nevi dondurulmu\u015f birtak\u0131m ili\u015fkiler, \u2018Bundan sonra nereye nas\u0131l gidebilir?\u2019 sorusuna bir cevap arama egzersiziydi. Esas itibar\u0131yla bizim birebir yapt\u0131\u011f\u0131m\u0131z ili\u015fkilerde de g\u00f6zlemledi\u011fimiz konular\u0131n orada biraz daha yap\u0131sal bir \u015fekilde tart\u0131\u015f\u0131ld\u0131\u011f\u0131 bir d\u00fczlem oldu.\u201d de\u011ferlendirmesinde bulundu.<\/p>\n<p>Fidan, T\u00fcrkiye Cumhurba\u015fkan\u0131 Recep Tayyip Erdo\u011fan\u2019\u0131n AB ile ilgili ortaya koydu\u011fu yenilenmi\u015f bir vizyonunun oldu\u011funu belirterek, \u201cHer se\u00e7imden sonra Cumhurba\u015fkan\u0131m\u0131z, \u00fclkemizin d\u0131\u015f politikas\u0131 ile ilgili, g\u00fcvenlik politikas\u0131 ile ilgili, dost d\u00fc\u015fman tan\u0131m\u0131 ile ilgili halk\u0131n art\u0131k iradeyi verdi\u011fi, makam olarak yeniledi\u011fi ifadeleri var. Bunlar\u0131 dikkatle takip etmek gerekiyor ama bunlarda da ciddi bir devaml\u0131l\u0131k var. Ter\u00f6rle ilgili d\u00fc\u015fman tan\u0131m\u0131, T\u00fcrkiye\u2019nin birli\u011fi, b\u00fct\u00fcnl\u00fc\u011f\u00fc tan\u0131m\u0131 ve ayn\u0131 zamanda Avrupa Birli\u011fi ile ilgili konu. Bu konu da hep nettir. Se\u00e7ildi\u011fi andan itibaren de tekrar Avrupa Birli\u011fi ile ilgili T\u00fcrkiye vizyonunun de\u011fi\u015fmedi\u011fini Cumhurba\u015fkan\u0131m\u0131z vurgulam\u0131\u015ft\u0131. Ben bu konuyu a\u00e7\u0131k\u00e7as\u0131 ba\u015flang\u0131\u00e7 noktas\u0131 olarak ortaya koydum.\u201d diye konu\u015ftu.<\/p>\n<p>Bir \u00fclkenin AB\u2019ye girmesinin ve kabul edilmesinin kar\u015f\u0131l\u0131kl\u0131 irade beyan\u0131yla ger\u00e7ekle\u015fti\u011fini dile getiren Fidan, \u201cDemokrasilerde bunun siyasi iradeyle m\u00fcmk\u00fcn olmas\u0131 gerekiyor. \u015eimdi T\u00fcrkiye\u2019nin 2004\u2019ten itibaren ortaya koydu\u011fu siyasi iradenin devam etti\u011fini biz ortaya koyduk ama Avrupa Birli\u011fi\u2019nde 2008\u2019den itibaren art\u0131k siyasi iradenin de\u011fi\u015fti\u011fini, bu noktada bir siyasi irade olmad\u0131\u011f\u0131n\u0131, bu irade T\u00fcrkiye-Avrupa Birli\u011fi \u00fcyelik ili\u015fkilerini tam ortada b\u0131rakt\u0131. \u015eimdi \u00fcyelik ili\u015fkileri irade yoksunlu\u011fundan dolay\u0131 ilerleyemezken di\u011fer taraftan aday \u00fclke stat\u00fcs\u00fcyle yapmam\u0131z gereken \u015feyler var. T\u00fcrkiye-Avrupa Birli\u011fi ili\u015fkileri i\u00e7erisinde gerek ticari olsun, gerek siyasi olsun, bu konularda at\u0131lmas\u0131 gereken ad\u0131mlar var. Yani \u00fcyelik konusu ilerlemiyor diye di\u011fer konularda \u00e7al\u0131\u015fmama olmaz.\u201d ifadelerini kulland\u0131.<\/p>\n<p>Fidan, son y\u0131llarda birtak\u0131m subjektif yakla\u015f\u0131mlar\u0131n, baz\u0131 AB \u00fclkelerinin kendi konular\u0131n\u0131 AB\u2019nin merkezi konusu gibi yapma \u00e7abalar\u0131n\u0131n AB g\u00fcndemini T\u00fcrkiye ile ili\u015fkilerde biraz dibe \u00e7ekti\u011fini belirterek, \u201cBurada biz tekrar bu dibe \u00e7ekmeyi normalle\u015ftirme, \u00f6zellikle ticaret, ekonomi, vize, e\u011fitim, k\u00fclt\u00fcr gibi alanlardaki zaten var olan normal i\u015fleyi\u015fimizi daha da peki\u015ftirmek, daha da yap\u0131salla\u015ft\u0131rmak konusunda neler yap\u0131labilir onu g\u00f6rd\u00fck. \u015eimdi g\u00f6zlemlerimden biri \u015fu, \u00f6zellikle son 3-4 y\u0131ld\u0131r Ukrayna-Rusya Sava\u015f\u0131 ba\u015fta olmak \u00fczere, Orta Do\u011fu\u2019daki Gazze sava\u015f\u0131 ve di\u011fer konular, Rusya ve di\u011fer \u00fclkelerin giderek daha ba\u015fka bir boyuta evrilmesiyle, ittifak \u015fekli itibar\u0131yla, Avrupa Birli\u011fi\u2019nin jeostratejik olarak bir alarm seviyesine geldi\u011fini g\u00f6r\u00fcyoruz.\u201d dedi.<\/p>\n<p>Bakan Fidan, \u015f\u00f6yle devam etti:<\/p>\n<p>\u201cAvrupa Birli\u011fi, esas itibar\u0131yla ekonomik sorunlara y\u00f6nelik dayan\u0131kl\u0131l\u0131\u011f\u0131n\u0131 fevkalade geli\u015ftirmi\u015f, g\u00fcvenlik ve jeostratejik konular\u0131n\u0131 da Amerika \u00fczerinden, onun sa\u011flad\u0131\u011f\u0131 \u015femsiye koruma \u00fczerinden y\u00fcr\u00fcten bir yap\u0131yd\u0131. \u015eimdi ama bunun da yetmeyece\u011fini veya Amerika\u2019n\u0131n bunu yaparken kendilerinin de her zaman kabul edece\u011fi ve halklar\u0131 taraf\u0131ndan benimsenece\u011fi bir politika olmayaca\u011f\u0131n\u0131 da g\u00f6rm\u00fc\u015f oldular. Maliyet ve bedel var. Bu, ne kadar y\u00f6netilebilir? \u015eimdi bizim onlara tabii ba\u015ftan beri s\u00f6yledi\u011fimiz \u015fuydu: Avrupa Birli\u011fi meselesi, \u00f6zellikle T\u00fcrkiye ile alakal\u0131. Biz bunu ortaya koyarken vizyonumuz ne? Avrupa Birli\u011fi, esas itibar\u0131yla co\u011frafi devaml\u0131l\u0131\u011f\u0131 olan bir yap\u0131 yani T\u00fcrkiye, \u015fu anda kendisi de Avrupa\u2019n\u0131n bir par\u00e7as\u0131 co\u011frafya olarak. Hem Orta Do\u011fu\u2019ya bakan hem Asya\u2019ya bakan hem Kafkasya\u2019ya bakan bir\u00e7ok yeri var. \u015eimdi Avrupa\u2019n\u0131n da bir par\u00e7as\u0131s\u0131n\u0131z, co\u011frafi devaml\u0131l\u0131k olarak siz de Avrupa Birli\u011fi \u00fcyesi olsan\u0131z 2008-2009\u2019lu y\u0131llarda benim de\u011ferlendirmem Birle\u015fik Krall\u0131k, Avrupa Birli\u011fi\u2019nden \u00e7\u0131kmazd\u0131.\u201d<\/p>\n<p>Fidan, Birle\u015fik Krall\u0131k ve T\u00fcrkiye\u2019nin do\u011fu ve bat\u0131dan iki g\u00fc\u00e7l\u00fc akt\u00f6r olarak AB\u2019ye \u00fcye oldu\u011fu bir ortamda jeostratejik a\u00e7\u0131dan AB\u2019nin Atlantik taraf\u0131na s\u00fcr\u00fcklenmeyece\u011fini belirterek \u201cT\u00fcrkiye, daha farkl\u0131 \u00e7ekim dip dalgas\u0131na maruz kalmaz, AB-T\u00fcrkiye yani herkes, bulundu\u011fu yerde daha g\u00fc\u00e7l\u00fc bir \u00e7ekim merkezi olu\u015fturabilirdi jeostratejik olarak.\u201d dedi.<\/p>\n<p>\u2013 \u201cA\u015f\u0131r\u0131 sa\u011f iktidara gelse Avrupa Birli\u011fi\u2019nde bizim i\u00e7in de\u011fi\u015fen bir \u015fey yok\u201d<\/p>\n<p>Bakan Fidan, \u201cT\u00fcrkiye\u2019yle ili\u015fkilerinde Avrupa \u00fclkeleri, a\u015f\u0131r\u0131 sa\u011f iktidardaym\u0131\u015f gibi davrand\u0131. Dolay\u0131s\u0131yla bug\u00fcn a\u015f\u0131r\u0131 sa\u011f iktidara gelse Avrupa Birli\u011fi\u2019nde bizim i\u00e7in de\u011fi\u015fen bir \u015fey yok T\u00fcrkiye olarak. Bizim soyda\u015flar\u0131m\u0131z ve vatanda\u015flar\u0131m\u0131zla ilgili ne olabilir? Onunla ilgili sorunlar\u0131m\u0131z olur, endi\u015felerimiz olur. Onlar\u0131 \u00e7ok yak\u0131ndan takip ediyoruz.\u201d dedi.<\/p>\n<p>Fidan, AB\u2019nin olu\u015fturdu\u011fu politikaya ili\u015fkin, \u201c\u015e\u00f6yle bir kayg\u0131yla s\u00fcrekli Avrupa Birli\u011fi politikay\u0131 olu\u015fturdu: \u2018Biz, T\u00fcrkiye\u2019nin Avrupa Birli\u011fi \u00fcyeli\u011fini ilerletirsek, T\u00fcrkiye ile ili\u015fkilerimizde pozitif g\u00fcndemi \u00e7ok g\u00fcndeme getirirsek ne olacak? Biz, a\u015f\u0131r\u0131 sa\u011fa zemin kaybedece\u011fiz. Onun i\u00e7in T\u00fcrkiye ile ilgili pozitif konular\u0131 ilerletmeyelim, geri alal\u0131m.&#8217;\u201d diye konu\u015ftu.<\/p>\n<p>Bu politikayla AB\u2019nin \u00e7ok b\u00fcy\u00fck bir stratejik avantaj\u0131 kaybetti\u011fine dikkati \u00e7eken Fidan, \u201cBu t\u00fcrden uluslararas\u0131 krizlere dayan\u0131kl\u0131 olma ile ilgili bir yetene\u011finizi kaybettiniz. B\u00fcy\u00fck bir m\u00fcttefikle y\u00fczde 100 per\u00e7inle\u015fme imkan\u0131n\u0131 kaybettiniz veya geciktiriyorsunuz.\u201d dedi.<\/p>\n<p>Fidan, \u015funlar\u0131 kaydetti:<\/p>\n<p>\u201c\u015eimdi sokak siyasetini siz birilerini \u00f6tekile\u015ftirip kendinizi y\u00fcceltme \u00fczerinden kurdu\u011funuz zaman ve bunun \u00fczerinden \u00e7ok h\u0131zl\u0131 b\u00fcy\u00fcme stratejisi izledi\u011finiz zaman, oy kazanma stratejisi izledi\u011finiz zaman k\u0131sa vadede bir \u015feyler al\u0131yor g\u00f6z\u00fck\u00fcyorsunuz ama bunu yaparken \u00e7ok b\u00fcy\u00fck stratejik dengeleri de darmada\u011f\u0131n ediyorsunuz. Bu, bir maliyet \u00f6ng\u00f6rme meselesi.\u201d<\/p>\n<p>\u2013 K\u00fcresel ittifaklar<\/p>\n<p>D\u00fcnyada yakla\u015f\u0131k 200 ulus devlet akt\u00f6r\u00fcn\u00fcn bulundu\u011funa ve bunlar\u0131n giderek daha fazla yetkinle\u015fti\u011fine dikkati \u00e7eken Fidan, \u201cGiderek daha fazla ticari akt\u00f6r, devlet d\u0131\u015f\u0131 akt\u00f6r\u00fcn ve teknolojik fakt\u00f6r\u00fcn i\u00e7ine dahil oldu\u011fu bir d\u00fcnyada g\u00fc\u00e7 matriksinin s\u00fcrekli evrildi\u011fini g\u00f6r\u00fcyoruz. Bunu iyi g\u00f6r\u00fcp iyi analiz etmek gerekiyor, b\u00fct\u00fcn bu matriksin i\u00e7ine kat\u0131lan ulus devlet akt\u00f6rleri ba\u015fta olmak \u00fczere di\u011fer akt\u00f6rleri de i\u015fin i\u00e7ine alarak.\u201d dedi.<\/p>\n<p>Fidan, bu matriksi analiz etmenin \u00f6nemini vurgulayarak, hangi nitelikli ittifaklar\u0131n hangi konuda geli\u015ftirilmesinin gerekti\u011fi konusuna dikkat edilmesi gerekti\u011fini s\u00f6yledi.<\/p>\n<p>\u201cHi\u00e7bir \u00fclkenin ittifak kurmadan yery\u00fcz\u00fcndeki krizleri tek ba\u015f\u0131na \u00e7ok b\u00fcy\u00fck bedeller \u00f6demeden y\u00fcr\u00fctme \u015fans\u0131 yok. Her \u00fclke ittifak kurmak zorunda. Ekonomik ittifaklar, g\u00fcvenlik ittifaklar\u0131, siyasi ittifaklar.\u201d diyen Fidan, T\u00fcrkiye\u2019nin devlet k\u00fclt\u00fcr\u00fcnde ittifaklar kurma, onlara dahil olma ve sorumluluklar\u0131n\u0131 getirmeyle ilgili g\u00fc\u00e7l\u00fc gelene\u011finin bulundu\u011funu dile getirdi.<\/p>\n<p>Fidan, \u00e7e\u015fitlili\u011fin, hareketlili\u011fin, devinimin ve dinamizmin oldu\u011fu k\u00fcresel pazarda b\u00fct\u00fcn alternatifleri ve opsiyonlar\u0131 de\u011ferlendirdiklerini belirterek, \u015funlar\u0131 s\u00f6yledi:<\/p>\n<p>\u201c(BRICS \u00fcyeli\u011fi) Avrupa Birli\u011fi ile bizim ekonomik entegrasyonumuz \u00fcyelikle ta\u00e7lansayd\u0131 \u015fimdi G\u00fcmr\u00fck Birli\u011fi d\u00fczeyinde ama onun da \u00fcst\u00fcne gidip \u00fcyelikle ta\u00e7lansayd\u0131 belki biz bir\u00e7ok konuda bu t\u00fcrden bir aray\u0131\u015f i\u00e7erisinde olmayacakt\u0131k \u00e7\u00fcnk\u00fc Avrupa Birli\u011fi\u2019nin \u015f\u00f6yle bir mekanizmas\u0131 var: Kendi ekonomik ve ticari i\u015fbirli\u011finin, \u00fcye \u00fclkenin ihtiyac\u0131 olan geliri \u00fcretmedi\u011fi noktada altyap\u0131yla ilgili \u00f6zellikle, di\u011fer konularla ilgili fonlarla devreye giriyor. Y\u00fczlerce milyar avro para veriyor.\u201d<\/p>\n<p>Fidan, halk taraf\u0131ndan se\u00e7ilmi\u015f, sorumlulu\u011fu bulunan bir h\u00fck\u00fcmet olduklar\u0131n\u0131n alt\u0131n\u0131 \u00e7izerek \u201cH\u00fck\u00fcmet, kendi icraatlar\u0131n\u0131 hayata ge\u00e7irirken halk\u0131n bir numaral\u0131 ihtiyac\u0131na cevap vermek zorunda. Bunun i\u00e7in uluslararas\u0131 ili\u015fkilerini bu \u015fekilde dizayn eder. \u015eimdi Avrupa Birli\u011fi ile dedi\u011fim gibi biz ili\u015fkilerimizi bu \u015fekilde devam ettirip iyi niyetle bir noktaya g\u00f6t\u00fcrmeye \u00e7al\u0131\u015f\u0131rken bunun duraksad\u0131\u011f\u0131 bir yerde de ekonomik olarak ba\u015fka ne t\u00fcrden alternatifler olabilir, buna bakmam\u0131z normal.\u201d ifadelerini kulland\u0131.<\/p>\n<p>BRICS\u2019i, kuruldu\u011fu andan itibaren kurumsalla\u015fmas\u0131 \u00e7ok fazla ger\u00e7ekle\u015fmemi\u015f ama bununla ilgili tart\u0131\u015fmalar\u0131n yap\u0131ld\u0131\u011f\u0131 bir platform olarak tan\u0131mlayan Fidan, \u201cAB gibi i\u015fte entegre edilmi\u015f, ortak para birimi, finansman usulleri, modelleri, yat\u0131r\u0131m, kriterler, altyap\u0131 vesaire bu konular\u0131n \u00e7ok fazla hala olmad\u0131\u011f\u0131 bir alanday\u0131z.\u201d dedi.<\/p>\n<p>Fidan, BRICS\u2019in AB gibi bir model olu\u015fturmak isteyip istemedi\u011fine ili\u015fkin soruyu yan\u0131tlayarak, \u201c\u0130\u015fte i\u00e7ine girip g\u00f6rece\u011fiz. \u0130\u015fte aray\u0131\u015f\u0131m\u0131z o. Dedi\u011fim gibi biz, sadece BRICS\u2019e de\u011fil ASEAN\u2019a \u00e7ok yak\u0131n bak\u0131yoruz. ASEAN\u2019la da \u00e7ok yak\u0131ndan ilgileniyoruz. \u015eu anda T\u00fcrkiye\u2019nin i\u00e7inde bulundu\u011fu, merkezinde bulundu\u011fu ba\u015fka ekonomik i\u015fbirli\u011fi te\u015fkilatlar\u0131 var. Karadeniz Ekonomik \u0130\u015fbirli\u011fi Te\u015fkilat\u0131 var. \u0130slam \u00fclkeleriyle kurdu\u011fumuz ekonomik i\u015fbirli\u011fi te\u015fkilatlar\u0131 var. D8 var.\u201d diye konu\u015ftu.<\/p>\n<p>\u00d6l\u00e7ek ekonomisi ve pazar yayg\u0131nl\u0131\u011f\u0131 a\u00e7\u0131s\u0131ndan bak\u0131ld\u0131\u011f\u0131nda giderek daha b\u00fcy\u00fck \u00f6l\u00e7ekli entegrasyonlara ihtiya\u00e7 duyuldu\u011funu s\u00f6yleyen Fidan, \u201cBir de T\u00fcrkiye\u2019nin ekonomisi \u00e7ok b\u00fcy\u00fck. T\u0131rnak i\u00e7inde T\u00fcrkiye de \u2018ekonomi mucizesini\u2019 ya\u015fayan bir \u00fclke yani kendi klasman\u0131nda \u00e7ok az \u00fclkenin oldu\u011fu, hemen hemen olmad\u0131\u011f\u0131 bir \u00fclke. Biz, petrol, gaz gibi h\u0131zl\u0131 nakit getiren, y\u00fcksek nakit getiren, gelir getiren bir finans kayna\u011f\u0131m\u0131z olmadan end\u00fcstri ve teknoloji \u00fcretip satarak, sanayi ve teknolojiyle, tar\u0131mla ve hizmet sekt\u00f6r\u00fcyle G20 aras\u0131nda olan ve kalmay\u0131 ba\u015faran bir \u00fclkeyiz.\u201d ifadelerini kulland\u0131.<\/p>\n<p>Fidan, di\u011fer \u00fclkelerin b\u00fcy\u00fck do\u011fal kaynaklara sahip oldu\u011funu ya da b\u00fcy\u00fck ekonomik entegre yap\u0131lara mensup bulundu\u011funu dile getirerek, \u015funlar\u0131 kaydetti:<\/p>\n<p>\u201cAvrupa Birli\u011fi gibi, Kuzey Amerika Pakt\u0131 gibi veya Amerika\u2019yla tercihli \u00f6zel ticaret anla\u015fmas\u0131 olan, onun taraf\u0131ndan desteklenen, diyelim Japonya gibi, Kore gibi \u00fclkelere bakt\u0131\u011f\u0131n\u0131z zaman veya Avustralya gibi \u00fclkelere bakt\u0131\u011f\u0131n\u0131z zaman \u00e7ok \u00f6zel ve tercihli Bat\u0131\u2019yla ili\u015fkileri olan \u00fclkeler. Di\u011fer taraftan, Suudi Arabistan var yani petrol var. \u015eimdi bunlar\u0131n olmad\u0131\u011f\u0131 bir ortamda T\u00fcrkiye\u2019nin ger\u00e7ekten kendi eme\u011fiyle birka\u00e7 \u00fclkeyle beraber burada kalmas\u0131, her t\u00fcrl\u00fc takdirin \u00fczerindedir. Bu, s\u00fcrekli alt\u0131 \u00e7izilmesi gereken bir konu.\u201d<\/p>\n<p>Erdo\u011fan\u2019\u0131n liderli\u011fini yapt\u0131\u011f\u0131 AK Parti iktidarlar\u0131n\u0131n g\u00fcndemde tuttu\u011fu ekonomi politikalar\u0131n\u0131 \u00e7ok yak\u0131ndan takip etmek gerekti\u011fini dile getiren Fidan, \u201c\u0130\u00e7eride bizim neyi, ne kadar hissetti\u011fimizle beraber d\u0131\u015far\u0131daki geli\u015fmelerde nerede, nas\u0131l duruyoruz onu da iyi g\u00f6zetlemek laz\u0131m. Dolay\u0131s\u0131yla bizim BRICS\u2019e de bak\u0131\u015f perspektifimiz esas itibar\u0131yla bu.\u201d dedi.<\/p>\n<\/p><\/div>\n<p><script async\n                    defer\n                    crossorigin=\"anonymous\"\n                    src=\"https:\/\/connect.facebook.net\/tr_TR\/sdk.js#xfbml=1&#038;version=v3.3\"\n            ><\/script><\/p>\n","protected":false},"excerpt":{"rendered":"<p>T\u00fcrkiye D\u0131\u015fi\u015fleri Bakan\u0131 Hakan Fidan, k\u00fcresel ittifaklar konusunda alternatifleri de\u011ferlendirdiklerini belirterek, \u201c(BRICS \u00fcyeli\u011fi) AB ile bizim ekonomik entegrasyonumuz \u00fcyelikle ta\u00e7lansayd\u0131 belki biz bir\u00e7ok konuda bu t\u00fcrden bir aray\u0131\u015fta olmayacakt\u0131k\u201d dedi. AAt\u00f6lye\u2019de Anadolu Ajans\u0131 (AA) Edit\u00f6r Masas\u0131\u2019na konuk olan Fidan, Avrupa Birli\u011fi (AB) ile ili\u015fkiler, k\u00fcresel ittifaklar ve olas\u0131 BRICS \u00fcyeli\u011fi konusunda da a\u00e7\u0131klamalarda bulundu. Fidan, [&hellip;]<\/p>\n","protected":false},"author":1,"featured_media":10114,"comment_status":"open","ping_status":"open","sticky":false,"template":"","format":"standard","meta":{"jnews-multi-image_gallery":[],"jnews_single_post":[],"jnews_primary_category":[],"jnews_social_meta":[],"jnews_override_counter":[],"footnotes":""},"categories":[5],"tags":[],"class_list":["post-10113","post","type-post","status-publish","format-standard","has-post-thumbnail","hentry","category-turkiye"],"yoast_head":"<!-- This site is optimized with the Yoast SEO plugin v27.4 - https:\/\/yoast.com\/product\/yoast-seo-wordpress\/ -->\n<title>Fidan:\u201d(BRICS \u00fcyeli\u011fi) AB ile bizim ekonomik entegrasyonumuz \u00fcyelikle ta\u00e7lansayd\u0131 bu t\u00fcrden bir aray\u0131\u015fta olmayacakt\u0131k\u201d - Kuzeyin Sesi<\/title>\n<meta name=\"robots\" content=\"index, follow, max-snippet:-1, max-image-preview:large, max-video-preview:-1\" \/>\n<link rel=\"canonical\" href=\"https:\/\/kuzeyinsesi.org\/index.php\/2024\/09\/20\/fidanbrics-uyeligi-ab-ile-bizim-ekonomik-entegrasyonumuz-uyelikle-taclansaydi-bu-turden-bir-arayista-olmayacaktik\/\" \/>\n<meta property=\"og:locale\" content=\"tr_TR\" \/>\n<meta property=\"og:type\" content=\"article\" \/>\n<meta property=\"og:title\" content=\"Fidan:\u201d(BRICS \u00fcyeli\u011fi) AB ile bizim ekonomik entegrasyonumuz \u00fcyelikle ta\u00e7lansayd\u0131 bu t\u00fcrden bir aray\u0131\u015fta olmayacakt\u0131k\u201d - Kuzeyin Sesi\" \/>\n<meta property=\"og:description\" content=\"T\u00fcrkiye D\u0131\u015fi\u015fleri Bakan\u0131 Hakan Fidan, k\u00fcresel ittifaklar konusunda alternatifleri de\u011ferlendirdiklerini belirterek, \u201c(BRICS \u00fcyeli\u011fi) AB ile bizim ekonomik entegrasyonumuz \u00fcyelikle ta\u00e7lansayd\u0131 belki biz bir\u00e7ok konuda bu t\u00fcrden bir aray\u0131\u015fta olmayacakt\u0131k\u201d dedi. AAt\u00f6lye\u2019de Anadolu Ajans\u0131 (AA) Edit\u00f6r Masas\u0131\u2019na konuk olan Fidan, Avrupa Birli\u011fi (AB) ile ili\u015fkiler, k\u00fcresel ittifaklar ve olas\u0131 BRICS \u00fcyeli\u011fi konusunda da a\u00e7\u0131klamalarda bulundu. Fidan, [&hellip;]\" \/>\n<meta property=\"og:url\" content=\"https:\/\/kuzeyinsesi.org\/index.php\/2024\/09\/20\/fidanbrics-uyeligi-ab-ile-bizim-ekonomik-entegrasyonumuz-uyelikle-taclansaydi-bu-turden-bir-arayista-olmayacaktik\/\" \/>\n<meta property=\"og:site_name\" content=\"Kuzeyin Sesi\" \/>\n<meta property=\"article:publisher\" content=\"https:\/\/www.facebook.com\/kuzeyinsesii\" \/>\n<meta property=\"article:published_time\" content=\"2024-09-20T18:01:05+00:00\" \/>\n<meta property=\"og:image\" content=\"https:\/\/brtk.net\/wp-content\/uploads\/2024\/09\/20\/thumbs-b-c-f451b226eb7588c57743644d9bf26c06.jpg?ver=5e6259c50b3636ab1c943491ac77cbd9\" \/>\n<meta name=\"author\" content=\"Kuzeyin Sesi\" \/>\n<meta name=\"twitter:card\" content=\"summary_large_image\" \/>\n<meta name=\"twitter:creator\" content=\"@kuzeyinsesii\" \/>\n<meta name=\"twitter:site\" content=\"@kuzeyinsesii\" \/>\n<meta name=\"twitter:label1\" content=\"Yazan:\" \/>\n\t<meta name=\"twitter:data1\" content=\"Kuzeyin Sesi\" \/>\n\t<meta name=\"twitter:label2\" content=\"Tahmini okuma s\u00fcresi\" \/>\n\t<meta name=\"twitter:data2\" content=\"10 dakika\" \/>\n<script type=\"application\/ld+json\" class=\"yoast-schema-graph\">{\"@context\":\"https:\\\/\\\/schema.org\",\"@graph\":[{\"@type\":\"Article\",\"@id\":\"https:\\\/\\\/kuzeyinsesi.org\\\/index.php\\\/2024\\\/09\\\/20\\\/fidanbrics-uyeligi-ab-ile-bizim-ekonomik-entegrasyonumuz-uyelikle-taclansaydi-bu-turden-bir-arayista-olmayacaktik\\\/#article\",\"isPartOf\":{\"@id\":\"https:\\\/\\\/kuzeyinsesi.org\\\/index.php\\\/2024\\\/09\\\/20\\\/fidanbrics-uyeligi-ab-ile-bizim-ekonomik-entegrasyonumuz-uyelikle-taclansaydi-bu-turden-bir-arayista-olmayacaktik\\\/\"},\"author\":{\"name\":\"Kuzeyin Sesi\",\"@id\":\"https:\\\/\\\/kuzeyinsesi.org\\\/#\\\/schema\\\/person\\\/9f859689cdf01485597712386e37f5aa\"},\"headline\":\"Fidan:\u201d(BRICS \u00fcyeli\u011fi) AB ile bizim ekonomik entegrasyonumuz \u00fcyelikle ta\u00e7lansayd\u0131 bu t\u00fcrden bir aray\u0131\u015fta olmayacakt\u0131k\u201d\",\"datePublished\":\"2024-09-20T18:01:05+00:00\",\"mainEntityOfPage\":{\"@id\":\"https:\\\/\\\/kuzeyinsesi.org\\\/index.php\\\/2024\\\/09\\\/20\\\/fidanbrics-uyeligi-ab-ile-bizim-ekonomik-entegrasyonumuz-uyelikle-taclansaydi-bu-turden-bir-arayista-olmayacaktik\\\/\"},\"wordCount\":2034,\"commentCount\":0,\"image\":{\"@id\":\"https:\\\/\\\/kuzeyinsesi.org\\\/index.php\\\/2024\\\/09\\\/20\\\/fidanbrics-uyeligi-ab-ile-bizim-ekonomik-entegrasyonumuz-uyelikle-taclansaydi-bu-turden-bir-arayista-olmayacaktik\\\/#primaryimage\"},\"thumbnailUrl\":\"https:\\\/\\\/kuzeyinsesi.org\\\/wp-content\\\/uploads\\\/2024\\\/09\\\/thumbs-b-c-f451b226eb7588c57743644d9bf26c06.jpg\",\"articleSection\":[\"T\u00fcrkiye\"],\"inLanguage\":\"tr\",\"potentialAction\":[{\"@type\":\"CommentAction\",\"name\":\"Comment\",\"target\":[\"https:\\\/\\\/kuzeyinsesi.org\\\/index.php\\\/2024\\\/09\\\/20\\\/fidanbrics-uyeligi-ab-ile-bizim-ekonomik-entegrasyonumuz-uyelikle-taclansaydi-bu-turden-bir-arayista-olmayacaktik\\\/#respond\"]}]},{\"@type\":\"WebPage\",\"@id\":\"https:\\\/\\\/kuzeyinsesi.org\\\/index.php\\\/2024\\\/09\\\/20\\\/fidanbrics-uyeligi-ab-ile-bizim-ekonomik-entegrasyonumuz-uyelikle-taclansaydi-bu-turden-bir-arayista-olmayacaktik\\\/\",\"url\":\"https:\\\/\\\/kuzeyinsesi.org\\\/index.php\\\/2024\\\/09\\\/20\\\/fidanbrics-uyeligi-ab-ile-bizim-ekonomik-entegrasyonumuz-uyelikle-taclansaydi-bu-turden-bir-arayista-olmayacaktik\\\/\",\"name\":\"Fidan:\u201d(BRICS \u00fcyeli\u011fi) AB ile bizim ekonomik entegrasyonumuz \u00fcyelikle ta\u00e7lansayd\u0131 bu t\u00fcrden bir aray\u0131\u015fta olmayacakt\u0131k\u201d - Kuzeyin Sesi\",\"isPartOf\":{\"@id\":\"https:\\\/\\\/kuzeyinsesi.org\\\/#website\"},\"primaryImageOfPage\":{\"@id\":\"https:\\\/\\\/kuzeyinsesi.org\\\/index.php\\\/2024\\\/09\\\/20\\\/fidanbrics-uyeligi-ab-ile-bizim-ekonomik-entegrasyonumuz-uyelikle-taclansaydi-bu-turden-bir-arayista-olmayacaktik\\\/#primaryimage\"},\"image\":{\"@id\":\"https:\\\/\\\/kuzeyinsesi.org\\\/index.php\\\/2024\\\/09\\\/20\\\/fidanbrics-uyeligi-ab-ile-bizim-ekonomik-entegrasyonumuz-uyelikle-taclansaydi-bu-turden-bir-arayista-olmayacaktik\\\/#primaryimage\"},\"thumbnailUrl\":\"https:\\\/\\\/kuzeyinsesi.org\\\/wp-content\\\/uploads\\\/2024\\\/09\\\/thumbs-b-c-f451b226eb7588c57743644d9bf26c06.jpg\",\"datePublished\":\"2024-09-20T18:01:05+00:00\",\"author\":{\"@id\":\"https:\\\/\\\/kuzeyinsesi.org\\\/#\\\/schema\\\/person\\\/9f859689cdf01485597712386e37f5aa\"},\"breadcrumb\":{\"@id\":\"https:\\\/\\\/kuzeyinsesi.org\\\/index.php\\\/2024\\\/09\\\/20\\\/fidanbrics-uyeligi-ab-ile-bizim-ekonomik-entegrasyonumuz-uyelikle-taclansaydi-bu-turden-bir-arayista-olmayacaktik\\\/#breadcrumb\"},\"inLanguage\":\"tr\",\"potentialAction\":[{\"@type\":\"ReadAction\",\"target\":[\"https:\\\/\\\/kuzeyinsesi.org\\\/index.php\\\/2024\\\/09\\\/20\\\/fidanbrics-uyeligi-ab-ile-bizim-ekonomik-entegrasyonumuz-uyelikle-taclansaydi-bu-turden-bir-arayista-olmayacaktik\\\/\"]}]},{\"@type\":\"ImageObject\",\"inLanguage\":\"tr\",\"@id\":\"https:\\\/\\\/kuzeyinsesi.org\\\/index.php\\\/2024\\\/09\\\/20\\\/fidanbrics-uyeligi-ab-ile-bizim-ekonomik-entegrasyonumuz-uyelikle-taclansaydi-bu-turden-bir-arayista-olmayacaktik\\\/#primaryimage\",\"url\":\"https:\\\/\\\/kuzeyinsesi.org\\\/wp-content\\\/uploads\\\/2024\\\/09\\\/thumbs-b-c-f451b226eb7588c57743644d9bf26c06.jpg\",\"contentUrl\":\"https:\\\/\\\/kuzeyinsesi.org\\\/wp-content\\\/uploads\\\/2024\\\/09\\\/thumbs-b-c-f451b226eb7588c57743644d9bf26c06.jpg\",\"width\":864,\"height\":486},{\"@type\":\"BreadcrumbList\",\"@id\":\"https:\\\/\\\/kuzeyinsesi.org\\\/index.php\\\/2024\\\/09\\\/20\\\/fidanbrics-uyeligi-ab-ile-bizim-ekonomik-entegrasyonumuz-uyelikle-taclansaydi-bu-turden-bir-arayista-olmayacaktik\\\/#breadcrumb\",\"itemListElement\":[{\"@type\":\"ListItem\",\"position\":1,\"name\":\"Anasayfa\",\"item\":\"https:\\\/\\\/kuzeyinsesi.org\\\/\"},{\"@type\":\"ListItem\",\"position\":2,\"name\":\"Fidan:\u201d(BRICS \u00fcyeli\u011fi) AB ile bizim ekonomik entegrasyonumuz \u00fcyelikle ta\u00e7lansayd\u0131 bu t\u00fcrden bir aray\u0131\u015fta olmayacakt\u0131k\u201d\"}]},{\"@type\":\"WebSite\",\"@id\":\"https:\\\/\\\/kuzeyinsesi.org\\\/#website\",\"url\":\"https:\\\/\\\/kuzeyinsesi.org\\\/\",\"name\":\"Kuzeyin Sesi\",\"description\":\"Do\u011fru Haberin Adresi\",\"potentialAction\":[{\"@type\":\"SearchAction\",\"target\":{\"@type\":\"EntryPoint\",\"urlTemplate\":\"https:\\\/\\\/kuzeyinsesi.org\\\/?s={search_term_string}\"},\"query-input\":{\"@type\":\"PropertyValueSpecification\",\"valueRequired\":true,\"valueName\":\"search_term_string\"}}],\"inLanguage\":\"tr\"},{\"@type\":\"Person\",\"@id\":\"https:\\\/\\\/kuzeyinsesi.org\\\/#\\\/schema\\\/person\\\/9f859689cdf01485597712386e37f5aa\",\"name\":\"Kuzeyin Sesi\",\"image\":{\"@type\":\"ImageObject\",\"inLanguage\":\"tr\",\"@id\":\"https:\\\/\\\/secure.gravatar.com\\\/avatar\\\/bab33852abfd8b282518d6ed81826833d77c3c882d9ab608add591ccace47a44?s=96&d=mm&r=g\",\"url\":\"https:\\\/\\\/secure.gravatar.com\\\/avatar\\\/bab33852abfd8b282518d6ed81826833d77c3c882d9ab608add591ccace47a44?s=96&d=mm&r=g\",\"contentUrl\":\"https:\\\/\\\/secure.gravatar.com\\\/avatar\\\/bab33852abfd8b282518d6ed81826833d77c3c882d9ab608add591ccace47a44?s=96&d=mm&r=g\",\"caption\":\"Kuzeyin Sesi\"},\"sameAs\":[\"https:\\\/\\\/kuzeyinsesi.org\"],\"url\":\"https:\\\/\\\/kuzeyinsesi.org\\\/index.php\\\/author\\\/guven\\\/\"}]}<\/script>\n<!-- \/ Yoast SEO plugin. -->","yoast_head_json":{"title":"Fidan:\u201d(BRICS \u00fcyeli\u011fi) AB ile bizim ekonomik entegrasyonumuz \u00fcyelikle ta\u00e7lansayd\u0131 bu t\u00fcrden bir aray\u0131\u015fta olmayacakt\u0131k\u201d - Kuzeyin Sesi","robots":{"index":"index","follow":"follow","max-snippet":"max-snippet:-1","max-image-preview":"max-image-preview:large","max-video-preview":"max-video-preview:-1"},"canonical":"https:\/\/kuzeyinsesi.org\/index.php\/2024\/09\/20\/fidanbrics-uyeligi-ab-ile-bizim-ekonomik-entegrasyonumuz-uyelikle-taclansaydi-bu-turden-bir-arayista-olmayacaktik\/","og_locale":"tr_TR","og_type":"article","og_title":"Fidan:\u201d(BRICS \u00fcyeli\u011fi) AB ile bizim ekonomik entegrasyonumuz \u00fcyelikle ta\u00e7lansayd\u0131 bu t\u00fcrden bir aray\u0131\u015fta olmayacakt\u0131k\u201d - Kuzeyin Sesi","og_description":"T\u00fcrkiye D\u0131\u015fi\u015fleri Bakan\u0131 Hakan Fidan, k\u00fcresel ittifaklar konusunda alternatifleri de\u011ferlendirdiklerini belirterek, \u201c(BRICS \u00fcyeli\u011fi) AB ile bizim ekonomik entegrasyonumuz \u00fcyelikle ta\u00e7lansayd\u0131 belki biz bir\u00e7ok konuda bu t\u00fcrden bir aray\u0131\u015fta olmayacakt\u0131k\u201d dedi. AAt\u00f6lye\u2019de Anadolu Ajans\u0131 (AA) Edit\u00f6r Masas\u0131\u2019na konuk olan Fidan, Avrupa Birli\u011fi (AB) ile ili\u015fkiler, k\u00fcresel ittifaklar ve olas\u0131 BRICS \u00fcyeli\u011fi konusunda da a\u00e7\u0131klamalarda bulundu. Fidan, [&hellip;]","og_url":"https:\/\/kuzeyinsesi.org\/index.php\/2024\/09\/20\/fidanbrics-uyeligi-ab-ile-bizim-ekonomik-entegrasyonumuz-uyelikle-taclansaydi-bu-turden-bir-arayista-olmayacaktik\/","og_site_name":"Kuzeyin Sesi","article_publisher":"https:\/\/www.facebook.com\/kuzeyinsesii","article_published_time":"2024-09-20T18:01:05+00:00","og_image":[{"url":"https:\/\/brtk.net\/wp-content\/uploads\/2024\/09\/20\/thumbs-b-c-f451b226eb7588c57743644d9bf26c06.jpg?ver=5e6259c50b3636ab1c943491ac77cbd9","type":"","width":"","height":""}],"author":"Kuzeyin Sesi","twitter_card":"summary_large_image","twitter_creator":"@kuzeyinsesii","twitter_site":"@kuzeyinsesii","twitter_misc":{"Yazan:":"Kuzeyin Sesi","Tahmini okuma s\u00fcresi":"10 dakika"},"schema":{"@context":"https:\/\/schema.org","@graph":[{"@type":"Article","@id":"https:\/\/kuzeyinsesi.org\/index.php\/2024\/09\/20\/fidanbrics-uyeligi-ab-ile-bizim-ekonomik-entegrasyonumuz-uyelikle-taclansaydi-bu-turden-bir-arayista-olmayacaktik\/#article","isPartOf":{"@id":"https:\/\/kuzeyinsesi.org\/index.php\/2024\/09\/20\/fidanbrics-uyeligi-ab-ile-bizim-ekonomik-entegrasyonumuz-uyelikle-taclansaydi-bu-turden-bir-arayista-olmayacaktik\/"},"author":{"name":"Kuzeyin Sesi","@id":"https:\/\/kuzeyinsesi.org\/#\/schema\/person\/9f859689cdf01485597712386e37f5aa"},"headline":"Fidan:\u201d(BRICS \u00fcyeli\u011fi) AB ile bizim ekonomik entegrasyonumuz \u00fcyelikle ta\u00e7lansayd\u0131 bu t\u00fcrden bir aray\u0131\u015fta olmayacakt\u0131k\u201d","datePublished":"2024-09-20T18:01:05+00:00","mainEntityOfPage":{"@id":"https:\/\/kuzeyinsesi.org\/index.php\/2024\/09\/20\/fidanbrics-uyeligi-ab-ile-bizim-ekonomik-entegrasyonumuz-uyelikle-taclansaydi-bu-turden-bir-arayista-olmayacaktik\/"},"wordCount":2034,"commentCount":0,"image":{"@id":"https:\/\/kuzeyinsesi.org\/index.php\/2024\/09\/20\/fidanbrics-uyeligi-ab-ile-bizim-ekonomik-entegrasyonumuz-uyelikle-taclansaydi-bu-turden-bir-arayista-olmayacaktik\/#primaryimage"},"thumbnailUrl":"https:\/\/kuzeyinsesi.org\/wp-content\/uploads\/2024\/09\/thumbs-b-c-f451b226eb7588c57743644d9bf26c06.jpg","articleSection":["T\u00fcrkiye"],"inLanguage":"tr","potentialAction":[{"@type":"CommentAction","name":"Comment","target":["https:\/\/kuzeyinsesi.org\/index.php\/2024\/09\/20\/fidanbrics-uyeligi-ab-ile-bizim-ekonomik-entegrasyonumuz-uyelikle-taclansaydi-bu-turden-bir-arayista-olmayacaktik\/#respond"]}]},{"@type":"WebPage","@id":"https:\/\/kuzeyinsesi.org\/index.php\/2024\/09\/20\/fidanbrics-uyeligi-ab-ile-bizim-ekonomik-entegrasyonumuz-uyelikle-taclansaydi-bu-turden-bir-arayista-olmayacaktik\/","url":"https:\/\/kuzeyinsesi.org\/index.php\/2024\/09\/20\/fidanbrics-uyeligi-ab-ile-bizim-ekonomik-entegrasyonumuz-uyelikle-taclansaydi-bu-turden-bir-arayista-olmayacaktik\/","name":"Fidan:\u201d(BRICS \u00fcyeli\u011fi) AB ile bizim ekonomik entegrasyonumuz \u00fcyelikle ta\u00e7lansayd\u0131 bu t\u00fcrden bir aray\u0131\u015fta olmayacakt\u0131k\u201d - Kuzeyin Sesi","isPartOf":{"@id":"https:\/\/kuzeyinsesi.org\/#website"},"primaryImageOfPage":{"@id":"https:\/\/kuzeyinsesi.org\/index.php\/2024\/09\/20\/fidanbrics-uyeligi-ab-ile-bizim-ekonomik-entegrasyonumuz-uyelikle-taclansaydi-bu-turden-bir-arayista-olmayacaktik\/#primaryimage"},"image":{"@id":"https:\/\/kuzeyinsesi.org\/index.php\/2024\/09\/20\/fidanbrics-uyeligi-ab-ile-bizim-ekonomik-entegrasyonumuz-uyelikle-taclansaydi-bu-turden-bir-arayista-olmayacaktik\/#primaryimage"},"thumbnailUrl":"https:\/\/kuzeyinsesi.org\/wp-content\/uploads\/2024\/09\/thumbs-b-c-f451b226eb7588c57743644d9bf26c06.jpg","datePublished":"2024-09-20T18:01:05+00:00","author":{"@id":"https:\/\/kuzeyinsesi.org\/#\/schema\/person\/9f859689cdf01485597712386e37f5aa"},"breadcrumb":{"@id":"https:\/\/kuzeyinsesi.org\/index.php\/2024\/09\/20\/fidanbrics-uyeligi-ab-ile-bizim-ekonomik-entegrasyonumuz-uyelikle-taclansaydi-bu-turden-bir-arayista-olmayacaktik\/#breadcrumb"},"inLanguage":"tr","potentialAction":[{"@type":"ReadAction","target":["https:\/\/kuzeyinsesi.org\/index.php\/2024\/09\/20\/fidanbrics-uyeligi-ab-ile-bizim-ekonomik-entegrasyonumuz-uyelikle-taclansaydi-bu-turden-bir-arayista-olmayacaktik\/"]}]},{"@type":"ImageObject","inLanguage":"tr","@id":"https:\/\/kuzeyinsesi.org\/index.php\/2024\/09\/20\/fidanbrics-uyeligi-ab-ile-bizim-ekonomik-entegrasyonumuz-uyelikle-taclansaydi-bu-turden-bir-arayista-olmayacaktik\/#primaryimage","url":"https:\/\/kuzeyinsesi.org\/wp-content\/uploads\/2024\/09\/thumbs-b-c-f451b226eb7588c57743644d9bf26c06.jpg","contentUrl":"https:\/\/kuzeyinsesi.org\/wp-content\/uploads\/2024\/09\/thumbs-b-c-f451b226eb7588c57743644d9bf26c06.jpg","width":864,"height":486},{"@type":"BreadcrumbList","@id":"https:\/\/kuzeyinsesi.org\/index.php\/2024\/09\/20\/fidanbrics-uyeligi-ab-ile-bizim-ekonomik-entegrasyonumuz-uyelikle-taclansaydi-bu-turden-bir-arayista-olmayacaktik\/#breadcrumb","itemListElement":[{"@type":"ListItem","position":1,"name":"Anasayfa","item":"https:\/\/kuzeyinsesi.org\/"},{"@type":"ListItem","position":2,"name":"Fidan:\u201d(BRICS \u00fcyeli\u011fi) AB ile bizim ekonomik entegrasyonumuz \u00fcyelikle ta\u00e7lansayd\u0131 bu t\u00fcrden bir aray\u0131\u015fta olmayacakt\u0131k\u201d"}]},{"@type":"WebSite","@id":"https:\/\/kuzeyinsesi.org\/#website","url":"https:\/\/kuzeyinsesi.org\/","name":"Kuzeyin Sesi","description":"Do\u011fru Haberin Adresi","potentialAction":[{"@type":"SearchAction","target":{"@type":"EntryPoint","urlTemplate":"https:\/\/kuzeyinsesi.org\/?s={search_term_string}"},"query-input":{"@type":"PropertyValueSpecification","valueRequired":true,"valueName":"search_term_string"}}],"inLanguage":"tr"},{"@type":"Person","@id":"https:\/\/kuzeyinsesi.org\/#\/schema\/person\/9f859689cdf01485597712386e37f5aa","name":"Kuzeyin Sesi","image":{"@type":"ImageObject","inLanguage":"tr","@id":"https:\/\/secure.gravatar.com\/avatar\/bab33852abfd8b282518d6ed81826833d77c3c882d9ab608add591ccace47a44?s=96&d=mm&r=g","url":"https:\/\/secure.gravatar.com\/avatar\/bab33852abfd8b282518d6ed81826833d77c3c882d9ab608add591ccace47a44?s=96&d=mm&r=g","contentUrl":"https:\/\/secure.gravatar.com\/avatar\/bab33852abfd8b282518d6ed81826833d77c3c882d9ab608add591ccace47a44?s=96&d=mm&r=g","caption":"Kuzeyin Sesi"},"sameAs":["https:\/\/kuzeyinsesi.org"],"url":"https:\/\/kuzeyinsesi.org\/index.php\/author\/guven\/"}]}},"_links":{"self":[{"href":"https:\/\/kuzeyinsesi.org\/index.php\/wp-json\/wp\/v2\/posts\/10113","targetHints":{"allow":["GET"]}}],"collection":[{"href":"https:\/\/kuzeyinsesi.org\/index.php\/wp-json\/wp\/v2\/posts"}],"about":[{"href":"https:\/\/kuzeyinsesi.org\/index.php\/wp-json\/wp\/v2\/types\/post"}],"author":[{"embeddable":true,"href":"https:\/\/kuzeyinsesi.org\/index.php\/wp-json\/wp\/v2\/users\/1"}],"replies":[{"embeddable":true,"href":"https:\/\/kuzeyinsesi.org\/index.php\/wp-json\/wp\/v2\/comments?post=10113"}],"version-history":[{"count":0,"href":"https:\/\/kuzeyinsesi.org\/index.php\/wp-json\/wp\/v2\/posts\/10113\/revisions"}],"wp:featuredmedia":[{"embeddable":true,"href":"https:\/\/kuzeyinsesi.org\/index.php\/wp-json\/wp\/v2\/media\/10114"}],"wp:attachment":[{"href":"https:\/\/kuzeyinsesi.org\/index.php\/wp-json\/wp\/v2\/media?parent=10113"}],"wp:term":[{"taxonomy":"category","embeddable":true,"href":"https:\/\/kuzeyinsesi.org\/index.php\/wp-json\/wp\/v2\/categories?post=10113"},{"taxonomy":"post_tag","embeddable":true,"href":"https:\/\/kuzeyinsesi.org\/index.php\/wp-json\/wp\/v2\/tags?post=10113"}],"curies":[{"name":"wp","href":"https:\/\/api.w.org\/{rel}","templated":true}]}}