{"id":10097,"date":"2024-09-20T16:15:22","date_gmt":"2024-09-20T13:15:22","guid":{"rendered":"https:\/\/kuzeyinsesi.org\/index.php\/2024\/09\/20\/cumhurbaskani-tatar-kamran-azize-ithaf-edilen-turksoy-konserini-izledi\/"},"modified":"2024-09-20T16:15:22","modified_gmt":"2024-09-20T13:15:22","slug":"cumhurbaskani-tatar-kamran-azize-ithaf-edilen-turksoy-konserini-izledi","status":"publish","type":"post","link":"https:\/\/kuzeyinsesi.org\/index.php\/2024\/09\/20\/cumhurbaskani-tatar-kamran-azize-ithaf-edilen-turksoy-konserini-izledi\/","title":{"rendered":"Cumhurba\u015fkan\u0131 Tatar Kamran Aziz\u2019e ithaf edilen T\u00dcRKSOY konserini izledi"},"content":{"rendered":"<div>\n<div class=\"mariselle-image-container center\">\n                                            <\/div>\n<p>Cumhurba\u015fkan\u0131 Ersin Tatar, Uluslararas\u0131 T\u00fcrk K\u00fclt\u00fcr\u00fc Te\u015fkilat\u0131 (T\u00dcRKSOY) Opera G\u00fcnleri kapsam\u0131nda, ilk K\u0131br\u0131sl\u0131 T\u00fcrk kad\u0131n besteci Kamran Aziz\u2019e ithaf edilen konseri izledi. <\/p>\n<p>Cumhurba\u015fkanl\u0131\u011f\u0131ndan verilen bilgiye g\u00f6re konser, Ba\u015fbakan Yard\u0131mc\u0131l\u0131\u011f\u0131 Turizm K\u00fclt\u00fcr Gen\u00e7lik ve \u00c7evre Bakanl\u0131\u011f\u0131 himayelerinde, T\u00fcrkiye Cumhuriyeti K\u00fclt\u00fcr ve Turizm Bakanl\u0131\u011f\u0131, T\u00dcRKSOY ve T\u00fcrkiye Devlet Opera ve Balesi Genel M\u00fcd\u00fcrl\u00fc\u011f\u00fc\u2019n\u00fcn i\u015fbirli\u011finde Bellapais Manast\u0131r\u0131\u2019nda yer ald\u0131. <\/p>\n<p>Cumhurba\u015fkan\u0131 Ersin Tatar, konser \u00f6ncesi yapt\u0131\u011f\u0131 konu\u015fmada, T\u00fcrk d\u00fcnyas\u0131ndan opera sanat\u00e7\u0131lar\u0131n\u0131n sahne ald\u0131\u011f\u0131 geleneksel etkinlikte bulunmaktan duydu\u011fu memnuniyeti ifade etti. <\/p>\n<p>K\u0131br\u0131s T\u00fcrk\u00fc\u2019n\u00fcn m\u00fczi\u011fi ve sanat\u0131n\u0131n, muhte\u015fem bir ambiyansla birle\u015ftirildi\u011fini belirten Tatar, b\u00f6yle bir ortamda K\u0131br\u0131sl\u0131 T\u00fcrk kad\u0131n besteci Kamran Aziz\u2019in eserlerini dinlerken gururland\u0131\u011f\u0131n\u0131 ifade etti. <\/p>\n<p>T\u00fcrk d\u00fcnyas\u0131n\u0131n bir par\u00e7as\u0131 olarak K\u0131br\u0131s T\u00fcrk\u00fc\u2019n\u00fcn kendi k\u00fclt\u00fcr\u00fcn\u00fc ya\u015fatmak i\u00e7in ola\u011fan\u00fcst\u00fc bir \u00e7aba g\u00f6sterildi\u011fini dile getiren Cumhurba\u015fkan\u0131 Tatar, \u201cKendi insanlar\u0131m\u0131z\u0131n ba\u015far\u0131s\u0131n\u0131 payla\u015f\u0131yoruz. K\u0131br\u0131s T\u00fcrk\u00fc, her zaman kendi de\u011ferleri ile gurur duydu. Sanat\u00e7\u0131lar\u0131m\u0131z\u0131 d\u00fcnyaya tan\u0131tmak g\u00f6revimizdir\u201d dedi.<\/p>\n<\/p><\/div>\n<p><script async\n                    defer\n                    crossorigin=\"anonymous\"\n                    src=\"https:\/\/connect.facebook.net\/tr_TR\/sdk.js#xfbml=1&#038;version=v3.3\"\n            ><\/script><\/p>\n","protected":false},"excerpt":{"rendered":"<p>Cumhurba\u015fkan\u0131 Ersin Tatar, Uluslararas\u0131 T\u00fcrk K\u00fclt\u00fcr\u00fc Te\u015fkilat\u0131 (T\u00dcRKSOY) Opera G\u00fcnleri kapsam\u0131nda, ilk K\u0131br\u0131sl\u0131 T\u00fcrk kad\u0131n besteci Kamran Aziz\u2019e ithaf edilen konseri izledi. Cumhurba\u015fkanl\u0131\u011f\u0131ndan verilen bilgiye g\u00f6re konser, Ba\u015fbakan Yard\u0131mc\u0131l\u0131\u011f\u0131 Turizm K\u00fclt\u00fcr Gen\u00e7lik ve \u00c7evre Bakanl\u0131\u011f\u0131 himayelerinde, T\u00fcrkiye Cumhuriyeti K\u00fclt\u00fcr ve Turizm Bakanl\u0131\u011f\u0131, T\u00dcRKSOY ve T\u00fcrkiye Devlet Opera ve Balesi Genel M\u00fcd\u00fcrl\u00fc\u011f\u00fc\u2019n\u00fcn i\u015fbirli\u011finde Bellapais Manast\u0131r\u0131\u2019nda yer [&hellip;]<\/p>\n","protected":false},"author":1,"featured_media":10098,"comment_status":"open","ping_status":"open","sticky":false,"template":"","format":"standard","meta":{"jnews-multi-image_gallery":[],"jnews_single_post":[],"jnews_primary_category":[],"jnews_social_meta":[],"jnews_override_counter":[],"footnotes":""},"categories":[6],"tags":[],"class_list":["post-10097","post","type-post","status-publish","format-standard","has-post-thumbnail","hentry","category-yasam"],"yoast_head":"<!-- This site is optimized with the Yoast SEO plugin v27.5 - https:\/\/yoast.com\/product\/yoast-seo-wordpress\/ -->\n<title>Cumhurba\u015fkan\u0131 Tatar Kamran Aziz\u2019e ithaf edilen T\u00dcRKSOY konserini izledi - Kuzeyin Sesi<\/title>\n<meta name=\"robots\" content=\"index, follow, max-snippet:-1, max-image-preview:large, max-video-preview:-1\" \/>\n<link rel=\"canonical\" href=\"https:\/\/kuzeyinsesi.org\/index.php\/2024\/09\/20\/cumhurbaskani-tatar-kamran-azize-ithaf-edilen-turksoy-konserini-izledi\/\" \/>\n<meta property=\"og:locale\" content=\"tr_TR\" \/>\n<meta property=\"og:type\" content=\"article\" \/>\n<meta property=\"og:title\" content=\"Cumhurba\u015fkan\u0131 Tatar Kamran Aziz\u2019e ithaf edilen T\u00dcRKSOY konserini izledi - Kuzeyin Sesi\" \/>\n<meta property=\"og:description\" content=\"Cumhurba\u015fkan\u0131 Ersin Tatar, Uluslararas\u0131 T\u00fcrk K\u00fclt\u00fcr\u00fc Te\u015fkilat\u0131 (T\u00dcRKSOY) Opera G\u00fcnleri kapsam\u0131nda, ilk K\u0131br\u0131sl\u0131 T\u00fcrk kad\u0131n besteci Kamran Aziz\u2019e ithaf edilen konseri izledi. Cumhurba\u015fkanl\u0131\u011f\u0131ndan verilen bilgiye g\u00f6re konser, Ba\u015fbakan Yard\u0131mc\u0131l\u0131\u011f\u0131 Turizm K\u00fclt\u00fcr Gen\u00e7lik ve \u00c7evre Bakanl\u0131\u011f\u0131 himayelerinde, T\u00fcrkiye Cumhuriyeti K\u00fclt\u00fcr ve Turizm Bakanl\u0131\u011f\u0131, T\u00dcRKSOY ve T\u00fcrkiye Devlet Opera ve Balesi Genel M\u00fcd\u00fcrl\u00fc\u011f\u00fc\u2019n\u00fcn i\u015fbirli\u011finde Bellapais Manast\u0131r\u0131\u2019nda yer [&hellip;]\" \/>\n<meta property=\"og:url\" content=\"https:\/\/kuzeyinsesi.org\/index.php\/2024\/09\/20\/cumhurbaskani-tatar-kamran-azize-ithaf-edilen-turksoy-konserini-izledi\/\" \/>\n<meta property=\"og:site_name\" content=\"Kuzeyin Sesi\" \/>\n<meta property=\"article:publisher\" content=\"https:\/\/www.facebook.com\/kuzeyinsesii\" \/>\n<meta property=\"article:published_time\" content=\"2024-09-20T13:15:22+00:00\" \/>\n<meta property=\"og:image\" content=\"https:\/\/brtk.net\/wp-content\/uploads\/2024\/09\/20\/tatar-turksoy-12-1.jpg?ver=49fd50be48f625f72cf46f0bbc0107eb\" \/>\n<meta name=\"author\" content=\"Kuzeyin Sesi\" \/>\n<meta name=\"twitter:card\" content=\"summary_large_image\" \/>\n<meta name=\"twitter:creator\" content=\"@kuzeyinsesii\" \/>\n<meta name=\"twitter:site\" content=\"@kuzeyinsesii\" \/>\n<meta name=\"twitter:label1\" content=\"Yazan:\" \/>\n\t<meta name=\"twitter:data1\" content=\"Kuzeyin Sesi\" \/>\n\t<meta name=\"twitter:label2\" content=\"Tahmini okuma s\u00fcresi\" \/>\n\t<meta name=\"twitter:data2\" content=\"1 dakika\" \/>\n<script type=\"application\/ld+json\" class=\"yoast-schema-graph\">{\"@context\":\"https:\\\/\\\/schema.org\",\"@graph\":[{\"@type\":\"Article\",\"@id\":\"https:\\\/\\\/kuzeyinsesi.org\\\/index.php\\\/2024\\\/09\\\/20\\\/cumhurbaskani-tatar-kamran-azize-ithaf-edilen-turksoy-konserini-izledi\\\/#article\",\"isPartOf\":{\"@id\":\"https:\\\/\\\/kuzeyinsesi.org\\\/index.php\\\/2024\\\/09\\\/20\\\/cumhurbaskani-tatar-kamran-azize-ithaf-edilen-turksoy-konserini-izledi\\\/\"},\"author\":{\"name\":\"Kuzeyin Sesi\",\"@id\":\"https:\\\/\\\/kuzeyinsesi.org\\\/#\\\/schema\\\/person\\\/9f859689cdf01485597712386e37f5aa\"},\"headline\":\"Cumhurba\u015fkan\u0131 Tatar Kamran Aziz\u2019e ithaf edilen T\u00dcRKSOY konserini izledi\",\"datePublished\":\"2024-09-20T13:15:22+00:00\",\"mainEntityOfPage\":{\"@id\":\"https:\\\/\\\/kuzeyinsesi.org\\\/index.php\\\/2024\\\/09\\\/20\\\/cumhurbaskani-tatar-kamran-azize-ithaf-edilen-turksoy-konserini-izledi\\\/\"},\"wordCount\":250,\"commentCount\":0,\"image\":{\"@id\":\"https:\\\/\\\/kuzeyinsesi.org\\\/index.php\\\/2024\\\/09\\\/20\\\/cumhurbaskani-tatar-kamran-azize-ithaf-edilen-turksoy-konserini-izledi\\\/#primaryimage\"},\"thumbnailUrl\":\"https:\\\/\\\/kuzeyinsesi.org\\\/wp-content\\\/uploads\\\/2024\\\/09\\\/tatar-turksoy-12-1.jpg\",\"articleSection\":[\"Ya\u015fam\"],\"inLanguage\":\"tr\",\"potentialAction\":[{\"@type\":\"CommentAction\",\"name\":\"Comment\",\"target\":[\"https:\\\/\\\/kuzeyinsesi.org\\\/index.php\\\/2024\\\/09\\\/20\\\/cumhurbaskani-tatar-kamran-azize-ithaf-edilen-turksoy-konserini-izledi\\\/#respond\"]}]},{\"@type\":\"WebPage\",\"@id\":\"https:\\\/\\\/kuzeyinsesi.org\\\/index.php\\\/2024\\\/09\\\/20\\\/cumhurbaskani-tatar-kamran-azize-ithaf-edilen-turksoy-konserini-izledi\\\/\",\"url\":\"https:\\\/\\\/kuzeyinsesi.org\\\/index.php\\\/2024\\\/09\\\/20\\\/cumhurbaskani-tatar-kamran-azize-ithaf-edilen-turksoy-konserini-izledi\\\/\",\"name\":\"Cumhurba\u015fkan\u0131 Tatar Kamran Aziz\u2019e ithaf edilen T\u00dcRKSOY konserini izledi - Kuzeyin Sesi\",\"isPartOf\":{\"@id\":\"https:\\\/\\\/kuzeyinsesi.org\\\/#website\"},\"primaryImageOfPage\":{\"@id\":\"https:\\\/\\\/kuzeyinsesi.org\\\/index.php\\\/2024\\\/09\\\/20\\\/cumhurbaskani-tatar-kamran-azize-ithaf-edilen-turksoy-konserini-izledi\\\/#primaryimage\"},\"image\":{\"@id\":\"https:\\\/\\\/kuzeyinsesi.org\\\/index.php\\\/2024\\\/09\\\/20\\\/cumhurbaskani-tatar-kamran-azize-ithaf-edilen-turksoy-konserini-izledi\\\/#primaryimage\"},\"thumbnailUrl\":\"https:\\\/\\\/kuzeyinsesi.org\\\/wp-content\\\/uploads\\\/2024\\\/09\\\/tatar-turksoy-12-1.jpg\",\"datePublished\":\"2024-09-20T13:15:22+00:00\",\"author\":{\"@id\":\"https:\\\/\\\/kuzeyinsesi.org\\\/#\\\/schema\\\/person\\\/9f859689cdf01485597712386e37f5aa\"},\"breadcrumb\":{\"@id\":\"https:\\\/\\\/kuzeyinsesi.org\\\/index.php\\\/2024\\\/09\\\/20\\\/cumhurbaskani-tatar-kamran-azize-ithaf-edilen-turksoy-konserini-izledi\\\/#breadcrumb\"},\"inLanguage\":\"tr\",\"potentialAction\":[{\"@type\":\"ReadAction\",\"target\":[\"https:\\\/\\\/kuzeyinsesi.org\\\/index.php\\\/2024\\\/09\\\/20\\\/cumhurbaskani-tatar-kamran-azize-ithaf-edilen-turksoy-konserini-izledi\\\/\"]}]},{\"@type\":\"ImageObject\",\"inLanguage\":\"tr\",\"@id\":\"https:\\\/\\\/kuzeyinsesi.org\\\/index.php\\\/2024\\\/09\\\/20\\\/cumhurbaskani-tatar-kamran-azize-ithaf-edilen-turksoy-konserini-izledi\\\/#primaryimage\",\"url\":\"https:\\\/\\\/kuzeyinsesi.org\\\/wp-content\\\/uploads\\\/2024\\\/09\\\/tatar-turksoy-12-1.jpg\",\"contentUrl\":\"https:\\\/\\\/kuzeyinsesi.org\\\/wp-content\\\/uploads\\\/2024\\\/09\\\/tatar-turksoy-12-1.jpg\",\"width\":1600,\"height\":1066},{\"@type\":\"BreadcrumbList\",\"@id\":\"https:\\\/\\\/kuzeyinsesi.org\\\/index.php\\\/2024\\\/09\\\/20\\\/cumhurbaskani-tatar-kamran-azize-ithaf-edilen-turksoy-konserini-izledi\\\/#breadcrumb\",\"itemListElement\":[{\"@type\":\"ListItem\",\"position\":1,\"name\":\"Anasayfa\",\"item\":\"https:\\\/\\\/kuzeyinsesi.org\\\/\"},{\"@type\":\"ListItem\",\"position\":2,\"name\":\"Cumhurba\u015fkan\u0131 Tatar Kamran Aziz\u2019e ithaf edilen T\u00dcRKSOY konserini izledi\"}]},{\"@type\":\"WebSite\",\"@id\":\"https:\\\/\\\/kuzeyinsesi.org\\\/#website\",\"url\":\"https:\\\/\\\/kuzeyinsesi.org\\\/\",\"name\":\"Kuzeyin Sesi\",\"description\":\"Do\u011fru Haberin Adresi\",\"potentialAction\":[{\"@type\":\"SearchAction\",\"target\":{\"@type\":\"EntryPoint\",\"urlTemplate\":\"https:\\\/\\\/kuzeyinsesi.org\\\/?s={search_term_string}\"},\"query-input\":{\"@type\":\"PropertyValueSpecification\",\"valueRequired\":true,\"valueName\":\"search_term_string\"}}],\"inLanguage\":\"tr\"},{\"@type\":\"Person\",\"@id\":\"https:\\\/\\\/kuzeyinsesi.org\\\/#\\\/schema\\\/person\\\/9f859689cdf01485597712386e37f5aa\",\"name\":\"Kuzeyin Sesi\",\"image\":{\"@type\":\"ImageObject\",\"inLanguage\":\"tr\",\"@id\":\"https:\\\/\\\/secure.gravatar.com\\\/avatar\\\/bab33852abfd8b282518d6ed81826833d77c3c882d9ab608add591ccace47a44?s=96&d=mm&r=g\",\"url\":\"https:\\\/\\\/secure.gravatar.com\\\/avatar\\\/bab33852abfd8b282518d6ed81826833d77c3c882d9ab608add591ccace47a44?s=96&d=mm&r=g\",\"contentUrl\":\"https:\\\/\\\/secure.gravatar.com\\\/avatar\\\/bab33852abfd8b282518d6ed81826833d77c3c882d9ab608add591ccace47a44?s=96&d=mm&r=g\",\"caption\":\"Kuzeyin Sesi\"},\"sameAs\":[\"https:\\\/\\\/kuzeyinsesi.org\"],\"url\":\"https:\\\/\\\/kuzeyinsesi.org\\\/index.php\\\/author\\\/guven\\\/\"}]}<\/script>\n<!-- \/ Yoast SEO plugin. -->","yoast_head_json":{"title":"Cumhurba\u015fkan\u0131 Tatar Kamran Aziz\u2019e ithaf edilen T\u00dcRKSOY konserini izledi - Kuzeyin Sesi","robots":{"index":"index","follow":"follow","max-snippet":"max-snippet:-1","max-image-preview":"max-image-preview:large","max-video-preview":"max-video-preview:-1"},"canonical":"https:\/\/kuzeyinsesi.org\/index.php\/2024\/09\/20\/cumhurbaskani-tatar-kamran-azize-ithaf-edilen-turksoy-konserini-izledi\/","og_locale":"tr_TR","og_type":"article","og_title":"Cumhurba\u015fkan\u0131 Tatar Kamran Aziz\u2019e ithaf edilen T\u00dcRKSOY konserini izledi - Kuzeyin Sesi","og_description":"Cumhurba\u015fkan\u0131 Ersin Tatar, Uluslararas\u0131 T\u00fcrk K\u00fclt\u00fcr\u00fc Te\u015fkilat\u0131 (T\u00dcRKSOY) Opera G\u00fcnleri kapsam\u0131nda, ilk K\u0131br\u0131sl\u0131 T\u00fcrk kad\u0131n besteci Kamran Aziz\u2019e ithaf edilen konseri izledi. Cumhurba\u015fkanl\u0131\u011f\u0131ndan verilen bilgiye g\u00f6re konser, Ba\u015fbakan Yard\u0131mc\u0131l\u0131\u011f\u0131 Turizm K\u00fclt\u00fcr Gen\u00e7lik ve \u00c7evre Bakanl\u0131\u011f\u0131 himayelerinde, T\u00fcrkiye Cumhuriyeti K\u00fclt\u00fcr ve Turizm Bakanl\u0131\u011f\u0131, T\u00dcRKSOY ve T\u00fcrkiye Devlet Opera ve Balesi Genel M\u00fcd\u00fcrl\u00fc\u011f\u00fc\u2019n\u00fcn i\u015fbirli\u011finde Bellapais Manast\u0131r\u0131\u2019nda yer [&hellip;]","og_url":"https:\/\/kuzeyinsesi.org\/index.php\/2024\/09\/20\/cumhurbaskani-tatar-kamran-azize-ithaf-edilen-turksoy-konserini-izledi\/","og_site_name":"Kuzeyin Sesi","article_publisher":"https:\/\/www.facebook.com\/kuzeyinsesii","article_published_time":"2024-09-20T13:15:22+00:00","og_image":[{"url":"https:\/\/brtk.net\/wp-content\/uploads\/2024\/09\/20\/tatar-turksoy-12-1.jpg?ver=49fd50be48f625f72cf46f0bbc0107eb","type":"","width":"","height":""}],"author":"Kuzeyin Sesi","twitter_card":"summary_large_image","twitter_creator":"@kuzeyinsesii","twitter_site":"@kuzeyinsesii","twitter_misc":{"Yazan:":"Kuzeyin Sesi","Tahmini okuma s\u00fcresi":"1 dakika"},"schema":{"@context":"https:\/\/schema.org","@graph":[{"@type":"Article","@id":"https:\/\/kuzeyinsesi.org\/index.php\/2024\/09\/20\/cumhurbaskani-tatar-kamran-azize-ithaf-edilen-turksoy-konserini-izledi\/#article","isPartOf":{"@id":"https:\/\/kuzeyinsesi.org\/index.php\/2024\/09\/20\/cumhurbaskani-tatar-kamran-azize-ithaf-edilen-turksoy-konserini-izledi\/"},"author":{"name":"Kuzeyin Sesi","@id":"https:\/\/kuzeyinsesi.org\/#\/schema\/person\/9f859689cdf01485597712386e37f5aa"},"headline":"Cumhurba\u015fkan\u0131 Tatar Kamran Aziz\u2019e ithaf edilen T\u00dcRKSOY konserini izledi","datePublished":"2024-09-20T13:15:22+00:00","mainEntityOfPage":{"@id":"https:\/\/kuzeyinsesi.org\/index.php\/2024\/09\/20\/cumhurbaskani-tatar-kamran-azize-ithaf-edilen-turksoy-konserini-izledi\/"},"wordCount":250,"commentCount":0,"image":{"@id":"https:\/\/kuzeyinsesi.org\/index.php\/2024\/09\/20\/cumhurbaskani-tatar-kamran-azize-ithaf-edilen-turksoy-konserini-izledi\/#primaryimage"},"thumbnailUrl":"https:\/\/kuzeyinsesi.org\/wp-content\/uploads\/2024\/09\/tatar-turksoy-12-1.jpg","articleSection":["Ya\u015fam"],"inLanguage":"tr","potentialAction":[{"@type":"CommentAction","name":"Comment","target":["https:\/\/kuzeyinsesi.org\/index.php\/2024\/09\/20\/cumhurbaskani-tatar-kamran-azize-ithaf-edilen-turksoy-konserini-izledi\/#respond"]}]},{"@type":"WebPage","@id":"https:\/\/kuzeyinsesi.org\/index.php\/2024\/09\/20\/cumhurbaskani-tatar-kamran-azize-ithaf-edilen-turksoy-konserini-izledi\/","url":"https:\/\/kuzeyinsesi.org\/index.php\/2024\/09\/20\/cumhurbaskani-tatar-kamran-azize-ithaf-edilen-turksoy-konserini-izledi\/","name":"Cumhurba\u015fkan\u0131 Tatar Kamran Aziz\u2019e ithaf edilen T\u00dcRKSOY konserini izledi - Kuzeyin Sesi","isPartOf":{"@id":"https:\/\/kuzeyinsesi.org\/#website"},"primaryImageOfPage":{"@id":"https:\/\/kuzeyinsesi.org\/index.php\/2024\/09\/20\/cumhurbaskani-tatar-kamran-azize-ithaf-edilen-turksoy-konserini-izledi\/#primaryimage"},"image":{"@id":"https:\/\/kuzeyinsesi.org\/index.php\/2024\/09\/20\/cumhurbaskani-tatar-kamran-azize-ithaf-edilen-turksoy-konserini-izledi\/#primaryimage"},"thumbnailUrl":"https:\/\/kuzeyinsesi.org\/wp-content\/uploads\/2024\/09\/tatar-turksoy-12-1.jpg","datePublished":"2024-09-20T13:15:22+00:00","author":{"@id":"https:\/\/kuzeyinsesi.org\/#\/schema\/person\/9f859689cdf01485597712386e37f5aa"},"breadcrumb":{"@id":"https:\/\/kuzeyinsesi.org\/index.php\/2024\/09\/20\/cumhurbaskani-tatar-kamran-azize-ithaf-edilen-turksoy-konserini-izledi\/#breadcrumb"},"inLanguage":"tr","potentialAction":[{"@type":"ReadAction","target":["https:\/\/kuzeyinsesi.org\/index.php\/2024\/09\/20\/cumhurbaskani-tatar-kamran-azize-ithaf-edilen-turksoy-konserini-izledi\/"]}]},{"@type":"ImageObject","inLanguage":"tr","@id":"https:\/\/kuzeyinsesi.org\/index.php\/2024\/09\/20\/cumhurbaskani-tatar-kamran-azize-ithaf-edilen-turksoy-konserini-izledi\/#primaryimage","url":"https:\/\/kuzeyinsesi.org\/wp-content\/uploads\/2024\/09\/tatar-turksoy-12-1.jpg","contentUrl":"https:\/\/kuzeyinsesi.org\/wp-content\/uploads\/2024\/09\/tatar-turksoy-12-1.jpg","width":1600,"height":1066},{"@type":"BreadcrumbList","@id":"https:\/\/kuzeyinsesi.org\/index.php\/2024\/09\/20\/cumhurbaskani-tatar-kamran-azize-ithaf-edilen-turksoy-konserini-izledi\/#breadcrumb","itemListElement":[{"@type":"ListItem","position":1,"name":"Anasayfa","item":"https:\/\/kuzeyinsesi.org\/"},{"@type":"ListItem","position":2,"name":"Cumhurba\u015fkan\u0131 Tatar Kamran Aziz\u2019e ithaf edilen T\u00dcRKSOY konserini izledi"}]},{"@type":"WebSite","@id":"https:\/\/kuzeyinsesi.org\/#website","url":"https:\/\/kuzeyinsesi.org\/","name":"Kuzeyin Sesi","description":"Do\u011fru Haberin Adresi","potentialAction":[{"@type":"SearchAction","target":{"@type":"EntryPoint","urlTemplate":"https:\/\/kuzeyinsesi.org\/?s={search_term_string}"},"query-input":{"@type":"PropertyValueSpecification","valueRequired":true,"valueName":"search_term_string"}}],"inLanguage":"tr"},{"@type":"Person","@id":"https:\/\/kuzeyinsesi.org\/#\/schema\/person\/9f859689cdf01485597712386e37f5aa","name":"Kuzeyin Sesi","image":{"@type":"ImageObject","inLanguage":"tr","@id":"https:\/\/secure.gravatar.com\/avatar\/bab33852abfd8b282518d6ed81826833d77c3c882d9ab608add591ccace47a44?s=96&d=mm&r=g","url":"https:\/\/secure.gravatar.com\/avatar\/bab33852abfd8b282518d6ed81826833d77c3c882d9ab608add591ccace47a44?s=96&d=mm&r=g","contentUrl":"https:\/\/secure.gravatar.com\/avatar\/bab33852abfd8b282518d6ed81826833d77c3c882d9ab608add591ccace47a44?s=96&d=mm&r=g","caption":"Kuzeyin Sesi"},"sameAs":["https:\/\/kuzeyinsesi.org"],"url":"https:\/\/kuzeyinsesi.org\/index.php\/author\/guven\/"}]}},"_links":{"self":[{"href":"https:\/\/kuzeyinsesi.org\/index.php\/wp-json\/wp\/v2\/posts\/10097","targetHints":{"allow":["GET"]}}],"collection":[{"href":"https:\/\/kuzeyinsesi.org\/index.php\/wp-json\/wp\/v2\/posts"}],"about":[{"href":"https:\/\/kuzeyinsesi.org\/index.php\/wp-json\/wp\/v2\/types\/post"}],"author":[{"embeddable":true,"href":"https:\/\/kuzeyinsesi.org\/index.php\/wp-json\/wp\/v2\/users\/1"}],"replies":[{"embeddable":true,"href":"https:\/\/kuzeyinsesi.org\/index.php\/wp-json\/wp\/v2\/comments?post=10097"}],"version-history":[{"count":0,"href":"https:\/\/kuzeyinsesi.org\/index.php\/wp-json\/wp\/v2\/posts\/10097\/revisions"}],"wp:featuredmedia":[{"embeddable":true,"href":"https:\/\/kuzeyinsesi.org\/index.php\/wp-json\/wp\/v2\/media\/10098"}],"wp:attachment":[{"href":"https:\/\/kuzeyinsesi.org\/index.php\/wp-json\/wp\/v2\/media?parent=10097"}],"wp:term":[{"taxonomy":"category","embeddable":true,"href":"https:\/\/kuzeyinsesi.org\/index.php\/wp-json\/wp\/v2\/categories?post=10097"},{"taxonomy":"post_tag","embeddable":true,"href":"https:\/\/kuzeyinsesi.org\/index.php\/wp-json\/wp\/v2\/tags?post=10097"}],"curies":[{"name":"wp","href":"https:\/\/api.w.org\/{rel}","templated":true}]}}