{"id":10087,"date":"2024-09-20T15:14:15","date_gmt":"2024-09-20T12:14:15","guid":{"rendered":"https:\/\/kuzeyinsesi.org\/index.php\/2024\/09\/20\/3-gastro-show-geleneksel-kibris-ekmekleri-konsepti-ile-gerceklesiyor\/"},"modified":"2024-09-20T15:14:15","modified_gmt":"2024-09-20T12:14:15","slug":"3-gastro-show-geleneksel-kibris-ekmekleri-konsepti-ile-gerceklesiyor","status":"publish","type":"post","link":"https:\/\/kuzeyinsesi.org\/index.php\/2024\/09\/20\/3-gastro-show-geleneksel-kibris-ekmekleri-konsepti-ile-gerceklesiyor\/","title":{"rendered":"3. Gastro Show \u201cGeleneksel K\u0131br\u0131s Ekmekleri\u201d konsepti ile ger\u00e7ekle\u015fiyor"},"content":{"rendered":"<div>\n<div class=\"mariselle-image-container center\">\n                                            <\/div>\n<p>Bu y\u0131l \u00fc\u00e7\u00fcnc\u00fc kez ger\u00e7ekle\u015ftirilecek \u201cGastro Show Girne\u201d, \u201cGeleneksel K\u0131br\u0131s Ekmekleri\u201d konsepti ile hayat bulacak.<\/p>\n<p>\u201cGirne Ark\u0131n Group Fest24\u201d kapsam\u0131nda yap\u0131lacak etkinlik, yar\u0131n 17.00\u2019de Ramadan Cemil Meydan\u0131\u2019nda yer alacak.<\/p>\n<p>Girne Belediyesi, etkinlik kapsam\u0131nda \u201cGeleneksel K\u0131br\u0131s Ekmekleri\u201d konseptiyle birbirinden \u00f6zel lezzetlerin halk ile bulu\u015faca\u011f\u0131n\u0131, K\u0131br\u0131s pidesi ve \u00e7\u00f6re\u011fi, Gurme\/Artizan \u00fcr\u00fcnler, k\u00f6y tipi ve \u00f6zel ekmek \u00fcr\u00fcnleri, gurme yerel lezzetler ve konsepte uygun stantlar ile kat\u0131l\u0131mc\u0131lara lezzet dolu anlar sunulaca\u011f\u0131n\u0131 a\u00e7\u0131klad\u0131.<\/p>\n<p>-K\u0131br\u0131s ekme\u011finin yap\u0131l\u0131\u015f\u0131 sergilenecek<\/p>\n<p>\u201cGastro Show Girne\u201d kapsam\u0131nda bu y\u0131l konsepte \u00f6zel olarak canl\u0131 ekmek yap\u0131m s\u00fcreci kat\u0131l\u0131mc\u0131lara sunulacak.<\/p>\n<p>Etkinlik alan\u0131nda kurulacak olan ta\u015f f\u0131r\u0131nda ekme\u011fin haz\u0131rlan\u0131\u015f\u0131 ve pi\u015firili\u015fi interaktif bir \u015fekilde kat\u0131l\u0131mc\u0131lar\u0131n be\u011fenisine sunulacak.<\/p>\n<p>Gastro Show etkinlik program\u0131 \u015f\u00f6yle:<\/p>\n<p>\u201c17.00     GastroShow Stantlar\u0131n A\u00e7\u0131l\u0131\u015f\u0131,  18.00  A\u00e7\u0131l\u0131\u015f konu\u015fmalar\u0131, 18.30 Gastroshow 3. Hikayemiz: \u201cA\u015f\u0131m\u0131z, A\u015fk\u0131m\u0131z K\u0131br\u0131s Ekme\u011fi\u201d (Naile Soyel, G\u0131da M\u00fch. Sa\u011fl\u0131k Md. Muavini),  18.45  Mini Ske\u00e7 (Gibriyagi) \u201cPa\u015fa Day\u0131 ile Hasan A\u011fa\u201d (Kemal Latif, B\u00fclent \u00c7\u0131narl\u0131l\u0131, Zeren Tural\u0131),  19.00  Geleneksel K\u0131br\u0131s Folklorik Danslar\u0131 (Girne Gen\u00e7 Sanat Severler Derne\u011fi), 19.30     Geleneksel K\u0131br\u0131s Ekme\u011fi \u00dcretimi \u2013 Demo, 1.B\u00f6l\u00fcm (Mustafa \u015eah HCIMA, Zekai Altan HCIMA, Ay\u015fe G\u00fclyaz), 20.00     Konser 1. B\u00f6l\u00fcm (Grup Otantik), 21.00  Geleneksel K\u0131br\u0131s Ekme\u011fi \u00dcretimi \u2013 Demo, 2. B\u00f6l\u00fcm,  21.30 Konser 2. B\u00f6l\u00fcm (Grup Otantik)\u201d<\/p>\n<\/p><\/div>\n<p><script async\n                    defer\n                    crossorigin=\"anonymous\"\n                    src=\"https:\/\/connect.facebook.net\/tr_TR\/sdk.js#xfbml=1&#038;version=v3.3\"\n            ><\/script><\/p>\n","protected":false},"excerpt":{"rendered":"<p>Bu y\u0131l \u00fc\u00e7\u00fcnc\u00fc kez ger\u00e7ekle\u015ftirilecek \u201cGastro Show Girne\u201d, \u201cGeleneksel K\u0131br\u0131s Ekmekleri\u201d konsepti ile hayat bulacak. \u201cGirne Ark\u0131n Group Fest24\u201d kapsam\u0131nda yap\u0131lacak etkinlik, yar\u0131n 17.00\u2019de Ramadan Cemil Meydan\u0131\u2019nda yer alacak. Girne Belediyesi, etkinlik kapsam\u0131nda \u201cGeleneksel K\u0131br\u0131s Ekmekleri\u201d konseptiyle birbirinden \u00f6zel lezzetlerin halk ile bulu\u015faca\u011f\u0131n\u0131, K\u0131br\u0131s pidesi ve \u00e7\u00f6re\u011fi, Gurme\/Artizan \u00fcr\u00fcnler, k\u00f6y tipi ve \u00f6zel ekmek \u00fcr\u00fcnleri, [&hellip;]<\/p>\n","protected":false},"author":1,"featured_media":10088,"comment_status":"open","ping_status":"open","sticky":false,"template":"","format":"standard","meta":{"jnews-multi-image_gallery":[],"jnews_single_post":[],"jnews_primary_category":[],"jnews_social_meta":[],"jnews_override_counter":[],"footnotes":""},"categories":[6],"tags":[],"class_list":["post-10087","post","type-post","status-publish","format-standard","has-post-thumbnail","hentry","category-yasam"],"yoast_head":"<!-- This site is optimized with the Yoast SEO plugin v27.5 - https:\/\/yoast.com\/product\/yoast-seo-wordpress\/ -->\n<title>3. Gastro Show \u201cGeleneksel K\u0131br\u0131s Ekmekleri\u201d konsepti ile ger\u00e7ekle\u015fiyor - Kuzeyin Sesi<\/title>\n<meta name=\"robots\" content=\"index, follow, max-snippet:-1, max-image-preview:large, max-video-preview:-1\" \/>\n<link rel=\"canonical\" href=\"https:\/\/kuzeyinsesi.org\/index.php\/2024\/09\/20\/3-gastro-show-geleneksel-kibris-ekmekleri-konsepti-ile-gerceklesiyor\/\" \/>\n<meta property=\"og:locale\" content=\"tr_TR\" \/>\n<meta property=\"og:type\" content=\"article\" \/>\n<meta property=\"og:title\" content=\"3. Gastro Show \u201cGeleneksel K\u0131br\u0131s Ekmekleri\u201d konsepti ile ger\u00e7ekle\u015fiyor - Kuzeyin Sesi\" \/>\n<meta property=\"og:description\" content=\"Bu y\u0131l \u00fc\u00e7\u00fcnc\u00fc kez ger\u00e7ekle\u015ftirilecek \u201cGastro Show Girne\u201d, \u201cGeleneksel K\u0131br\u0131s Ekmekleri\u201d konsepti ile hayat bulacak. \u201cGirne Ark\u0131n Group Fest24\u201d kapsam\u0131nda yap\u0131lacak etkinlik, yar\u0131n 17.00\u2019de Ramadan Cemil Meydan\u0131\u2019nda yer alacak. Girne Belediyesi, etkinlik kapsam\u0131nda \u201cGeleneksel K\u0131br\u0131s Ekmekleri\u201d konseptiyle birbirinden \u00f6zel lezzetlerin halk ile bulu\u015faca\u011f\u0131n\u0131, K\u0131br\u0131s pidesi ve \u00e7\u00f6re\u011fi, Gurme\/Artizan \u00fcr\u00fcnler, k\u00f6y tipi ve \u00f6zel ekmek \u00fcr\u00fcnleri, [&hellip;]\" \/>\n<meta property=\"og:url\" content=\"https:\/\/kuzeyinsesi.org\/index.php\/2024\/09\/20\/3-gastro-show-geleneksel-kibris-ekmekleri-konsepti-ile-gerceklesiyor\/\" \/>\n<meta property=\"og:site_name\" content=\"Kuzeyin Sesi\" \/>\n<meta property=\"article:publisher\" content=\"https:\/\/www.facebook.com\/kuzeyinsesii\" \/>\n<meta property=\"article:published_time\" content=\"2024-09-20T12:14:15+00:00\" \/>\n<meta property=\"og:image\" content=\"https:\/\/brtk.net\/wp-content\/uploads\/2024\/09\/20\/girne-belediyesi-gastro-program-post.jpg?ver=51dcd24222a96c7d85cab5f76ac03d1a\" \/>\n<meta name=\"author\" content=\"Kuzeyin Sesi\" \/>\n<meta name=\"twitter:card\" content=\"summary_large_image\" \/>\n<meta name=\"twitter:creator\" content=\"@kuzeyinsesii\" \/>\n<meta name=\"twitter:site\" content=\"@kuzeyinsesii\" \/>\n<meta name=\"twitter:label1\" content=\"Yazan:\" \/>\n\t<meta name=\"twitter:data1\" content=\"Kuzeyin Sesi\" \/>\n\t<meta name=\"twitter:label2\" content=\"Tahmini okuma s\u00fcresi\" \/>\n\t<meta name=\"twitter:data2\" content=\"1 dakika\" \/>\n<script type=\"application\/ld+json\" class=\"yoast-schema-graph\">{\"@context\":\"https:\\\/\\\/schema.org\",\"@graph\":[{\"@type\":\"Article\",\"@id\":\"https:\\\/\\\/kuzeyinsesi.org\\\/index.php\\\/2024\\\/09\\\/20\\\/3-gastro-show-geleneksel-kibris-ekmekleri-konsepti-ile-gerceklesiyor\\\/#article\",\"isPartOf\":{\"@id\":\"https:\\\/\\\/kuzeyinsesi.org\\\/index.php\\\/2024\\\/09\\\/20\\\/3-gastro-show-geleneksel-kibris-ekmekleri-konsepti-ile-gerceklesiyor\\\/\"},\"author\":{\"name\":\"Kuzeyin Sesi\",\"@id\":\"https:\\\/\\\/kuzeyinsesi.org\\\/#\\\/schema\\\/person\\\/9f859689cdf01485597712386e37f5aa\"},\"headline\":\"3. Gastro Show \u201cGeleneksel K\u0131br\u0131s Ekmekleri\u201d konsepti ile ger\u00e7ekle\u015fiyor\",\"datePublished\":\"2024-09-20T12:14:15+00:00\",\"mainEntityOfPage\":{\"@id\":\"https:\\\/\\\/kuzeyinsesi.org\\\/index.php\\\/2024\\\/09\\\/20\\\/3-gastro-show-geleneksel-kibris-ekmekleri-konsepti-ile-gerceklesiyor\\\/\"},\"wordCount\":279,\"commentCount\":0,\"image\":{\"@id\":\"https:\\\/\\\/kuzeyinsesi.org\\\/index.php\\\/2024\\\/09\\\/20\\\/3-gastro-show-geleneksel-kibris-ekmekleri-konsepti-ile-gerceklesiyor\\\/#primaryimage\"},\"thumbnailUrl\":\"https:\\\/\\\/kuzeyinsesi.org\\\/wp-content\\\/uploads\\\/2024\\\/09\\\/girne-belediyesi-gastro-program-post.jpg\",\"articleSection\":[\"Ya\u015fam\"],\"inLanguage\":\"tr\",\"potentialAction\":[{\"@type\":\"CommentAction\",\"name\":\"Comment\",\"target\":[\"https:\\\/\\\/kuzeyinsesi.org\\\/index.php\\\/2024\\\/09\\\/20\\\/3-gastro-show-geleneksel-kibris-ekmekleri-konsepti-ile-gerceklesiyor\\\/#respond\"]}]},{\"@type\":\"WebPage\",\"@id\":\"https:\\\/\\\/kuzeyinsesi.org\\\/index.php\\\/2024\\\/09\\\/20\\\/3-gastro-show-geleneksel-kibris-ekmekleri-konsepti-ile-gerceklesiyor\\\/\",\"url\":\"https:\\\/\\\/kuzeyinsesi.org\\\/index.php\\\/2024\\\/09\\\/20\\\/3-gastro-show-geleneksel-kibris-ekmekleri-konsepti-ile-gerceklesiyor\\\/\",\"name\":\"3. Gastro Show \u201cGeleneksel K\u0131br\u0131s Ekmekleri\u201d konsepti ile ger\u00e7ekle\u015fiyor - Kuzeyin Sesi\",\"isPartOf\":{\"@id\":\"https:\\\/\\\/kuzeyinsesi.org\\\/#website\"},\"primaryImageOfPage\":{\"@id\":\"https:\\\/\\\/kuzeyinsesi.org\\\/index.php\\\/2024\\\/09\\\/20\\\/3-gastro-show-geleneksel-kibris-ekmekleri-konsepti-ile-gerceklesiyor\\\/#primaryimage\"},\"image\":{\"@id\":\"https:\\\/\\\/kuzeyinsesi.org\\\/index.php\\\/2024\\\/09\\\/20\\\/3-gastro-show-geleneksel-kibris-ekmekleri-konsepti-ile-gerceklesiyor\\\/#primaryimage\"},\"thumbnailUrl\":\"https:\\\/\\\/kuzeyinsesi.org\\\/wp-content\\\/uploads\\\/2024\\\/09\\\/girne-belediyesi-gastro-program-post.jpg\",\"datePublished\":\"2024-09-20T12:14:15+00:00\",\"author\":{\"@id\":\"https:\\\/\\\/kuzeyinsesi.org\\\/#\\\/schema\\\/person\\\/9f859689cdf01485597712386e37f5aa\"},\"breadcrumb\":{\"@id\":\"https:\\\/\\\/kuzeyinsesi.org\\\/index.php\\\/2024\\\/09\\\/20\\\/3-gastro-show-geleneksel-kibris-ekmekleri-konsepti-ile-gerceklesiyor\\\/#breadcrumb\"},\"inLanguage\":\"tr\",\"potentialAction\":[{\"@type\":\"ReadAction\",\"target\":[\"https:\\\/\\\/kuzeyinsesi.org\\\/index.php\\\/2024\\\/09\\\/20\\\/3-gastro-show-geleneksel-kibris-ekmekleri-konsepti-ile-gerceklesiyor\\\/\"]}]},{\"@type\":\"ImageObject\",\"inLanguage\":\"tr\",\"@id\":\"https:\\\/\\\/kuzeyinsesi.org\\\/index.php\\\/2024\\\/09\\\/20\\\/3-gastro-show-geleneksel-kibris-ekmekleri-konsepti-ile-gerceklesiyor\\\/#primaryimage\",\"url\":\"https:\\\/\\\/kuzeyinsesi.org\\\/wp-content\\\/uploads\\\/2024\\\/09\\\/girne-belediyesi-gastro-program-post.jpg\",\"contentUrl\":\"https:\\\/\\\/kuzeyinsesi.org\\\/wp-content\\\/uploads\\\/2024\\\/09\\\/girne-belediyesi-gastro-program-post.jpg\",\"width\":1772,\"height\":2216},{\"@type\":\"BreadcrumbList\",\"@id\":\"https:\\\/\\\/kuzeyinsesi.org\\\/index.php\\\/2024\\\/09\\\/20\\\/3-gastro-show-geleneksel-kibris-ekmekleri-konsepti-ile-gerceklesiyor\\\/#breadcrumb\",\"itemListElement\":[{\"@type\":\"ListItem\",\"position\":1,\"name\":\"Anasayfa\",\"item\":\"https:\\\/\\\/kuzeyinsesi.org\\\/\"},{\"@type\":\"ListItem\",\"position\":2,\"name\":\"3. Gastro Show \u201cGeleneksel K\u0131br\u0131s Ekmekleri\u201d konsepti ile ger\u00e7ekle\u015fiyor\"}]},{\"@type\":\"WebSite\",\"@id\":\"https:\\\/\\\/kuzeyinsesi.org\\\/#website\",\"url\":\"https:\\\/\\\/kuzeyinsesi.org\\\/\",\"name\":\"Kuzeyin Sesi\",\"description\":\"Do\u011fru Haberin Adresi\",\"potentialAction\":[{\"@type\":\"SearchAction\",\"target\":{\"@type\":\"EntryPoint\",\"urlTemplate\":\"https:\\\/\\\/kuzeyinsesi.org\\\/?s={search_term_string}\"},\"query-input\":{\"@type\":\"PropertyValueSpecification\",\"valueRequired\":true,\"valueName\":\"search_term_string\"}}],\"inLanguage\":\"tr\"},{\"@type\":\"Person\",\"@id\":\"https:\\\/\\\/kuzeyinsesi.org\\\/#\\\/schema\\\/person\\\/9f859689cdf01485597712386e37f5aa\",\"name\":\"Kuzeyin Sesi\",\"image\":{\"@type\":\"ImageObject\",\"inLanguage\":\"tr\",\"@id\":\"https:\\\/\\\/secure.gravatar.com\\\/avatar\\\/bab33852abfd8b282518d6ed81826833d77c3c882d9ab608add591ccace47a44?s=96&d=mm&r=g\",\"url\":\"https:\\\/\\\/secure.gravatar.com\\\/avatar\\\/bab33852abfd8b282518d6ed81826833d77c3c882d9ab608add591ccace47a44?s=96&d=mm&r=g\",\"contentUrl\":\"https:\\\/\\\/secure.gravatar.com\\\/avatar\\\/bab33852abfd8b282518d6ed81826833d77c3c882d9ab608add591ccace47a44?s=96&d=mm&r=g\",\"caption\":\"Kuzeyin Sesi\"},\"sameAs\":[\"https:\\\/\\\/kuzeyinsesi.org\"],\"url\":\"https:\\\/\\\/kuzeyinsesi.org\\\/index.php\\\/author\\\/guven\\\/\"}]}<\/script>\n<!-- \/ Yoast SEO plugin. -->","yoast_head_json":{"title":"3. Gastro Show \u201cGeleneksel K\u0131br\u0131s Ekmekleri\u201d konsepti ile ger\u00e7ekle\u015fiyor - Kuzeyin Sesi","robots":{"index":"index","follow":"follow","max-snippet":"max-snippet:-1","max-image-preview":"max-image-preview:large","max-video-preview":"max-video-preview:-1"},"canonical":"https:\/\/kuzeyinsesi.org\/index.php\/2024\/09\/20\/3-gastro-show-geleneksel-kibris-ekmekleri-konsepti-ile-gerceklesiyor\/","og_locale":"tr_TR","og_type":"article","og_title":"3. Gastro Show \u201cGeleneksel K\u0131br\u0131s Ekmekleri\u201d konsepti ile ger\u00e7ekle\u015fiyor - Kuzeyin Sesi","og_description":"Bu y\u0131l \u00fc\u00e7\u00fcnc\u00fc kez ger\u00e7ekle\u015ftirilecek \u201cGastro Show Girne\u201d, \u201cGeleneksel K\u0131br\u0131s Ekmekleri\u201d konsepti ile hayat bulacak. \u201cGirne Ark\u0131n Group Fest24\u201d kapsam\u0131nda yap\u0131lacak etkinlik, yar\u0131n 17.00\u2019de Ramadan Cemil Meydan\u0131\u2019nda yer alacak. Girne Belediyesi, etkinlik kapsam\u0131nda \u201cGeleneksel K\u0131br\u0131s Ekmekleri\u201d konseptiyle birbirinden \u00f6zel lezzetlerin halk ile bulu\u015faca\u011f\u0131n\u0131, K\u0131br\u0131s pidesi ve \u00e7\u00f6re\u011fi, Gurme\/Artizan \u00fcr\u00fcnler, k\u00f6y tipi ve \u00f6zel ekmek \u00fcr\u00fcnleri, [&hellip;]","og_url":"https:\/\/kuzeyinsesi.org\/index.php\/2024\/09\/20\/3-gastro-show-geleneksel-kibris-ekmekleri-konsepti-ile-gerceklesiyor\/","og_site_name":"Kuzeyin Sesi","article_publisher":"https:\/\/www.facebook.com\/kuzeyinsesii","article_published_time":"2024-09-20T12:14:15+00:00","og_image":[{"url":"https:\/\/brtk.net\/wp-content\/uploads\/2024\/09\/20\/girne-belediyesi-gastro-program-post.jpg?ver=51dcd24222a96c7d85cab5f76ac03d1a","type":"","width":"","height":""}],"author":"Kuzeyin Sesi","twitter_card":"summary_large_image","twitter_creator":"@kuzeyinsesii","twitter_site":"@kuzeyinsesii","twitter_misc":{"Yazan:":"Kuzeyin Sesi","Tahmini okuma s\u00fcresi":"1 dakika"},"schema":{"@context":"https:\/\/schema.org","@graph":[{"@type":"Article","@id":"https:\/\/kuzeyinsesi.org\/index.php\/2024\/09\/20\/3-gastro-show-geleneksel-kibris-ekmekleri-konsepti-ile-gerceklesiyor\/#article","isPartOf":{"@id":"https:\/\/kuzeyinsesi.org\/index.php\/2024\/09\/20\/3-gastro-show-geleneksel-kibris-ekmekleri-konsepti-ile-gerceklesiyor\/"},"author":{"name":"Kuzeyin Sesi","@id":"https:\/\/kuzeyinsesi.org\/#\/schema\/person\/9f859689cdf01485597712386e37f5aa"},"headline":"3. Gastro Show \u201cGeleneksel K\u0131br\u0131s Ekmekleri\u201d konsepti ile ger\u00e7ekle\u015fiyor","datePublished":"2024-09-20T12:14:15+00:00","mainEntityOfPage":{"@id":"https:\/\/kuzeyinsesi.org\/index.php\/2024\/09\/20\/3-gastro-show-geleneksel-kibris-ekmekleri-konsepti-ile-gerceklesiyor\/"},"wordCount":279,"commentCount":0,"image":{"@id":"https:\/\/kuzeyinsesi.org\/index.php\/2024\/09\/20\/3-gastro-show-geleneksel-kibris-ekmekleri-konsepti-ile-gerceklesiyor\/#primaryimage"},"thumbnailUrl":"https:\/\/kuzeyinsesi.org\/wp-content\/uploads\/2024\/09\/girne-belediyesi-gastro-program-post.jpg","articleSection":["Ya\u015fam"],"inLanguage":"tr","potentialAction":[{"@type":"CommentAction","name":"Comment","target":["https:\/\/kuzeyinsesi.org\/index.php\/2024\/09\/20\/3-gastro-show-geleneksel-kibris-ekmekleri-konsepti-ile-gerceklesiyor\/#respond"]}]},{"@type":"WebPage","@id":"https:\/\/kuzeyinsesi.org\/index.php\/2024\/09\/20\/3-gastro-show-geleneksel-kibris-ekmekleri-konsepti-ile-gerceklesiyor\/","url":"https:\/\/kuzeyinsesi.org\/index.php\/2024\/09\/20\/3-gastro-show-geleneksel-kibris-ekmekleri-konsepti-ile-gerceklesiyor\/","name":"3. Gastro Show \u201cGeleneksel K\u0131br\u0131s Ekmekleri\u201d konsepti ile ger\u00e7ekle\u015fiyor - Kuzeyin Sesi","isPartOf":{"@id":"https:\/\/kuzeyinsesi.org\/#website"},"primaryImageOfPage":{"@id":"https:\/\/kuzeyinsesi.org\/index.php\/2024\/09\/20\/3-gastro-show-geleneksel-kibris-ekmekleri-konsepti-ile-gerceklesiyor\/#primaryimage"},"image":{"@id":"https:\/\/kuzeyinsesi.org\/index.php\/2024\/09\/20\/3-gastro-show-geleneksel-kibris-ekmekleri-konsepti-ile-gerceklesiyor\/#primaryimage"},"thumbnailUrl":"https:\/\/kuzeyinsesi.org\/wp-content\/uploads\/2024\/09\/girne-belediyesi-gastro-program-post.jpg","datePublished":"2024-09-20T12:14:15+00:00","author":{"@id":"https:\/\/kuzeyinsesi.org\/#\/schema\/person\/9f859689cdf01485597712386e37f5aa"},"breadcrumb":{"@id":"https:\/\/kuzeyinsesi.org\/index.php\/2024\/09\/20\/3-gastro-show-geleneksel-kibris-ekmekleri-konsepti-ile-gerceklesiyor\/#breadcrumb"},"inLanguage":"tr","potentialAction":[{"@type":"ReadAction","target":["https:\/\/kuzeyinsesi.org\/index.php\/2024\/09\/20\/3-gastro-show-geleneksel-kibris-ekmekleri-konsepti-ile-gerceklesiyor\/"]}]},{"@type":"ImageObject","inLanguage":"tr","@id":"https:\/\/kuzeyinsesi.org\/index.php\/2024\/09\/20\/3-gastro-show-geleneksel-kibris-ekmekleri-konsepti-ile-gerceklesiyor\/#primaryimage","url":"https:\/\/kuzeyinsesi.org\/wp-content\/uploads\/2024\/09\/girne-belediyesi-gastro-program-post.jpg","contentUrl":"https:\/\/kuzeyinsesi.org\/wp-content\/uploads\/2024\/09\/girne-belediyesi-gastro-program-post.jpg","width":1772,"height":2216},{"@type":"BreadcrumbList","@id":"https:\/\/kuzeyinsesi.org\/index.php\/2024\/09\/20\/3-gastro-show-geleneksel-kibris-ekmekleri-konsepti-ile-gerceklesiyor\/#breadcrumb","itemListElement":[{"@type":"ListItem","position":1,"name":"Anasayfa","item":"https:\/\/kuzeyinsesi.org\/"},{"@type":"ListItem","position":2,"name":"3. Gastro Show \u201cGeleneksel K\u0131br\u0131s Ekmekleri\u201d konsepti ile ger\u00e7ekle\u015fiyor"}]},{"@type":"WebSite","@id":"https:\/\/kuzeyinsesi.org\/#website","url":"https:\/\/kuzeyinsesi.org\/","name":"Kuzeyin Sesi","description":"Do\u011fru Haberin Adresi","potentialAction":[{"@type":"SearchAction","target":{"@type":"EntryPoint","urlTemplate":"https:\/\/kuzeyinsesi.org\/?s={search_term_string}"},"query-input":{"@type":"PropertyValueSpecification","valueRequired":true,"valueName":"search_term_string"}}],"inLanguage":"tr"},{"@type":"Person","@id":"https:\/\/kuzeyinsesi.org\/#\/schema\/person\/9f859689cdf01485597712386e37f5aa","name":"Kuzeyin Sesi","image":{"@type":"ImageObject","inLanguage":"tr","@id":"https:\/\/secure.gravatar.com\/avatar\/bab33852abfd8b282518d6ed81826833d77c3c882d9ab608add591ccace47a44?s=96&d=mm&r=g","url":"https:\/\/secure.gravatar.com\/avatar\/bab33852abfd8b282518d6ed81826833d77c3c882d9ab608add591ccace47a44?s=96&d=mm&r=g","contentUrl":"https:\/\/secure.gravatar.com\/avatar\/bab33852abfd8b282518d6ed81826833d77c3c882d9ab608add591ccace47a44?s=96&d=mm&r=g","caption":"Kuzeyin Sesi"},"sameAs":["https:\/\/kuzeyinsesi.org"],"url":"https:\/\/kuzeyinsesi.org\/index.php\/author\/guven\/"}]}},"_links":{"self":[{"href":"https:\/\/kuzeyinsesi.org\/index.php\/wp-json\/wp\/v2\/posts\/10087","targetHints":{"allow":["GET"]}}],"collection":[{"href":"https:\/\/kuzeyinsesi.org\/index.php\/wp-json\/wp\/v2\/posts"}],"about":[{"href":"https:\/\/kuzeyinsesi.org\/index.php\/wp-json\/wp\/v2\/types\/post"}],"author":[{"embeddable":true,"href":"https:\/\/kuzeyinsesi.org\/index.php\/wp-json\/wp\/v2\/users\/1"}],"replies":[{"embeddable":true,"href":"https:\/\/kuzeyinsesi.org\/index.php\/wp-json\/wp\/v2\/comments?post=10087"}],"version-history":[{"count":0,"href":"https:\/\/kuzeyinsesi.org\/index.php\/wp-json\/wp\/v2\/posts\/10087\/revisions"}],"wp:featuredmedia":[{"embeddable":true,"href":"https:\/\/kuzeyinsesi.org\/index.php\/wp-json\/wp\/v2\/media\/10088"}],"wp:attachment":[{"href":"https:\/\/kuzeyinsesi.org\/index.php\/wp-json\/wp\/v2\/media?parent=10087"}],"wp:term":[{"taxonomy":"category","embeddable":true,"href":"https:\/\/kuzeyinsesi.org\/index.php\/wp-json\/wp\/v2\/categories?post=10087"},{"taxonomy":"post_tag","embeddable":true,"href":"https:\/\/kuzeyinsesi.org\/index.php\/wp-json\/wp\/v2\/tags?post=10087"}],"curies":[{"name":"wp","href":"https:\/\/api.w.org\/{rel}","templated":true}]}}