{"id":10079,"date":"2024-09-20T14:48:31","date_gmt":"2024-09-20T11:48:31","guid":{"rendered":"https:\/\/kuzeyinsesi.org\/index.php\/2024\/09\/20\/trabzonlu-kibris-gazisi-vucudunda-kalan-mermi-cekirdegini-yillar-sonra-ogrendi\/"},"modified":"2024-09-20T14:48:31","modified_gmt":"2024-09-20T11:48:31","slug":"trabzonlu-kibris-gazisi-vucudunda-kalan-mermi-cekirdegini-yillar-sonra-ogrendi","status":"publish","type":"post","link":"https:\/\/kuzeyinsesi.org\/index.php\/2024\/09\/20\/trabzonlu-kibris-gazisi-vucudunda-kalan-mermi-cekirdegini-yillar-sonra-ogrendi\/","title":{"rendered":"Trabzonlu K\u0131br\u0131s gazisi, v\u00fccudunda kalan mermi \u00e7ekirde\u011fini y\u0131llar sonra \u00f6\u011frendi"},"content":{"rendered":"<div>\n<div class=\"mariselle-image-container center\">\n                                            <\/div>\n<p>\nTrabzon\u2019da ya\u015fayan K\u0131br\u0131s Gazisi Seyyah Sa\u011f\u0131ro\u011flu, K\u0131br\u0131s Bar\u0131\u015f Harekat\u0131\u2019ndan yakla\u015f\u0131k 50 y\u0131l sonra \u00e7ektirdi\u011fi MR\u2019da g\u00f6\u011fs\u00fcnde mermi \u00e7ekirde\u011fi oldu\u011funu \u00f6\u011frendi.<\/p>\n<p>Trabzon Muharip Gaziler Derne\u011fi Trabzon \u015eube Ba\u015fkan\u0131 da olan Sa\u011f\u0131ro\u011flu, T\u00fcrk Silahl\u0131 Kuvvetlerinin (TSK) Rumlar\u0131n bask\u0131 ve zulm\u00fcne son vermek ve Ada\u2019da bar\u0131\u015f ve huzuru tesis etmek amac\u0131yla 20 Temmuz 1974\u2019te d\u00fczenledi\u011fi K\u0131br\u0131s Bar\u0131\u015f Harekat\u0131\u2019na kat\u0131ld\u0131.<\/p>\n<p>Gazi olarak memleketi Trabzon\u2019a d\u00f6nen Sa\u011f\u0131ro\u011flu, ge\u00e7en y\u0131l muayene olmak i\u00e7in gitti\u011fi hastanede girdi\u011fi MR cihaz\u0131nda g\u00f6revlinin uyar\u0131s\u0131 \u00fczerine v\u00fccudunda mermi \u00e7ekirde\u011fi kald\u0131\u011f\u0131n\u0131 \u00f6\u011frendi.<\/p>\n<p>Trabzon B\u00fcy\u00fck\u015fehir Belediye Ba\u015fkan\u0131 Ahmet Metin Gen\u00e7, 19 Eyl\u00fcl Gaziler G\u00fcn\u00fc\u2019nde sosyal medya hesab\u0131ndan gazi Sa\u011f\u0131ro\u011flu\u2019nun hikayesini payla\u015ft\u0131.<\/p>\n<p>Mesajda videosuna yer verilen gazi Sa\u011f\u0131ro\u011flu, kontrol i\u00e7in gitti\u011fi hastanede ya\u015fad\u0131klar\u0131n\u0131 anlatarak, \u015funlar\u0131 kaydetti:<\/p>\n<p>\u201cMR ba\u015f\u0131ndaki hekim dedi ki \u2018Beyefendi sizin v\u00fccudunuzda metal var, g\u00f6r\u00fcnt\u00fc vermiyor.\u2019 \u2018Hay\u0131r.\u2019 dedim, \u2018Benim v\u00fccudumda metal bir \u015fey yok. Ben K\u0131br\u0131s gazisiyim ama v\u00fccudumda b\u00f6yle bir \u015fey yok.\u2019 Kontrol etti, benim g\u00f6\u011fs\u00fcmde bir Yunan mermisi. Bunu g\u00f6r\u00fcnce tabii ben de heyecanland\u0131m. 50 sene sonra benim v\u00fccudumda mermi varm\u0131\u015f, ben bunun fark\u0131nda de\u011filim. Yunan alay\u0131nda bu mermiyi alm\u0131\u015f\u0131m, d\u00fc\u015ft\u00fc\u011f\u00fcmde makineli t\u00fcfek burama (g\u00f6\u011fs\u00fcn\u00fc g\u00f6stererek) vurdu da yara oldu diye d\u00fc\u015f\u00fcnm\u00fc\u015ft\u00fcm \u00e7\u00fcnk\u00fc kolumdan vurulmu\u015fum, aya\u011f\u0131mdan vurulmu\u015fum, ben o ac\u0131dan onu hi\u00e7 hissetmedim. Burada gitti\u011fimiz hastanede \u00e7\u0131kt\u0131 meydana, \u00e7ok ilgimi \u00e7ekti, halEN daha duruyor, herhalde bizim as\u0131l madalyam\u0131z bu. \u00d6lene kadar duracak.\u201d<\/p>\n<\/p><\/div>\n<p><script async\n                    defer\n                    crossorigin=\"anonymous\"\n                    src=\"https:\/\/connect.facebook.net\/tr_TR\/sdk.js#xfbml=1&#038;version=v3.3\"\n            ><\/script><\/p>\n","protected":false},"excerpt":{"rendered":"<p>Trabzon\u2019da ya\u015fayan K\u0131br\u0131s Gazisi Seyyah Sa\u011f\u0131ro\u011flu, K\u0131br\u0131s Bar\u0131\u015f Harekat\u0131\u2019ndan yakla\u015f\u0131k 50 y\u0131l sonra \u00e7ektirdi\u011fi MR\u2019da g\u00f6\u011fs\u00fcnde mermi \u00e7ekirde\u011fi oldu\u011funu \u00f6\u011frendi. Trabzon Muharip Gaziler Derne\u011fi Trabzon \u015eube Ba\u015fkan\u0131 da olan Sa\u011f\u0131ro\u011flu, T\u00fcrk Silahl\u0131 Kuvvetlerinin (TSK) Rumlar\u0131n bask\u0131 ve zulm\u00fcne son vermek ve Ada\u2019da bar\u0131\u015f ve huzuru tesis etmek amac\u0131yla 20 Temmuz 1974\u2019te d\u00fczenledi\u011fi K\u0131br\u0131s Bar\u0131\u015f Harekat\u0131\u2019na [&hellip;]<\/p>\n","protected":false},"author":1,"featured_media":10080,"comment_status":"open","ping_status":"open","sticky":false,"template":"","format":"standard","meta":{"jnews-multi-image_gallery":[],"jnews_single_post":[],"jnews_primary_category":[],"jnews_social_meta":[],"jnews_override_counter":[],"footnotes":""},"categories":[5],"tags":[],"class_list":["post-10079","post","type-post","status-publish","format-standard","has-post-thumbnail","hentry","category-turkiye"],"yoast_head":"<!-- This site is optimized with the Yoast SEO plugin v27.4 - https:\/\/yoast.com\/product\/yoast-seo-wordpress\/ -->\n<title>Trabzonlu K\u0131br\u0131s gazisi, v\u00fccudunda kalan mermi \u00e7ekirde\u011fini y\u0131llar sonra \u00f6\u011frendi - Kuzeyin Sesi<\/title>\n<meta name=\"robots\" content=\"index, follow, max-snippet:-1, max-image-preview:large, max-video-preview:-1\" \/>\n<link rel=\"canonical\" href=\"https:\/\/kuzeyinsesi.org\/index.php\/2024\/09\/20\/trabzonlu-kibris-gazisi-vucudunda-kalan-mermi-cekirdegini-yillar-sonra-ogrendi\/\" \/>\n<meta property=\"og:locale\" content=\"tr_TR\" \/>\n<meta property=\"og:type\" content=\"article\" \/>\n<meta property=\"og:title\" content=\"Trabzonlu K\u0131br\u0131s gazisi, v\u00fccudunda kalan mermi \u00e7ekirde\u011fini y\u0131llar sonra \u00f6\u011frendi - Kuzeyin Sesi\" \/>\n<meta property=\"og:description\" content=\"Trabzon\u2019da ya\u015fayan K\u0131br\u0131s Gazisi Seyyah Sa\u011f\u0131ro\u011flu, K\u0131br\u0131s Bar\u0131\u015f Harekat\u0131\u2019ndan yakla\u015f\u0131k 50 y\u0131l sonra \u00e7ektirdi\u011fi MR\u2019da g\u00f6\u011fs\u00fcnde mermi \u00e7ekirde\u011fi oldu\u011funu \u00f6\u011frendi. Trabzon Muharip Gaziler Derne\u011fi Trabzon \u015eube Ba\u015fkan\u0131 da olan Sa\u011f\u0131ro\u011flu, T\u00fcrk Silahl\u0131 Kuvvetlerinin (TSK) Rumlar\u0131n bask\u0131 ve zulm\u00fcne son vermek ve Ada\u2019da bar\u0131\u015f ve huzuru tesis etmek amac\u0131yla 20 Temmuz 1974\u2019te d\u00fczenledi\u011fi K\u0131br\u0131s Bar\u0131\u015f Harekat\u0131\u2019na [&hellip;]\" \/>\n<meta property=\"og:url\" content=\"https:\/\/kuzeyinsesi.org\/index.php\/2024\/09\/20\/trabzonlu-kibris-gazisi-vucudunda-kalan-mermi-cekirdegini-yillar-sonra-ogrendi\/\" \/>\n<meta property=\"og:site_name\" content=\"Kuzeyin Sesi\" \/>\n<meta property=\"article:publisher\" content=\"https:\/\/www.facebook.com\/kuzeyinsesii\" \/>\n<meta property=\"article:published_time\" content=\"2024-09-20T11:48:31+00:00\" \/>\n<meta property=\"og:image\" content=\"https:\/\/brtk.net\/wp-content\/uploads\/2024\/09\/20\/gazi-12.jpg?ver=ca4ffa82c143db2a138e1342879edf59\" \/>\n<meta name=\"author\" content=\"Kuzeyin Sesi\" \/>\n<meta name=\"twitter:card\" content=\"summary_large_image\" \/>\n<meta name=\"twitter:creator\" content=\"@kuzeyinsesii\" \/>\n<meta name=\"twitter:site\" content=\"@kuzeyinsesii\" \/>\n<meta name=\"twitter:label1\" content=\"Yazan:\" \/>\n\t<meta name=\"twitter:data1\" content=\"Kuzeyin Sesi\" \/>\n\t<meta name=\"twitter:label2\" content=\"Tahmini okuma s\u00fcresi\" \/>\n\t<meta name=\"twitter:data2\" content=\"2 dakika\" \/>\n<script type=\"application\/ld+json\" class=\"yoast-schema-graph\">{\"@context\":\"https:\\\/\\\/schema.org\",\"@graph\":[{\"@type\":\"Article\",\"@id\":\"https:\\\/\\\/kuzeyinsesi.org\\\/index.php\\\/2024\\\/09\\\/20\\\/trabzonlu-kibris-gazisi-vucudunda-kalan-mermi-cekirdegini-yillar-sonra-ogrendi\\\/#article\",\"isPartOf\":{\"@id\":\"https:\\\/\\\/kuzeyinsesi.org\\\/index.php\\\/2024\\\/09\\\/20\\\/trabzonlu-kibris-gazisi-vucudunda-kalan-mermi-cekirdegini-yillar-sonra-ogrendi\\\/\"},\"author\":{\"name\":\"Kuzeyin Sesi\",\"@id\":\"https:\\\/\\\/kuzeyinsesi.org\\\/#\\\/schema\\\/person\\\/9f859689cdf01485597712386e37f5aa\"},\"headline\":\"Trabzonlu K\u0131br\u0131s gazisi, v\u00fccudunda kalan mermi \u00e7ekirde\u011fini y\u0131llar sonra \u00f6\u011frendi\",\"datePublished\":\"2024-09-20T11:48:31+00:00\",\"mainEntityOfPage\":{\"@id\":\"https:\\\/\\\/kuzeyinsesi.org\\\/index.php\\\/2024\\\/09\\\/20\\\/trabzonlu-kibris-gazisi-vucudunda-kalan-mermi-cekirdegini-yillar-sonra-ogrendi\\\/\"},\"wordCount\":325,\"commentCount\":0,\"image\":{\"@id\":\"https:\\\/\\\/kuzeyinsesi.org\\\/index.php\\\/2024\\\/09\\\/20\\\/trabzonlu-kibris-gazisi-vucudunda-kalan-mermi-cekirdegini-yillar-sonra-ogrendi\\\/#primaryimage\"},\"thumbnailUrl\":\"https:\\\/\\\/kuzeyinsesi.org\\\/wp-content\\\/uploads\\\/2024\\\/09\\\/gazi-12.jpg\",\"articleSection\":[\"T\u00fcrkiye\"],\"inLanguage\":\"tr\",\"potentialAction\":[{\"@type\":\"CommentAction\",\"name\":\"Comment\",\"target\":[\"https:\\\/\\\/kuzeyinsesi.org\\\/index.php\\\/2024\\\/09\\\/20\\\/trabzonlu-kibris-gazisi-vucudunda-kalan-mermi-cekirdegini-yillar-sonra-ogrendi\\\/#respond\"]}]},{\"@type\":\"WebPage\",\"@id\":\"https:\\\/\\\/kuzeyinsesi.org\\\/index.php\\\/2024\\\/09\\\/20\\\/trabzonlu-kibris-gazisi-vucudunda-kalan-mermi-cekirdegini-yillar-sonra-ogrendi\\\/\",\"url\":\"https:\\\/\\\/kuzeyinsesi.org\\\/index.php\\\/2024\\\/09\\\/20\\\/trabzonlu-kibris-gazisi-vucudunda-kalan-mermi-cekirdegini-yillar-sonra-ogrendi\\\/\",\"name\":\"Trabzonlu K\u0131br\u0131s gazisi, v\u00fccudunda kalan mermi \u00e7ekirde\u011fini y\u0131llar sonra \u00f6\u011frendi - Kuzeyin Sesi\",\"isPartOf\":{\"@id\":\"https:\\\/\\\/kuzeyinsesi.org\\\/#website\"},\"primaryImageOfPage\":{\"@id\":\"https:\\\/\\\/kuzeyinsesi.org\\\/index.php\\\/2024\\\/09\\\/20\\\/trabzonlu-kibris-gazisi-vucudunda-kalan-mermi-cekirdegini-yillar-sonra-ogrendi\\\/#primaryimage\"},\"image\":{\"@id\":\"https:\\\/\\\/kuzeyinsesi.org\\\/index.php\\\/2024\\\/09\\\/20\\\/trabzonlu-kibris-gazisi-vucudunda-kalan-mermi-cekirdegini-yillar-sonra-ogrendi\\\/#primaryimage\"},\"thumbnailUrl\":\"https:\\\/\\\/kuzeyinsesi.org\\\/wp-content\\\/uploads\\\/2024\\\/09\\\/gazi-12.jpg\",\"datePublished\":\"2024-09-20T11:48:31+00:00\",\"author\":{\"@id\":\"https:\\\/\\\/kuzeyinsesi.org\\\/#\\\/schema\\\/person\\\/9f859689cdf01485597712386e37f5aa\"},\"breadcrumb\":{\"@id\":\"https:\\\/\\\/kuzeyinsesi.org\\\/index.php\\\/2024\\\/09\\\/20\\\/trabzonlu-kibris-gazisi-vucudunda-kalan-mermi-cekirdegini-yillar-sonra-ogrendi\\\/#breadcrumb\"},\"inLanguage\":\"tr\",\"potentialAction\":[{\"@type\":\"ReadAction\",\"target\":[\"https:\\\/\\\/kuzeyinsesi.org\\\/index.php\\\/2024\\\/09\\\/20\\\/trabzonlu-kibris-gazisi-vucudunda-kalan-mermi-cekirdegini-yillar-sonra-ogrendi\\\/\"]}]},{\"@type\":\"ImageObject\",\"inLanguage\":\"tr\",\"@id\":\"https:\\\/\\\/kuzeyinsesi.org\\\/index.php\\\/2024\\\/09\\\/20\\\/trabzonlu-kibris-gazisi-vucudunda-kalan-mermi-cekirdegini-yillar-sonra-ogrendi\\\/#primaryimage\",\"url\":\"https:\\\/\\\/kuzeyinsesi.org\\\/wp-content\\\/uploads\\\/2024\\\/09\\\/gazi-12.jpg\",\"contentUrl\":\"https:\\\/\\\/kuzeyinsesi.org\\\/wp-content\\\/uploads\\\/2024\\\/09\\\/gazi-12.jpg\",\"width\":752,\"height\":395},{\"@type\":\"BreadcrumbList\",\"@id\":\"https:\\\/\\\/kuzeyinsesi.org\\\/index.php\\\/2024\\\/09\\\/20\\\/trabzonlu-kibris-gazisi-vucudunda-kalan-mermi-cekirdegini-yillar-sonra-ogrendi\\\/#breadcrumb\",\"itemListElement\":[{\"@type\":\"ListItem\",\"position\":1,\"name\":\"Anasayfa\",\"item\":\"https:\\\/\\\/kuzeyinsesi.org\\\/\"},{\"@type\":\"ListItem\",\"position\":2,\"name\":\"Trabzonlu K\u0131br\u0131s gazisi, v\u00fccudunda kalan mermi \u00e7ekirde\u011fini y\u0131llar sonra \u00f6\u011frendi\"}]},{\"@type\":\"WebSite\",\"@id\":\"https:\\\/\\\/kuzeyinsesi.org\\\/#website\",\"url\":\"https:\\\/\\\/kuzeyinsesi.org\\\/\",\"name\":\"Kuzeyin Sesi\",\"description\":\"Do\u011fru Haberin Adresi\",\"potentialAction\":[{\"@type\":\"SearchAction\",\"target\":{\"@type\":\"EntryPoint\",\"urlTemplate\":\"https:\\\/\\\/kuzeyinsesi.org\\\/?s={search_term_string}\"},\"query-input\":{\"@type\":\"PropertyValueSpecification\",\"valueRequired\":true,\"valueName\":\"search_term_string\"}}],\"inLanguage\":\"tr\"},{\"@type\":\"Person\",\"@id\":\"https:\\\/\\\/kuzeyinsesi.org\\\/#\\\/schema\\\/person\\\/9f859689cdf01485597712386e37f5aa\",\"name\":\"Kuzeyin Sesi\",\"image\":{\"@type\":\"ImageObject\",\"inLanguage\":\"tr\",\"@id\":\"https:\\\/\\\/secure.gravatar.com\\\/avatar\\\/bab33852abfd8b282518d6ed81826833d77c3c882d9ab608add591ccace47a44?s=96&d=mm&r=g\",\"url\":\"https:\\\/\\\/secure.gravatar.com\\\/avatar\\\/bab33852abfd8b282518d6ed81826833d77c3c882d9ab608add591ccace47a44?s=96&d=mm&r=g\",\"contentUrl\":\"https:\\\/\\\/secure.gravatar.com\\\/avatar\\\/bab33852abfd8b282518d6ed81826833d77c3c882d9ab608add591ccace47a44?s=96&d=mm&r=g\",\"caption\":\"Kuzeyin Sesi\"},\"sameAs\":[\"https:\\\/\\\/kuzeyinsesi.org\"],\"url\":\"https:\\\/\\\/kuzeyinsesi.org\\\/index.php\\\/author\\\/guven\\\/\"}]}<\/script>\n<!-- \/ Yoast SEO plugin. -->","yoast_head_json":{"title":"Trabzonlu K\u0131br\u0131s gazisi, v\u00fccudunda kalan mermi \u00e7ekirde\u011fini y\u0131llar sonra \u00f6\u011frendi - Kuzeyin Sesi","robots":{"index":"index","follow":"follow","max-snippet":"max-snippet:-1","max-image-preview":"max-image-preview:large","max-video-preview":"max-video-preview:-1"},"canonical":"https:\/\/kuzeyinsesi.org\/index.php\/2024\/09\/20\/trabzonlu-kibris-gazisi-vucudunda-kalan-mermi-cekirdegini-yillar-sonra-ogrendi\/","og_locale":"tr_TR","og_type":"article","og_title":"Trabzonlu K\u0131br\u0131s gazisi, v\u00fccudunda kalan mermi \u00e7ekirde\u011fini y\u0131llar sonra \u00f6\u011frendi - Kuzeyin Sesi","og_description":"Trabzon\u2019da ya\u015fayan K\u0131br\u0131s Gazisi Seyyah Sa\u011f\u0131ro\u011flu, K\u0131br\u0131s Bar\u0131\u015f Harekat\u0131\u2019ndan yakla\u015f\u0131k 50 y\u0131l sonra \u00e7ektirdi\u011fi MR\u2019da g\u00f6\u011fs\u00fcnde mermi \u00e7ekirde\u011fi oldu\u011funu \u00f6\u011frendi. Trabzon Muharip Gaziler Derne\u011fi Trabzon \u015eube Ba\u015fkan\u0131 da olan Sa\u011f\u0131ro\u011flu, T\u00fcrk Silahl\u0131 Kuvvetlerinin (TSK) Rumlar\u0131n bask\u0131 ve zulm\u00fcne son vermek ve Ada\u2019da bar\u0131\u015f ve huzuru tesis etmek amac\u0131yla 20 Temmuz 1974\u2019te d\u00fczenledi\u011fi K\u0131br\u0131s Bar\u0131\u015f Harekat\u0131\u2019na [&hellip;]","og_url":"https:\/\/kuzeyinsesi.org\/index.php\/2024\/09\/20\/trabzonlu-kibris-gazisi-vucudunda-kalan-mermi-cekirdegini-yillar-sonra-ogrendi\/","og_site_name":"Kuzeyin Sesi","article_publisher":"https:\/\/www.facebook.com\/kuzeyinsesii","article_published_time":"2024-09-20T11:48:31+00:00","og_image":[{"url":"https:\/\/brtk.net\/wp-content\/uploads\/2024\/09\/20\/gazi-12.jpg?ver=ca4ffa82c143db2a138e1342879edf59","type":"","width":"","height":""}],"author":"Kuzeyin Sesi","twitter_card":"summary_large_image","twitter_creator":"@kuzeyinsesii","twitter_site":"@kuzeyinsesii","twitter_misc":{"Yazan:":"Kuzeyin Sesi","Tahmini okuma s\u00fcresi":"2 dakika"},"schema":{"@context":"https:\/\/schema.org","@graph":[{"@type":"Article","@id":"https:\/\/kuzeyinsesi.org\/index.php\/2024\/09\/20\/trabzonlu-kibris-gazisi-vucudunda-kalan-mermi-cekirdegini-yillar-sonra-ogrendi\/#article","isPartOf":{"@id":"https:\/\/kuzeyinsesi.org\/index.php\/2024\/09\/20\/trabzonlu-kibris-gazisi-vucudunda-kalan-mermi-cekirdegini-yillar-sonra-ogrendi\/"},"author":{"name":"Kuzeyin Sesi","@id":"https:\/\/kuzeyinsesi.org\/#\/schema\/person\/9f859689cdf01485597712386e37f5aa"},"headline":"Trabzonlu K\u0131br\u0131s gazisi, v\u00fccudunda kalan mermi \u00e7ekirde\u011fini y\u0131llar sonra \u00f6\u011frendi","datePublished":"2024-09-20T11:48:31+00:00","mainEntityOfPage":{"@id":"https:\/\/kuzeyinsesi.org\/index.php\/2024\/09\/20\/trabzonlu-kibris-gazisi-vucudunda-kalan-mermi-cekirdegini-yillar-sonra-ogrendi\/"},"wordCount":325,"commentCount":0,"image":{"@id":"https:\/\/kuzeyinsesi.org\/index.php\/2024\/09\/20\/trabzonlu-kibris-gazisi-vucudunda-kalan-mermi-cekirdegini-yillar-sonra-ogrendi\/#primaryimage"},"thumbnailUrl":"https:\/\/kuzeyinsesi.org\/wp-content\/uploads\/2024\/09\/gazi-12.jpg","articleSection":["T\u00fcrkiye"],"inLanguage":"tr","potentialAction":[{"@type":"CommentAction","name":"Comment","target":["https:\/\/kuzeyinsesi.org\/index.php\/2024\/09\/20\/trabzonlu-kibris-gazisi-vucudunda-kalan-mermi-cekirdegini-yillar-sonra-ogrendi\/#respond"]}]},{"@type":"WebPage","@id":"https:\/\/kuzeyinsesi.org\/index.php\/2024\/09\/20\/trabzonlu-kibris-gazisi-vucudunda-kalan-mermi-cekirdegini-yillar-sonra-ogrendi\/","url":"https:\/\/kuzeyinsesi.org\/index.php\/2024\/09\/20\/trabzonlu-kibris-gazisi-vucudunda-kalan-mermi-cekirdegini-yillar-sonra-ogrendi\/","name":"Trabzonlu K\u0131br\u0131s gazisi, v\u00fccudunda kalan mermi \u00e7ekirde\u011fini y\u0131llar sonra \u00f6\u011frendi - Kuzeyin Sesi","isPartOf":{"@id":"https:\/\/kuzeyinsesi.org\/#website"},"primaryImageOfPage":{"@id":"https:\/\/kuzeyinsesi.org\/index.php\/2024\/09\/20\/trabzonlu-kibris-gazisi-vucudunda-kalan-mermi-cekirdegini-yillar-sonra-ogrendi\/#primaryimage"},"image":{"@id":"https:\/\/kuzeyinsesi.org\/index.php\/2024\/09\/20\/trabzonlu-kibris-gazisi-vucudunda-kalan-mermi-cekirdegini-yillar-sonra-ogrendi\/#primaryimage"},"thumbnailUrl":"https:\/\/kuzeyinsesi.org\/wp-content\/uploads\/2024\/09\/gazi-12.jpg","datePublished":"2024-09-20T11:48:31+00:00","author":{"@id":"https:\/\/kuzeyinsesi.org\/#\/schema\/person\/9f859689cdf01485597712386e37f5aa"},"breadcrumb":{"@id":"https:\/\/kuzeyinsesi.org\/index.php\/2024\/09\/20\/trabzonlu-kibris-gazisi-vucudunda-kalan-mermi-cekirdegini-yillar-sonra-ogrendi\/#breadcrumb"},"inLanguage":"tr","potentialAction":[{"@type":"ReadAction","target":["https:\/\/kuzeyinsesi.org\/index.php\/2024\/09\/20\/trabzonlu-kibris-gazisi-vucudunda-kalan-mermi-cekirdegini-yillar-sonra-ogrendi\/"]}]},{"@type":"ImageObject","inLanguage":"tr","@id":"https:\/\/kuzeyinsesi.org\/index.php\/2024\/09\/20\/trabzonlu-kibris-gazisi-vucudunda-kalan-mermi-cekirdegini-yillar-sonra-ogrendi\/#primaryimage","url":"https:\/\/kuzeyinsesi.org\/wp-content\/uploads\/2024\/09\/gazi-12.jpg","contentUrl":"https:\/\/kuzeyinsesi.org\/wp-content\/uploads\/2024\/09\/gazi-12.jpg","width":752,"height":395},{"@type":"BreadcrumbList","@id":"https:\/\/kuzeyinsesi.org\/index.php\/2024\/09\/20\/trabzonlu-kibris-gazisi-vucudunda-kalan-mermi-cekirdegini-yillar-sonra-ogrendi\/#breadcrumb","itemListElement":[{"@type":"ListItem","position":1,"name":"Anasayfa","item":"https:\/\/kuzeyinsesi.org\/"},{"@type":"ListItem","position":2,"name":"Trabzonlu K\u0131br\u0131s gazisi, v\u00fccudunda kalan mermi \u00e7ekirde\u011fini y\u0131llar sonra \u00f6\u011frendi"}]},{"@type":"WebSite","@id":"https:\/\/kuzeyinsesi.org\/#website","url":"https:\/\/kuzeyinsesi.org\/","name":"Kuzeyin Sesi","description":"Do\u011fru Haberin Adresi","potentialAction":[{"@type":"SearchAction","target":{"@type":"EntryPoint","urlTemplate":"https:\/\/kuzeyinsesi.org\/?s={search_term_string}"},"query-input":{"@type":"PropertyValueSpecification","valueRequired":true,"valueName":"search_term_string"}}],"inLanguage":"tr"},{"@type":"Person","@id":"https:\/\/kuzeyinsesi.org\/#\/schema\/person\/9f859689cdf01485597712386e37f5aa","name":"Kuzeyin Sesi","image":{"@type":"ImageObject","inLanguage":"tr","@id":"https:\/\/secure.gravatar.com\/avatar\/bab33852abfd8b282518d6ed81826833d77c3c882d9ab608add591ccace47a44?s=96&d=mm&r=g","url":"https:\/\/secure.gravatar.com\/avatar\/bab33852abfd8b282518d6ed81826833d77c3c882d9ab608add591ccace47a44?s=96&d=mm&r=g","contentUrl":"https:\/\/secure.gravatar.com\/avatar\/bab33852abfd8b282518d6ed81826833d77c3c882d9ab608add591ccace47a44?s=96&d=mm&r=g","caption":"Kuzeyin Sesi"},"sameAs":["https:\/\/kuzeyinsesi.org"],"url":"https:\/\/kuzeyinsesi.org\/index.php\/author\/guven\/"}]}},"_links":{"self":[{"href":"https:\/\/kuzeyinsesi.org\/index.php\/wp-json\/wp\/v2\/posts\/10079","targetHints":{"allow":["GET"]}}],"collection":[{"href":"https:\/\/kuzeyinsesi.org\/index.php\/wp-json\/wp\/v2\/posts"}],"about":[{"href":"https:\/\/kuzeyinsesi.org\/index.php\/wp-json\/wp\/v2\/types\/post"}],"author":[{"embeddable":true,"href":"https:\/\/kuzeyinsesi.org\/index.php\/wp-json\/wp\/v2\/users\/1"}],"replies":[{"embeddable":true,"href":"https:\/\/kuzeyinsesi.org\/index.php\/wp-json\/wp\/v2\/comments?post=10079"}],"version-history":[{"count":0,"href":"https:\/\/kuzeyinsesi.org\/index.php\/wp-json\/wp\/v2\/posts\/10079\/revisions"}],"wp:featuredmedia":[{"embeddable":true,"href":"https:\/\/kuzeyinsesi.org\/index.php\/wp-json\/wp\/v2\/media\/10080"}],"wp:attachment":[{"href":"https:\/\/kuzeyinsesi.org\/index.php\/wp-json\/wp\/v2\/media?parent=10079"}],"wp:term":[{"taxonomy":"category","embeddable":true,"href":"https:\/\/kuzeyinsesi.org\/index.php\/wp-json\/wp\/v2\/categories?post=10079"},{"taxonomy":"post_tag","embeddable":true,"href":"https:\/\/kuzeyinsesi.org\/index.php\/wp-json\/wp\/v2\/tags?post=10079"}],"curies":[{"name":"wp","href":"https:\/\/api.w.org\/{rel}","templated":true}]}}