{"id":10063,"date":"2024-09-20T11:08:42","date_gmt":"2024-09-20T08:08:42","guid":{"rendered":"https:\/\/kuzeyinsesi.org\/index.php\/2024\/09\/20\/acik-kulis-isimli-muzikli-oyun-28-eylulde-sahnelenecek\/"},"modified":"2024-09-20T11:08:42","modified_gmt":"2024-09-20T08:08:42","slug":"acik-kulis-isimli-muzikli-oyun-28-eylulde-sahnelenecek","status":"publish","type":"post","link":"https:\/\/kuzeyinsesi.org\/index.php\/2024\/09\/20\/acik-kulis-isimli-muzikli-oyun-28-eylulde-sahnelenecek\/","title":{"rendered":"\u201cA\u00e7\u0131k Kulis\u201d isimli m\u00fczikli oyun 28 Eyl\u00fcl\u2019de sahnelenecek"},"content":{"rendered":"<div>\n<div class=\"mariselle-image-container center\">\n                                            <\/div>\n<p>Ba\u015fbakan Yard\u0131mc\u0131l\u0131\u011f\u0131 Turizm K\u00fclt\u00fcr Gen\u00e7lik ve \u00c7evre Bakanl\u0131\u011f\u0131 Devlet Opera ve Bale Koordinasyon Merkezi (KKTCDOB) ile Cumhurba\u015fkanl\u0131\u011f\u0131 Senfoni Orkestras\u0131 (KKTC CSO) ortak prod\u00fcksiyonu olan \u201cA\u00e7\u0131k Kulis\u201d isimli m\u00fczikli oyun, 28 Eyl\u00fcl Cumartesi g\u00fcn\u00fc saat 15.00\u2019te Lefko\u015fa Atat\u00fcrk K\u00fclt\u00fcr Merkezi\u2019nde pr\u00f6miyer temsiliyle sergilenecek.<\/p>\n<p>Ba\u015fbakan Yard\u0131mc\u0131l\u0131\u011f\u0131, Turizm, K\u00fclt\u00fcr, Gen\u00e7lik ve \u00c7evre Bakanl\u0131\u011f\u0131\u2019ndan yap\u0131lan a\u00e7\u0131klamaya g\u00f6re, opera &amp; bale ve senfoni d\u00fcnyas\u0131n\u0131 tan\u0131tan tek perdelik m\u00fczikli bir oyunda, Murat Menket \u015fef ve anlat\u0131c\u0131, Sermin Dikmen T\u00f6re solist ve anlat\u0131c\u0131, Tu\u011frul Enver T\u00f6re solist ve anlat\u0131c\u0131, Mustafa Kofal\u0131 yard\u0131mc\u0131 anlat\u0131c\u0131 olarak yer alacak.<\/p>\n<p>KKTCDOB ileti\u015fim destek\u00e7isi KKTC Telsim ve KKTCCSO ileti\u015fim destek\u00e7isi Kuzey K\u0131br\u0131s T\u00fcrkcell\u2019in de katk\u0131 sa\u011flad\u0131\u011f\u0131 oyun, halka a\u00e7\u0131k ve \u00fccretsiz sahnelenecek.<\/p>\n<\/p><\/div>\n<p><script async\n                    defer\n                    crossorigin=\"anonymous\"\n                    src=\"https:\/\/connect.facebook.net\/tr_TR\/sdk.js#xfbml=1&#038;version=v3.3\"\n            ><\/script><\/p>\n","protected":false},"excerpt":{"rendered":"<p>Ba\u015fbakan Yard\u0131mc\u0131l\u0131\u011f\u0131 Turizm K\u00fclt\u00fcr Gen\u00e7lik ve \u00c7evre Bakanl\u0131\u011f\u0131 Devlet Opera ve Bale Koordinasyon Merkezi (KKTCDOB) ile Cumhurba\u015fkanl\u0131\u011f\u0131 Senfoni Orkestras\u0131 (KKTC CSO) ortak prod\u00fcksiyonu olan \u201cA\u00e7\u0131k Kulis\u201d isimli m\u00fczikli oyun, 28 Eyl\u00fcl Cumartesi g\u00fcn\u00fc saat 15.00\u2019te Lefko\u015fa Atat\u00fcrk K\u00fclt\u00fcr Merkezi\u2019nde pr\u00f6miyer temsiliyle sergilenecek. Ba\u015fbakan Yard\u0131mc\u0131l\u0131\u011f\u0131, Turizm, K\u00fclt\u00fcr, Gen\u00e7lik ve \u00c7evre Bakanl\u0131\u011f\u0131\u2019ndan yap\u0131lan a\u00e7\u0131klamaya g\u00f6re, opera &amp; [&hellip;]<\/p>\n","protected":false},"author":1,"featured_media":10064,"comment_status":"open","ping_status":"open","sticky":false,"template":"","format":"standard","meta":{"jnews-multi-image_gallery":[],"jnews_single_post":[],"jnews_primary_category":[],"jnews_social_meta":[],"jnews_override_counter":[],"footnotes":""},"categories":[6],"tags":[],"class_list":["post-10063","post","type-post","status-publish","format-standard","has-post-thumbnail","hentry","category-yasam"],"yoast_head":"<!-- This site is optimized with the Yoast SEO plugin v27.5 - https:\/\/yoast.com\/product\/yoast-seo-wordpress\/ -->\n<title>\u201cA\u00e7\u0131k Kulis\u201d isimli m\u00fczikli oyun 28 Eyl\u00fcl\u2019de sahnelenecek - Kuzeyin Sesi<\/title>\n<meta name=\"robots\" content=\"index, follow, max-snippet:-1, max-image-preview:large, max-video-preview:-1\" \/>\n<link rel=\"canonical\" href=\"https:\/\/kuzeyinsesi.org\/index.php\/2024\/09\/20\/acik-kulis-isimli-muzikli-oyun-28-eylulde-sahnelenecek\/\" \/>\n<meta property=\"og:locale\" content=\"tr_TR\" \/>\n<meta property=\"og:type\" content=\"article\" \/>\n<meta property=\"og:title\" content=\"\u201cA\u00e7\u0131k Kulis\u201d isimli m\u00fczikli oyun 28 Eyl\u00fcl\u2019de sahnelenecek - Kuzeyin Sesi\" \/>\n<meta property=\"og:description\" content=\"Ba\u015fbakan Yard\u0131mc\u0131l\u0131\u011f\u0131 Turizm K\u00fclt\u00fcr Gen\u00e7lik ve \u00c7evre Bakanl\u0131\u011f\u0131 Devlet Opera ve Bale Koordinasyon Merkezi (KKTCDOB) ile Cumhurba\u015fkanl\u0131\u011f\u0131 Senfoni Orkestras\u0131 (KKTC CSO) ortak prod\u00fcksiyonu olan \u201cA\u00e7\u0131k Kulis\u201d isimli m\u00fczikli oyun, 28 Eyl\u00fcl Cumartesi g\u00fcn\u00fc saat 15.00\u2019te Lefko\u015fa Atat\u00fcrk K\u00fclt\u00fcr Merkezi\u2019nde pr\u00f6miyer temsiliyle sergilenecek. Ba\u015fbakan Yard\u0131mc\u0131l\u0131\u011f\u0131, Turizm, K\u00fclt\u00fcr, Gen\u00e7lik ve \u00c7evre Bakanl\u0131\u011f\u0131\u2019ndan yap\u0131lan a\u00e7\u0131klamaya g\u00f6re, opera &amp; [&hellip;]\" \/>\n<meta property=\"og:url\" content=\"https:\/\/kuzeyinsesi.org\/index.php\/2024\/09\/20\/acik-kulis-isimli-muzikli-oyun-28-eylulde-sahnelenecek\/\" \/>\n<meta property=\"og:site_name\" content=\"Kuzeyin Sesi\" \/>\n<meta property=\"article:publisher\" content=\"https:\/\/www.facebook.com\/kuzeyinsesii\" \/>\n<meta property=\"article:published_time\" content=\"2024-09-20T08:08:42+00:00\" \/>\n<meta property=\"og:image\" content=\"https:\/\/brtk.net\/wp-content\/uploads\/2024\/09\/20\/acik-kulis-1-.png?ver=26b061ce3fc3ff3b7e7d04d8a5a4869a\" \/>\n<meta name=\"author\" content=\"Kuzeyin Sesi\" \/>\n<meta name=\"twitter:card\" content=\"summary_large_image\" \/>\n<meta name=\"twitter:creator\" content=\"@kuzeyinsesii\" \/>\n<meta name=\"twitter:site\" content=\"@kuzeyinsesii\" \/>\n<meta name=\"twitter:label1\" content=\"Yazan:\" \/>\n\t<meta name=\"twitter:data1\" content=\"Kuzeyin Sesi\" \/>\n\t<meta name=\"twitter:label2\" content=\"Tahmini okuma s\u00fcresi\" \/>\n\t<meta name=\"twitter:data2\" content=\"1 dakika\" \/>\n<script type=\"application\/ld+json\" class=\"yoast-schema-graph\">{\"@context\":\"https:\\\/\\\/schema.org\",\"@graph\":[{\"@type\":\"Article\",\"@id\":\"https:\\\/\\\/kuzeyinsesi.org\\\/index.php\\\/2024\\\/09\\\/20\\\/acik-kulis-isimli-muzikli-oyun-28-eylulde-sahnelenecek\\\/#article\",\"isPartOf\":{\"@id\":\"https:\\\/\\\/kuzeyinsesi.org\\\/index.php\\\/2024\\\/09\\\/20\\\/acik-kulis-isimli-muzikli-oyun-28-eylulde-sahnelenecek\\\/\"},\"author\":{\"name\":\"Kuzeyin Sesi\",\"@id\":\"https:\\\/\\\/kuzeyinsesi.org\\\/#\\\/schema\\\/person\\\/9f859689cdf01485597712386e37f5aa\"},\"headline\":\"\u201cA\u00e7\u0131k Kulis\u201d isimli m\u00fczikli oyun 28 Eyl\u00fcl\u2019de sahnelenecek\",\"datePublished\":\"2024-09-20T08:08:42+00:00\",\"mainEntityOfPage\":{\"@id\":\"https:\\\/\\\/kuzeyinsesi.org\\\/index.php\\\/2024\\\/09\\\/20\\\/acik-kulis-isimli-muzikli-oyun-28-eylulde-sahnelenecek\\\/\"},\"wordCount\":170,\"commentCount\":0,\"image\":{\"@id\":\"https:\\\/\\\/kuzeyinsesi.org\\\/index.php\\\/2024\\\/09\\\/20\\\/acik-kulis-isimli-muzikli-oyun-28-eylulde-sahnelenecek\\\/#primaryimage\"},\"thumbnailUrl\":\"https:\\\/\\\/kuzeyinsesi.org\\\/wp-content\\\/uploads\\\/2024\\\/09\\\/acik-kulis-1-.png\",\"articleSection\":[\"Ya\u015fam\"],\"inLanguage\":\"tr\",\"potentialAction\":[{\"@type\":\"CommentAction\",\"name\":\"Comment\",\"target\":[\"https:\\\/\\\/kuzeyinsesi.org\\\/index.php\\\/2024\\\/09\\\/20\\\/acik-kulis-isimli-muzikli-oyun-28-eylulde-sahnelenecek\\\/#respond\"]}]},{\"@type\":\"WebPage\",\"@id\":\"https:\\\/\\\/kuzeyinsesi.org\\\/index.php\\\/2024\\\/09\\\/20\\\/acik-kulis-isimli-muzikli-oyun-28-eylulde-sahnelenecek\\\/\",\"url\":\"https:\\\/\\\/kuzeyinsesi.org\\\/index.php\\\/2024\\\/09\\\/20\\\/acik-kulis-isimli-muzikli-oyun-28-eylulde-sahnelenecek\\\/\",\"name\":\"\u201cA\u00e7\u0131k Kulis\u201d isimli m\u00fczikli oyun 28 Eyl\u00fcl\u2019de sahnelenecek - Kuzeyin Sesi\",\"isPartOf\":{\"@id\":\"https:\\\/\\\/kuzeyinsesi.org\\\/#website\"},\"primaryImageOfPage\":{\"@id\":\"https:\\\/\\\/kuzeyinsesi.org\\\/index.php\\\/2024\\\/09\\\/20\\\/acik-kulis-isimli-muzikli-oyun-28-eylulde-sahnelenecek\\\/#primaryimage\"},\"image\":{\"@id\":\"https:\\\/\\\/kuzeyinsesi.org\\\/index.php\\\/2024\\\/09\\\/20\\\/acik-kulis-isimli-muzikli-oyun-28-eylulde-sahnelenecek\\\/#primaryimage\"},\"thumbnailUrl\":\"https:\\\/\\\/kuzeyinsesi.org\\\/wp-content\\\/uploads\\\/2024\\\/09\\\/acik-kulis-1-.png\",\"datePublished\":\"2024-09-20T08:08:42+00:00\",\"author\":{\"@id\":\"https:\\\/\\\/kuzeyinsesi.org\\\/#\\\/schema\\\/person\\\/9f859689cdf01485597712386e37f5aa\"},\"breadcrumb\":{\"@id\":\"https:\\\/\\\/kuzeyinsesi.org\\\/index.php\\\/2024\\\/09\\\/20\\\/acik-kulis-isimli-muzikli-oyun-28-eylulde-sahnelenecek\\\/#breadcrumb\"},\"inLanguage\":\"tr\",\"potentialAction\":[{\"@type\":\"ReadAction\",\"target\":[\"https:\\\/\\\/kuzeyinsesi.org\\\/index.php\\\/2024\\\/09\\\/20\\\/acik-kulis-isimli-muzikli-oyun-28-eylulde-sahnelenecek\\\/\"]}]},{\"@type\":\"ImageObject\",\"inLanguage\":\"tr\",\"@id\":\"https:\\\/\\\/kuzeyinsesi.org\\\/index.php\\\/2024\\\/09\\\/20\\\/acik-kulis-isimli-muzikli-oyun-28-eylulde-sahnelenecek\\\/#primaryimage\",\"url\":\"https:\\\/\\\/kuzeyinsesi.org\\\/wp-content\\\/uploads\\\/2024\\\/09\\\/acik-kulis-1-.png\",\"contentUrl\":\"https:\\\/\\\/kuzeyinsesi.org\\\/wp-content\\\/uploads\\\/2024\\\/09\\\/acik-kulis-1-.png\",\"width\":1080,\"height\":1080},{\"@type\":\"BreadcrumbList\",\"@id\":\"https:\\\/\\\/kuzeyinsesi.org\\\/index.php\\\/2024\\\/09\\\/20\\\/acik-kulis-isimli-muzikli-oyun-28-eylulde-sahnelenecek\\\/#breadcrumb\",\"itemListElement\":[{\"@type\":\"ListItem\",\"position\":1,\"name\":\"Anasayfa\",\"item\":\"https:\\\/\\\/kuzeyinsesi.org\\\/\"},{\"@type\":\"ListItem\",\"position\":2,\"name\":\"\u201cA\u00e7\u0131k Kulis\u201d isimli m\u00fczikli oyun 28 Eyl\u00fcl\u2019de sahnelenecek\"}]},{\"@type\":\"WebSite\",\"@id\":\"https:\\\/\\\/kuzeyinsesi.org\\\/#website\",\"url\":\"https:\\\/\\\/kuzeyinsesi.org\\\/\",\"name\":\"Kuzeyin Sesi\",\"description\":\"Do\u011fru Haberin Adresi\",\"potentialAction\":[{\"@type\":\"SearchAction\",\"target\":{\"@type\":\"EntryPoint\",\"urlTemplate\":\"https:\\\/\\\/kuzeyinsesi.org\\\/?s={search_term_string}\"},\"query-input\":{\"@type\":\"PropertyValueSpecification\",\"valueRequired\":true,\"valueName\":\"search_term_string\"}}],\"inLanguage\":\"tr\"},{\"@type\":\"Person\",\"@id\":\"https:\\\/\\\/kuzeyinsesi.org\\\/#\\\/schema\\\/person\\\/9f859689cdf01485597712386e37f5aa\",\"name\":\"Kuzeyin Sesi\",\"image\":{\"@type\":\"ImageObject\",\"inLanguage\":\"tr\",\"@id\":\"https:\\\/\\\/secure.gravatar.com\\\/avatar\\\/bab33852abfd8b282518d6ed81826833d77c3c882d9ab608add591ccace47a44?s=96&d=mm&r=g\",\"url\":\"https:\\\/\\\/secure.gravatar.com\\\/avatar\\\/bab33852abfd8b282518d6ed81826833d77c3c882d9ab608add591ccace47a44?s=96&d=mm&r=g\",\"contentUrl\":\"https:\\\/\\\/secure.gravatar.com\\\/avatar\\\/bab33852abfd8b282518d6ed81826833d77c3c882d9ab608add591ccace47a44?s=96&d=mm&r=g\",\"caption\":\"Kuzeyin Sesi\"},\"sameAs\":[\"https:\\\/\\\/kuzeyinsesi.org\"],\"url\":\"https:\\\/\\\/kuzeyinsesi.org\\\/index.php\\\/author\\\/guven\\\/\"}]}<\/script>\n<!-- \/ Yoast SEO plugin. -->","yoast_head_json":{"title":"\u201cA\u00e7\u0131k Kulis\u201d isimli m\u00fczikli oyun 28 Eyl\u00fcl\u2019de sahnelenecek - Kuzeyin Sesi","robots":{"index":"index","follow":"follow","max-snippet":"max-snippet:-1","max-image-preview":"max-image-preview:large","max-video-preview":"max-video-preview:-1"},"canonical":"https:\/\/kuzeyinsesi.org\/index.php\/2024\/09\/20\/acik-kulis-isimli-muzikli-oyun-28-eylulde-sahnelenecek\/","og_locale":"tr_TR","og_type":"article","og_title":"\u201cA\u00e7\u0131k Kulis\u201d isimli m\u00fczikli oyun 28 Eyl\u00fcl\u2019de sahnelenecek - Kuzeyin Sesi","og_description":"Ba\u015fbakan Yard\u0131mc\u0131l\u0131\u011f\u0131 Turizm K\u00fclt\u00fcr Gen\u00e7lik ve \u00c7evre Bakanl\u0131\u011f\u0131 Devlet Opera ve Bale Koordinasyon Merkezi (KKTCDOB) ile Cumhurba\u015fkanl\u0131\u011f\u0131 Senfoni Orkestras\u0131 (KKTC CSO) ortak prod\u00fcksiyonu olan \u201cA\u00e7\u0131k Kulis\u201d isimli m\u00fczikli oyun, 28 Eyl\u00fcl Cumartesi g\u00fcn\u00fc saat 15.00\u2019te Lefko\u015fa Atat\u00fcrk K\u00fclt\u00fcr Merkezi\u2019nde pr\u00f6miyer temsiliyle sergilenecek. Ba\u015fbakan Yard\u0131mc\u0131l\u0131\u011f\u0131, Turizm, K\u00fclt\u00fcr, Gen\u00e7lik ve \u00c7evre Bakanl\u0131\u011f\u0131\u2019ndan yap\u0131lan a\u00e7\u0131klamaya g\u00f6re, opera &amp; [&hellip;]","og_url":"https:\/\/kuzeyinsesi.org\/index.php\/2024\/09\/20\/acik-kulis-isimli-muzikli-oyun-28-eylulde-sahnelenecek\/","og_site_name":"Kuzeyin Sesi","article_publisher":"https:\/\/www.facebook.com\/kuzeyinsesii","article_published_time":"2024-09-20T08:08:42+00:00","og_image":[{"url":"https:\/\/brtk.net\/wp-content\/uploads\/2024\/09\/20\/acik-kulis-1-.png?ver=26b061ce3fc3ff3b7e7d04d8a5a4869a","type":"","width":"","height":""}],"author":"Kuzeyin Sesi","twitter_card":"summary_large_image","twitter_creator":"@kuzeyinsesii","twitter_site":"@kuzeyinsesii","twitter_misc":{"Yazan:":"Kuzeyin Sesi","Tahmini okuma s\u00fcresi":"1 dakika"},"schema":{"@context":"https:\/\/schema.org","@graph":[{"@type":"Article","@id":"https:\/\/kuzeyinsesi.org\/index.php\/2024\/09\/20\/acik-kulis-isimli-muzikli-oyun-28-eylulde-sahnelenecek\/#article","isPartOf":{"@id":"https:\/\/kuzeyinsesi.org\/index.php\/2024\/09\/20\/acik-kulis-isimli-muzikli-oyun-28-eylulde-sahnelenecek\/"},"author":{"name":"Kuzeyin Sesi","@id":"https:\/\/kuzeyinsesi.org\/#\/schema\/person\/9f859689cdf01485597712386e37f5aa"},"headline":"\u201cA\u00e7\u0131k Kulis\u201d isimli m\u00fczikli oyun 28 Eyl\u00fcl\u2019de sahnelenecek","datePublished":"2024-09-20T08:08:42+00:00","mainEntityOfPage":{"@id":"https:\/\/kuzeyinsesi.org\/index.php\/2024\/09\/20\/acik-kulis-isimli-muzikli-oyun-28-eylulde-sahnelenecek\/"},"wordCount":170,"commentCount":0,"image":{"@id":"https:\/\/kuzeyinsesi.org\/index.php\/2024\/09\/20\/acik-kulis-isimli-muzikli-oyun-28-eylulde-sahnelenecek\/#primaryimage"},"thumbnailUrl":"https:\/\/kuzeyinsesi.org\/wp-content\/uploads\/2024\/09\/acik-kulis-1-.png","articleSection":["Ya\u015fam"],"inLanguage":"tr","potentialAction":[{"@type":"CommentAction","name":"Comment","target":["https:\/\/kuzeyinsesi.org\/index.php\/2024\/09\/20\/acik-kulis-isimli-muzikli-oyun-28-eylulde-sahnelenecek\/#respond"]}]},{"@type":"WebPage","@id":"https:\/\/kuzeyinsesi.org\/index.php\/2024\/09\/20\/acik-kulis-isimli-muzikli-oyun-28-eylulde-sahnelenecek\/","url":"https:\/\/kuzeyinsesi.org\/index.php\/2024\/09\/20\/acik-kulis-isimli-muzikli-oyun-28-eylulde-sahnelenecek\/","name":"\u201cA\u00e7\u0131k Kulis\u201d isimli m\u00fczikli oyun 28 Eyl\u00fcl\u2019de sahnelenecek - Kuzeyin Sesi","isPartOf":{"@id":"https:\/\/kuzeyinsesi.org\/#website"},"primaryImageOfPage":{"@id":"https:\/\/kuzeyinsesi.org\/index.php\/2024\/09\/20\/acik-kulis-isimli-muzikli-oyun-28-eylulde-sahnelenecek\/#primaryimage"},"image":{"@id":"https:\/\/kuzeyinsesi.org\/index.php\/2024\/09\/20\/acik-kulis-isimli-muzikli-oyun-28-eylulde-sahnelenecek\/#primaryimage"},"thumbnailUrl":"https:\/\/kuzeyinsesi.org\/wp-content\/uploads\/2024\/09\/acik-kulis-1-.png","datePublished":"2024-09-20T08:08:42+00:00","author":{"@id":"https:\/\/kuzeyinsesi.org\/#\/schema\/person\/9f859689cdf01485597712386e37f5aa"},"breadcrumb":{"@id":"https:\/\/kuzeyinsesi.org\/index.php\/2024\/09\/20\/acik-kulis-isimli-muzikli-oyun-28-eylulde-sahnelenecek\/#breadcrumb"},"inLanguage":"tr","potentialAction":[{"@type":"ReadAction","target":["https:\/\/kuzeyinsesi.org\/index.php\/2024\/09\/20\/acik-kulis-isimli-muzikli-oyun-28-eylulde-sahnelenecek\/"]}]},{"@type":"ImageObject","inLanguage":"tr","@id":"https:\/\/kuzeyinsesi.org\/index.php\/2024\/09\/20\/acik-kulis-isimli-muzikli-oyun-28-eylulde-sahnelenecek\/#primaryimage","url":"https:\/\/kuzeyinsesi.org\/wp-content\/uploads\/2024\/09\/acik-kulis-1-.png","contentUrl":"https:\/\/kuzeyinsesi.org\/wp-content\/uploads\/2024\/09\/acik-kulis-1-.png","width":1080,"height":1080},{"@type":"BreadcrumbList","@id":"https:\/\/kuzeyinsesi.org\/index.php\/2024\/09\/20\/acik-kulis-isimli-muzikli-oyun-28-eylulde-sahnelenecek\/#breadcrumb","itemListElement":[{"@type":"ListItem","position":1,"name":"Anasayfa","item":"https:\/\/kuzeyinsesi.org\/"},{"@type":"ListItem","position":2,"name":"\u201cA\u00e7\u0131k Kulis\u201d isimli m\u00fczikli oyun 28 Eyl\u00fcl\u2019de sahnelenecek"}]},{"@type":"WebSite","@id":"https:\/\/kuzeyinsesi.org\/#website","url":"https:\/\/kuzeyinsesi.org\/","name":"Kuzeyin Sesi","description":"Do\u011fru Haberin Adresi","potentialAction":[{"@type":"SearchAction","target":{"@type":"EntryPoint","urlTemplate":"https:\/\/kuzeyinsesi.org\/?s={search_term_string}"},"query-input":{"@type":"PropertyValueSpecification","valueRequired":true,"valueName":"search_term_string"}}],"inLanguage":"tr"},{"@type":"Person","@id":"https:\/\/kuzeyinsesi.org\/#\/schema\/person\/9f859689cdf01485597712386e37f5aa","name":"Kuzeyin Sesi","image":{"@type":"ImageObject","inLanguage":"tr","@id":"https:\/\/secure.gravatar.com\/avatar\/bab33852abfd8b282518d6ed81826833d77c3c882d9ab608add591ccace47a44?s=96&d=mm&r=g","url":"https:\/\/secure.gravatar.com\/avatar\/bab33852abfd8b282518d6ed81826833d77c3c882d9ab608add591ccace47a44?s=96&d=mm&r=g","contentUrl":"https:\/\/secure.gravatar.com\/avatar\/bab33852abfd8b282518d6ed81826833d77c3c882d9ab608add591ccace47a44?s=96&d=mm&r=g","caption":"Kuzeyin Sesi"},"sameAs":["https:\/\/kuzeyinsesi.org"],"url":"https:\/\/kuzeyinsesi.org\/index.php\/author\/guven\/"}]}},"_links":{"self":[{"href":"https:\/\/kuzeyinsesi.org\/index.php\/wp-json\/wp\/v2\/posts\/10063","targetHints":{"allow":["GET"]}}],"collection":[{"href":"https:\/\/kuzeyinsesi.org\/index.php\/wp-json\/wp\/v2\/posts"}],"about":[{"href":"https:\/\/kuzeyinsesi.org\/index.php\/wp-json\/wp\/v2\/types\/post"}],"author":[{"embeddable":true,"href":"https:\/\/kuzeyinsesi.org\/index.php\/wp-json\/wp\/v2\/users\/1"}],"replies":[{"embeddable":true,"href":"https:\/\/kuzeyinsesi.org\/index.php\/wp-json\/wp\/v2\/comments?post=10063"}],"version-history":[{"count":0,"href":"https:\/\/kuzeyinsesi.org\/index.php\/wp-json\/wp\/v2\/posts\/10063\/revisions"}],"wp:featuredmedia":[{"embeddable":true,"href":"https:\/\/kuzeyinsesi.org\/index.php\/wp-json\/wp\/v2\/media\/10064"}],"wp:attachment":[{"href":"https:\/\/kuzeyinsesi.org\/index.php\/wp-json\/wp\/v2\/media?parent=10063"}],"wp:term":[{"taxonomy":"category","embeddable":true,"href":"https:\/\/kuzeyinsesi.org\/index.php\/wp-json\/wp\/v2\/categories?post=10063"},{"taxonomy":"post_tag","embeddable":true,"href":"https:\/\/kuzeyinsesi.org\/index.php\/wp-json\/wp\/v2\/tags?post=10063"}],"curies":[{"name":"wp","href":"https:\/\/api.w.org\/{rel}","templated":true}]}}