{"id":10027,"date":"2024-09-19T18:30:54","date_gmt":"2024-09-19T15:30:54","guid":{"rendered":"https:\/\/kuzeyinsesi.org\/index.php\/2024\/09\/19\/kibris-turk-halk-danslari-federasyonu-genclik-dairesi-muduru-huseyin-ozanoglunu-ziyaret-etti\/"},"modified":"2024-09-19T18:30:54","modified_gmt":"2024-09-19T15:30:54","slug":"kibris-turk-halk-danslari-federasyonu-genclik-dairesi-muduru-huseyin-ozanoglunu-ziyaret-etti","status":"publish","type":"post","link":"https:\/\/kuzeyinsesi.org\/index.php\/2024\/09\/19\/kibris-turk-halk-danslari-federasyonu-genclik-dairesi-muduru-huseyin-ozanoglunu-ziyaret-etti\/","title":{"rendered":"K\u0131br\u0131s T\u00fcrk Halk Danslar\u0131 Federasyonu, Gen\u00e7lik Dairesi M\u00fcd\u00fcr\u00fc H\u00fcseyin Ozano\u011flu\u2019nu ziyaret etti"},"content":{"rendered":"<div>\n<div class=\"mariselle-image-container none\">\n                                            <\/div>\n<p style=\"font-weight: 300;\"><span style=\"font-weight: 300 !important;\">K\u0131br\u0131s T\u00fcrk Halk Danslar\u0131 Federasyonu Ba\u015fkan\u0131 \u00d6zlem Kadira\u011fa ve y\u00f6netim kurulu \u00fcyeleri, Gen\u00e7lik Dairesi M\u00fcd\u00fcr\u00fc H\u00fcseyin Ozano\u011flu\u2019nu ziyaret etti.<\/span><\/p>\n<p style=\"font-weight: 300;\"><span style=\"font-weight: 300 !important;\">Gen\u00e7lik Dairesi\u2019nden yap\u0131lan yaz\u0131l\u0131 a\u00e7\u0131klamaya g\u00f6re, ziyarette, federasyonun yapt\u0131\u011f\u0131 \u00e7al\u0131\u015fmalarla ilgili bilgi verilirken, bundan sonraki etkinlikler ve \u00e7al\u0131\u015fmalar hakk\u0131nda da fikir al\u0131\u015fveri\u015finde bulunuldu.<\/span><\/p>\n<p style=\"font-weight: 300;\"><span style=\"font-weight: 300 !important;\">Birlikte ger\u00e7ekle\u015ftirilecek projelere de de\u011finilen g\u00f6r\u00fc\u015fme sonras\u0131nda Federasyon Ba\u015fkan\u0131 \u00d6zlem Kadira\u011fa, Ozano\u011flu\u2019na plaket ve hediye arma\u011fan etti.<\/span><\/p>\n<p style=\"font-weight: 300;\"><span style=\"font-weight: 300 !important;\">Halk Danslar\u0131 Federasyonu Y\u00f6netim Kurulu \u00fcyelerine ziyaretlerinden dolay\u0131 te\u015fekk\u00fcr eden Daire M\u00fcd\u00fcr\u00fc Ozano\u011flu, birlikte g\u00fczel etkinlikler hayata ge\u00e7irebilece\u011fini ifade ederek, y\u00f6netim kurulu \u00fcyelerine \u00e7al\u0131\u015fmalar\u0131nda ba\u015flar\u0131lar diledi.<\/span><\/p>\n<p>\u00a0<\/p>\n<p>TAK\/BRT<\/p>\n<\/p><\/div>\n<p><script async\n                    defer\n                    crossorigin=\"anonymous\"\n                    src=\"https:\/\/connect.facebook.net\/tr_TR\/sdk.js#xfbml=1&#038;version=v3.3\"\n            ><\/script><\/p>\n","protected":false},"excerpt":{"rendered":"<p>K\u0131br\u0131s T\u00fcrk Halk Danslar\u0131 Federasyonu Ba\u015fkan\u0131 \u00d6zlem Kadira\u011fa ve y\u00f6netim kurulu \u00fcyeleri, Gen\u00e7lik Dairesi M\u00fcd\u00fcr\u00fc H\u00fcseyin Ozano\u011flu\u2019nu ziyaret etti. Gen\u00e7lik Dairesi\u2019nden yap\u0131lan yaz\u0131l\u0131 a\u00e7\u0131klamaya g\u00f6re, ziyarette, federasyonun yapt\u0131\u011f\u0131 \u00e7al\u0131\u015fmalarla ilgili bilgi verilirken, bundan sonraki etkinlikler ve \u00e7al\u0131\u015fmalar hakk\u0131nda da fikir al\u0131\u015fveri\u015finde bulunuldu. Birlikte ger\u00e7ekle\u015ftirilecek projelere de de\u011finilen g\u00f6r\u00fc\u015fme sonras\u0131nda Federasyon Ba\u015fkan\u0131 \u00d6zlem Kadira\u011fa, Ozano\u011flu\u2019na plaket [&hellip;]<\/p>\n","protected":false},"author":1,"featured_media":10028,"comment_status":"open","ping_status":"open","sticky":false,"template":"","format":"standard","meta":{"jnews-multi-image_gallery":[],"jnews_single_post":[],"jnews_primary_category":[],"jnews_social_meta":[],"jnews_override_counter":[],"footnotes":""},"categories":[6],"tags":[],"class_list":["post-10027","post","type-post","status-publish","format-standard","has-post-thumbnail","hentry","category-yasam"],"yoast_head":"<!-- This site is optimized with the Yoast SEO plugin v27.5 - https:\/\/yoast.com\/product\/yoast-seo-wordpress\/ -->\n<title>K\u0131br\u0131s T\u00fcrk Halk Danslar\u0131 Federasyonu, Gen\u00e7lik Dairesi M\u00fcd\u00fcr\u00fc H\u00fcseyin Ozano\u011flu\u2019nu ziyaret etti - Kuzeyin Sesi<\/title>\n<meta name=\"robots\" content=\"index, follow, max-snippet:-1, max-image-preview:large, max-video-preview:-1\" \/>\n<link rel=\"canonical\" href=\"https:\/\/kuzeyinsesi.org\/index.php\/2024\/09\/19\/kibris-turk-halk-danslari-federasyonu-genclik-dairesi-muduru-huseyin-ozanoglunu-ziyaret-etti\/\" \/>\n<meta property=\"og:locale\" content=\"tr_TR\" \/>\n<meta property=\"og:type\" content=\"article\" \/>\n<meta property=\"og:title\" content=\"K\u0131br\u0131s T\u00fcrk Halk Danslar\u0131 Federasyonu, Gen\u00e7lik Dairesi M\u00fcd\u00fcr\u00fc H\u00fcseyin Ozano\u011flu\u2019nu ziyaret etti - Kuzeyin Sesi\" \/>\n<meta property=\"og:description\" content=\"K\u0131br\u0131s T\u00fcrk Halk Danslar\u0131 Federasyonu Ba\u015fkan\u0131 \u00d6zlem Kadira\u011fa ve y\u00f6netim kurulu \u00fcyeleri, Gen\u00e7lik Dairesi M\u00fcd\u00fcr\u00fc H\u00fcseyin Ozano\u011flu\u2019nu ziyaret etti. Gen\u00e7lik Dairesi\u2019nden yap\u0131lan yaz\u0131l\u0131 a\u00e7\u0131klamaya g\u00f6re, ziyarette, federasyonun yapt\u0131\u011f\u0131 \u00e7al\u0131\u015fmalarla ilgili bilgi verilirken, bundan sonraki etkinlikler ve \u00e7al\u0131\u015fmalar hakk\u0131nda da fikir al\u0131\u015fveri\u015finde bulunuldu. Birlikte ger\u00e7ekle\u015ftirilecek projelere de de\u011finilen g\u00f6r\u00fc\u015fme sonras\u0131nda Federasyon Ba\u015fkan\u0131 \u00d6zlem Kadira\u011fa, Ozano\u011flu\u2019na plaket [&hellip;]\" \/>\n<meta property=\"og:url\" content=\"https:\/\/kuzeyinsesi.org\/index.php\/2024\/09\/19\/kibris-turk-halk-danslari-federasyonu-genclik-dairesi-muduru-huseyin-ozanoglunu-ziyaret-etti\/\" \/>\n<meta property=\"og:site_name\" content=\"Kuzeyin Sesi\" \/>\n<meta property=\"article:publisher\" content=\"https:\/\/www.facebook.com\/kuzeyinsesii\" \/>\n<meta property=\"article:published_time\" content=\"2024-09-19T15:30:54+00:00\" \/>\n<meta property=\"og:image\" content=\"https:\/\/brtk.net\/wp-content\/uploads\/2024\/09\/19\/halk-danslari-federasyonu.jpeg?ver=f2c1d5850ddff1d5550d6810fd84f97d\" \/>\n<meta name=\"author\" content=\"Kuzeyin Sesi\" \/>\n<meta name=\"twitter:card\" content=\"summary_large_image\" \/>\n<meta name=\"twitter:creator\" content=\"@kuzeyinsesii\" \/>\n<meta name=\"twitter:site\" content=\"@kuzeyinsesii\" \/>\n<meta name=\"twitter:label1\" content=\"Yazan:\" \/>\n\t<meta name=\"twitter:data1\" content=\"Kuzeyin Sesi\" \/>\n\t<meta name=\"twitter:label2\" content=\"Tahmini okuma s\u00fcresi\" \/>\n\t<meta name=\"twitter:data2\" content=\"1 dakika\" \/>\n<script type=\"application\/ld+json\" class=\"yoast-schema-graph\">{\"@context\":\"https:\\\/\\\/schema.org\",\"@graph\":[{\"@type\":\"Article\",\"@id\":\"https:\\\/\\\/kuzeyinsesi.org\\\/index.php\\\/2024\\\/09\\\/19\\\/kibris-turk-halk-danslari-federasyonu-genclik-dairesi-muduru-huseyin-ozanoglunu-ziyaret-etti\\\/#article\",\"isPartOf\":{\"@id\":\"https:\\\/\\\/kuzeyinsesi.org\\\/index.php\\\/2024\\\/09\\\/19\\\/kibris-turk-halk-danslari-federasyonu-genclik-dairesi-muduru-huseyin-ozanoglunu-ziyaret-etti\\\/\"},\"author\":{\"name\":\"Kuzeyin Sesi\",\"@id\":\"https:\\\/\\\/kuzeyinsesi.org\\\/#\\\/schema\\\/person\\\/9f859689cdf01485597712386e37f5aa\"},\"headline\":\"K\u0131br\u0131s T\u00fcrk Halk Danslar\u0131 Federasyonu, Gen\u00e7lik Dairesi M\u00fcd\u00fcr\u00fc H\u00fcseyin Ozano\u011flu\u2019nu ziyaret etti\",\"datePublished\":\"2024-09-19T15:30:54+00:00\",\"mainEntityOfPage\":{\"@id\":\"https:\\\/\\\/kuzeyinsesi.org\\\/index.php\\\/2024\\\/09\\\/19\\\/kibris-turk-halk-danslari-federasyonu-genclik-dairesi-muduru-huseyin-ozanoglunu-ziyaret-etti\\\/\"},\"wordCount\":156,\"commentCount\":0,\"image\":{\"@id\":\"https:\\\/\\\/kuzeyinsesi.org\\\/index.php\\\/2024\\\/09\\\/19\\\/kibris-turk-halk-danslari-federasyonu-genclik-dairesi-muduru-huseyin-ozanoglunu-ziyaret-etti\\\/#primaryimage\"},\"thumbnailUrl\":\"https:\\\/\\\/kuzeyinsesi.org\\\/wp-content\\\/uploads\\\/2024\\\/09\\\/halk-danslari-federasyonu.jpeg\",\"articleSection\":[\"Ya\u015fam\"],\"inLanguage\":\"tr\",\"potentialAction\":[{\"@type\":\"CommentAction\",\"name\":\"Comment\",\"target\":[\"https:\\\/\\\/kuzeyinsesi.org\\\/index.php\\\/2024\\\/09\\\/19\\\/kibris-turk-halk-danslari-federasyonu-genclik-dairesi-muduru-huseyin-ozanoglunu-ziyaret-etti\\\/#respond\"]}]},{\"@type\":\"WebPage\",\"@id\":\"https:\\\/\\\/kuzeyinsesi.org\\\/index.php\\\/2024\\\/09\\\/19\\\/kibris-turk-halk-danslari-federasyonu-genclik-dairesi-muduru-huseyin-ozanoglunu-ziyaret-etti\\\/\",\"url\":\"https:\\\/\\\/kuzeyinsesi.org\\\/index.php\\\/2024\\\/09\\\/19\\\/kibris-turk-halk-danslari-federasyonu-genclik-dairesi-muduru-huseyin-ozanoglunu-ziyaret-etti\\\/\",\"name\":\"K\u0131br\u0131s T\u00fcrk Halk Danslar\u0131 Federasyonu, Gen\u00e7lik Dairesi M\u00fcd\u00fcr\u00fc H\u00fcseyin Ozano\u011flu\u2019nu ziyaret etti - Kuzeyin Sesi\",\"isPartOf\":{\"@id\":\"https:\\\/\\\/kuzeyinsesi.org\\\/#website\"},\"primaryImageOfPage\":{\"@id\":\"https:\\\/\\\/kuzeyinsesi.org\\\/index.php\\\/2024\\\/09\\\/19\\\/kibris-turk-halk-danslari-federasyonu-genclik-dairesi-muduru-huseyin-ozanoglunu-ziyaret-etti\\\/#primaryimage\"},\"image\":{\"@id\":\"https:\\\/\\\/kuzeyinsesi.org\\\/index.php\\\/2024\\\/09\\\/19\\\/kibris-turk-halk-danslari-federasyonu-genclik-dairesi-muduru-huseyin-ozanoglunu-ziyaret-etti\\\/#primaryimage\"},\"thumbnailUrl\":\"https:\\\/\\\/kuzeyinsesi.org\\\/wp-content\\\/uploads\\\/2024\\\/09\\\/halk-danslari-federasyonu.jpeg\",\"datePublished\":\"2024-09-19T15:30:54+00:00\",\"author\":{\"@id\":\"https:\\\/\\\/kuzeyinsesi.org\\\/#\\\/schema\\\/person\\\/9f859689cdf01485597712386e37f5aa\"},\"breadcrumb\":{\"@id\":\"https:\\\/\\\/kuzeyinsesi.org\\\/index.php\\\/2024\\\/09\\\/19\\\/kibris-turk-halk-danslari-federasyonu-genclik-dairesi-muduru-huseyin-ozanoglunu-ziyaret-etti\\\/#breadcrumb\"},\"inLanguage\":\"tr\",\"potentialAction\":[{\"@type\":\"ReadAction\",\"target\":[\"https:\\\/\\\/kuzeyinsesi.org\\\/index.php\\\/2024\\\/09\\\/19\\\/kibris-turk-halk-danslari-federasyonu-genclik-dairesi-muduru-huseyin-ozanoglunu-ziyaret-etti\\\/\"]}]},{\"@type\":\"ImageObject\",\"inLanguage\":\"tr\",\"@id\":\"https:\\\/\\\/kuzeyinsesi.org\\\/index.php\\\/2024\\\/09\\\/19\\\/kibris-turk-halk-danslari-federasyonu-genclik-dairesi-muduru-huseyin-ozanoglunu-ziyaret-etti\\\/#primaryimage\",\"url\":\"https:\\\/\\\/kuzeyinsesi.org\\\/wp-content\\\/uploads\\\/2024\\\/09\\\/halk-danslari-federasyonu.jpeg\",\"contentUrl\":\"https:\\\/\\\/kuzeyinsesi.org\\\/wp-content\\\/uploads\\\/2024\\\/09\\\/halk-danslari-federasyonu.jpeg\",\"width\":1600,\"height\":991},{\"@type\":\"BreadcrumbList\",\"@id\":\"https:\\\/\\\/kuzeyinsesi.org\\\/index.php\\\/2024\\\/09\\\/19\\\/kibris-turk-halk-danslari-federasyonu-genclik-dairesi-muduru-huseyin-ozanoglunu-ziyaret-etti\\\/#breadcrumb\",\"itemListElement\":[{\"@type\":\"ListItem\",\"position\":1,\"name\":\"Anasayfa\",\"item\":\"https:\\\/\\\/kuzeyinsesi.org\\\/\"},{\"@type\":\"ListItem\",\"position\":2,\"name\":\"K\u0131br\u0131s T\u00fcrk Halk Danslar\u0131 Federasyonu, Gen\u00e7lik Dairesi M\u00fcd\u00fcr\u00fc H\u00fcseyin Ozano\u011flu\u2019nu ziyaret etti\"}]},{\"@type\":\"WebSite\",\"@id\":\"https:\\\/\\\/kuzeyinsesi.org\\\/#website\",\"url\":\"https:\\\/\\\/kuzeyinsesi.org\\\/\",\"name\":\"Kuzeyin Sesi\",\"description\":\"Do\u011fru Haberin Adresi\",\"potentialAction\":[{\"@type\":\"SearchAction\",\"target\":{\"@type\":\"EntryPoint\",\"urlTemplate\":\"https:\\\/\\\/kuzeyinsesi.org\\\/?s={search_term_string}\"},\"query-input\":{\"@type\":\"PropertyValueSpecification\",\"valueRequired\":true,\"valueName\":\"search_term_string\"}}],\"inLanguage\":\"tr\"},{\"@type\":\"Person\",\"@id\":\"https:\\\/\\\/kuzeyinsesi.org\\\/#\\\/schema\\\/person\\\/9f859689cdf01485597712386e37f5aa\",\"name\":\"Kuzeyin Sesi\",\"image\":{\"@type\":\"ImageObject\",\"inLanguage\":\"tr\",\"@id\":\"https:\\\/\\\/secure.gravatar.com\\\/avatar\\\/bab33852abfd8b282518d6ed81826833d77c3c882d9ab608add591ccace47a44?s=96&d=mm&r=g\",\"url\":\"https:\\\/\\\/secure.gravatar.com\\\/avatar\\\/bab33852abfd8b282518d6ed81826833d77c3c882d9ab608add591ccace47a44?s=96&d=mm&r=g\",\"contentUrl\":\"https:\\\/\\\/secure.gravatar.com\\\/avatar\\\/bab33852abfd8b282518d6ed81826833d77c3c882d9ab608add591ccace47a44?s=96&d=mm&r=g\",\"caption\":\"Kuzeyin Sesi\"},\"sameAs\":[\"https:\\\/\\\/kuzeyinsesi.org\"],\"url\":\"https:\\\/\\\/kuzeyinsesi.org\\\/index.php\\\/author\\\/guven\\\/\"}]}<\/script>\n<!-- \/ Yoast SEO plugin. -->","yoast_head_json":{"title":"K\u0131br\u0131s T\u00fcrk Halk Danslar\u0131 Federasyonu, Gen\u00e7lik Dairesi M\u00fcd\u00fcr\u00fc H\u00fcseyin Ozano\u011flu\u2019nu ziyaret etti - Kuzeyin Sesi","robots":{"index":"index","follow":"follow","max-snippet":"max-snippet:-1","max-image-preview":"max-image-preview:large","max-video-preview":"max-video-preview:-1"},"canonical":"https:\/\/kuzeyinsesi.org\/index.php\/2024\/09\/19\/kibris-turk-halk-danslari-federasyonu-genclik-dairesi-muduru-huseyin-ozanoglunu-ziyaret-etti\/","og_locale":"tr_TR","og_type":"article","og_title":"K\u0131br\u0131s T\u00fcrk Halk Danslar\u0131 Federasyonu, Gen\u00e7lik Dairesi M\u00fcd\u00fcr\u00fc H\u00fcseyin Ozano\u011flu\u2019nu ziyaret etti - Kuzeyin Sesi","og_description":"K\u0131br\u0131s T\u00fcrk Halk Danslar\u0131 Federasyonu Ba\u015fkan\u0131 \u00d6zlem Kadira\u011fa ve y\u00f6netim kurulu \u00fcyeleri, Gen\u00e7lik Dairesi M\u00fcd\u00fcr\u00fc H\u00fcseyin Ozano\u011flu\u2019nu ziyaret etti. Gen\u00e7lik Dairesi\u2019nden yap\u0131lan yaz\u0131l\u0131 a\u00e7\u0131klamaya g\u00f6re, ziyarette, federasyonun yapt\u0131\u011f\u0131 \u00e7al\u0131\u015fmalarla ilgili bilgi verilirken, bundan sonraki etkinlikler ve \u00e7al\u0131\u015fmalar hakk\u0131nda da fikir al\u0131\u015fveri\u015finde bulunuldu. Birlikte ger\u00e7ekle\u015ftirilecek projelere de de\u011finilen g\u00f6r\u00fc\u015fme sonras\u0131nda Federasyon Ba\u015fkan\u0131 \u00d6zlem Kadira\u011fa, Ozano\u011flu\u2019na plaket [&hellip;]","og_url":"https:\/\/kuzeyinsesi.org\/index.php\/2024\/09\/19\/kibris-turk-halk-danslari-federasyonu-genclik-dairesi-muduru-huseyin-ozanoglunu-ziyaret-etti\/","og_site_name":"Kuzeyin Sesi","article_publisher":"https:\/\/www.facebook.com\/kuzeyinsesii","article_published_time":"2024-09-19T15:30:54+00:00","og_image":[{"url":"https:\/\/brtk.net\/wp-content\/uploads\/2024\/09\/19\/halk-danslari-federasyonu.jpeg?ver=f2c1d5850ddff1d5550d6810fd84f97d","type":"","width":"","height":""}],"author":"Kuzeyin Sesi","twitter_card":"summary_large_image","twitter_creator":"@kuzeyinsesii","twitter_site":"@kuzeyinsesii","twitter_misc":{"Yazan:":"Kuzeyin Sesi","Tahmini okuma s\u00fcresi":"1 dakika"},"schema":{"@context":"https:\/\/schema.org","@graph":[{"@type":"Article","@id":"https:\/\/kuzeyinsesi.org\/index.php\/2024\/09\/19\/kibris-turk-halk-danslari-federasyonu-genclik-dairesi-muduru-huseyin-ozanoglunu-ziyaret-etti\/#article","isPartOf":{"@id":"https:\/\/kuzeyinsesi.org\/index.php\/2024\/09\/19\/kibris-turk-halk-danslari-federasyonu-genclik-dairesi-muduru-huseyin-ozanoglunu-ziyaret-etti\/"},"author":{"name":"Kuzeyin Sesi","@id":"https:\/\/kuzeyinsesi.org\/#\/schema\/person\/9f859689cdf01485597712386e37f5aa"},"headline":"K\u0131br\u0131s T\u00fcrk Halk Danslar\u0131 Federasyonu, Gen\u00e7lik Dairesi M\u00fcd\u00fcr\u00fc H\u00fcseyin Ozano\u011flu\u2019nu ziyaret etti","datePublished":"2024-09-19T15:30:54+00:00","mainEntityOfPage":{"@id":"https:\/\/kuzeyinsesi.org\/index.php\/2024\/09\/19\/kibris-turk-halk-danslari-federasyonu-genclik-dairesi-muduru-huseyin-ozanoglunu-ziyaret-etti\/"},"wordCount":156,"commentCount":0,"image":{"@id":"https:\/\/kuzeyinsesi.org\/index.php\/2024\/09\/19\/kibris-turk-halk-danslari-federasyonu-genclik-dairesi-muduru-huseyin-ozanoglunu-ziyaret-etti\/#primaryimage"},"thumbnailUrl":"https:\/\/kuzeyinsesi.org\/wp-content\/uploads\/2024\/09\/halk-danslari-federasyonu.jpeg","articleSection":["Ya\u015fam"],"inLanguage":"tr","potentialAction":[{"@type":"CommentAction","name":"Comment","target":["https:\/\/kuzeyinsesi.org\/index.php\/2024\/09\/19\/kibris-turk-halk-danslari-federasyonu-genclik-dairesi-muduru-huseyin-ozanoglunu-ziyaret-etti\/#respond"]}]},{"@type":"WebPage","@id":"https:\/\/kuzeyinsesi.org\/index.php\/2024\/09\/19\/kibris-turk-halk-danslari-federasyonu-genclik-dairesi-muduru-huseyin-ozanoglunu-ziyaret-etti\/","url":"https:\/\/kuzeyinsesi.org\/index.php\/2024\/09\/19\/kibris-turk-halk-danslari-federasyonu-genclik-dairesi-muduru-huseyin-ozanoglunu-ziyaret-etti\/","name":"K\u0131br\u0131s T\u00fcrk Halk Danslar\u0131 Federasyonu, Gen\u00e7lik Dairesi M\u00fcd\u00fcr\u00fc H\u00fcseyin Ozano\u011flu\u2019nu ziyaret etti - Kuzeyin Sesi","isPartOf":{"@id":"https:\/\/kuzeyinsesi.org\/#website"},"primaryImageOfPage":{"@id":"https:\/\/kuzeyinsesi.org\/index.php\/2024\/09\/19\/kibris-turk-halk-danslari-federasyonu-genclik-dairesi-muduru-huseyin-ozanoglunu-ziyaret-etti\/#primaryimage"},"image":{"@id":"https:\/\/kuzeyinsesi.org\/index.php\/2024\/09\/19\/kibris-turk-halk-danslari-federasyonu-genclik-dairesi-muduru-huseyin-ozanoglunu-ziyaret-etti\/#primaryimage"},"thumbnailUrl":"https:\/\/kuzeyinsesi.org\/wp-content\/uploads\/2024\/09\/halk-danslari-federasyonu.jpeg","datePublished":"2024-09-19T15:30:54+00:00","author":{"@id":"https:\/\/kuzeyinsesi.org\/#\/schema\/person\/9f859689cdf01485597712386e37f5aa"},"breadcrumb":{"@id":"https:\/\/kuzeyinsesi.org\/index.php\/2024\/09\/19\/kibris-turk-halk-danslari-federasyonu-genclik-dairesi-muduru-huseyin-ozanoglunu-ziyaret-etti\/#breadcrumb"},"inLanguage":"tr","potentialAction":[{"@type":"ReadAction","target":["https:\/\/kuzeyinsesi.org\/index.php\/2024\/09\/19\/kibris-turk-halk-danslari-federasyonu-genclik-dairesi-muduru-huseyin-ozanoglunu-ziyaret-etti\/"]}]},{"@type":"ImageObject","inLanguage":"tr","@id":"https:\/\/kuzeyinsesi.org\/index.php\/2024\/09\/19\/kibris-turk-halk-danslari-federasyonu-genclik-dairesi-muduru-huseyin-ozanoglunu-ziyaret-etti\/#primaryimage","url":"https:\/\/kuzeyinsesi.org\/wp-content\/uploads\/2024\/09\/halk-danslari-federasyonu.jpeg","contentUrl":"https:\/\/kuzeyinsesi.org\/wp-content\/uploads\/2024\/09\/halk-danslari-federasyonu.jpeg","width":1600,"height":991},{"@type":"BreadcrumbList","@id":"https:\/\/kuzeyinsesi.org\/index.php\/2024\/09\/19\/kibris-turk-halk-danslari-federasyonu-genclik-dairesi-muduru-huseyin-ozanoglunu-ziyaret-etti\/#breadcrumb","itemListElement":[{"@type":"ListItem","position":1,"name":"Anasayfa","item":"https:\/\/kuzeyinsesi.org\/"},{"@type":"ListItem","position":2,"name":"K\u0131br\u0131s T\u00fcrk Halk Danslar\u0131 Federasyonu, Gen\u00e7lik Dairesi M\u00fcd\u00fcr\u00fc H\u00fcseyin Ozano\u011flu\u2019nu ziyaret etti"}]},{"@type":"WebSite","@id":"https:\/\/kuzeyinsesi.org\/#website","url":"https:\/\/kuzeyinsesi.org\/","name":"Kuzeyin Sesi","description":"Do\u011fru Haberin Adresi","potentialAction":[{"@type":"SearchAction","target":{"@type":"EntryPoint","urlTemplate":"https:\/\/kuzeyinsesi.org\/?s={search_term_string}"},"query-input":{"@type":"PropertyValueSpecification","valueRequired":true,"valueName":"search_term_string"}}],"inLanguage":"tr"},{"@type":"Person","@id":"https:\/\/kuzeyinsesi.org\/#\/schema\/person\/9f859689cdf01485597712386e37f5aa","name":"Kuzeyin Sesi","image":{"@type":"ImageObject","inLanguage":"tr","@id":"https:\/\/secure.gravatar.com\/avatar\/bab33852abfd8b282518d6ed81826833d77c3c882d9ab608add591ccace47a44?s=96&d=mm&r=g","url":"https:\/\/secure.gravatar.com\/avatar\/bab33852abfd8b282518d6ed81826833d77c3c882d9ab608add591ccace47a44?s=96&d=mm&r=g","contentUrl":"https:\/\/secure.gravatar.com\/avatar\/bab33852abfd8b282518d6ed81826833d77c3c882d9ab608add591ccace47a44?s=96&d=mm&r=g","caption":"Kuzeyin Sesi"},"sameAs":["https:\/\/kuzeyinsesi.org"],"url":"https:\/\/kuzeyinsesi.org\/index.php\/author\/guven\/"}]}},"_links":{"self":[{"href":"https:\/\/kuzeyinsesi.org\/index.php\/wp-json\/wp\/v2\/posts\/10027","targetHints":{"allow":["GET"]}}],"collection":[{"href":"https:\/\/kuzeyinsesi.org\/index.php\/wp-json\/wp\/v2\/posts"}],"about":[{"href":"https:\/\/kuzeyinsesi.org\/index.php\/wp-json\/wp\/v2\/types\/post"}],"author":[{"embeddable":true,"href":"https:\/\/kuzeyinsesi.org\/index.php\/wp-json\/wp\/v2\/users\/1"}],"replies":[{"embeddable":true,"href":"https:\/\/kuzeyinsesi.org\/index.php\/wp-json\/wp\/v2\/comments?post=10027"}],"version-history":[{"count":0,"href":"https:\/\/kuzeyinsesi.org\/index.php\/wp-json\/wp\/v2\/posts\/10027\/revisions"}],"wp:featuredmedia":[{"embeddable":true,"href":"https:\/\/kuzeyinsesi.org\/index.php\/wp-json\/wp\/v2\/media\/10028"}],"wp:attachment":[{"href":"https:\/\/kuzeyinsesi.org\/index.php\/wp-json\/wp\/v2\/media?parent=10027"}],"wp:term":[{"taxonomy":"category","embeddable":true,"href":"https:\/\/kuzeyinsesi.org\/index.php\/wp-json\/wp\/v2\/categories?post=10027"},{"taxonomy":"post_tag","embeddable":true,"href":"https:\/\/kuzeyinsesi.org\/index.php\/wp-json\/wp\/v2\/tags?post=10027"}],"curies":[{"name":"wp","href":"https:\/\/api.w.org\/{rel}","templated":true}]}}