{"id":10025,"date":"2024-09-19T16:28:27","date_gmt":"2024-09-19T13:28:27","guid":{"rendered":"https:\/\/kuzeyinsesi.org\/index.php\/2024\/09\/19\/2-uluslararasi-muzler-sanat-sempozyumu-kapsaminda-bir-dostluk-yolu-sergisi-aciliyor\/"},"modified":"2024-09-19T16:28:27","modified_gmt":"2024-09-19T13:28:27","slug":"2-uluslararasi-muzler-sanat-sempozyumu-kapsaminda-bir-dostluk-yolu-sergisi-aciliyor","status":"publish","type":"post","link":"https:\/\/kuzeyinsesi.org\/index.php\/2024\/09\/19\/2-uluslararasi-muzler-sanat-sempozyumu-kapsaminda-bir-dostluk-yolu-sergisi-aciliyor\/","title":{"rendered":"2. Uluslararas\u0131 M\u00dcZler Sanat Sempozyumu kapsam\u0131nda \u201cBir Dostluk Yolu\u201d sergisi a\u00e7\u0131l\u0131yor"},"content":{"rendered":"<div>\n<div class=\"mariselle-image-container none\">\n                                            <\/div>\n<p>\u201cGirne Ark\u0131n Group Fest24\u201d kapsam\u0131nda hayat bulan 2. Uluslararas\u0131 M\u00dcZler Sanat Sempozyumu, \u201cBir Dostluk Yolu\u201d isimli sergiye ev sahipli\u011fi yapmaya haz\u0131rlan\u0131yor.<\/p>\n<p>25 y\u0131ll\u0131k bir ser\u00fcveni kapsayan ve Heidi Trautmann taraf\u0131ndan kaleme al\u0131nan \u201cPer\u015fembe Sanat\u00e7\u0131lar\u0131 \u2013 Bir Dostluk Yolu\u201d isimli kitab\u0131n resme evrilmi\u015f halini sanatseverlere sunacak sergi, 24 Eyl\u00fcl Sal\u0131 ak\u015fam\u0131 saat 19.00\u2019da Girne Belediyesi Sanat Galerisi\u2019nde a\u00e7\u0131lacak.<\/p>\n<p>Girne Belediyesi\u2019nden verilen bilgiye g\u00f6re, sergi,\u00a0 24 \u2013 27 Eyl\u00fcl tarihleri aras\u0131nda Girne Belediyesi Sanat Galerisi\u2019nde\u00a0 \u00a010.00 \u2013 17.00 aras\u0131nda ziyaret edilebilecek.<\/p>\n<p>Sergide eserleri yer alacak sanat\u00e7\u0131lar; G\u00f6nen Atakol, Marylin Bosworth, Muriel Clutten, Christina Hessenberg, Anne Hughes, Hilary Jemal, Sue Monvid, Monika Ottow, Maxene Shailer, Heidi Trautmann, Christine Venediger, T\u00fcneysel Yaylal\u0131, G\u00fclseven Atay Coles olacak.<\/p>\n<\/p><\/div>\n<p><script async\n                    defer\n                    crossorigin=\"anonymous\"\n                    src=\"https:\/\/connect.facebook.net\/tr_TR\/sdk.js#xfbml=1&#038;version=v3.3\"\n            ><\/script><\/p>\n","protected":false},"excerpt":{"rendered":"<p>\u201cGirne Ark\u0131n Group Fest24\u201d kapsam\u0131nda hayat bulan 2. Uluslararas\u0131 M\u00dcZler Sanat Sempozyumu, \u201cBir Dostluk Yolu\u201d isimli sergiye ev sahipli\u011fi yapmaya haz\u0131rlan\u0131yor. 25 y\u0131ll\u0131k bir ser\u00fcveni kapsayan ve Heidi Trautmann taraf\u0131ndan kaleme al\u0131nan \u201cPer\u015fembe Sanat\u00e7\u0131lar\u0131 \u2013 Bir Dostluk Yolu\u201d isimli kitab\u0131n resme evrilmi\u015f halini sanatseverlere sunacak sergi, 24 Eyl\u00fcl Sal\u0131 ak\u015fam\u0131 saat 19.00\u2019da Girne Belediyesi Sanat [&hellip;]<\/p>\n","protected":false},"author":1,"featured_media":10026,"comment_status":"open","ping_status":"open","sticky":false,"template":"","format":"standard","meta":{"jnews-multi-image_gallery":[],"jnews_single_post":[],"jnews_primary_category":[],"jnews_social_meta":[],"jnews_override_counter":[],"footnotes":""},"categories":[6],"tags":[],"class_list":["post-10025","post","type-post","status-publish","format-standard","has-post-thumbnail","hentry","category-yasam"],"yoast_head":"<!-- This site is optimized with the Yoast SEO plugin v27.5 - https:\/\/yoast.com\/product\/yoast-seo-wordpress\/ -->\n<title>2. Uluslararas\u0131 M\u00dcZler Sanat Sempozyumu kapsam\u0131nda \u201cBir Dostluk Yolu\u201d sergisi a\u00e7\u0131l\u0131yor - Kuzeyin Sesi<\/title>\n<meta name=\"robots\" content=\"index, follow, max-snippet:-1, max-image-preview:large, max-video-preview:-1\" \/>\n<link rel=\"canonical\" href=\"https:\/\/kuzeyinsesi.org\/index.php\/2024\/09\/19\/2-uluslararasi-muzler-sanat-sempozyumu-kapsaminda-bir-dostluk-yolu-sergisi-aciliyor\/\" \/>\n<meta property=\"og:locale\" content=\"tr_TR\" \/>\n<meta property=\"og:type\" content=\"article\" \/>\n<meta property=\"og:title\" content=\"2. Uluslararas\u0131 M\u00dcZler Sanat Sempozyumu kapsam\u0131nda \u201cBir Dostluk Yolu\u201d sergisi a\u00e7\u0131l\u0131yor - Kuzeyin Sesi\" \/>\n<meta property=\"og:description\" content=\"\u201cGirne Ark\u0131n Group Fest24\u201d kapsam\u0131nda hayat bulan 2. Uluslararas\u0131 M\u00dcZler Sanat Sempozyumu, \u201cBir Dostluk Yolu\u201d isimli sergiye ev sahipli\u011fi yapmaya haz\u0131rlan\u0131yor. 25 y\u0131ll\u0131k bir ser\u00fcveni kapsayan ve Heidi Trautmann taraf\u0131ndan kaleme al\u0131nan \u201cPer\u015fembe Sanat\u00e7\u0131lar\u0131 \u2013 Bir Dostluk Yolu\u201d isimli kitab\u0131n resme evrilmi\u015f halini sanatseverlere sunacak sergi, 24 Eyl\u00fcl Sal\u0131 ak\u015fam\u0131 saat 19.00\u2019da Girne Belediyesi Sanat [&hellip;]\" \/>\n<meta property=\"og:url\" content=\"https:\/\/kuzeyinsesi.org\/index.php\/2024\/09\/19\/2-uluslararasi-muzler-sanat-sempozyumu-kapsaminda-bir-dostluk-yolu-sergisi-aciliyor\/\" \/>\n<meta property=\"og:site_name\" content=\"Kuzeyin Sesi\" \/>\n<meta property=\"article:publisher\" content=\"https:\/\/www.facebook.com\/kuzeyinsesii\" \/>\n<meta property=\"article:published_time\" content=\"2024-09-19T13:28:27+00:00\" \/>\n<meta property=\"og:image\" content=\"https:\/\/brtk.net\/wp-content\/uploads\/2024\/09\/19\/girne-belediyesi6.jpeg?ver=d3b88ce9dbdb6d74bc1bcb58b67efece\" \/>\n<meta name=\"author\" content=\"Kuzeyin Sesi\" \/>\n<meta name=\"twitter:card\" content=\"summary_large_image\" \/>\n<meta name=\"twitter:creator\" content=\"@kuzeyinsesii\" \/>\n<meta name=\"twitter:site\" content=\"@kuzeyinsesii\" \/>\n<meta name=\"twitter:label1\" content=\"Yazan:\" \/>\n\t<meta name=\"twitter:data1\" content=\"Kuzeyin Sesi\" \/>\n\t<meta name=\"twitter:label2\" content=\"Tahmini okuma s\u00fcresi\" \/>\n\t<meta name=\"twitter:data2\" content=\"1 dakika\" \/>\n<script type=\"application\/ld+json\" class=\"yoast-schema-graph\">{\"@context\":\"https:\\\/\\\/schema.org\",\"@graph\":[{\"@type\":\"Article\",\"@id\":\"https:\\\/\\\/kuzeyinsesi.org\\\/index.php\\\/2024\\\/09\\\/19\\\/2-uluslararasi-muzler-sanat-sempozyumu-kapsaminda-bir-dostluk-yolu-sergisi-aciliyor\\\/#article\",\"isPartOf\":{\"@id\":\"https:\\\/\\\/kuzeyinsesi.org\\\/index.php\\\/2024\\\/09\\\/19\\\/2-uluslararasi-muzler-sanat-sempozyumu-kapsaminda-bir-dostluk-yolu-sergisi-aciliyor\\\/\"},\"author\":{\"name\":\"Kuzeyin Sesi\",\"@id\":\"https:\\\/\\\/kuzeyinsesi.org\\\/#\\\/schema\\\/person\\\/9f859689cdf01485597712386e37f5aa\"},\"headline\":\"2. Uluslararas\u0131 M\u00dcZler Sanat Sempozyumu kapsam\u0131nda \u201cBir Dostluk Yolu\u201d sergisi a\u00e7\u0131l\u0131yor\",\"datePublished\":\"2024-09-19T13:28:27+00:00\",\"mainEntityOfPage\":{\"@id\":\"https:\\\/\\\/kuzeyinsesi.org\\\/index.php\\\/2024\\\/09\\\/19\\\/2-uluslararasi-muzler-sanat-sempozyumu-kapsaminda-bir-dostluk-yolu-sergisi-aciliyor\\\/\"},\"wordCount\":144,\"commentCount\":0,\"image\":{\"@id\":\"https:\\\/\\\/kuzeyinsesi.org\\\/index.php\\\/2024\\\/09\\\/19\\\/2-uluslararasi-muzler-sanat-sempozyumu-kapsaminda-bir-dostluk-yolu-sergisi-aciliyor\\\/#primaryimage\"},\"thumbnailUrl\":\"https:\\\/\\\/kuzeyinsesi.org\\\/wp-content\\\/uploads\\\/2024\\\/09\\\/girne-belediyesi6.jpeg\",\"articleSection\":[\"Ya\u015fam\"],\"inLanguage\":\"tr\",\"potentialAction\":[{\"@type\":\"CommentAction\",\"name\":\"Comment\",\"target\":[\"https:\\\/\\\/kuzeyinsesi.org\\\/index.php\\\/2024\\\/09\\\/19\\\/2-uluslararasi-muzler-sanat-sempozyumu-kapsaminda-bir-dostluk-yolu-sergisi-aciliyor\\\/#respond\"]}]},{\"@type\":\"WebPage\",\"@id\":\"https:\\\/\\\/kuzeyinsesi.org\\\/index.php\\\/2024\\\/09\\\/19\\\/2-uluslararasi-muzler-sanat-sempozyumu-kapsaminda-bir-dostluk-yolu-sergisi-aciliyor\\\/\",\"url\":\"https:\\\/\\\/kuzeyinsesi.org\\\/index.php\\\/2024\\\/09\\\/19\\\/2-uluslararasi-muzler-sanat-sempozyumu-kapsaminda-bir-dostluk-yolu-sergisi-aciliyor\\\/\",\"name\":\"2. Uluslararas\u0131 M\u00dcZler Sanat Sempozyumu kapsam\u0131nda \u201cBir Dostluk Yolu\u201d sergisi a\u00e7\u0131l\u0131yor - Kuzeyin Sesi\",\"isPartOf\":{\"@id\":\"https:\\\/\\\/kuzeyinsesi.org\\\/#website\"},\"primaryImageOfPage\":{\"@id\":\"https:\\\/\\\/kuzeyinsesi.org\\\/index.php\\\/2024\\\/09\\\/19\\\/2-uluslararasi-muzler-sanat-sempozyumu-kapsaminda-bir-dostluk-yolu-sergisi-aciliyor\\\/#primaryimage\"},\"image\":{\"@id\":\"https:\\\/\\\/kuzeyinsesi.org\\\/index.php\\\/2024\\\/09\\\/19\\\/2-uluslararasi-muzler-sanat-sempozyumu-kapsaminda-bir-dostluk-yolu-sergisi-aciliyor\\\/#primaryimage\"},\"thumbnailUrl\":\"https:\\\/\\\/kuzeyinsesi.org\\\/wp-content\\\/uploads\\\/2024\\\/09\\\/girne-belediyesi6.jpeg\",\"datePublished\":\"2024-09-19T13:28:27+00:00\",\"author\":{\"@id\":\"https:\\\/\\\/kuzeyinsesi.org\\\/#\\\/schema\\\/person\\\/9f859689cdf01485597712386e37f5aa\"},\"breadcrumb\":{\"@id\":\"https:\\\/\\\/kuzeyinsesi.org\\\/index.php\\\/2024\\\/09\\\/19\\\/2-uluslararasi-muzler-sanat-sempozyumu-kapsaminda-bir-dostluk-yolu-sergisi-aciliyor\\\/#breadcrumb\"},\"inLanguage\":\"tr\",\"potentialAction\":[{\"@type\":\"ReadAction\",\"target\":[\"https:\\\/\\\/kuzeyinsesi.org\\\/index.php\\\/2024\\\/09\\\/19\\\/2-uluslararasi-muzler-sanat-sempozyumu-kapsaminda-bir-dostluk-yolu-sergisi-aciliyor\\\/\"]}]},{\"@type\":\"ImageObject\",\"inLanguage\":\"tr\",\"@id\":\"https:\\\/\\\/kuzeyinsesi.org\\\/index.php\\\/2024\\\/09\\\/19\\\/2-uluslararasi-muzler-sanat-sempozyumu-kapsaminda-bir-dostluk-yolu-sergisi-aciliyor\\\/#primaryimage\",\"url\":\"https:\\\/\\\/kuzeyinsesi.org\\\/wp-content\\\/uploads\\\/2024\\\/09\\\/girne-belediyesi6.jpeg\",\"contentUrl\":\"https:\\\/\\\/kuzeyinsesi.org\\\/wp-content\\\/uploads\\\/2024\\\/09\\\/girne-belediyesi6.jpeg\",\"width\":1279,\"height\":1600},{\"@type\":\"BreadcrumbList\",\"@id\":\"https:\\\/\\\/kuzeyinsesi.org\\\/index.php\\\/2024\\\/09\\\/19\\\/2-uluslararasi-muzler-sanat-sempozyumu-kapsaminda-bir-dostluk-yolu-sergisi-aciliyor\\\/#breadcrumb\",\"itemListElement\":[{\"@type\":\"ListItem\",\"position\":1,\"name\":\"Anasayfa\",\"item\":\"https:\\\/\\\/kuzeyinsesi.org\\\/\"},{\"@type\":\"ListItem\",\"position\":2,\"name\":\"2. Uluslararas\u0131 M\u00dcZler Sanat Sempozyumu kapsam\u0131nda \u201cBir Dostluk Yolu\u201d sergisi a\u00e7\u0131l\u0131yor\"}]},{\"@type\":\"WebSite\",\"@id\":\"https:\\\/\\\/kuzeyinsesi.org\\\/#website\",\"url\":\"https:\\\/\\\/kuzeyinsesi.org\\\/\",\"name\":\"Kuzeyin Sesi\",\"description\":\"Do\u011fru Haberin Adresi\",\"potentialAction\":[{\"@type\":\"SearchAction\",\"target\":{\"@type\":\"EntryPoint\",\"urlTemplate\":\"https:\\\/\\\/kuzeyinsesi.org\\\/?s={search_term_string}\"},\"query-input\":{\"@type\":\"PropertyValueSpecification\",\"valueRequired\":true,\"valueName\":\"search_term_string\"}}],\"inLanguage\":\"tr\"},{\"@type\":\"Person\",\"@id\":\"https:\\\/\\\/kuzeyinsesi.org\\\/#\\\/schema\\\/person\\\/9f859689cdf01485597712386e37f5aa\",\"name\":\"Kuzeyin Sesi\",\"image\":{\"@type\":\"ImageObject\",\"inLanguage\":\"tr\",\"@id\":\"https:\\\/\\\/secure.gravatar.com\\\/avatar\\\/bab33852abfd8b282518d6ed81826833d77c3c882d9ab608add591ccace47a44?s=96&d=mm&r=g\",\"url\":\"https:\\\/\\\/secure.gravatar.com\\\/avatar\\\/bab33852abfd8b282518d6ed81826833d77c3c882d9ab608add591ccace47a44?s=96&d=mm&r=g\",\"contentUrl\":\"https:\\\/\\\/secure.gravatar.com\\\/avatar\\\/bab33852abfd8b282518d6ed81826833d77c3c882d9ab608add591ccace47a44?s=96&d=mm&r=g\",\"caption\":\"Kuzeyin Sesi\"},\"sameAs\":[\"https:\\\/\\\/kuzeyinsesi.org\"],\"url\":\"https:\\\/\\\/kuzeyinsesi.org\\\/index.php\\\/author\\\/guven\\\/\"}]}<\/script>\n<!-- \/ Yoast SEO plugin. -->","yoast_head_json":{"title":"2. Uluslararas\u0131 M\u00dcZler Sanat Sempozyumu kapsam\u0131nda \u201cBir Dostluk Yolu\u201d sergisi a\u00e7\u0131l\u0131yor - Kuzeyin Sesi","robots":{"index":"index","follow":"follow","max-snippet":"max-snippet:-1","max-image-preview":"max-image-preview:large","max-video-preview":"max-video-preview:-1"},"canonical":"https:\/\/kuzeyinsesi.org\/index.php\/2024\/09\/19\/2-uluslararasi-muzler-sanat-sempozyumu-kapsaminda-bir-dostluk-yolu-sergisi-aciliyor\/","og_locale":"tr_TR","og_type":"article","og_title":"2. Uluslararas\u0131 M\u00dcZler Sanat Sempozyumu kapsam\u0131nda \u201cBir Dostluk Yolu\u201d sergisi a\u00e7\u0131l\u0131yor - Kuzeyin Sesi","og_description":"\u201cGirne Ark\u0131n Group Fest24\u201d kapsam\u0131nda hayat bulan 2. Uluslararas\u0131 M\u00dcZler Sanat Sempozyumu, \u201cBir Dostluk Yolu\u201d isimli sergiye ev sahipli\u011fi yapmaya haz\u0131rlan\u0131yor. 25 y\u0131ll\u0131k bir ser\u00fcveni kapsayan ve Heidi Trautmann taraf\u0131ndan kaleme al\u0131nan \u201cPer\u015fembe Sanat\u00e7\u0131lar\u0131 \u2013 Bir Dostluk Yolu\u201d isimli kitab\u0131n resme evrilmi\u015f halini sanatseverlere sunacak sergi, 24 Eyl\u00fcl Sal\u0131 ak\u015fam\u0131 saat 19.00\u2019da Girne Belediyesi Sanat [&hellip;]","og_url":"https:\/\/kuzeyinsesi.org\/index.php\/2024\/09\/19\/2-uluslararasi-muzler-sanat-sempozyumu-kapsaminda-bir-dostluk-yolu-sergisi-aciliyor\/","og_site_name":"Kuzeyin Sesi","article_publisher":"https:\/\/www.facebook.com\/kuzeyinsesii","article_published_time":"2024-09-19T13:28:27+00:00","og_image":[{"url":"https:\/\/brtk.net\/wp-content\/uploads\/2024\/09\/19\/girne-belediyesi6.jpeg?ver=d3b88ce9dbdb6d74bc1bcb58b67efece","type":"","width":"","height":""}],"author":"Kuzeyin Sesi","twitter_card":"summary_large_image","twitter_creator":"@kuzeyinsesii","twitter_site":"@kuzeyinsesii","twitter_misc":{"Yazan:":"Kuzeyin Sesi","Tahmini okuma s\u00fcresi":"1 dakika"},"schema":{"@context":"https:\/\/schema.org","@graph":[{"@type":"Article","@id":"https:\/\/kuzeyinsesi.org\/index.php\/2024\/09\/19\/2-uluslararasi-muzler-sanat-sempozyumu-kapsaminda-bir-dostluk-yolu-sergisi-aciliyor\/#article","isPartOf":{"@id":"https:\/\/kuzeyinsesi.org\/index.php\/2024\/09\/19\/2-uluslararasi-muzler-sanat-sempozyumu-kapsaminda-bir-dostluk-yolu-sergisi-aciliyor\/"},"author":{"name":"Kuzeyin Sesi","@id":"https:\/\/kuzeyinsesi.org\/#\/schema\/person\/9f859689cdf01485597712386e37f5aa"},"headline":"2. Uluslararas\u0131 M\u00dcZler Sanat Sempozyumu kapsam\u0131nda \u201cBir Dostluk Yolu\u201d sergisi a\u00e7\u0131l\u0131yor","datePublished":"2024-09-19T13:28:27+00:00","mainEntityOfPage":{"@id":"https:\/\/kuzeyinsesi.org\/index.php\/2024\/09\/19\/2-uluslararasi-muzler-sanat-sempozyumu-kapsaminda-bir-dostluk-yolu-sergisi-aciliyor\/"},"wordCount":144,"commentCount":0,"image":{"@id":"https:\/\/kuzeyinsesi.org\/index.php\/2024\/09\/19\/2-uluslararasi-muzler-sanat-sempozyumu-kapsaminda-bir-dostluk-yolu-sergisi-aciliyor\/#primaryimage"},"thumbnailUrl":"https:\/\/kuzeyinsesi.org\/wp-content\/uploads\/2024\/09\/girne-belediyesi6.jpeg","articleSection":["Ya\u015fam"],"inLanguage":"tr","potentialAction":[{"@type":"CommentAction","name":"Comment","target":["https:\/\/kuzeyinsesi.org\/index.php\/2024\/09\/19\/2-uluslararasi-muzler-sanat-sempozyumu-kapsaminda-bir-dostluk-yolu-sergisi-aciliyor\/#respond"]}]},{"@type":"WebPage","@id":"https:\/\/kuzeyinsesi.org\/index.php\/2024\/09\/19\/2-uluslararasi-muzler-sanat-sempozyumu-kapsaminda-bir-dostluk-yolu-sergisi-aciliyor\/","url":"https:\/\/kuzeyinsesi.org\/index.php\/2024\/09\/19\/2-uluslararasi-muzler-sanat-sempozyumu-kapsaminda-bir-dostluk-yolu-sergisi-aciliyor\/","name":"2. Uluslararas\u0131 M\u00dcZler Sanat Sempozyumu kapsam\u0131nda \u201cBir Dostluk Yolu\u201d sergisi a\u00e7\u0131l\u0131yor - Kuzeyin Sesi","isPartOf":{"@id":"https:\/\/kuzeyinsesi.org\/#website"},"primaryImageOfPage":{"@id":"https:\/\/kuzeyinsesi.org\/index.php\/2024\/09\/19\/2-uluslararasi-muzler-sanat-sempozyumu-kapsaminda-bir-dostluk-yolu-sergisi-aciliyor\/#primaryimage"},"image":{"@id":"https:\/\/kuzeyinsesi.org\/index.php\/2024\/09\/19\/2-uluslararasi-muzler-sanat-sempozyumu-kapsaminda-bir-dostluk-yolu-sergisi-aciliyor\/#primaryimage"},"thumbnailUrl":"https:\/\/kuzeyinsesi.org\/wp-content\/uploads\/2024\/09\/girne-belediyesi6.jpeg","datePublished":"2024-09-19T13:28:27+00:00","author":{"@id":"https:\/\/kuzeyinsesi.org\/#\/schema\/person\/9f859689cdf01485597712386e37f5aa"},"breadcrumb":{"@id":"https:\/\/kuzeyinsesi.org\/index.php\/2024\/09\/19\/2-uluslararasi-muzler-sanat-sempozyumu-kapsaminda-bir-dostluk-yolu-sergisi-aciliyor\/#breadcrumb"},"inLanguage":"tr","potentialAction":[{"@type":"ReadAction","target":["https:\/\/kuzeyinsesi.org\/index.php\/2024\/09\/19\/2-uluslararasi-muzler-sanat-sempozyumu-kapsaminda-bir-dostluk-yolu-sergisi-aciliyor\/"]}]},{"@type":"ImageObject","inLanguage":"tr","@id":"https:\/\/kuzeyinsesi.org\/index.php\/2024\/09\/19\/2-uluslararasi-muzler-sanat-sempozyumu-kapsaminda-bir-dostluk-yolu-sergisi-aciliyor\/#primaryimage","url":"https:\/\/kuzeyinsesi.org\/wp-content\/uploads\/2024\/09\/girne-belediyesi6.jpeg","contentUrl":"https:\/\/kuzeyinsesi.org\/wp-content\/uploads\/2024\/09\/girne-belediyesi6.jpeg","width":1279,"height":1600},{"@type":"BreadcrumbList","@id":"https:\/\/kuzeyinsesi.org\/index.php\/2024\/09\/19\/2-uluslararasi-muzler-sanat-sempozyumu-kapsaminda-bir-dostluk-yolu-sergisi-aciliyor\/#breadcrumb","itemListElement":[{"@type":"ListItem","position":1,"name":"Anasayfa","item":"https:\/\/kuzeyinsesi.org\/"},{"@type":"ListItem","position":2,"name":"2. Uluslararas\u0131 M\u00dcZler Sanat Sempozyumu kapsam\u0131nda \u201cBir Dostluk Yolu\u201d sergisi a\u00e7\u0131l\u0131yor"}]},{"@type":"WebSite","@id":"https:\/\/kuzeyinsesi.org\/#website","url":"https:\/\/kuzeyinsesi.org\/","name":"Kuzeyin Sesi","description":"Do\u011fru Haberin Adresi","potentialAction":[{"@type":"SearchAction","target":{"@type":"EntryPoint","urlTemplate":"https:\/\/kuzeyinsesi.org\/?s={search_term_string}"},"query-input":{"@type":"PropertyValueSpecification","valueRequired":true,"valueName":"search_term_string"}}],"inLanguage":"tr"},{"@type":"Person","@id":"https:\/\/kuzeyinsesi.org\/#\/schema\/person\/9f859689cdf01485597712386e37f5aa","name":"Kuzeyin Sesi","image":{"@type":"ImageObject","inLanguage":"tr","@id":"https:\/\/secure.gravatar.com\/avatar\/bab33852abfd8b282518d6ed81826833d77c3c882d9ab608add591ccace47a44?s=96&d=mm&r=g","url":"https:\/\/secure.gravatar.com\/avatar\/bab33852abfd8b282518d6ed81826833d77c3c882d9ab608add591ccace47a44?s=96&d=mm&r=g","contentUrl":"https:\/\/secure.gravatar.com\/avatar\/bab33852abfd8b282518d6ed81826833d77c3c882d9ab608add591ccace47a44?s=96&d=mm&r=g","caption":"Kuzeyin Sesi"},"sameAs":["https:\/\/kuzeyinsesi.org"],"url":"https:\/\/kuzeyinsesi.org\/index.php\/author\/guven\/"}]}},"_links":{"self":[{"href":"https:\/\/kuzeyinsesi.org\/index.php\/wp-json\/wp\/v2\/posts\/10025","targetHints":{"allow":["GET"]}}],"collection":[{"href":"https:\/\/kuzeyinsesi.org\/index.php\/wp-json\/wp\/v2\/posts"}],"about":[{"href":"https:\/\/kuzeyinsesi.org\/index.php\/wp-json\/wp\/v2\/types\/post"}],"author":[{"embeddable":true,"href":"https:\/\/kuzeyinsesi.org\/index.php\/wp-json\/wp\/v2\/users\/1"}],"replies":[{"embeddable":true,"href":"https:\/\/kuzeyinsesi.org\/index.php\/wp-json\/wp\/v2\/comments?post=10025"}],"version-history":[{"count":0,"href":"https:\/\/kuzeyinsesi.org\/index.php\/wp-json\/wp\/v2\/posts\/10025\/revisions"}],"wp:featuredmedia":[{"embeddable":true,"href":"https:\/\/kuzeyinsesi.org\/index.php\/wp-json\/wp\/v2\/media\/10026"}],"wp:attachment":[{"href":"https:\/\/kuzeyinsesi.org\/index.php\/wp-json\/wp\/v2\/media?parent=10025"}],"wp:term":[{"taxonomy":"category","embeddable":true,"href":"https:\/\/kuzeyinsesi.org\/index.php\/wp-json\/wp\/v2\/categories?post=10025"},{"taxonomy":"post_tag","embeddable":true,"href":"https:\/\/kuzeyinsesi.org\/index.php\/wp-json\/wp\/v2\/tags?post=10025"}],"curies":[{"name":"wp","href":"https:\/\/api.w.org\/{rel}","templated":true}]}}