{"id":10015,"date":"2024-09-19T15:27:39","date_gmt":"2024-09-19T12:27:39","guid":{"rendered":"https:\/\/kuzeyinsesi.org\/index.php\/2024\/09\/19\/yedidalga-kultur-sanat-festivali-cumartesi-yapiliyor\/"},"modified":"2024-09-19T15:27:39","modified_gmt":"2024-09-19T12:27:39","slug":"yedidalga-kultur-sanat-festivali-cumartesi-yapiliyor","status":"publish","type":"post","link":"https:\/\/kuzeyinsesi.org\/index.php\/2024\/09\/19\/yedidalga-kultur-sanat-festivali-cumartesi-yapiliyor\/","title":{"rendered":"\u201cYedidalga K\u00fclt\u00fcr Sanat Festivali\u201d cumartesi yap\u0131l\u0131yor"},"content":{"rendered":"<div>\n<div class=\"mariselle-image-container none\">\n                                            <\/div>\n<p>\u00a0\u201cYedidalga K\u00fclt\u00fcr Sanat Festivali\u201d cumartesi yap\u0131l\u0131yor.<\/p>\n<p>Ye\u015fil\u0131rmak Yedidalga \u00dcreticiler Birli\u011fi\u00a0Y\u00f6netim Kurulu Ba\u015fkan\u0131\u00a0Cavit Atalar yapt\u0131\u011f\u0131 yaz\u0131l\u0131 a\u00e7\u0131klamada, Festivalin 21 Eyl\u00fcl Cumartesi g\u00fcn\u00fc saat 19.30-23.00 aras\u0131nda Yedidalga\u2019da Soli \u00d6ren yerinde, Yedidalga Folklor Derne\u011fi taraf\u0131ndan ger\u00e7ekle\u015ftirilece\u011fi kaydedildi.<\/p>\n<p>Festival, Ye\u015fil\u0131rmak Yedidalga \u00dcreticiler Birli\u011fi, Lefke Belediyesi, Lefke Avrupa \u00dcniversitesi, Ye\u015fil\u0131rmak ile Yedidalga Muhtarl\u0131klar\u0131, Yedidalga Folklor Derne\u011fi, Ye\u015fil\u0131rmak Bal\u0131k\u00e7\u0131lar Derne\u011fi, Yedidalga Bal\u0131k\u00e7\u0131lar Birli\u011fi,\u00a0 Yedidalga Spor Kul\u00fcb\u00fc, Yedidalga-Denizli Avc\u0131l\u0131k Birli\u011fi , Aspava Spor Kul\u00fcb\u00fc Birli\u011fi ve Heaven Surf Derne\u011fi i\u015fbirli\u011finde, 5 Eyl\u00fcl 1974 Ye\u015fil\u0131rmak B\u00f6lgesi\u2019nin Direni\u015f ve B\u00fct\u00fcnle\u015fme ile Mehmet\u00e7ikle M\u00fccahidin kucakla\u015fmas\u0131n\u0131n ve Kuzey K\u0131br\u0131s T\u00fcrk Cumhuriyeti\u2019nin s\u0131n\u0131rlar\u0131n\u0131n \u00e7izilmesinin 50. Y\u0131ld\u00f6n\u00fcm\u00fc Kutlama etkinlikleri \u00e7er\u00e7evesinde yap\u0131lacak.<\/p>\n<\/p><\/div>\n<p><script async\n                    defer\n                    crossorigin=\"anonymous\"\n                    src=\"https:\/\/connect.facebook.net\/tr_TR\/sdk.js#xfbml=1&#038;version=v3.3\"\n            ><\/script><\/p>\n","protected":false},"excerpt":{"rendered":"<p>\u00a0\u201cYedidalga K\u00fclt\u00fcr Sanat Festivali\u201d cumartesi yap\u0131l\u0131yor. Ye\u015fil\u0131rmak Yedidalga \u00dcreticiler Birli\u011fi\u00a0Y\u00f6netim Kurulu Ba\u015fkan\u0131\u00a0Cavit Atalar yapt\u0131\u011f\u0131 yaz\u0131l\u0131 a\u00e7\u0131klamada, Festivalin 21 Eyl\u00fcl Cumartesi g\u00fcn\u00fc saat 19.30-23.00 aras\u0131nda Yedidalga\u2019da Soli \u00d6ren yerinde, Yedidalga Folklor Derne\u011fi taraf\u0131ndan ger\u00e7ekle\u015ftirilece\u011fi kaydedildi. Festival, Ye\u015fil\u0131rmak Yedidalga \u00dcreticiler Birli\u011fi, Lefke Belediyesi, Lefke Avrupa \u00dcniversitesi, Ye\u015fil\u0131rmak ile Yedidalga Muhtarl\u0131klar\u0131, Yedidalga Folklor Derne\u011fi, Ye\u015fil\u0131rmak Bal\u0131k\u00e7\u0131lar Derne\u011fi, Yedidalga [&hellip;]<\/p>\n","protected":false},"author":1,"featured_media":10016,"comment_status":"open","ping_status":"open","sticky":false,"template":"","format":"standard","meta":{"jnews-multi-image_gallery":[],"jnews_single_post":[],"jnews_primary_category":[],"jnews_social_meta":[],"jnews_override_counter":[],"footnotes":""},"categories":[6],"tags":[],"class_list":["post-10015","post","type-post","status-publish","format-standard","has-post-thumbnail","hentry","category-yasam"],"yoast_head":"<!-- This site is optimized with the Yoast SEO plugin v27.5 - https:\/\/yoast.com\/product\/yoast-seo-wordpress\/ -->\n<title>\u201cYedidalga K\u00fclt\u00fcr Sanat Festivali\u201d cumartesi yap\u0131l\u0131yor - Kuzeyin Sesi<\/title>\n<meta name=\"robots\" content=\"index, follow, max-snippet:-1, max-image-preview:large, max-video-preview:-1\" \/>\n<link rel=\"canonical\" href=\"https:\/\/kuzeyinsesi.org\/index.php\/2024\/09\/19\/yedidalga-kultur-sanat-festivali-cumartesi-yapiliyor\/\" \/>\n<meta property=\"og:locale\" content=\"tr_TR\" \/>\n<meta property=\"og:type\" content=\"article\" \/>\n<meta property=\"og:title\" content=\"\u201cYedidalga K\u00fclt\u00fcr Sanat Festivali\u201d cumartesi yap\u0131l\u0131yor - Kuzeyin Sesi\" \/>\n<meta property=\"og:description\" content=\"\u00a0\u201cYedidalga K\u00fclt\u00fcr Sanat Festivali\u201d cumartesi yap\u0131l\u0131yor. Ye\u015fil\u0131rmak Yedidalga \u00dcreticiler Birli\u011fi\u00a0Y\u00f6netim Kurulu Ba\u015fkan\u0131\u00a0Cavit Atalar yapt\u0131\u011f\u0131 yaz\u0131l\u0131 a\u00e7\u0131klamada, Festivalin 21 Eyl\u00fcl Cumartesi g\u00fcn\u00fc saat 19.30-23.00 aras\u0131nda Yedidalga\u2019da Soli \u00d6ren yerinde, Yedidalga Folklor Derne\u011fi taraf\u0131ndan ger\u00e7ekle\u015ftirilece\u011fi kaydedildi. Festival, Ye\u015fil\u0131rmak Yedidalga \u00dcreticiler Birli\u011fi, Lefke Belediyesi, Lefke Avrupa \u00dcniversitesi, Ye\u015fil\u0131rmak ile Yedidalga Muhtarl\u0131klar\u0131, Yedidalga Folklor Derne\u011fi, Ye\u015fil\u0131rmak Bal\u0131k\u00e7\u0131lar Derne\u011fi, Yedidalga [&hellip;]\" \/>\n<meta property=\"og:url\" content=\"https:\/\/kuzeyinsesi.org\/index.php\/2024\/09\/19\/yedidalga-kultur-sanat-festivali-cumartesi-yapiliyor\/\" \/>\n<meta property=\"og:site_name\" content=\"Kuzeyin Sesi\" \/>\n<meta property=\"article:publisher\" content=\"https:\/\/www.facebook.com\/kuzeyinsesii\" \/>\n<meta property=\"article:published_time\" content=\"2024-09-19T12:27:39+00:00\" \/>\n<meta property=\"og:image\" content=\"https:\/\/brtk.net\/wp-content\/uploads\/2024\/09\/19\/cavit-atalar-yedidalga-kultur-sanat-festivali.jpg?ver=95032baade78f2156122835b643982ab\" \/>\n<meta name=\"author\" content=\"Kuzeyin Sesi\" \/>\n<meta name=\"twitter:card\" content=\"summary_large_image\" \/>\n<meta name=\"twitter:creator\" content=\"@kuzeyinsesii\" \/>\n<meta name=\"twitter:site\" content=\"@kuzeyinsesii\" \/>\n<meta name=\"twitter:label1\" content=\"Yazan:\" \/>\n\t<meta name=\"twitter:data1\" content=\"Kuzeyin Sesi\" \/>\n\t<meta name=\"twitter:label2\" content=\"Tahmini okuma s\u00fcresi\" \/>\n\t<meta name=\"twitter:data2\" content=\"1 dakika\" \/>\n<script type=\"application\/ld+json\" class=\"yoast-schema-graph\">{\"@context\":\"https:\\\/\\\/schema.org\",\"@graph\":[{\"@type\":\"Article\",\"@id\":\"https:\\\/\\\/kuzeyinsesi.org\\\/index.php\\\/2024\\\/09\\\/19\\\/yedidalga-kultur-sanat-festivali-cumartesi-yapiliyor\\\/#article\",\"isPartOf\":{\"@id\":\"https:\\\/\\\/kuzeyinsesi.org\\\/index.php\\\/2024\\\/09\\\/19\\\/yedidalga-kultur-sanat-festivali-cumartesi-yapiliyor\\\/\"},\"author\":{\"name\":\"Kuzeyin Sesi\",\"@id\":\"https:\\\/\\\/kuzeyinsesi.org\\\/#\\\/schema\\\/person\\\/9f859689cdf01485597712386e37f5aa\"},\"headline\":\"\u201cYedidalga K\u00fclt\u00fcr Sanat Festivali\u201d cumartesi yap\u0131l\u0131yor\",\"datePublished\":\"2024-09-19T12:27:39+00:00\",\"mainEntityOfPage\":{\"@id\":\"https:\\\/\\\/kuzeyinsesi.org\\\/index.php\\\/2024\\\/09\\\/19\\\/yedidalga-kultur-sanat-festivali-cumartesi-yapiliyor\\\/\"},\"wordCount\":175,\"commentCount\":0,\"image\":{\"@id\":\"https:\\\/\\\/kuzeyinsesi.org\\\/index.php\\\/2024\\\/09\\\/19\\\/yedidalga-kultur-sanat-festivali-cumartesi-yapiliyor\\\/#primaryimage\"},\"thumbnailUrl\":\"https:\\\/\\\/kuzeyinsesi.org\\\/wp-content\\\/uploads\\\/2024\\\/09\\\/cavit-atalar-yedidalga-kultur-sanat-festivali.jpg\",\"articleSection\":[\"Ya\u015fam\"],\"inLanguage\":\"tr\",\"potentialAction\":[{\"@type\":\"CommentAction\",\"name\":\"Comment\",\"target\":[\"https:\\\/\\\/kuzeyinsesi.org\\\/index.php\\\/2024\\\/09\\\/19\\\/yedidalga-kultur-sanat-festivali-cumartesi-yapiliyor\\\/#respond\"]}]},{\"@type\":\"WebPage\",\"@id\":\"https:\\\/\\\/kuzeyinsesi.org\\\/index.php\\\/2024\\\/09\\\/19\\\/yedidalga-kultur-sanat-festivali-cumartesi-yapiliyor\\\/\",\"url\":\"https:\\\/\\\/kuzeyinsesi.org\\\/index.php\\\/2024\\\/09\\\/19\\\/yedidalga-kultur-sanat-festivali-cumartesi-yapiliyor\\\/\",\"name\":\"\u201cYedidalga K\u00fclt\u00fcr Sanat Festivali\u201d cumartesi yap\u0131l\u0131yor - Kuzeyin Sesi\",\"isPartOf\":{\"@id\":\"https:\\\/\\\/kuzeyinsesi.org\\\/#website\"},\"primaryImageOfPage\":{\"@id\":\"https:\\\/\\\/kuzeyinsesi.org\\\/index.php\\\/2024\\\/09\\\/19\\\/yedidalga-kultur-sanat-festivali-cumartesi-yapiliyor\\\/#primaryimage\"},\"image\":{\"@id\":\"https:\\\/\\\/kuzeyinsesi.org\\\/index.php\\\/2024\\\/09\\\/19\\\/yedidalga-kultur-sanat-festivali-cumartesi-yapiliyor\\\/#primaryimage\"},\"thumbnailUrl\":\"https:\\\/\\\/kuzeyinsesi.org\\\/wp-content\\\/uploads\\\/2024\\\/09\\\/cavit-atalar-yedidalga-kultur-sanat-festivali.jpg\",\"datePublished\":\"2024-09-19T12:27:39+00:00\",\"author\":{\"@id\":\"https:\\\/\\\/kuzeyinsesi.org\\\/#\\\/schema\\\/person\\\/9f859689cdf01485597712386e37f5aa\"},\"breadcrumb\":{\"@id\":\"https:\\\/\\\/kuzeyinsesi.org\\\/index.php\\\/2024\\\/09\\\/19\\\/yedidalga-kultur-sanat-festivali-cumartesi-yapiliyor\\\/#breadcrumb\"},\"inLanguage\":\"tr\",\"potentialAction\":[{\"@type\":\"ReadAction\",\"target\":[\"https:\\\/\\\/kuzeyinsesi.org\\\/index.php\\\/2024\\\/09\\\/19\\\/yedidalga-kultur-sanat-festivali-cumartesi-yapiliyor\\\/\"]}]},{\"@type\":\"ImageObject\",\"inLanguage\":\"tr\",\"@id\":\"https:\\\/\\\/kuzeyinsesi.org\\\/index.php\\\/2024\\\/09\\\/19\\\/yedidalga-kultur-sanat-festivali-cumartesi-yapiliyor\\\/#primaryimage\",\"url\":\"https:\\\/\\\/kuzeyinsesi.org\\\/wp-content\\\/uploads\\\/2024\\\/09\\\/cavit-atalar-yedidalga-kultur-sanat-festivali.jpg\",\"contentUrl\":\"https:\\\/\\\/kuzeyinsesi.org\\\/wp-content\\\/uploads\\\/2024\\\/09\\\/cavit-atalar-yedidalga-kultur-sanat-festivali.jpg\",\"width\":960,\"height\":1344},{\"@type\":\"BreadcrumbList\",\"@id\":\"https:\\\/\\\/kuzeyinsesi.org\\\/index.php\\\/2024\\\/09\\\/19\\\/yedidalga-kultur-sanat-festivali-cumartesi-yapiliyor\\\/#breadcrumb\",\"itemListElement\":[{\"@type\":\"ListItem\",\"position\":1,\"name\":\"Anasayfa\",\"item\":\"https:\\\/\\\/kuzeyinsesi.org\\\/\"},{\"@type\":\"ListItem\",\"position\":2,\"name\":\"\u201cYedidalga K\u00fclt\u00fcr Sanat Festivali\u201d cumartesi yap\u0131l\u0131yor\"}]},{\"@type\":\"WebSite\",\"@id\":\"https:\\\/\\\/kuzeyinsesi.org\\\/#website\",\"url\":\"https:\\\/\\\/kuzeyinsesi.org\\\/\",\"name\":\"Kuzeyin Sesi\",\"description\":\"Do\u011fru Haberin Adresi\",\"potentialAction\":[{\"@type\":\"SearchAction\",\"target\":{\"@type\":\"EntryPoint\",\"urlTemplate\":\"https:\\\/\\\/kuzeyinsesi.org\\\/?s={search_term_string}\"},\"query-input\":{\"@type\":\"PropertyValueSpecification\",\"valueRequired\":true,\"valueName\":\"search_term_string\"}}],\"inLanguage\":\"tr\"},{\"@type\":\"Person\",\"@id\":\"https:\\\/\\\/kuzeyinsesi.org\\\/#\\\/schema\\\/person\\\/9f859689cdf01485597712386e37f5aa\",\"name\":\"Kuzeyin Sesi\",\"image\":{\"@type\":\"ImageObject\",\"inLanguage\":\"tr\",\"@id\":\"https:\\\/\\\/secure.gravatar.com\\\/avatar\\\/bab33852abfd8b282518d6ed81826833d77c3c882d9ab608add591ccace47a44?s=96&d=mm&r=g\",\"url\":\"https:\\\/\\\/secure.gravatar.com\\\/avatar\\\/bab33852abfd8b282518d6ed81826833d77c3c882d9ab608add591ccace47a44?s=96&d=mm&r=g\",\"contentUrl\":\"https:\\\/\\\/secure.gravatar.com\\\/avatar\\\/bab33852abfd8b282518d6ed81826833d77c3c882d9ab608add591ccace47a44?s=96&d=mm&r=g\",\"caption\":\"Kuzeyin Sesi\"},\"sameAs\":[\"https:\\\/\\\/kuzeyinsesi.org\"],\"url\":\"https:\\\/\\\/kuzeyinsesi.org\\\/index.php\\\/author\\\/guven\\\/\"}]}<\/script>\n<!-- \/ Yoast SEO plugin. -->","yoast_head_json":{"title":"\u201cYedidalga K\u00fclt\u00fcr Sanat Festivali\u201d cumartesi yap\u0131l\u0131yor - Kuzeyin Sesi","robots":{"index":"index","follow":"follow","max-snippet":"max-snippet:-1","max-image-preview":"max-image-preview:large","max-video-preview":"max-video-preview:-1"},"canonical":"https:\/\/kuzeyinsesi.org\/index.php\/2024\/09\/19\/yedidalga-kultur-sanat-festivali-cumartesi-yapiliyor\/","og_locale":"tr_TR","og_type":"article","og_title":"\u201cYedidalga K\u00fclt\u00fcr Sanat Festivali\u201d cumartesi yap\u0131l\u0131yor - Kuzeyin Sesi","og_description":"\u00a0\u201cYedidalga K\u00fclt\u00fcr Sanat Festivali\u201d cumartesi yap\u0131l\u0131yor. Ye\u015fil\u0131rmak Yedidalga \u00dcreticiler Birli\u011fi\u00a0Y\u00f6netim Kurulu Ba\u015fkan\u0131\u00a0Cavit Atalar yapt\u0131\u011f\u0131 yaz\u0131l\u0131 a\u00e7\u0131klamada, Festivalin 21 Eyl\u00fcl Cumartesi g\u00fcn\u00fc saat 19.30-23.00 aras\u0131nda Yedidalga\u2019da Soli \u00d6ren yerinde, Yedidalga Folklor Derne\u011fi taraf\u0131ndan ger\u00e7ekle\u015ftirilece\u011fi kaydedildi. Festival, Ye\u015fil\u0131rmak Yedidalga \u00dcreticiler Birli\u011fi, Lefke Belediyesi, Lefke Avrupa \u00dcniversitesi, Ye\u015fil\u0131rmak ile Yedidalga Muhtarl\u0131klar\u0131, Yedidalga Folklor Derne\u011fi, Ye\u015fil\u0131rmak Bal\u0131k\u00e7\u0131lar Derne\u011fi, Yedidalga [&hellip;]","og_url":"https:\/\/kuzeyinsesi.org\/index.php\/2024\/09\/19\/yedidalga-kultur-sanat-festivali-cumartesi-yapiliyor\/","og_site_name":"Kuzeyin Sesi","article_publisher":"https:\/\/www.facebook.com\/kuzeyinsesii","article_published_time":"2024-09-19T12:27:39+00:00","og_image":[{"url":"https:\/\/brtk.net\/wp-content\/uploads\/2024\/09\/19\/cavit-atalar-yedidalga-kultur-sanat-festivali.jpg?ver=95032baade78f2156122835b643982ab","type":"","width":"","height":""}],"author":"Kuzeyin Sesi","twitter_card":"summary_large_image","twitter_creator":"@kuzeyinsesii","twitter_site":"@kuzeyinsesii","twitter_misc":{"Yazan:":"Kuzeyin Sesi","Tahmini okuma s\u00fcresi":"1 dakika"},"schema":{"@context":"https:\/\/schema.org","@graph":[{"@type":"Article","@id":"https:\/\/kuzeyinsesi.org\/index.php\/2024\/09\/19\/yedidalga-kultur-sanat-festivali-cumartesi-yapiliyor\/#article","isPartOf":{"@id":"https:\/\/kuzeyinsesi.org\/index.php\/2024\/09\/19\/yedidalga-kultur-sanat-festivali-cumartesi-yapiliyor\/"},"author":{"name":"Kuzeyin Sesi","@id":"https:\/\/kuzeyinsesi.org\/#\/schema\/person\/9f859689cdf01485597712386e37f5aa"},"headline":"\u201cYedidalga K\u00fclt\u00fcr Sanat Festivali\u201d cumartesi yap\u0131l\u0131yor","datePublished":"2024-09-19T12:27:39+00:00","mainEntityOfPage":{"@id":"https:\/\/kuzeyinsesi.org\/index.php\/2024\/09\/19\/yedidalga-kultur-sanat-festivali-cumartesi-yapiliyor\/"},"wordCount":175,"commentCount":0,"image":{"@id":"https:\/\/kuzeyinsesi.org\/index.php\/2024\/09\/19\/yedidalga-kultur-sanat-festivali-cumartesi-yapiliyor\/#primaryimage"},"thumbnailUrl":"https:\/\/kuzeyinsesi.org\/wp-content\/uploads\/2024\/09\/cavit-atalar-yedidalga-kultur-sanat-festivali.jpg","articleSection":["Ya\u015fam"],"inLanguage":"tr","potentialAction":[{"@type":"CommentAction","name":"Comment","target":["https:\/\/kuzeyinsesi.org\/index.php\/2024\/09\/19\/yedidalga-kultur-sanat-festivali-cumartesi-yapiliyor\/#respond"]}]},{"@type":"WebPage","@id":"https:\/\/kuzeyinsesi.org\/index.php\/2024\/09\/19\/yedidalga-kultur-sanat-festivali-cumartesi-yapiliyor\/","url":"https:\/\/kuzeyinsesi.org\/index.php\/2024\/09\/19\/yedidalga-kultur-sanat-festivali-cumartesi-yapiliyor\/","name":"\u201cYedidalga K\u00fclt\u00fcr Sanat Festivali\u201d cumartesi yap\u0131l\u0131yor - Kuzeyin Sesi","isPartOf":{"@id":"https:\/\/kuzeyinsesi.org\/#website"},"primaryImageOfPage":{"@id":"https:\/\/kuzeyinsesi.org\/index.php\/2024\/09\/19\/yedidalga-kultur-sanat-festivali-cumartesi-yapiliyor\/#primaryimage"},"image":{"@id":"https:\/\/kuzeyinsesi.org\/index.php\/2024\/09\/19\/yedidalga-kultur-sanat-festivali-cumartesi-yapiliyor\/#primaryimage"},"thumbnailUrl":"https:\/\/kuzeyinsesi.org\/wp-content\/uploads\/2024\/09\/cavit-atalar-yedidalga-kultur-sanat-festivali.jpg","datePublished":"2024-09-19T12:27:39+00:00","author":{"@id":"https:\/\/kuzeyinsesi.org\/#\/schema\/person\/9f859689cdf01485597712386e37f5aa"},"breadcrumb":{"@id":"https:\/\/kuzeyinsesi.org\/index.php\/2024\/09\/19\/yedidalga-kultur-sanat-festivali-cumartesi-yapiliyor\/#breadcrumb"},"inLanguage":"tr","potentialAction":[{"@type":"ReadAction","target":["https:\/\/kuzeyinsesi.org\/index.php\/2024\/09\/19\/yedidalga-kultur-sanat-festivali-cumartesi-yapiliyor\/"]}]},{"@type":"ImageObject","inLanguage":"tr","@id":"https:\/\/kuzeyinsesi.org\/index.php\/2024\/09\/19\/yedidalga-kultur-sanat-festivali-cumartesi-yapiliyor\/#primaryimage","url":"https:\/\/kuzeyinsesi.org\/wp-content\/uploads\/2024\/09\/cavit-atalar-yedidalga-kultur-sanat-festivali.jpg","contentUrl":"https:\/\/kuzeyinsesi.org\/wp-content\/uploads\/2024\/09\/cavit-atalar-yedidalga-kultur-sanat-festivali.jpg","width":960,"height":1344},{"@type":"BreadcrumbList","@id":"https:\/\/kuzeyinsesi.org\/index.php\/2024\/09\/19\/yedidalga-kultur-sanat-festivali-cumartesi-yapiliyor\/#breadcrumb","itemListElement":[{"@type":"ListItem","position":1,"name":"Anasayfa","item":"https:\/\/kuzeyinsesi.org\/"},{"@type":"ListItem","position":2,"name":"\u201cYedidalga K\u00fclt\u00fcr Sanat Festivali\u201d cumartesi yap\u0131l\u0131yor"}]},{"@type":"WebSite","@id":"https:\/\/kuzeyinsesi.org\/#website","url":"https:\/\/kuzeyinsesi.org\/","name":"Kuzeyin Sesi","description":"Do\u011fru Haberin Adresi","potentialAction":[{"@type":"SearchAction","target":{"@type":"EntryPoint","urlTemplate":"https:\/\/kuzeyinsesi.org\/?s={search_term_string}"},"query-input":{"@type":"PropertyValueSpecification","valueRequired":true,"valueName":"search_term_string"}}],"inLanguage":"tr"},{"@type":"Person","@id":"https:\/\/kuzeyinsesi.org\/#\/schema\/person\/9f859689cdf01485597712386e37f5aa","name":"Kuzeyin Sesi","image":{"@type":"ImageObject","inLanguage":"tr","@id":"https:\/\/secure.gravatar.com\/avatar\/bab33852abfd8b282518d6ed81826833d77c3c882d9ab608add591ccace47a44?s=96&d=mm&r=g","url":"https:\/\/secure.gravatar.com\/avatar\/bab33852abfd8b282518d6ed81826833d77c3c882d9ab608add591ccace47a44?s=96&d=mm&r=g","contentUrl":"https:\/\/secure.gravatar.com\/avatar\/bab33852abfd8b282518d6ed81826833d77c3c882d9ab608add591ccace47a44?s=96&d=mm&r=g","caption":"Kuzeyin Sesi"},"sameAs":["https:\/\/kuzeyinsesi.org"],"url":"https:\/\/kuzeyinsesi.org\/index.php\/author\/guven\/"}]}},"_links":{"self":[{"href":"https:\/\/kuzeyinsesi.org\/index.php\/wp-json\/wp\/v2\/posts\/10015","targetHints":{"allow":["GET"]}}],"collection":[{"href":"https:\/\/kuzeyinsesi.org\/index.php\/wp-json\/wp\/v2\/posts"}],"about":[{"href":"https:\/\/kuzeyinsesi.org\/index.php\/wp-json\/wp\/v2\/types\/post"}],"author":[{"embeddable":true,"href":"https:\/\/kuzeyinsesi.org\/index.php\/wp-json\/wp\/v2\/users\/1"}],"replies":[{"embeddable":true,"href":"https:\/\/kuzeyinsesi.org\/index.php\/wp-json\/wp\/v2\/comments?post=10015"}],"version-history":[{"count":0,"href":"https:\/\/kuzeyinsesi.org\/index.php\/wp-json\/wp\/v2\/posts\/10015\/revisions"}],"wp:featuredmedia":[{"embeddable":true,"href":"https:\/\/kuzeyinsesi.org\/index.php\/wp-json\/wp\/v2\/media\/10016"}],"wp:attachment":[{"href":"https:\/\/kuzeyinsesi.org\/index.php\/wp-json\/wp\/v2\/media?parent=10015"}],"wp:term":[{"taxonomy":"category","embeddable":true,"href":"https:\/\/kuzeyinsesi.org\/index.php\/wp-json\/wp\/v2\/categories?post=10015"},{"taxonomy":"post_tag","embeddable":true,"href":"https:\/\/kuzeyinsesi.org\/index.php\/wp-json\/wp\/v2\/tags?post=10015"}],"curies":[{"name":"wp","href":"https:\/\/api.w.org\/{rel}","templated":true}]}}