{"id":10009,"date":"2024-09-19T13:56:36","date_gmt":"2024-09-19T10:56:36","guid":{"rendered":"https:\/\/kuzeyinsesi.org\/index.php\/2024\/09\/19\/aoa-ve-kutuphane-kulubu-cumhurbaskanligi-millet-kutuphanesine-kitap-bagisinda-bulundu\/"},"modified":"2024-09-19T13:56:36","modified_gmt":"2024-09-19T10:56:36","slug":"aoa-ve-kutuphane-kulubu-cumhurbaskanligi-millet-kutuphanesine-kitap-bagisinda-bulundu","status":"publish","type":"post","link":"https:\/\/kuzeyinsesi.org\/index.php\/2024\/09\/19\/aoa-ve-kutuphane-kulubu-cumhurbaskanligi-millet-kutuphanesine-kitap-bagisinda-bulundu\/","title":{"rendered":"A\u00d6A ve K\u00fct\u00fcphane Kul\u00fcb\u00fc Cumhurba\u015fkanl\u0131\u011f\u0131 Millet K\u00fct\u00fcphanesi\u2019ne kitap ba\u011f\u0131\u015f\u0131nda bulundu"},"content":{"rendered":"<div>\n<div class=\"mariselle-image-container none\">\n                                            <\/div>\n<p style=\"font-weight: 300;\">Atat\u00fcrk \u00d6\u011fretmen Akademisi (A\u00d6A) K\u00fct\u00fcphane Birimi ve A\u00d6A K\u00fct\u00fcphane Kul\u00fcb\u00fc, Ankara\u2019da TC Cumhurba\u015fkanl\u0131\u011f\u0131 Millet K\u00fct\u00fcphanesi\u2019ne kitap ba\u011f\u0131\u015f\u0131nda bulundu.<\/p>\n<p style=\"font-weight: 300;\"><span style=\"font-weight: 300 !important;\">\u00a0<\/span><span style=\"font-weight: 300 !important;\">A\u00d6A\u2019dan verilen bilgiye g\u00f6re, \u201cK\u00fct\u00fcphanelere Gezi, G\u00f6zlem ve K\u0131br\u0131s Kitaplar\u0131 Ba\u011f\u0131\u015f\u0131 Projesi kapsam\u0131nda d\u00fczenlenen Ankara ziyaretinde, A\u00d6A ve A\u00d6A K\u00fct\u00fcphane Kul\u00fcb\u00fc temsilcileri, 11 Eyl\u00fcl\u2019de Cumhurba\u015fkanl\u0131\u011f\u0131 Millet K\u00fct\u00fcphanesi\u2019ni ziyaret etti. K\u00fct\u00fcphanenin Ba\u015fkan\u0131 Ayhan Tu\u011flu ile bir araya gelinen ziyarette Cumhurba\u015fkanl\u0131\u011f\u0131 Millet K\u00fct\u00fcphanesi\u2019ne K\u0131br\u0131s T\u00fcrk tarihini, k\u00fclt\u00fcr\u00fcn\u00fc, edebiyat\u0131n\u0131, gelenek ve g\u00f6reneklerini anlatan \u00e7e\u015fitli yazarlara ait kitaplar ba\u011f\u0131\u015fland\u0131.<\/span><\/p>\n<p style=\"font-weight: 300;\"><span style=\"font-weight: 300 !important;\">D\u00fcnyan\u0131n en b\u00fcy\u00fck ve en iyi 20 k\u00fct\u00fcphanesi aras\u0131nda yer alan Cumhurba\u015fkanl\u0131\u011f\u0131 Millet K\u00fct\u00fcphanesi\u2019ni ziyaret esnas\u0131nda T\u00fcrkiye Cumhuriyeti\u2019nin 100. y\u0131l d\u00f6n\u00fcm\u00fc etkinlikleri kapsam\u0131nda Sel\u00e7uklu M\u00fcze ve Sergi Salonu\u2019nda olu\u015fturulan, \u201cFatih Sultan Mehmet Sergisi\u201d de gezildi.<\/span><\/p>\n<p style=\"font-weight: 300;\"><span style=\"font-weight: 300 !important;\">A\u00d6A kafilesi, Ankara\u2019da T\u00fcrkiye Gen\u00e7lik ve Spor Bakanl\u0131\u011f\u0131 Bakan Yard\u0131mc\u0131s\u0131 Dr. Enes Emino\u011flu, T\u00fcrk Dil Kurumu Ba\u015fkan Yard\u0131mc\u0131s\u0131 Do\u00e7. Dr. Harun \u015eahin, Ankara Devlet Resim ve Heykel M\u00fczesi, Cin Ali M\u00fczesi ve Cin Ali K\u00fct\u00fcphanesi, Kelime M\u00fczesi ve G\u00f6kyay Vakf\u0131 Satran\u00e7 M\u00fczesini de ziyaret etti.<\/span><\/p>\n<p style=\"font-weight: 300;\"><span style=\"font-weight: 300 !important;\">A\u00d6A Y\u00f6netim Kurulu ve A\u00d6A Ba\u015fkanl\u0131\u011f\u0131, T\u00fcrkiye Gen\u00e7lik ve Spor Bakanl\u0131\u011f\u0131, T\u00fcrkiye Gen\u00e7lik ve Spor Bakanl\u0131\u011f\u0131 KKTC Koordinat\u00f6r\u00fc Mithat Tek\u00e7am\u2019\u0131n destekleri ile hayata ge\u00e7irilen projede Cumhurba\u015fkanl\u0131\u011f\u0131, Milli Ar\u015fiv ve Ara\u015ft\u0131rma Dairesi, K\u00fclt\u00fcr Dairesi ve Ara\u015ft\u0131rmac\u0131 Yazar Prof. Dr. \u015eevket \u00d6znur taraf\u0131ndan sa\u011flanan kitaplar ba\u011f\u0131\u015fland\u0131.<\/span><\/p>\n<p>\u00a0<\/p>\n<p>TAK\/BRT<\/p>\n<\/p><\/div>\n<p><script async\n                    defer\n                    crossorigin=\"anonymous\"\n                    src=\"https:\/\/connect.facebook.net\/tr_TR\/sdk.js#xfbml=1&#038;version=v3.3\"\n            ><\/script><\/p>\n","protected":false},"excerpt":{"rendered":"<p>Atat\u00fcrk \u00d6\u011fretmen Akademisi (A\u00d6A) K\u00fct\u00fcphane Birimi ve A\u00d6A K\u00fct\u00fcphane Kul\u00fcb\u00fc, Ankara\u2019da TC Cumhurba\u015fkanl\u0131\u011f\u0131 Millet K\u00fct\u00fcphanesi\u2019ne kitap ba\u011f\u0131\u015f\u0131nda bulundu. \u00a0A\u00d6A\u2019dan verilen bilgiye g\u00f6re, \u201cK\u00fct\u00fcphanelere Gezi, G\u00f6zlem ve K\u0131br\u0131s Kitaplar\u0131 Ba\u011f\u0131\u015f\u0131 Projesi kapsam\u0131nda d\u00fczenlenen Ankara ziyaretinde, A\u00d6A ve A\u00d6A K\u00fct\u00fcphane Kul\u00fcb\u00fc temsilcileri, 11 Eyl\u00fcl\u2019de Cumhurba\u015fkanl\u0131\u011f\u0131 Millet K\u00fct\u00fcphanesi\u2019ni ziyaret etti. K\u00fct\u00fcphanenin Ba\u015fkan\u0131 Ayhan Tu\u011flu ile bir araya gelinen [&hellip;]<\/p>\n","protected":false},"author":1,"featured_media":10010,"comment_status":"open","ping_status":"open","sticky":false,"template":"","format":"standard","meta":{"jnews-multi-image_gallery":[],"jnews_single_post":[],"jnews_primary_category":[],"jnews_social_meta":[],"jnews_override_counter":[],"footnotes":""},"categories":[5],"tags":[],"class_list":["post-10009","post","type-post","status-publish","format-standard","has-post-thumbnail","hentry","category-turkiye"],"yoast_head":"<!-- This site is optimized with the Yoast SEO plugin v27.4 - https:\/\/yoast.com\/product\/yoast-seo-wordpress\/ -->\n<title>A\u00d6A ve K\u00fct\u00fcphane Kul\u00fcb\u00fc Cumhurba\u015fkanl\u0131\u011f\u0131 Millet K\u00fct\u00fcphanesi\u2019ne kitap ba\u011f\u0131\u015f\u0131nda bulundu - Kuzeyin Sesi<\/title>\n<meta name=\"robots\" content=\"index, follow, max-snippet:-1, max-image-preview:large, max-video-preview:-1\" \/>\n<link rel=\"canonical\" href=\"https:\/\/kuzeyinsesi.org\/index.php\/2024\/09\/19\/aoa-ve-kutuphane-kulubu-cumhurbaskanligi-millet-kutuphanesine-kitap-bagisinda-bulundu\/\" \/>\n<meta property=\"og:locale\" content=\"tr_TR\" \/>\n<meta property=\"og:type\" content=\"article\" \/>\n<meta property=\"og:title\" content=\"A\u00d6A ve K\u00fct\u00fcphane Kul\u00fcb\u00fc Cumhurba\u015fkanl\u0131\u011f\u0131 Millet K\u00fct\u00fcphanesi\u2019ne kitap ba\u011f\u0131\u015f\u0131nda bulundu - Kuzeyin Sesi\" \/>\n<meta property=\"og:description\" content=\"Atat\u00fcrk \u00d6\u011fretmen Akademisi (A\u00d6A) K\u00fct\u00fcphane Birimi ve A\u00d6A K\u00fct\u00fcphane Kul\u00fcb\u00fc, Ankara\u2019da TC Cumhurba\u015fkanl\u0131\u011f\u0131 Millet K\u00fct\u00fcphanesi\u2019ne kitap ba\u011f\u0131\u015f\u0131nda bulundu. \u00a0A\u00d6A\u2019dan verilen bilgiye g\u00f6re, \u201cK\u00fct\u00fcphanelere Gezi, G\u00f6zlem ve K\u0131br\u0131s Kitaplar\u0131 Ba\u011f\u0131\u015f\u0131 Projesi kapsam\u0131nda d\u00fczenlenen Ankara ziyaretinde, A\u00d6A ve A\u00d6A K\u00fct\u00fcphane Kul\u00fcb\u00fc temsilcileri, 11 Eyl\u00fcl\u2019de Cumhurba\u015fkanl\u0131\u011f\u0131 Millet K\u00fct\u00fcphanesi\u2019ni ziyaret etti. K\u00fct\u00fcphanenin Ba\u015fkan\u0131 Ayhan Tu\u011flu ile bir araya gelinen [&hellip;]\" \/>\n<meta property=\"og:url\" content=\"https:\/\/kuzeyinsesi.org\/index.php\/2024\/09\/19\/aoa-ve-kutuphane-kulubu-cumhurbaskanligi-millet-kutuphanesine-kitap-bagisinda-bulundu\/\" \/>\n<meta property=\"og:site_name\" content=\"Kuzeyin Sesi\" \/>\n<meta property=\"article:publisher\" content=\"https:\/\/www.facebook.com\/kuzeyinsesii\" \/>\n<meta property=\"article:published_time\" content=\"2024-09-19T10:56:36+00:00\" \/>\n<meta property=\"og:image\" content=\"https:\/\/brtk.net\/wp-content\/uploads\/2024\/09\/19\/aoa-1-.jpg?ver=45ec8844d8beeb713418a78a4483041f\" \/>\n<meta name=\"author\" content=\"Kuzeyin Sesi\" \/>\n<meta name=\"twitter:card\" content=\"summary_large_image\" \/>\n<meta name=\"twitter:creator\" content=\"@kuzeyinsesii\" \/>\n<meta name=\"twitter:site\" content=\"@kuzeyinsesii\" \/>\n<meta name=\"twitter:label1\" content=\"Yazan:\" \/>\n\t<meta name=\"twitter:data1\" content=\"Kuzeyin Sesi\" \/>\n\t<meta name=\"twitter:label2\" content=\"Tahmini okuma s\u00fcresi\" \/>\n\t<meta name=\"twitter:data2\" content=\"2 dakika\" \/>\n<script type=\"application\/ld+json\" class=\"yoast-schema-graph\">{\"@context\":\"https:\\\/\\\/schema.org\",\"@graph\":[{\"@type\":\"Article\",\"@id\":\"https:\\\/\\\/kuzeyinsesi.org\\\/index.php\\\/2024\\\/09\\\/19\\\/aoa-ve-kutuphane-kulubu-cumhurbaskanligi-millet-kutuphanesine-kitap-bagisinda-bulundu\\\/#article\",\"isPartOf\":{\"@id\":\"https:\\\/\\\/kuzeyinsesi.org\\\/index.php\\\/2024\\\/09\\\/19\\\/aoa-ve-kutuphane-kulubu-cumhurbaskanligi-millet-kutuphanesine-kitap-bagisinda-bulundu\\\/\"},\"author\":{\"name\":\"Kuzeyin Sesi\",\"@id\":\"https:\\\/\\\/kuzeyinsesi.org\\\/#\\\/schema\\\/person\\\/9f859689cdf01485597712386e37f5aa\"},\"headline\":\"A\u00d6A ve K\u00fct\u00fcphane Kul\u00fcb\u00fc Cumhurba\u015fkanl\u0131\u011f\u0131 Millet K\u00fct\u00fcphanesi\u2019ne kitap ba\u011f\u0131\u015f\u0131nda bulundu\",\"datePublished\":\"2024-09-19T10:56:36+00:00\",\"mainEntityOfPage\":{\"@id\":\"https:\\\/\\\/kuzeyinsesi.org\\\/index.php\\\/2024\\\/09\\\/19\\\/aoa-ve-kutuphane-kulubu-cumhurbaskanligi-millet-kutuphanesine-kitap-bagisinda-bulundu\\\/\"},\"wordCount\":331,\"commentCount\":0,\"image\":{\"@id\":\"https:\\\/\\\/kuzeyinsesi.org\\\/index.php\\\/2024\\\/09\\\/19\\\/aoa-ve-kutuphane-kulubu-cumhurbaskanligi-millet-kutuphanesine-kitap-bagisinda-bulundu\\\/#primaryimage\"},\"thumbnailUrl\":\"https:\\\/\\\/kuzeyinsesi.org\\\/wp-content\\\/uploads\\\/2024\\\/09\\\/aoa-1-.jpg\",\"articleSection\":[\"T\u00fcrkiye\"],\"inLanguage\":\"tr\",\"potentialAction\":[{\"@type\":\"CommentAction\",\"name\":\"Comment\",\"target\":[\"https:\\\/\\\/kuzeyinsesi.org\\\/index.php\\\/2024\\\/09\\\/19\\\/aoa-ve-kutuphane-kulubu-cumhurbaskanligi-millet-kutuphanesine-kitap-bagisinda-bulundu\\\/#respond\"]}]},{\"@type\":\"WebPage\",\"@id\":\"https:\\\/\\\/kuzeyinsesi.org\\\/index.php\\\/2024\\\/09\\\/19\\\/aoa-ve-kutuphane-kulubu-cumhurbaskanligi-millet-kutuphanesine-kitap-bagisinda-bulundu\\\/\",\"url\":\"https:\\\/\\\/kuzeyinsesi.org\\\/index.php\\\/2024\\\/09\\\/19\\\/aoa-ve-kutuphane-kulubu-cumhurbaskanligi-millet-kutuphanesine-kitap-bagisinda-bulundu\\\/\",\"name\":\"A\u00d6A ve K\u00fct\u00fcphane Kul\u00fcb\u00fc Cumhurba\u015fkanl\u0131\u011f\u0131 Millet K\u00fct\u00fcphanesi\u2019ne kitap ba\u011f\u0131\u015f\u0131nda bulundu - Kuzeyin Sesi\",\"isPartOf\":{\"@id\":\"https:\\\/\\\/kuzeyinsesi.org\\\/#website\"},\"primaryImageOfPage\":{\"@id\":\"https:\\\/\\\/kuzeyinsesi.org\\\/index.php\\\/2024\\\/09\\\/19\\\/aoa-ve-kutuphane-kulubu-cumhurbaskanligi-millet-kutuphanesine-kitap-bagisinda-bulundu\\\/#primaryimage\"},\"image\":{\"@id\":\"https:\\\/\\\/kuzeyinsesi.org\\\/index.php\\\/2024\\\/09\\\/19\\\/aoa-ve-kutuphane-kulubu-cumhurbaskanligi-millet-kutuphanesine-kitap-bagisinda-bulundu\\\/#primaryimage\"},\"thumbnailUrl\":\"https:\\\/\\\/kuzeyinsesi.org\\\/wp-content\\\/uploads\\\/2024\\\/09\\\/aoa-1-.jpg\",\"datePublished\":\"2024-09-19T10:56:36+00:00\",\"author\":{\"@id\":\"https:\\\/\\\/kuzeyinsesi.org\\\/#\\\/schema\\\/person\\\/9f859689cdf01485597712386e37f5aa\"},\"breadcrumb\":{\"@id\":\"https:\\\/\\\/kuzeyinsesi.org\\\/index.php\\\/2024\\\/09\\\/19\\\/aoa-ve-kutuphane-kulubu-cumhurbaskanligi-millet-kutuphanesine-kitap-bagisinda-bulundu\\\/#breadcrumb\"},\"inLanguage\":\"tr\",\"potentialAction\":[{\"@type\":\"ReadAction\",\"target\":[\"https:\\\/\\\/kuzeyinsesi.org\\\/index.php\\\/2024\\\/09\\\/19\\\/aoa-ve-kutuphane-kulubu-cumhurbaskanligi-millet-kutuphanesine-kitap-bagisinda-bulundu\\\/\"]}]},{\"@type\":\"ImageObject\",\"inLanguage\":\"tr\",\"@id\":\"https:\\\/\\\/kuzeyinsesi.org\\\/index.php\\\/2024\\\/09\\\/19\\\/aoa-ve-kutuphane-kulubu-cumhurbaskanligi-millet-kutuphanesine-kitap-bagisinda-bulundu\\\/#primaryimage\",\"url\":\"https:\\\/\\\/kuzeyinsesi.org\\\/wp-content\\\/uploads\\\/2024\\\/09\\\/aoa-1-.jpg\",\"contentUrl\":\"https:\\\/\\\/kuzeyinsesi.org\\\/wp-content\\\/uploads\\\/2024\\\/09\\\/aoa-1-.jpg\",\"width\":1600,\"height\":1200},{\"@type\":\"BreadcrumbList\",\"@id\":\"https:\\\/\\\/kuzeyinsesi.org\\\/index.php\\\/2024\\\/09\\\/19\\\/aoa-ve-kutuphane-kulubu-cumhurbaskanligi-millet-kutuphanesine-kitap-bagisinda-bulundu\\\/#breadcrumb\",\"itemListElement\":[{\"@type\":\"ListItem\",\"position\":1,\"name\":\"Anasayfa\",\"item\":\"https:\\\/\\\/kuzeyinsesi.org\\\/\"},{\"@type\":\"ListItem\",\"position\":2,\"name\":\"A\u00d6A ve K\u00fct\u00fcphane Kul\u00fcb\u00fc Cumhurba\u015fkanl\u0131\u011f\u0131 Millet K\u00fct\u00fcphanesi\u2019ne kitap ba\u011f\u0131\u015f\u0131nda bulundu\"}]},{\"@type\":\"WebSite\",\"@id\":\"https:\\\/\\\/kuzeyinsesi.org\\\/#website\",\"url\":\"https:\\\/\\\/kuzeyinsesi.org\\\/\",\"name\":\"Kuzeyin Sesi\",\"description\":\"Do\u011fru Haberin Adresi\",\"potentialAction\":[{\"@type\":\"SearchAction\",\"target\":{\"@type\":\"EntryPoint\",\"urlTemplate\":\"https:\\\/\\\/kuzeyinsesi.org\\\/?s={search_term_string}\"},\"query-input\":{\"@type\":\"PropertyValueSpecification\",\"valueRequired\":true,\"valueName\":\"search_term_string\"}}],\"inLanguage\":\"tr\"},{\"@type\":\"Person\",\"@id\":\"https:\\\/\\\/kuzeyinsesi.org\\\/#\\\/schema\\\/person\\\/9f859689cdf01485597712386e37f5aa\",\"name\":\"Kuzeyin Sesi\",\"image\":{\"@type\":\"ImageObject\",\"inLanguage\":\"tr\",\"@id\":\"https:\\\/\\\/secure.gravatar.com\\\/avatar\\\/bab33852abfd8b282518d6ed81826833d77c3c882d9ab608add591ccace47a44?s=96&d=mm&r=g\",\"url\":\"https:\\\/\\\/secure.gravatar.com\\\/avatar\\\/bab33852abfd8b282518d6ed81826833d77c3c882d9ab608add591ccace47a44?s=96&d=mm&r=g\",\"contentUrl\":\"https:\\\/\\\/secure.gravatar.com\\\/avatar\\\/bab33852abfd8b282518d6ed81826833d77c3c882d9ab608add591ccace47a44?s=96&d=mm&r=g\",\"caption\":\"Kuzeyin Sesi\"},\"sameAs\":[\"https:\\\/\\\/kuzeyinsesi.org\"],\"url\":\"https:\\\/\\\/kuzeyinsesi.org\\\/index.php\\\/author\\\/guven\\\/\"}]}<\/script>\n<!-- \/ Yoast SEO plugin. -->","yoast_head_json":{"title":"A\u00d6A ve K\u00fct\u00fcphane Kul\u00fcb\u00fc Cumhurba\u015fkanl\u0131\u011f\u0131 Millet K\u00fct\u00fcphanesi\u2019ne kitap ba\u011f\u0131\u015f\u0131nda bulundu - Kuzeyin Sesi","robots":{"index":"index","follow":"follow","max-snippet":"max-snippet:-1","max-image-preview":"max-image-preview:large","max-video-preview":"max-video-preview:-1"},"canonical":"https:\/\/kuzeyinsesi.org\/index.php\/2024\/09\/19\/aoa-ve-kutuphane-kulubu-cumhurbaskanligi-millet-kutuphanesine-kitap-bagisinda-bulundu\/","og_locale":"tr_TR","og_type":"article","og_title":"A\u00d6A ve K\u00fct\u00fcphane Kul\u00fcb\u00fc Cumhurba\u015fkanl\u0131\u011f\u0131 Millet K\u00fct\u00fcphanesi\u2019ne kitap ba\u011f\u0131\u015f\u0131nda bulundu - Kuzeyin Sesi","og_description":"Atat\u00fcrk \u00d6\u011fretmen Akademisi (A\u00d6A) K\u00fct\u00fcphane Birimi ve A\u00d6A K\u00fct\u00fcphane Kul\u00fcb\u00fc, Ankara\u2019da TC Cumhurba\u015fkanl\u0131\u011f\u0131 Millet K\u00fct\u00fcphanesi\u2019ne kitap ba\u011f\u0131\u015f\u0131nda bulundu. \u00a0A\u00d6A\u2019dan verilen bilgiye g\u00f6re, \u201cK\u00fct\u00fcphanelere Gezi, G\u00f6zlem ve K\u0131br\u0131s Kitaplar\u0131 Ba\u011f\u0131\u015f\u0131 Projesi kapsam\u0131nda d\u00fczenlenen Ankara ziyaretinde, A\u00d6A ve A\u00d6A K\u00fct\u00fcphane Kul\u00fcb\u00fc temsilcileri, 11 Eyl\u00fcl\u2019de Cumhurba\u015fkanl\u0131\u011f\u0131 Millet K\u00fct\u00fcphanesi\u2019ni ziyaret etti. K\u00fct\u00fcphanenin Ba\u015fkan\u0131 Ayhan Tu\u011flu ile bir araya gelinen [&hellip;]","og_url":"https:\/\/kuzeyinsesi.org\/index.php\/2024\/09\/19\/aoa-ve-kutuphane-kulubu-cumhurbaskanligi-millet-kutuphanesine-kitap-bagisinda-bulundu\/","og_site_name":"Kuzeyin Sesi","article_publisher":"https:\/\/www.facebook.com\/kuzeyinsesii","article_published_time":"2024-09-19T10:56:36+00:00","og_image":[{"url":"https:\/\/brtk.net\/wp-content\/uploads\/2024\/09\/19\/aoa-1-.jpg?ver=45ec8844d8beeb713418a78a4483041f","type":"","width":"","height":""}],"author":"Kuzeyin Sesi","twitter_card":"summary_large_image","twitter_creator":"@kuzeyinsesii","twitter_site":"@kuzeyinsesii","twitter_misc":{"Yazan:":"Kuzeyin Sesi","Tahmini okuma s\u00fcresi":"2 dakika"},"schema":{"@context":"https:\/\/schema.org","@graph":[{"@type":"Article","@id":"https:\/\/kuzeyinsesi.org\/index.php\/2024\/09\/19\/aoa-ve-kutuphane-kulubu-cumhurbaskanligi-millet-kutuphanesine-kitap-bagisinda-bulundu\/#article","isPartOf":{"@id":"https:\/\/kuzeyinsesi.org\/index.php\/2024\/09\/19\/aoa-ve-kutuphane-kulubu-cumhurbaskanligi-millet-kutuphanesine-kitap-bagisinda-bulundu\/"},"author":{"name":"Kuzeyin Sesi","@id":"https:\/\/kuzeyinsesi.org\/#\/schema\/person\/9f859689cdf01485597712386e37f5aa"},"headline":"A\u00d6A ve K\u00fct\u00fcphane Kul\u00fcb\u00fc Cumhurba\u015fkanl\u0131\u011f\u0131 Millet K\u00fct\u00fcphanesi\u2019ne kitap ba\u011f\u0131\u015f\u0131nda bulundu","datePublished":"2024-09-19T10:56:36+00:00","mainEntityOfPage":{"@id":"https:\/\/kuzeyinsesi.org\/index.php\/2024\/09\/19\/aoa-ve-kutuphane-kulubu-cumhurbaskanligi-millet-kutuphanesine-kitap-bagisinda-bulundu\/"},"wordCount":331,"commentCount":0,"image":{"@id":"https:\/\/kuzeyinsesi.org\/index.php\/2024\/09\/19\/aoa-ve-kutuphane-kulubu-cumhurbaskanligi-millet-kutuphanesine-kitap-bagisinda-bulundu\/#primaryimage"},"thumbnailUrl":"https:\/\/kuzeyinsesi.org\/wp-content\/uploads\/2024\/09\/aoa-1-.jpg","articleSection":["T\u00fcrkiye"],"inLanguage":"tr","potentialAction":[{"@type":"CommentAction","name":"Comment","target":["https:\/\/kuzeyinsesi.org\/index.php\/2024\/09\/19\/aoa-ve-kutuphane-kulubu-cumhurbaskanligi-millet-kutuphanesine-kitap-bagisinda-bulundu\/#respond"]}]},{"@type":"WebPage","@id":"https:\/\/kuzeyinsesi.org\/index.php\/2024\/09\/19\/aoa-ve-kutuphane-kulubu-cumhurbaskanligi-millet-kutuphanesine-kitap-bagisinda-bulundu\/","url":"https:\/\/kuzeyinsesi.org\/index.php\/2024\/09\/19\/aoa-ve-kutuphane-kulubu-cumhurbaskanligi-millet-kutuphanesine-kitap-bagisinda-bulundu\/","name":"A\u00d6A ve K\u00fct\u00fcphane Kul\u00fcb\u00fc Cumhurba\u015fkanl\u0131\u011f\u0131 Millet K\u00fct\u00fcphanesi\u2019ne kitap ba\u011f\u0131\u015f\u0131nda bulundu - Kuzeyin Sesi","isPartOf":{"@id":"https:\/\/kuzeyinsesi.org\/#website"},"primaryImageOfPage":{"@id":"https:\/\/kuzeyinsesi.org\/index.php\/2024\/09\/19\/aoa-ve-kutuphane-kulubu-cumhurbaskanligi-millet-kutuphanesine-kitap-bagisinda-bulundu\/#primaryimage"},"image":{"@id":"https:\/\/kuzeyinsesi.org\/index.php\/2024\/09\/19\/aoa-ve-kutuphane-kulubu-cumhurbaskanligi-millet-kutuphanesine-kitap-bagisinda-bulundu\/#primaryimage"},"thumbnailUrl":"https:\/\/kuzeyinsesi.org\/wp-content\/uploads\/2024\/09\/aoa-1-.jpg","datePublished":"2024-09-19T10:56:36+00:00","author":{"@id":"https:\/\/kuzeyinsesi.org\/#\/schema\/person\/9f859689cdf01485597712386e37f5aa"},"breadcrumb":{"@id":"https:\/\/kuzeyinsesi.org\/index.php\/2024\/09\/19\/aoa-ve-kutuphane-kulubu-cumhurbaskanligi-millet-kutuphanesine-kitap-bagisinda-bulundu\/#breadcrumb"},"inLanguage":"tr","potentialAction":[{"@type":"ReadAction","target":["https:\/\/kuzeyinsesi.org\/index.php\/2024\/09\/19\/aoa-ve-kutuphane-kulubu-cumhurbaskanligi-millet-kutuphanesine-kitap-bagisinda-bulundu\/"]}]},{"@type":"ImageObject","inLanguage":"tr","@id":"https:\/\/kuzeyinsesi.org\/index.php\/2024\/09\/19\/aoa-ve-kutuphane-kulubu-cumhurbaskanligi-millet-kutuphanesine-kitap-bagisinda-bulundu\/#primaryimage","url":"https:\/\/kuzeyinsesi.org\/wp-content\/uploads\/2024\/09\/aoa-1-.jpg","contentUrl":"https:\/\/kuzeyinsesi.org\/wp-content\/uploads\/2024\/09\/aoa-1-.jpg","width":1600,"height":1200},{"@type":"BreadcrumbList","@id":"https:\/\/kuzeyinsesi.org\/index.php\/2024\/09\/19\/aoa-ve-kutuphane-kulubu-cumhurbaskanligi-millet-kutuphanesine-kitap-bagisinda-bulundu\/#breadcrumb","itemListElement":[{"@type":"ListItem","position":1,"name":"Anasayfa","item":"https:\/\/kuzeyinsesi.org\/"},{"@type":"ListItem","position":2,"name":"A\u00d6A ve K\u00fct\u00fcphane Kul\u00fcb\u00fc Cumhurba\u015fkanl\u0131\u011f\u0131 Millet K\u00fct\u00fcphanesi\u2019ne kitap ba\u011f\u0131\u015f\u0131nda bulundu"}]},{"@type":"WebSite","@id":"https:\/\/kuzeyinsesi.org\/#website","url":"https:\/\/kuzeyinsesi.org\/","name":"Kuzeyin Sesi","description":"Do\u011fru Haberin Adresi","potentialAction":[{"@type":"SearchAction","target":{"@type":"EntryPoint","urlTemplate":"https:\/\/kuzeyinsesi.org\/?s={search_term_string}"},"query-input":{"@type":"PropertyValueSpecification","valueRequired":true,"valueName":"search_term_string"}}],"inLanguage":"tr"},{"@type":"Person","@id":"https:\/\/kuzeyinsesi.org\/#\/schema\/person\/9f859689cdf01485597712386e37f5aa","name":"Kuzeyin Sesi","image":{"@type":"ImageObject","inLanguage":"tr","@id":"https:\/\/secure.gravatar.com\/avatar\/bab33852abfd8b282518d6ed81826833d77c3c882d9ab608add591ccace47a44?s=96&d=mm&r=g","url":"https:\/\/secure.gravatar.com\/avatar\/bab33852abfd8b282518d6ed81826833d77c3c882d9ab608add591ccace47a44?s=96&d=mm&r=g","contentUrl":"https:\/\/secure.gravatar.com\/avatar\/bab33852abfd8b282518d6ed81826833d77c3c882d9ab608add591ccace47a44?s=96&d=mm&r=g","caption":"Kuzeyin Sesi"},"sameAs":["https:\/\/kuzeyinsesi.org"],"url":"https:\/\/kuzeyinsesi.org\/index.php\/author\/guven\/"}]}},"_links":{"self":[{"href":"https:\/\/kuzeyinsesi.org\/index.php\/wp-json\/wp\/v2\/posts\/10009","targetHints":{"allow":["GET"]}}],"collection":[{"href":"https:\/\/kuzeyinsesi.org\/index.php\/wp-json\/wp\/v2\/posts"}],"about":[{"href":"https:\/\/kuzeyinsesi.org\/index.php\/wp-json\/wp\/v2\/types\/post"}],"author":[{"embeddable":true,"href":"https:\/\/kuzeyinsesi.org\/index.php\/wp-json\/wp\/v2\/users\/1"}],"replies":[{"embeddable":true,"href":"https:\/\/kuzeyinsesi.org\/index.php\/wp-json\/wp\/v2\/comments?post=10009"}],"version-history":[{"count":0,"href":"https:\/\/kuzeyinsesi.org\/index.php\/wp-json\/wp\/v2\/posts\/10009\/revisions"}],"wp:featuredmedia":[{"embeddable":true,"href":"https:\/\/kuzeyinsesi.org\/index.php\/wp-json\/wp\/v2\/media\/10010"}],"wp:attachment":[{"href":"https:\/\/kuzeyinsesi.org\/index.php\/wp-json\/wp\/v2\/media?parent=10009"}],"wp:term":[{"taxonomy":"category","embeddable":true,"href":"https:\/\/kuzeyinsesi.org\/index.php\/wp-json\/wp\/v2\/categories?post=10009"},{"taxonomy":"post_tag","embeddable":true,"href":"https:\/\/kuzeyinsesi.org\/index.php\/wp-json\/wp\/v2\/tags?post=10009"}],"curies":[{"name":"wp","href":"https:\/\/api.w.org\/{rel}","templated":true}]}}